{"id":36538,"date":"2022-07-05T15:31:29","date_gmt":"2022-07-05T13:31:29","guid":{"rendered":"https:\/wie-waehle-ich-den-richtigen-akku-fuer-mein-elektrofahrrad\/"},"modified":"2023-01-22T19:15:21","modified_gmt":"2023-01-22T18:15:21","slug":"wie-waehle-ich-den-richtigen-akku-fuer-mein-elektrofahrrad","status":"publish","type":"post","link":"https:\/\/www.lift-mtb.com\/de\/wie-waehle-ich-den-richtigen-akku-fuer-mein-elektrofahrrad\/","title":{"rendered":"Wie w\u00e4hle ich den richtigen Akku f\u00fcr mein Elektrofahrrad?"},"content":{"rendered":"<p><div class=\"fusion-fullwidth fullwidth-box fusion-builder-row-1 fusion-flex-container nonhundred-percent-fullwidth non-hundred-percent-height-scrolling\" style=\"--awb-border-radius-top-left:0px;--awb-border-radius-top-right:0px;--awb-border-radius-bottom-right:0px;--awb-border-radius-bottom-left:0px;--awb-flex-wrap:wrap;\" ><div class=\"fusion-builder-row fusion-row fusion-flex-align-items-flex-start fusion-flex-content-wrap\" style=\"max-width:1430px;margin-left: calc(-4% \/ 2 );margin-right: calc(-4% \/ 2 );\"><div class=\"fusion-layout-column fusion_builder_column fusion-builder-column-0 fusion_builder_column_1_1 1_1 fusion-flex-column\" style=\"--awb-bg-size:cover;--awb-width-large:100%;--awb-margin-top-large:0px;--awb-spacing-right-large:1.92%;--awb-margin-bottom-large:0px;--awb-spacing-left-large:1.92%;--awb-width-medium:100%;--awb-order-medium:0;--awb-spacing-right-medium:1.92%;--awb-spacing-left-medium:1.92%;--awb-width-small:100%;--awb-order-small:0;--awb-spacing-right-small:0%;--awb-margin-bottom-small:0px;--awb-spacing-left-small:0%;\"><div class=\"fusion-column-wrapper fusion-column-has-shadow fusion-flex-justify-content-flex-start fusion-content-layout-column\"><progress class=\"fusion-scroll-progress fusion-scroll-progress-1 fusion-fixed-top\" max=\"100\" style=\"--awb-height:10px;--awb-border-size:0px;--awb-background-color:#f2f3f5;--awb-progress-color:var(--awb-color7);--awb-border-color:#ffffff;\"><\/progress><div class=\"fusion-title title fusion-title-1 fusion-title-center fusion-title-text fusion-title-size-one\"><div class=\"title-sep-container title-sep-container-left\"><div class=\"title-sep sep- sep-solid\" style=\"border-color:#e2e2e2;\"><\/div><\/div><span class=\"awb-title-spacer\"><\/span><h1 class=\"fusion-title-heading title-heading-center fusion-responsive-typography-calculated\" style=\"margin:0;--fontSize:48;line-height:1.14;\"><h2 style=\"text-align: center;\">Reichweite von Elektrofahrr\u00e4dern: Wie w\u00e4hle ich den richtigen Akku?<\/h2><\/h1><span class=\"awb-title-spacer\"><\/span><div class=\"title-sep-container title-sep-container-right\"><div class=\"title-sep sep- sep-solid\" style=\"border-color:#e2e2e2;\"><\/div><\/div><\/div><\/div><\/div><\/div><\/div><div class=\"fusion-fullwidth fullwidth-box fusion-builder-row-2 fusion-flex-container nonhundred-percent-fullwidth non-hundred-percent-height-scrolling fusion-no-medium-visibility fusion-no-large-visibility\" style=\"--awb-border-radius-top-left:0px;--awb-border-radius-top-right:0px;--awb-border-radius-bottom-right:0px;--awb-border-radius-bottom-left:0px;--awb-padding-right:10px;--awb-padding-left:10px;--awb-flex-wrap:wrap;\" ><div class=\"fusion-builder-row fusion-row fusion-flex-align-items-center fusion-flex-content-wrap\" style=\"max-width:1430px;margin-left: calc(-4% \/ 2 );margin-right: calc(-4% \/ 2 );\"><div class=\"fusion-layout-column fusion_builder_column fusion-builder-column-1 fusion_builder_column_1_1 1_1 fusion-flex-column\" style=\"--awb-bg-size:cover;--awb-width-large:100%;--awb-margin-top-large:0px;--awb-spacing-right-large:1.92%;--awb-margin-bottom-large:20px;--awb-spacing-left-large:1.92%;--awb-width-medium:100%;--awb-order-medium:0;--awb-spacing-right-medium:1.92%;--awb-spacing-left-medium:1.92%;--awb-width-small:100%;--awb-order-small:0;--awb-spacing-right-small:1.92%;--awb-margin-bottom-small:0px;--awb-spacing-left-small:1.92%;\"><div class=\"fusion-column-wrapper fusion-column-has-shadow fusion-flex-justify-content-flex-start fusion-content-layout-column\"><div class=\"fusion-text fusion-text-1\"><p>Wie ein Autotank, der eine in <strong>Litern<\/strong> ausgedr\u00fcckte Kraftstoffmenge enth\u00e4lt, enth\u00e4lt ein <strong>Akku f\u00fcr ein Elektrofahrrad<\/strong> eine in <strong>Ampere\/Stunde<\/strong> oder <strong>Watt\/Stunde<\/strong> ausgedr\u00fcckte Energiemenge.<\/p>\n<\/div><div class=\"fusion-image-element \" style=\"text-align:center;--awb-margin-top:10px;--awb-margin-bottom:20px;--awb-caption-title-font-family:var(--h2_typography-font-family);--awb-caption-title-font-weight:var(--h2_typography-font-weight);--awb-caption-title-font-style:var(--h2_typography-font-style);--awb-caption-title-size:var(--h2_typography-font-size);--awb-caption-title-transform:var(--h2_typography-text-transform);--awb-caption-title-line-height:var(--h2_typography-line-height);--awb-caption-title-letter-spacing:var(--h2_typography-letter-spacing);\"><span class=\" fusion-imageframe imageframe-none imageframe-1 hover-type-none\"><img decoding=\"async\" width=\"4710\" height=\"3120\" alt=\"batterie vtt lift mtb 11.6ah\" title=\"batterie vttae lift mtb 8.7ah 11.6ah + bag\" src=\"http:\/\/lift-mtb.com\/wp-content\/uploads\/2022\/02\/batterie-vttae-lift-mtb-8-7ah-11-6ah-bag.jpg\" class=\"img-responsive wp-image-8416\"\/><\/span><\/div><div class=\"fusion-text fusion-text-2\"><p>Wie bei einem Tank gilt also: Je gr\u00f6\u00dfer die Kapazit\u00e4t einer Batterie (in Ampere\/Stunde oder Watt\/Stunde), desto mehr Energie kann sie speichern, um l\u00e4ngere Ausfl\u00fcge zu machen.<\/p>\n<p>Die Leistung des Tretmotors <strong>wird <\/strong>unabh\u00e4ngig von der Kapazit\u00e4t des gew\u00e4hlten <strong>E-Bike-Akkus<\/strong> <strong>gleich bleiben <\/strong>.<\/p>\n<\/div><div class=\"fusion-text fusion-text-3\"><p>Um die Sache zu vereinfachen, haben wir eine Sch\u00e4tztabelle entwickelt, die den Kraftaufwand des Fahrers ber\u00fccksichtigt. Mit dieser Tabelle k\u00f6nnen Sie ganz einfach die f\u00fcr Sie passende Kapazit\u00e4t des E-Bike-Akkus ermitteln. Die Verbrauchertabelle wurde so objektiv &#8211; und ehrlich &#8211; wie m\u00f6glich erstellt, damit die Kunden mit ihren Eink\u00e4ufen zufrieden sind.<\/p>\n<\/div><\/div><\/div><div class=\"fusion-layout-column fusion_builder_column fusion-builder-column-2 fusion_builder_column_1_1 1_1 fusion-flex-column\" style=\"--awb-bg-size:cover;--awb-width-large:100%;--awb-margin-top-large:0px;--awb-spacing-right-large:1.92%;--awb-margin-bottom-large:20px;--awb-spacing-left-large:1.92%;--awb-width-medium:100%;--awb-order-medium:0;--awb-spacing-right-medium:1.92%;--awb-spacing-left-medium:1.92%;--awb-width-small:100%;--awb-order-small:0;--awb-spacing-right-small:1.92%;--awb-spacing-left-small:1.92%;\"><div class=\"fusion-column-wrapper fusion-column-has-shadow fusion-flex-justify-content-flex-start fusion-content-layout-column\"><div class=\"fusion-image-element \" style=\"text-align:center;--awb-caption-title-font-family:var(--h2_typography-font-family);--awb-caption-title-font-weight:var(--h2_typography-font-weight);--awb-caption-title-font-style:var(--h2_typography-font-style);--awb-caption-title-size:var(--h2_typography-font-size);--awb-caption-title-transform:var(--h2_typography-text-transform);--awb-caption-title-line-height:var(--h2_typography-line-height);--awb-caption-title-letter-spacing:var(--h2_typography-letter-spacing);\"><span class=\" fusion-imageframe imageframe-none imageframe-2 hover-type-none\"><img decoding=\"async\" width=\"1323\" height=\"595\" alt=\"tableau perf batterie \" title=\"INT-Verbrauchstabelle\" src=\"http:\/\/lift-mtb.com\/wp-content\/uploads\/2022\/01\/tableau-de-consomation-int.jpg\" class=\"img-responsive wp-image-29270\" srcset=\"https:\/\/www.lift-mtb.com\/wp-content\/uploads\/2022\/01\/tableau-de-consomation-int-200x90.jpg 200w, https:\/\/www.lift-mtb.com\/wp-content\/uploads\/2022\/01\/tableau-de-consomation-int-400x180.jpg 400w, https:\/\/www.lift-mtb.com\/wp-content\/uploads\/2022\/01\/tableau-de-consomation-int-600x270.jpg 600w, https:\/\/www.lift-mtb.com\/wp-content\/uploads\/2022\/01\/tableau-de-consomation-int-800x360.jpg 800w, https:\/\/www.lift-mtb.com\/wp-content\/uploads\/2022\/01\/tableau-de-consomation-int-1200x540.jpg 1200w, https:\/\/www.lift-mtb.com\/wp-content\/uploads\/2022\/01\/tableau-de-consomation-int.jpg 1323w\" sizes=\"(max-width: 1024px) 100vw, (max-width: 640px) 100vw, 1323px\" \/><\/span><\/div><\/div><\/div><div class=\"fusion-layout-column fusion_builder_column fusion-builder-column-3 fusion_builder_column_1_1 1_1 fusion-flex-column\" style=\"--awb-bg-size:cover;--awb-width-large:100%;--awb-margin-top-large:0px;--awb-spacing-right-large:1.92%;--awb-margin-bottom-large:20px;--awb-spacing-left-large:1.92%;--awb-width-medium:100%;--awb-order-medium:0;--awb-spacing-right-medium:1.92%;--awb-spacing-left-medium:1.92%;--awb-width-small:100%;--awb-order-small:0;--awb-spacing-right-small:1.92%;--awb-spacing-left-small:1.92%;\"><div class=\"fusion-column-wrapper fusion-column-has-shadow fusion-flex-justify-content-flex-start fusion-content-layout-column\"><div class=\"fusion-image-element \" style=\"--awb-caption-title-font-family:var(--h2_typography-font-family);--awb-caption-title-font-weight:var(--h2_typography-font-weight);--awb-caption-title-font-style:var(--h2_typography-font-style);--awb-caption-title-size:var(--h2_typography-font-size);--awb-caption-title-transform:var(--h2_typography-text-transform);--awb-caption-title-line-height:var(--h2_typography-line-height);--awb-caption-title-letter-spacing:var(--h2_typography-letter-spacing);\"><span class=\" fusion-imageframe imageframe-none imageframe-3 hover-type-none\"><img decoding=\"async\" width=\"1024\" height=\"392\" alt=\"tarifs batterie lift\" title=\"Screenshot 2022-07-06 um 11.00.25\" src=\"http:\/\/lift-mtb.com\/wp-content\/uploads\/2020\/01\/capture-decran-2022-07-06-a-11-00-25-1024x392.png\" class=\"img-responsive wp-image-26000\" srcset=\"https:\/\/www.lift-mtb.com\/wp-content\/uploads\/2020\/01\/capture-decran-2022-07-06-a-11-00-25-200x76.png 200w, https:\/\/www.lift-mtb.com\/wp-content\/uploads\/2020\/01\/capture-decran-2022-07-06-a-11-00-25-400x153.png 400w, https:\/\/www.lift-mtb.com\/wp-content\/uploads\/2020\/01\/capture-decran-2022-07-06-a-11-00-25-600x229.png 600w, https:\/\/www.lift-mtb.com\/wp-content\/uploads\/2020\/01\/capture-decran-2022-07-06-a-11-00-25-800x306.png 800w, https:\/\/www.lift-mtb.com\/wp-content\/uploads\/2020\/01\/capture-decran-2022-07-06-a-11-00-25-1200x459.png 1200w, https:\/\/www.lift-mtb.com\/wp-content\/uploads\/2020\/01\/capture-decran-2022-07-06-a-11-00-25.png 2772w\" sizes=\"(max-width: 1024px) 100vw, (max-width: 640px) 100vw, 1024px\" \/><\/span><\/div><\/div><\/div><div class=\"fusion-layout-column fusion_builder_column fusion-builder-column-4 fusion_builder_column_1_1 1_1 fusion-flex-column\" style=\"--awb-bg-size:cover;--awb-width-large:100%;--awb-margin-top-large:0px;--awb-spacing-right-large:1.92%;--awb-margin-bottom-large:20px;--awb-spacing-left-large:1.92%;--awb-width-medium:100%;--awb-order-medium:0;--awb-spacing-right-medium:1.92%;--awb-spacing-left-medium:1.92%;--awb-width-small:100%;--awb-order-small:0;--awb-spacing-right-small:1.92%;--awb-spacing-left-small:1.92%;\"><div class=\"fusion-column-wrapper fusion-column-has-shadow fusion-flex-justify-content-flex-start fusion-content-layout-column\"><div class=\"fusion-text fusion-text-4\"><p style=\"text-align: justify;\">Die Angst, dass dem unerfahrenen Nutzer der Akku ausgeht, ist die gr\u00f6\u00dfte Sorge. Daher ist es von entscheidender Bedeutung, den Akku f\u00fcr das <strong>Elektrofahrrad<\/strong> richtig auszuw\u00e4hlen.<\/p>\n<p style=\"text-align: justify;\">Die meisten wollen riesige Batterien, weil sie Angst haben, dass sie knapp werden.<\/p>\n<p>Diese \u00dcberlegung mag verst\u00e4ndlich erscheinen, ist aber nicht immer sinnvoll, denn im Gegensatz zu einigen BOSCH- oder anderen Motoren, die blockiert sind, wenn Ihre Batterie leer ist, k\u00f6nnen Sie mit Ihrem Fahrrad nicht fahren. <strong><br \/>\n  <span style=\"text-decoration: underline;\">i<\/span><br \/>\n  <span style=\"text-decoration: underline;\">s ist m\u00f6glich, mit dem Fahrrad nach Hause zu fahren!<\/span><br \/>\n<\/strong><\/p>\n<p>Vor allem, da der <strong>Tretlagermotor<\/strong> <strong><br \/>\n  <span style=\"color: hsl(0, 100%, 50%);\">LIFT-MTB<\/span><br \/>\n<\/strong> sehr leicht ist und ein reibungsloses Treten auch ohne Motorunterst\u00fctzung erm\u00f6glicht.<\/p>\n<p>Anf\u00e4nger denken, dass sie ein Fahrrad haben, das ohne Unterst\u00fctzung nicht nutzbar ist. Sie werden \u00fcberrascht sein, wenn Sie es versuchen&#8230;<\/p>\n<p><strong>Ein einfaches Beispiel:<\/strong> Nehmen Sie das Fahrrad eines Freundes, das schwerer ist als Ihr eigenes. Glauben Sie, dass es unm\u00f6glich ist, damit ein paar Kilometer zu fahren?<\/p>\n<p>Dank der Ladeanzeigen am Lenker sind Sie wachsam genug, um den Akku zu verwalten und nicht weit weg von zu Hause mit einem leeren Akku zu landen.<\/p>\n<p>Wenn Ihr Akku voll ist, leuchten die gr\u00fcne, orangefarbene und rote LED.<\/p>\n<p>Nach einigen Kilometern geht die gr\u00fcne Anzeige allm\u00e4hlich aus, dann ist die orangefarbene an der Reihe, und wenn nur noch rot \u00fcbrig ist, reguliert das BMS und schaltet die Batterie aus; es bleibt nur noch, sie aufzuladen.<\/p>\n<p style=\"text-align: center;\">Viele Parameter spielen eine Rolle.<\/p>\n<p style=\"text-align: center;\"><span style=\"color: hsl(0, 100%, 50%); font-size: 18px;\"><strong>Laut unseren Tests kann die Reichweite von einer Person zur anderen auf der gleichen Strecke um das Einfache bis Dreifache variieren!<\/strong><\/span><\/p>\n<\/div><div class=\"fusion-text fusion-text-5\"><p>Wenn Sie nach ein paar Mal Gebrauch der Meinung sind, dass Sie einen anderen Akku ben\u00f6tigen, k\u00f6nnen Sie uns Ihren Akku zur\u00fcckschicken, um ihn gegen ein anderes Modell aus unserem Sortiment* auszutauschen (in Frankreich innerhalb von 20 Tagen, globale Bedingungen auf Anfrage).<\/p>\n<\/div><\/div><\/div><\/div><\/div><div class=\"fusion-fullwidth fullwidth-box fusion-builder-row-3 has-pattern-background has-mask-background nonhundred-percent-fullwidth non-hundred-percent-height-scrolling fusion-no-medium-visibility fusion-no-large-visibility\" style=\"--awb-border-radius-top-left:0px;--awb-border-radius-top-right:0px;--awb-border-radius-bottom-right:0px;--awb-border-radius-bottom-left:0px;--awb-flex-wrap:wrap;\" ><div class=\"fusion-builder-row fusion-row\"><div class=\"fusion-layout-column fusion_builder_column fusion-builder-column-5 fusion_builder_column_1_1 1_1 fusion-one-full fusion-column-first fusion-column-last\" style=\"--awb-bg-size:cover;\"><div class=\"fusion-column-wrapper fusion-column-has-shadow fusion-flex-column-wrapper-legacy\"><div class=\"fusion-column-content-centered\"><div class=\"fusion-column-content\"><div class=\"fusion-image-element fusion-image-align-center in-legacy-container\" style=\"text-align:center;--awb-caption-title-font-family:var(--h2_typography-font-family);--awb-caption-title-font-weight:var(--h2_typography-font-weight);--awb-caption-title-font-style:var(--h2_typography-font-style);--awb-caption-title-size:var(--h2_typography-font-size);--awb-caption-title-transform:var(--h2_typography-text-transform);--awb-caption-title-line-height:var(--h2_typography-line-height);--awb-caption-title-letter-spacing:var(--h2_typography-letter-spacing);\"><div class=\"imageframe-align-center\"><span class=\" fusion-imageframe imageframe-none imageframe-4 hover-type-none\"><img decoding=\"async\" width=\"1979\" height=\"556\" alt=\"LIFT-MTB Videos\" title=\"LIFT MTB Video\" src=\"http:\/\/lift-mtb.com\/wp-content\/uploads\/2017\/12\/lift-mtb-video.jpg\" class=\"img-responsive wp-image-4808\"\/><\/span><\/div><\/div><div class=\"fusion-text fusion-text-6\" style=\"--awb-content-alignment:center;--awb-font-size:var(--awb-typography5-font-size);--awb-line-height:var(--awb-typography5-line-height);--awb-letter-spacing:var(--awb-typography5-letter-spacing);--awb-text-transform:var(--awb-typography5-text-transform);--awb-text-font-family:var(--awb-typography5-font-family);--awb-text-font-weight:var(--awb-typography5-font-weight);--awb-text-font-style:var(--awb-typography5-font-style);\"><p>Nachfolgend ein Erkl\u00e4rungsvideo zur Wahl des richtigen E-Bike-Akkus<\/p>\n<\/div><\/div><\/div><div class=\"fusion-clearfix\"><\/div><\/div><\/div><div class=\"fusion-layout-column fusion_builder_column fusion-builder-column-6 fusion_builder_column_1_1 1_1 fusion-one-full fusion-column-first fusion-column-last\" style=\"--awb-bg-size:cover;\"><div class=\"fusion-column-wrapper fusion-column-has-shadow fusion-flex-column-wrapper-legacy\"><div class=\"fusion-column-content-centered\"><div class=\"fusion-column-content\"><div class=\"fusion-video fusion-youtube\" style=\"--awb-max-width:600px;--awb-max-height:360px;\"><div class=\"video-shortcode\"><div class=\"fluid-width-video-wrapper\" style=\"padding-top:60%;\" ><iframe title=\"YouTube video player 1\" src=\"https:\/\/www.youtube.com\/embed\/4lZmxDP_WwU?wmode=transparent&autoplay=0\" width=\"600\" height=\"360\" allowfullscreen allow=\"autoplay; clipboard-write; encrypted-media; gyroscope; picture-in-picture;\"><\/iframe><\/div><\/div><\/div><\/div><\/div><div class=\"fusion-clearfix\"><\/div><\/div><\/div><\/div><\/div><div class=\"fusion-fullwidth fullwidth-box fusion-builder-row-4 fusion-flex-container nonhundred-percent-fullwidth non-hundred-percent-height-scrolling fusion-no-small-visibility\" style=\"--awb-border-radius-top-left:0px;--awb-border-radius-top-right:0px;--awb-border-radius-bottom-right:0px;--awb-border-radius-bottom-left:0px;--awb-padding-right:10px;--awb-padding-left:10px;--awb-flex-wrap:wrap;\" ><div class=\"fusion-builder-row fusion-row fusion-flex-align-items-center fusion-flex-content-wrap\" style=\"max-width:1430px;margin-left: calc(-4% \/ 2 );margin-right: calc(-4% \/ 2 );\"><div class=\"fusion-layout-column fusion_builder_column fusion-builder-column-7 fusion_builder_column_3_5 3_5 fusion-flex-column\" style=\"--awb-bg-size:cover;--awb-width-large:60%;--awb-margin-top-large:0px;--awb-spacing-right-large:3.2%;--awb-margin-bottom-large:20px;--awb-spacing-left-large:3.2%;--awb-width-medium:100%;--awb-order-medium:0;--awb-spacing-right-medium:1.92%;--awb-spacing-left-medium:1.92%;--awb-width-small:100%;--awb-order-small:0;--awb-spacing-right-small:1.92%;--awb-spacing-left-small:1.92%;\"><div class=\"fusion-column-wrapper fusion-column-has-shadow fusion-flex-justify-content-flex-start fusion-content-layout-column\"><div class=\"fusion-text fusion-text-7\" style=\"--awb-text-transform:none;\"><p>Wie ein Autotank, der eine in <strong>Litern<\/strong> ausgedr\u00fcckte Kraftstoffmenge enth\u00e4lt, enth\u00e4lt ein <strong>Akku f\u00fcr ein Elektrofahrrad<\/strong> eine in <strong>Ampere\/Stunde<\/strong> oder <strong>Watt\/Stunde<\/strong> ausgedr\u00fcckte Energiemenge.<\/p>\n<p>Wie bei einem Autotank gilt also: Je gr\u00f6\u00dfer die Kapazit\u00e4t einer Batterie (in Ampere\/Stunde oder Watt\/Stunde), desto mehr Energie kann sie speichern, um l\u00e4ngere Ausfl\u00fcge zu machen.<\/p>\n<p>Die Leistung des Tretmotors <strong>wird <\/strong>unabh\u00e4ngig von der Kapazit\u00e4t des gew\u00e4hlten <strong>E-Bike-Akkus<\/strong> <strong>gleich bleiben <\/strong>.<\/p>\n<\/div><\/div><\/div><div class=\"fusion-layout-column fusion_builder_column fusion-builder-column-8 fusion_builder_column_2_5 2_5 fusion-flex-column fusion-flex-align-self-center\" style=\"--awb-padding-bottom-small:0px;--awb-bg-size:cover;--awb-width-large:40%;--awb-margin-top-large:0px;--awb-spacing-right-large:4.8%;--awb-margin-bottom-large:20px;--awb-spacing-left-large:4.8%;--awb-width-medium:100%;--awb-order-medium:0;--awb-spacing-right-medium:1.92%;--awb-spacing-left-medium:1.92%;--awb-width-small:100%;--awb-order-small:0;--awb-spacing-right-small:1.92%;--awb-margin-bottom-small:0px;--awb-spacing-left-small:1.92%;\"><div class=\"fusion-column-wrapper fusion-column-has-shadow fusion-flex-justify-content-flex-start fusion-content-layout-column\"><div class=\"fusion-image-element sm-text-align-center\" style=\"--awb-max-width:400px;--awb-caption-title-font-family:var(--h2_typography-font-family);--awb-caption-title-font-weight:var(--h2_typography-font-weight);--awb-caption-title-font-style:var(--h2_typography-font-style);--awb-caption-title-size:var(--h2_typography-font-size);--awb-caption-title-transform:var(--h2_typography-text-transform);--awb-caption-title-line-height:var(--h2_typography-line-height);--awb-caption-title-letter-spacing:var(--h2_typography-letter-spacing);\"><span class=\" fusion-imageframe imageframe-none imageframe-5 hover-type-none\"><img decoding=\"async\" width=\"2200\" height=\"1457\" alt=\"ELECTRIC BIKE KIT\" src=\"http:\/\/lift-mtb.com\/wp-content\/uploads\/2022\/01\/nuke-proof-lift-mtb-2022-9-top-1-sur-1.jpg\" class=\"img-responsive wp-image-25493\" srcset=\"https:\/\/www.lift-mtb.com\/wp-content\/uploads\/2022\/01\/nuke-proof-lift-mtb-2022-9-top-1-sur-1-200x132.jpg 200w, https:\/\/www.lift-mtb.com\/wp-content\/uploads\/2022\/01\/nuke-proof-lift-mtb-2022-9-top-1-sur-1-400x265.jpg 400w, https:\/\/www.lift-mtb.com\/wp-content\/uploads\/2022\/01\/nuke-proof-lift-mtb-2022-9-top-1-sur-1-600x397.jpg 600w, https:\/\/www.lift-mtb.com\/wp-content\/uploads\/2022\/01\/nuke-proof-lift-mtb-2022-9-top-1-sur-1-800x530.jpg 800w, https:\/\/www.lift-mtb.com\/wp-content\/uploads\/2022\/01\/nuke-proof-lift-mtb-2022-9-top-1-sur-1-1200x795.jpg 1200w, https:\/\/www.lift-mtb.com\/wp-content\/uploads\/2022\/01\/nuke-proof-lift-mtb-2022-9-top-1-sur-1.jpg 2200w\" sizes=\"(max-width: 1024px) 100vw, (max-width: 640px) 100vw, 600px\" \/><\/span><\/div><\/div><\/div><\/div><\/div><div class=\"fusion-fullwidth fullwidth-box fusion-builder-row-5 fusion-flex-container has-pattern-background has-mask-background nonhundred-percent-fullwidth non-hundred-percent-height-scrolling fusion-no-small-visibility\" style=\"--awb-border-radius-top-left:0px;--awb-border-radius-top-right:0px;--awb-border-radius-bottom-right:0px;--awb-border-radius-bottom-left:0px;--awb-flex-wrap:wrap;\" ><div class=\"fusion-builder-row fusion-row fusion-flex-align-items-flex-start fusion-flex-content-wrap\" style=\"max-width:1430px;margin-left: calc(-4% \/ 2 );margin-right: calc(-4% \/ 2 );\"><div class=\"fusion-layout-column fusion_builder_column fusion-builder-column-9 fusion_builder_column_1_1 1_1 fusion-flex-column\" style=\"--awb-padding-top:6px;--awb-bg-blend:overlay;--awb-bg-size:cover;--awb-width-large:100%;--awb-margin-top-large:0px;--awb-spacing-right-large:1.92%;--awb-margin-bottom-large:0px;--awb-spacing-left-large:1.92%;--awb-width-medium:100%;--awb-spacing-right-medium:1.92%;--awb-spacing-left-medium:1.92%;--awb-width-small:100%;--awb-spacing-right-small:1.92%;--awb-spacing-left-small:1.92%;\"><div class=\"fusion-column-wrapper fusion-flex-justify-content-flex-start fusion-content-layout-column\"><div class=\"fusion-separator fusion-full-width-sep\" style=\"align-self: center;margin-left: auto;margin-right: auto;margin-top:20px;margin-bottom:20px;width:100%;\"><div class=\"fusion-separator-border sep-single sep-solid\" style=\"--awb-height:20px;--awb-amount:20px;border-color:#e0dede;border-top-width:1px;\"><\/div><\/div><div class=\"fusion-text fusion-text-8\"><p>Um die Sache zu vereinfachen, haben wir eine Sch\u00e4tztabelle entwickelt, die den Kraftaufwand des Fahrers ber\u00fccksichtigt. Mit dieser Tabelle k\u00f6nnen Sie ganz einfach die f\u00fcr Sie passende Kapazit\u00e4t des E-Bike-Akkus ermitteln.<\/p>\n<p>Die Verbrauchertabelle wurde so objektiv &#8211; und ehrlich &#8211; wie m\u00f6glich erstellt, damit die Kunden mit ihren Eink\u00e4ufen zufrieden sind.<\/p>\n<\/div><div class=\"fusion-separator fusion-full-width-sep\" style=\"align-self: center;margin-left: auto;margin-right: auto;margin-top:20px;margin-bottom:20px;width:100%;\"><div class=\"fusion-separator-border sep-single sep-solid\" style=\"--awb-height:20px;--awb-amount:20px;border-color:#e0dede;border-top-width:1px;\"><\/div><\/div><div class=\"fusion-image-element \" style=\"text-align:center;--awb-max-width:1000px;--awb-caption-title-font-family:var(--h2_typography-font-family);--awb-caption-title-font-weight:var(--h2_typography-font-weight);--awb-caption-title-font-style:var(--h2_typography-font-style);--awb-caption-title-size:var(--h2_typography-font-size);--awb-caption-title-transform:var(--h2_typography-text-transform);--awb-caption-title-line-height:var(--h2_typography-line-height);--awb-caption-title-letter-spacing:var(--h2_typography-letter-spacing);\"><span class=\" fusion-imageframe imageframe-none imageframe-6 hover-type-none\"><img decoding=\"async\" width=\"1190\" height=\"588\" alt=\"Verbrauchstabelle f\u00fcr Elektrofahrr\u00e4der\" title=\"tabelle-des-verbrauchs-int-1\" src=\"http:\/\/lift-mtb.com\/wp-content\/uploads\/2022\/01\/tableau-de-consomation-int-1.jpg\" class=\"img-responsive wp-image-10660\"\/><\/span><\/div><div class=\"fusion-separator fusion-full-width-sep\" style=\"align-self: center;margin-left: auto;margin-right: auto;margin-top:20px;margin-bottom:20px;width:100%;\"><div class=\"fusion-separator-border sep-single sep-solid\" style=\"--awb-height:20px;--awb-amount:20px;border-color:#e0dede;border-top-width:1px;\"><\/div><\/div><\/div><\/div><div class=\"fusion-layout-column fusion_builder_column fusion-builder-column-10 fusion_builder_column_2_3 2_3 fusion-flex-column\" style=\"--awb-bg-size:cover;--awb-width-large:66.666666666667%;--awb-margin-top-large:0px;--awb-spacing-right-large:2.88%;--awb-margin-bottom-large:20px;--awb-spacing-left-large:2.88%;--awb-width-medium:100%;--awb-order-medium:0;--awb-spacing-right-medium:1.92%;--awb-spacing-left-medium:1.92%;--awb-width-small:100%;--awb-order-small:0;--awb-spacing-right-small:1.92%;--awb-spacing-left-small:1.92%;\"><div class=\"fusion-column-wrapper fusion-column-has-shadow fusion-flex-justify-content-flex-start fusion-content-layout-column\"><div class=\"fusion-text fusion-text-9\"><p style=\"text-align: justify;\">Die Angst, dass dem unerfahrenen Nutzer der Akku ausgeht, ist die gr\u00f6\u00dfte Sorge. Daher ist es von entscheidender Bedeutung, den Akku f\u00fcr das <strong>Elektrofahrrad<\/strong> richtig auszuw\u00e4hlen.<\/p>\n<p style=\"text-align: justify;\">Die meisten wollen riesige Batterien, weil sie Angst haben, dass sie knapp werden.<\/p>\n<p>Diese \u00dcberlegung mag verst\u00e4ndlich erscheinen, ist aber nicht immer sinnvoll, denn im Gegensatz zu einigen BOSCH- oder anderen Motoren, die blockiert sind, wenn Ihre Batterie leer ist, k\u00f6nnen Sie mit Ihrem Fahrrad nicht fahren. <strong><br \/>\n  <span style=\"text-decoration: underline;\">i<\/span><br \/>\n  <span style=\"text-decoration: underline;\">s ist m\u00f6glich, mit dem Fahrrad nach Hause zu fahren!<\/span><br \/>\n<\/strong><\/p>\n<p>Vor allem, da der <strong>Tretlagermotor<\/strong> <strong><br \/>\n  <span style=\"color: hsl(0, 100%, 50%);\">LIFT-MTB<\/span><br \/>\n<\/strong> sehr leicht ist und ein reibungsloses Treten auch ohne Motorunterst\u00fctzung erm\u00f6glicht.<\/p>\n<p>Anf\u00e4nger denken, dass sie ein Fahrrad haben, das ohne Unterst\u00fctzung nicht nutzbar ist. Sie werden \u00fcberrascht sein, wenn Sie es versuchen&#8230;<\/p>\n<p><strong>Ein einfaches Beispiel:<\/strong> Nehmen Sie das Fahrrad eines Freundes, das schwerer ist als Ihr eigenes. Glauben Sie, dass es unm\u00f6glich ist, damit ein paar Kilometer zu fahren?<\/p>\n<p>Dank der Ladeanzeigen am Lenker sind Sie wachsam genug, um den Akku zu verwalten und nicht weit weg von zu Hause mit einem leeren Akku zu landen.<\/p>\n<p>Wenn Ihr Akku voll ist, leuchten die gr\u00fcne, orangefarbene und rote LED.<\/p>\n<p>Nach einigen Kilometern geht die gr\u00fcne Anzeige allm\u00e4hlich aus, dann ist die orangefarbene an der Reihe, und wenn nur noch rot \u00fcbrig ist, reguliert das BMS und schaltet die Batterie aus; es bleibt nur noch, sie aufzuladen.<\/p>\n<p style=\"text-align: center;\"><a href=\"https:\/\/www.youtube.com\/watch?v=gtG8FQJIpqc\">Viele Parameter spielen eine Rolle.<\/a><\/p>\n<p style=\"text-align: center;\"><span style=\"color: hsl(0, 100%, 50%); font-size: 18px;\"><strong>Laut unseren Tests kann die Reichweite von einer Person zur anderen auf der gleichen Strecke um das Einfache bis Dreifache variieren!<\/strong><\/span><\/p>\n<\/div><\/div><\/div><div class=\"fusion-layout-column fusion_builder_column fusion-builder-column-11 fusion_builder_column_1_3 1_3 fusion-flex-column\" style=\"--awb-bg-size:cover;--awb-width-large:33.333333333333%;--awb-margin-top-large:0px;--awb-spacing-right-large:5.76%;--awb-margin-bottom-large:20px;--awb-spacing-left-large:5.76%;--awb-width-medium:100%;--awb-order-medium:0;--awb-spacing-right-medium:1.92%;--awb-spacing-left-medium:1.92%;--awb-width-small:100%;--awb-order-small:0;--awb-spacing-right-small:1.92%;--awb-spacing-left-small:1.92%;\"><div class=\"fusion-column-wrapper fusion-column-has-shadow fusion-flex-justify-content-flex-start fusion-content-layout-column\"><div class=\"fusion-image-element \" style=\"--awb-caption-title-font-family:var(--h2_typography-font-family);--awb-caption-title-font-weight:var(--h2_typography-font-weight);--awb-caption-title-font-style:var(--h2_typography-font-style);--awb-caption-title-size:var(--h2_typography-font-size);--awb-caption-title-transform:var(--h2_typography-text-transform);--awb-caption-title-line-height:var(--h2_typography-line-height);--awb-caption-title-letter-spacing:var(--h2_typography-letter-spacing);\"><span class=\" fusion-imageframe imageframe-none imageframe-7 hover-type-none\"><img decoding=\"async\" width=\"2560\" height=\"1695\" alt=\"comment choisir sa batterie \" title=\"bergauf Elektrofahrrad\" src=\"http:\/\/lift-mtb.com\/wp-content\/uploads\/2022\/07\/tof-6-1-sur-1-scaled.jpg\" class=\"img-responsive wp-image-35587\" srcset=\"https:\/\/www.lift-mtb.com\/wp-content\/uploads\/2022\/07\/tof-6-1-sur-1-200x132.jpg 200w, https:\/\/www.lift-mtb.com\/wp-content\/uploads\/2022\/07\/tof-6-1-sur-1-400x265.jpg 400w, https:\/\/www.lift-mtb.com\/wp-content\/uploads\/2022\/07\/tof-6-1-sur-1-600x397.jpg 600w, https:\/\/www.lift-mtb.com\/wp-content\/uploads\/2022\/07\/tof-6-1-sur-1-800x530.jpg 800w, https:\/\/www.lift-mtb.com\/wp-content\/uploads\/2022\/07\/tof-6-1-sur-1-1200x795.jpg 1200w, https:\/\/www.lift-mtb.com\/wp-content\/uploads\/2022\/07\/tof-6-1-sur-1-scaled.jpg 2560w\" sizes=\"(max-width: 1024px) 100vw, (max-width: 640px) 100vw, 600px\" \/><\/span><\/div><\/div><\/div><div class=\"fusion-layout-column fusion_builder_column fusion-builder-column-12 fusion_builder_column_1_1 1_1 fusion-flex-column\" style=\"--awb-bg-size:cover;--awb-width-large:100%;--awb-margin-top-large:0px;--awb-spacing-right-large:1.92%;--awb-margin-bottom-large:20px;--awb-spacing-left-large:1.92%;--awb-width-medium:100%;--awb-order-medium:0;--awb-spacing-right-medium:1.92%;--awb-spacing-left-medium:1.92%;--awb-width-small:100%;--awb-order-small:0;--awb-spacing-right-small:1.92%;--awb-spacing-left-small:1.92%;\"><div class=\"fusion-column-wrapper fusion-column-has-shadow fusion-flex-justify-content-center fusion-content-layout-column\"><div class=\"fusion-separator fusion-full-width-sep\" style=\"align-self: center;margin-left: auto;margin-right: auto;margin-bottom:10px;width:100%;\"><\/div><div class=\"fusion-text fusion-text-10\" style=\"--awb-font-size:16px;--awb-line-height:var(--awb-typography4-line-height);--awb-letter-spacing:var(--awb-typography4-letter-spacing);--awb-text-transform:var(--awb-typography4-text-transform);\"><p><img decoding=\"async\" class=\"alignright wp-image-4811\" src=\"http:\/\/lift-mtb.com\/wp-content\/uploads\/2017\/12\/satisfait-ou-remplace.jpg\" alt=\"\" width=\"210\" height=\"191\" srcset=\"https:\/\/www.lift-mtb.com\/wp-content\/uploads\/2017\/12\/satisfait-ou-remplace-200x181.jpg 200w, https:\/\/www.lift-mtb.com\/wp-content\/uploads\/2017\/12\/satisfait-ou-remplace-300x272.jpg 300w, https:\/\/www.lift-mtb.com\/wp-content\/uploads\/2017\/12\/satisfait-ou-remplace-400x363.jpg 400w, https:\/\/www.lift-mtb.com\/wp-content\/uploads\/2017\/12\/satisfait-ou-remplace.jpg 441w\" sizes=\"(max-width: 210px) 100vw, 210px\" \/><\/p>\n<p>In der Regel schlagen wir vor, dass Sie anhand der Tabelle die Batterie ausw\u00e4hlen, die f\u00fcr Ihre Praxis am besten geeignet ist.<\/p>\n<p>Wenn Sie nach ein paar Mal Gebrauch der Meinung sind, dass Sie einen anderen Akku ben\u00f6tigen, k\u00f6nnen Sie uns Ihren Akku zur\u00fcckschicken, um ihn gegen ein anderes Modell aus unserem Sortiment auszutauschen (innerhalb von 20 Tagen, in Frankreich, kontaktieren Sie uns f\u00fcr die vollst\u00e4ndigen Bedingungen).<\/p>\n<\/div><style type='text\/css'>\n\t\t\t\t.pricing-table-1.fusion-pricing-table .panel-container, .pricing-table-1.fusion-pricing-table .standout .panel-container,\n\t\t\t\t.pricing-table-1.full-boxed-pricing.fusion-pricing-table {background-color:#f8f8f8;}\n\t\t\t\t.pricing-table-1.fusion-pricing-table .list-group .list-group-item,\n\t\t\t\t.pricing-table-1.fusion-pricing-table .list-group .list-group-item:last-child{background-color:#ffffff; border-color:#ededed;}\n\t\t\t\t.pricing-table-1.full-boxed-pricing.fusion-pricing-table .panel-wrapper:hover .panel-heading,\n\t\t\t\t.pricing-table-1.fusion-pricing-table .panel-wrapper:hover .list-group-item {background-color:#f8f8f8;}\n\t\t\t\t.pricing-table-1.full-boxed-pricing.fusion-pricing-table .panel-heading{background-color:#ffffff;}\n\t\t\t\t.pricing-table-1.fusion-pricing-table .fusion-panel, .pricing-table-1 .panel-wrapper:last-child .fusion-panel,\n\t\t\t\t.pricing-table-1.fusion-pricing-table .standout .fusion-panel, .pricing-table-1.fusion-pricing-table  .panel-heading,\n\t\t\t\t.pricing-table-1.fusion-pricing-table .panel-body, .pricing-table-1.fusion-pricing-table .panel-footer{border-color:#ededed;}\n\t\t\t\t.pricing-table-1.fusion-pricing-table .panel-body, .pricing-table-1.fusion-pricing-table .panel-footer{background-color:#f8f8f8;}\n\t\t\t\t.pricing-table-1.sep-boxed-pricing.fusion-pricing-table .panel-heading h3{color:#333333;}\n\t\t\t\t.pricing-table-1.full-boxed-pricing.fusion-pricing-table .panel-heading h3{color:#333333;}\n\t\t\t\t.pricing-table-1.fusion-pricing-table .panel-body .price .decimal-part{color:var(--awb-color7);}\n\t\t\t\t.pricing-table-1.fusion-pricing-table .panel-body .price .integer-part{color:var(--awb-color7);}\n\t\t\t\t.pricing-table-1.fusion-pricing-table ul.list-group li{color:var(--awb-color8);}\n\t\t\t\t<\/style><div class=\"fusion-pricing-table pricing-table-1 full-boxed-pricing row fusion-columns-6 columns-6 fusion-clearfix\" style=\"margin-top:40px;margin-right:40px;margin-bottom:40px;margin-left:40px;\"><div class=\"panel-wrapper fusion-column column col-lg-2 col-md-2 col-sm-2 fusion-pricingtable-column\"><div class=\"panel-container\"><div class=\"fusion-panel\"><div class=\"panel-heading\"><h3 class=\"title-row\">Kapazit\u00e4t<\/h3><\/div><div class=\"panel-body pricing-row\"><div class=\"price \"><span class=\"currency\"><\/span><span class=\"integer-part\">Tarif<\/span><\/div><\/div><ul class=\"list-group\"><li class=\"list-group-item normal-row\">Kapazit\u00e4t<\/li><li class=\"list-group-item normal-row\">Dimension<\/li><li class=\"list-group-item normal-row\">Gewicht<\/li><li class=\"list-group-item normal-row\">Durchschnittliche Reichweite<\/li><li class=\"list-group-item normal-row\">Beschreibung<\/li><\/ul><\/div><\/div><\/div><div class=\"panel-wrapper fusion-column column col-lg-2 col-md-2 col-sm-2 fusion-pricingtable-column\"><div class=\"panel-container\"><div class=\"fusion-panel\"><div class=\"panel-heading\"><h3 class=\"title-row\">  300 Wh<\/h3><\/div><div class=\"panel-body pricing-row\"><div class=\"price \"><span class=\"currency\">\u20ac<\/span><span class=\"integer-part\">400<\/span><\/div><\/div><ul class=\"list-group\"><li class=\"list-group-item normal-row\"> 300 Wh \/ 8.7ah<\/li><li class=\"list-group-item normal-row\"> 6 x 20 x 8 cm<\/li><li class=\"list-group-item normal-row\">1,6 Kg<\/li><li class=\"list-group-item normal-row\">870 M D+ \/ 34 Km<\/li><li class=\"list-group-item normal-row\">Kompakt und sehr leicht, f\u00fcr den Einsatz im Rucksack, kompatibel mit dem quadratischen Batteriehalter mit Rahmenbefestigung. Sehr beliebtes Modell. Ideal f\u00fcr deine Sportausfl\u00fcge!<\/li><\/ul><div class=\"panel-footer footer-row\"><div class=\"fusion-button-wrapper\"><a class=\"fusion-button button-flat fusion-button-default-size button-default fusion-button-default button-1 fusion-button-default-span fusion-button-default-type\" target=\"_self\" href=\"https:\/produit\/batterie-electrique-300-wh-pour-velo\/\"><span class=\"fusion-button-text awb-button__text awb-button__text--default\">+ weitere Informationen<\/span><\/a><\/div><\/div><\/div><\/div><\/div><div class=\"panel-wrapper fusion-column column col-lg-2 col-md-2 col-sm-2 fusion-pricingtable-column\"><div class=\"panel-container\"><div class=\"fusion-panel\"><div class=\"panel-heading\"><h3 class=\"title-row\">400 Wh<\/h3><\/div><div class=\"panel-body pricing-row\"><div class=\"price \"><span class=\"currency\">\u20ac<\/span><span class=\"integer-part\">475<\/span><\/div><\/div><ul class=\"list-group\"><li class=\"list-group-item normal-row\"> 400 Wh \/ 11.6ah<\/li><li class=\"list-group-item normal-row\">8 x 20 x 8 cm<\/li><li class=\"list-group-item normal-row\">2,1 Kg<\/li><li class=\"list-group-item normal-row\">870 M D+ \/ 34 Km<\/li><li class=\"list-group-item normal-row\">Sehr vielseitiges und leichtes Modell, Rucksackgebrauch &amp; kompatibel mit der Aluminiumhalterung zur Rahmenbefestigung. Sehr gutes Verh\u00e4ltnis zwischen Gewicht und Akkulaufzeit.<\/li><\/ul><div class=\"panel-footer footer-row\"><div class=\"fusion-button-wrapper\"><a class=\"fusion-button button-flat fusion-button-default-size button-default fusion-button-default button-2 fusion-button-default-span fusion-button-default-type\" target=\"_self\" href=\"https:\/produit\/batterie-electrique-400-wh-pour-velo\/\"><span class=\"fusion-button-text awb-button__text awb-button__text--default\">+ weitere Informationen<\/span><\/a><\/div><\/div><\/div><\/div><\/div><div class=\"panel-wrapper fusion-column column col-lg-2 col-md-2 col-sm-2 fusion-pricingtable-column\"><div class=\"panel-container\"><div class=\"fusion-panel\"><div class=\"panel-heading\"><h3 class=\"title-row\">500 Wh<\/h3><\/div><div class=\"panel-body pricing-row\"><div class=\"price \"><span class=\"currency\">\u20ac<\/span><span class=\"integer-part\">575<\/span><\/div><\/div><ul class=\"list-group\"><li class=\"list-group-item normal-row\"> 500 Wh \/ 14ah<\/li><li class=\"list-group-item normal-row\">8 x 20 x 8 cm<\/li><li class=\"list-group-item normal-row\">2,1 Kg<\/li><li class=\"list-group-item normal-row\">870 M D+ \/ 34 Km<\/li><li class=\"list-group-item normal-row\">Flacher Rucksackakku, der einen idealen Tragekomfort und eine lange Laufzeit erm\u00f6glicht. Ein Bestseller, der eine sehr gute Autonomie erm\u00f6glicht.<\/li><\/ul><div class=\"panel-footer footer-row\"><div class=\"fusion-button-wrapper\"><a class=\"fusion-button button-flat fusion-button-default-size button-default fusion-button-default button-3 fusion-button-default-span fusion-button-default-type\" target=\"_self\" href=\"https:\/de\/produit\/batterie-elektro-carree-500wh-fur-elktrisches-radfahren\/\"><span class=\"fusion-button-text awb-button__text awb-button__text--default\">+ weitere Informationen<\/span><\/a><\/div><\/div><\/div><\/div><\/div><div class=\"panel-wrapper fusion-column column col-lg-2 col-md-2 col-sm-2 fusion-pricingtable-column\"><div class=\"panel-container\"><div class=\"fusion-panel\"><div class=\"panel-heading\"><h3 class=\"title-row\">600 Wh<\/h3><\/div><div class=\"panel-body pricing-row\"><div class=\"price \"><span class=\"currency\">\u20ac<\/span><span class=\"integer-part\">675<\/span><\/div><\/div><ul class=\"list-group\"><li class=\"list-group-item normal-row\"> 600 Wh 17.5ah<\/li><li class=\"list-group-item normal-row\">6 x 20 x 8 cm<\/li><li class=\"list-group-item normal-row\">3,1 Kg<\/li><li class=\"list-group-item normal-row\">870 M D+ \/ 34 Km<\/li><li class=\"list-group-item normal-row\">Flacher Rucksackakku, der idealen Komfort und eine lange Laufzeit bietet, um jede Tour zu bew\u00e4ltigen. Ideal f\u00fcr lange Fahrten.<\/li><\/ul><div class=\"panel-footer footer-row\"><div class=\"fusion-button-wrapper\"><a class=\"fusion-button button-flat fusion-button-default-size button-default fusion-button-default button-4 fusion-button-default-span fusion-button-default-type\" target=\"_self\" href=\"https:\/produit\/batterie-electrique-600-wh-pour-velo\/\"><span class=\"fusion-button-text awb-button__text awb-button__text--default\">+ weitere Informationen<\/span><\/a><\/div><\/div><\/div><\/div><\/div><div class=\"panel-wrapper fusion-column column col-lg-2 col-md-2 col-sm-2 fusion-pricingtable-column\"><div class=\"panel-container\"><div class=\"fusion-panel\"><div class=\"panel-heading\"><h3 class=\"title-row\">x2 \/ 300 Wh<\/h3><\/div><div class=\"panel-body pricing-row\"><div class=\"price \"><span class=\"currency\">\u20ac<\/span><span class=\"integer-part\">750<\/span><\/div><\/div><ul class=\"list-group\"><li class=\"list-group-item normal-row\">2 Batterien 300 Wh \/ 8.7ah<\/li><li class=\"list-group-item normal-row\">6 x 20 x 8 cm<\/li><li class=\"list-group-item normal-row\">3,2 Kg<\/li><li class=\"list-group-item normal-row\">870 M D+ \/ 34 Km<\/li><li class=\"list-group-item normal-row\">Packung mit 2 Batterien, Verwendung im Rucksack oder am Rahmen mit dem Aluminium-Batteriehalter. Perfekte Mischung aus vielseitigen Einsatzm\u00f6glichkeiten und gro\u00dfem Fassungsverm\u00f6gen.<\/li><\/ul><div class=\"panel-footer footer-row\"><div class=\"fusion-button-wrapper\"><a class=\"fusion-button button-flat fusion-button-default-size button-default fusion-button-default button-5 fusion-button-default-span fusion-button-default-type\" target=\"_self\" href=\"https:\/produit\/set-de-deux-batteries-36-v-8-7ah-600-wh\/\"><span class=\"fusion-button-text awb-button__text awb-button__text--default\">+ weitere Informationen<\/span><\/a><\/div><\/div><\/div><\/div><\/div><\/div><\/div><\/div><\/div><\/div><div class=\"fusion-fullwidth fullwidth-box fusion-builder-row-6 fusion-flex-container has-pattern-background has-mask-background nonhundred-percent-fullwidth non-hundred-percent-height-scrolling fusion-no-small-visibility\" style=\"--awb-border-radius-top-left:0px;--awb-border-radius-top-right:0px;--awb-border-radius-bottom-right:0px;--awb-border-radius-bottom-left:0px;--awb-flex-wrap:wrap;\" ><div class=\"fusion-builder-row fusion-row fusion-flex-align-items-center fusion-flex-content-wrap\" style=\"max-width:1430px;margin-left: calc(-4% \/ 2 );margin-right: calc(-4% \/ 2 );\"><div class=\"fusion-layout-column fusion_builder_column fusion-builder-column-13 fusion_builder_column_1_2 1_2 fusion-flex-column\" style=\"--awb-bg-size:cover;--awb-width-large:50%;--awb-margin-top-large:0px;--awb-spacing-right-large:3.84%;--awb-margin-bottom-large:20px;--awb-spacing-left-large:3.84%;--awb-width-medium:100%;--awb-order-medium:0;--awb-spacing-right-medium:1.92%;--awb-spacing-left-medium:1.92%;--awb-width-small:100%;--awb-order-small:0;--awb-spacing-right-small:1.92%;--awb-spacing-left-small:1.92%;\"><div class=\"fusion-column-wrapper fusion-column-has-shadow fusion-flex-justify-content-flex-start fusion-content-layout-column\"><div class=\"fusion-image-element \" style=\"text-align:center;--awb-caption-title-font-family:var(--h2_typography-font-family);--awb-caption-title-font-weight:var(--h2_typography-font-weight);--awb-caption-title-font-style:var(--h2_typography-font-style);--awb-caption-title-size:var(--h2_typography-font-size);--awb-caption-title-transform:var(--h2_typography-text-transform);--awb-caption-title-line-height:var(--h2_typography-line-height);--awb-caption-title-letter-spacing:var(--h2_typography-letter-spacing);\"><span class=\" fusion-imageframe imageframe-none imageframe-8 hover-type-none\"><img decoding=\"async\" width=\"1979\" height=\"556\" alt=\"LIFT-MTB Videos\" title=\"LIFT MTB Video\" src=\"http:\/\/lift-mtb.com\/wp-content\/uploads\/2017\/12\/lift-mtb-video.jpg\" class=\"img-responsive wp-image-4808\"\/><\/span><\/div><div class=\"fusion-separator fusion-full-width-sep\" style=\"align-self: center;margin-left: auto;margin-right: auto;margin-top:20px;width:100%;\"><\/div><div class=\"fusion-text fusion-text-11\" style=\"--awb-content-alignment:center;--awb-font-size:var(--awb-typography4-font-size);--awb-line-height:var(--awb-typography4-line-height);--awb-letter-spacing:var(--awb-typography4-letter-spacing);--awb-text-transform:var(--awb-typography4-text-transform);--awb-text-font-family:var(--awb-typography4-font-family);--awb-text-font-weight:var(--awb-typography4-font-weight);--awb-text-font-style:var(--awb-typography4-font-style);\"><p>Nebenstehend ein erkl\u00e4rendes Video \u00fcber die Wahl des Akkus f\u00fcr Elektrofahrr\u00e4der<\/p>\n<\/div><\/div><\/div><div class=\"fusion-layout-column fusion_builder_column fusion-builder-column-14 fusion_builder_column_1_2 1_2 fusion-flex-column\" style=\"--awb-bg-size:cover;--awb-width-large:50%;--awb-margin-top-large:0px;--awb-spacing-right-large:3.84%;--awb-margin-bottom-large:20px;--awb-spacing-left-large:3.84%;--awb-width-medium:100%;--awb-order-medium:0;--awb-spacing-right-medium:1.92%;--awb-spacing-left-medium:1.92%;--awb-width-small:100%;--awb-order-small:0;--awb-spacing-right-small:1.92%;--awb-spacing-left-small:1.92%;\"><div class=\"fusion-column-wrapper fusion-column-has-shadow fusion-flex-justify-content-flex-start fusion-content-layout-column\"><div class=\"fusion-video fusion-youtube\" style=\"--awb-max-width:600px;--awb-max-height:360px;\"><div class=\"video-shortcode\"><div class=\"fluid-width-video-wrapper\" style=\"padding-top:60%;\" ><iframe title=\"YouTube video player 2\" src=\"https:\/\/www.youtube.com\/embed\/4lZmxDP_WwU?wmode=transparent&autoplay=0\" width=\"600\" height=\"360\" allowfullscreen allow=\"autoplay; clipboard-write; encrypted-media; gyroscope; picture-in-picture;\"><\/iframe><\/div><\/div><\/div><\/div><\/div><\/div><\/div><div class=\"fusion-fullwidth fullwidth-box fusion-builder-row-7 fusion-flex-container nonhundred-percent-fullwidth non-hundred-percent-height-scrolling\" style=\"--awb-border-radius-top-left:0px;--awb-border-radius-top-right:0px;--awb-border-radius-bottom-right:0px;--awb-border-radius-bottom-left:0px;--awb-flex-wrap:wrap;\" ><div class=\"fusion-builder-row fusion-row fusion-flex-align-items-flex-start fusion-flex-content-wrap\" style=\"max-width:1430px;margin-left: calc(-4% \/ 2 );margin-right: calc(-4% \/ 2 );\"><div class=\"fusion-layout-column fusion_builder_column fusion-builder-column-15 fusion_builder_column_1_1 1_1 fusion-flex-column\" style=\"--awb-bg-size:cover;--awb-width-large:100%;--awb-margin-top-large:0px;--awb-spacing-right-large:1.92%;--awb-margin-bottom-large:20px;--awb-spacing-left-large:1.92%;--awb-width-medium:100%;--awb-order-medium:0;--awb-spacing-right-medium:1.92%;--awb-spacing-left-medium:1.92%;--awb-width-small:100%;--awb-order-small:0;--awb-spacing-right-small:1.92%;--awb-spacing-left-small:1.92%;\"><div class=\"fusion-column-wrapper fusion-column-has-shadow fusion-flex-justify-content-flex-start fusion-content-layout-column\"><style type=\"text\/css\">.fusion-faqs-wrapper #accordian-1 .fusion-panel { border-color:#e0dede; }.fusion-faqs-wrapper #accordian-1 .fusion-panel:hover{ border-color: #e0dede; }.fusion-accordian #accordian-1 .panel-title a .fa-fusion-box:before{ font-size: 13px;width: 13px;}.fusion-accordian #accordian-1 .panel-title a .fa-fusion-box{ color: #ffffff;}.fusion-accordian  #accordian-1 .panel-title a{font-family:\"Roboto Slab\";font-style:normal;font-weight:300;}.fusion-accordian  #accordian-1 .panel-title a:not(:hover){}.fusion-accordian  #accordian-1 .toggle-content{font-family:\"PT Sans\";font-style:normal;font-weight:regular;}.fusion-accordian #accordian-1 .fa-fusion-box { background-color: #333333 !important;border-color: #333333 !important;}.fusion-accordian #accordian-1 .panel-title a:hover,.fusion-accordian #accordian-1 .panel-title a.hover { color: #a0ce4e;}.fusion-faq-shortcode .fusion-accordian #accordian-1 .fusion-toggle-boxed-mode:hover .panel-title a { color: #a0ce4e;}.fusion-accordian #accordian-1 .panel-title .active .fa-fusion-box,.fusion-accordian #accordian-1 .panel-title a:hover .fa-fusion-box,.fusion-accordian #accordian-1 .panel-title a.hover .fa-fusion-box { background-color: #a0ce4e!important;border-color: #a0ce4e!important;}<\/style><div class=\"fusion-faq-shortcode\" style=\"\"><ul role=\"menu\" class=\"fusion-filters clearfix\"><\/ul><div class=\"fusion-faqs-wrapper\"><div class=\"accordian fusion-accordian\"><div class=\"panel-group \" id=\"accordian-1\"><div class=\"fusion-panel panel-default fusion-faq-post fusion-faq-post-40928 den-akku-eines-elektrofahrrads-auswahlen \"><span class=\"entry-title rich-snippet-hidden\">Wie man die Reichweite seines Mountainbikes besser verwaltet<\/span><span class=\"vcard rich-snippet-hidden\"><span class=\"fn\"><a href=\"https:\/\/www.lift-mtb.com\" title=\"Beitr\u00e4ge von dhenri\" rel=\"author\">dhenri<\/a><\/span><\/span><span class=\"updated rich-snippet-hidden\">2016-02-28T17:59:02+01:00<\/span><div class=\"panel-heading\"><h4 id=\"faq_1-40928\" class=\"panel-title toggle\"><a data-toggle=\"collapse\" class=\"collapsed\" data-parent=\"#accordian-1\" data-target=\"#collapse-1-40928\" href=\"#collapse-1-40928\" aria-expanded=\"false\"><div class=\"fusion-toggle-icon-wrapper\"><div class=\"fusion-toggle-icon-wrapper-main\"><div class=\"fusion-toggle-icon-wrapper-sub\"><i class=\"fa-fusion-box active-icon awb-icon-minus\" aria-hidden=\"true\"><\/i><i class=\"fa-fusion-box inactive-icon fa-question-circle far\" aria-hidden=\"true\"><\/i><\/div><\/div><\/div><div class=\"fusion-toggle-heading\">Wie man die Reichweite seines Mountainbikes besser verwaltet<\/div><\/a><\/h4><\/div><div id=\"collapse-1-40928\" aria-labelledby=\"faq_1-40928\" class=\"panel-collapse collapse\"><div class=\"panel-body toggle-content post-content\"><p><img decoding=\"async\" class=\"alignright wp-image-5670\" src=\"http:\/\/lift-mtb.com\/wp-content\/uploads\/2022\/01\/ecran-lift-mtb-v3-1024x678.jpg\" alt=\"Kontrollbildschirm f\u00fcr BOSCH-Elektrofahrrad\" width=\"392\" height=\"260\"><\/p>\n<p style=\"font-weight: 400;\">Die Reichweite Ihres <strong style=\"font-weight: 700 !important;\">Tretmotorsatzes<\/strong> kann vom Einfachen bis zum Dreifachen reichen (siehe Tabelle).<\/p>\n<p style=\"font-weight: 400;\">Am besten nutzen Sie Ihr <strong style=\"font-weight: 700 !important;\">Mountainbike-Motorset<\/strong> mit dem optionalen <strong style=\"font-weight: 700 !important;\">LIFT-MTB-Kontrollbildschirm <\/strong>, den Sie im Shop erwerben k\u00f6nnen, um eine Vielzahl von Informationen zu erhalten.<\/p>\n<p style=\"font-weight: 400;\">So k\u00f6nnen Sie genau sehen, was Sie in Echtzeit verbrauchen, wie viel Akku noch \u00fcbrig ist, wie viel Sie durchschnittlich bei einem Anstieg oder einer Fahrt verbrauchen usw.<\/p>\n<p style=\"text-align: center;\"><a href=\"\/app\/s9ce3cb4278d06013\/pb87c05b08c5e7bfb\/\"><strong style=\"font-weight: 700 !important;\">(f\u00fcr weitere Informationen HIER klicken)<\/strong><\/a><\/p>\n<p style=\"font-weight: 400;\">-Je mehr Sie den <strong style=\"font-weight: 700 !important;\">Tretlagermotor<\/strong> in den unteren Drehzahlbereichen ziehen, desto mehr verbrauchen Sie. Die Startphase ist die verbrauchsintensivste Phase.<\/p>\n<h3>Um wenig zu verbrauchen, sollten Sie das elektrische System nicht bei niedrigen Geschwindigkeiten oder zu gro\u00dfen \u00dcbersetzungen \u00fcberfordern.<\/h3>\n<p style=\"font-weight: 400;\">-Am effektivsten ist es immer noch, das Fahrrad mit der Kraft Ihrer Beine zu starten und dann die Unterst\u00fctzung zu nutzen, und keine zu gro\u00dfe \u00dcbersetzung zu verwenden.<\/p>\n<p style=\"font-weight: 400;\">-Im Gegensatz zu einem Verbrennungsmotor in einem Auto verbraucht der <strong style=\"font-weight: 700 !important;\">Elektromotor eines Fahrrads<\/strong> bei h\u00f6herer Drehzahl weniger Kraftstoff und heizt sich weniger auf.<\/p>\n<p style=\"font-weight: 400;\">Um dieses Prinzip zu verdeutlichen: Wenn man den <strong style=\"font-weight: 700 !important;\">anpassungsf\u00e4higen<\/strong> <strong style=\"font-weight: 700 !important;\">LIFT-MTB-Motor<\/strong> zu lange in Phasen extremen Verbrauchs verwendet, w\u00e4re das zum Beispiel so, als w\u00fcrde man den Motor eines Autos mit H\u00f6chstdrehzahl im 1. Gang auf der Autobahn&#8230;<\/p>\n<p style=\"text-align: left;\">-Diese Hochverbrauchsphasen k\u00f6nnen problemlos einige Sekunden genutzt werden, sollten aber nicht zu lange dauern, um eine \u00fcberm\u00e4\u00dfige \u00dcberhitzung und einen vorzeitigen Verschlei\u00df bestimmter Teile zu vermeiden.<\/p>\n<p style=\"font-weight: 400;\"><strong style=\"font-weight: 700 !important;\">In der Tat ist dieser Nutzungsbereich ein bisschen wie der rote Bereich des Drehzahlmessers Ihres Autos&#8230; man kann ihn nutzen, ohne ihn zu \u00fcbertreiben.<\/strong><\/p>\n<p>&nbsp;<\/p>\n<p style=\"font-weight: 400;\">&#8211; Je k\u00fcrzer Sie wie in der Abbildung dargestellt die \u00dcbersetzungen (gro\u00dfe Ritzel der hinteren Kassette) verwenden, desto weniger Energie verbrauchen Sie.<\/p>\n<p style=\"font-weight: 400;\"><img decoding=\"async\" class=\"alignright wp-image-4834\" src=\"http:\/\/lift-mtb.com\/wp-content\/uploads\/2016\/02\/capture.png\" alt=\"\" width=\"575\" height=\"246\"><\/p>\n<table style=\"margin: auto auto auto -5.4pt; border: currentColor; border-collapse: collapse; mso-table-layout-alt: fixed; mso-padding-alt: 0cm 5.4pt 0cm 5.4pt;\">\n<tbody>\n<tr>\n<td><strong>Verbrauch in AH<\/strong><\/td>\n<td><strong>Kommentare<\/strong><\/td>\n<\/tr>\n<tr>\n<td>Von 0 bis 8Ah<\/td>\n<td>Gr\u00fcner Bereich \/ Geringer Verbrauch<\/td>\n<\/tr>\n<tr>\n<td>Von 8 bis 14 Ah<\/td>\n<td>Blaue Zone \/ Durchschnittlicher Verbrauch<\/td>\n<\/tr>\n<tr>\n<td>Von 14 bis 18Ah<\/td>\n<td>Orange Zone \/ Starker Konsum<\/td>\n<\/tr>\n<tr>\n<td>Von 18 bis 23Ah<\/td>\n<td>Roter Bereich \/ Extrem hoher Verbrauch<\/td>\n<\/tr>\n<\/tbody>\n<\/table>\n<\/div><\/div><\/div><div class=\"fusion-panel panel-default fusion-faq-post fusion-faq-post-40901 den-akku-eines-elektrofahrrads-auswahlen wahlen-sie-die-akkukapazitat \"><span class=\"entry-title rich-snippet-hidden\">Einige zus\u00e4tzliche Zahlen, um die richtige Wahl des Akkus zu treffen!<\/span><span class=\"vcard rich-snippet-hidden\"><span class=\"fn\"><a href=\"https:\/\/www.lift-mtb.com\" title=\"Beitr\u00e4ge von dhenri\" rel=\"author\">dhenri<\/a><\/span><\/span><span class=\"updated rich-snippet-hidden\">2022-09-14T12:59:49+02:00<\/span><div class=\"panel-heading\"><h4 id=\"faq_1-40901\" class=\"panel-title toggle\"><a data-toggle=\"collapse\" class=\"collapsed\" data-parent=\"#accordian-1\" data-target=\"#collapse-1-40901\" href=\"#collapse-1-40901\" aria-expanded=\"false\"><div class=\"fusion-toggle-icon-wrapper\"><div class=\"fusion-toggle-icon-wrapper-main\"><div class=\"fusion-toggle-icon-wrapper-sub\"><i class=\"fa-fusion-box active-icon awb-icon-minus\" aria-hidden=\"true\"><\/i><i class=\"fa-fusion-box inactive-icon fa-question-circle far\" aria-hidden=\"true\"><\/i><\/div><\/div><\/div><div class=\"fusion-toggle-heading\">Einige zus\u00e4tzliche Zahlen, um die richtige Wahl des Akkus zu treffen!<\/div><\/a><\/h4><\/div><div id=\"collapse-1-40901\" aria-labelledby=\"faq_1-40901\" class=\"panel-collapse collapse\"><div class=\"panel-body toggle-content post-content\"><div id=\"fusion-scroll-section-1\" class=\"fusion-scroll-section fusion-scroll-section\" data-section=\"1\" data-animation=\"fade\" data-speed=\"800\" ><div class=\"fusion-scroll-section-element active\" data-section=\"1\" data-element=\"1\" style=\"transition-duration:450ms;&quot;\" ><div class=\"fusion-fullwidth fullwidth-box fusion-builder-row-7-1 nonhundred-percent-fullwidth hundred-percent-height hundred-percent-height-scrolling\" style=\"--awb-border-radius-top-left:0px;--awb-border-radius-top-right:0px;--awb-border-radius-bottom-right:0px;--awb-border-radius-bottom-left:0px;--awb-flex-wrap:wrap;\" ><div class=\"fusion-builder-row fusion-row\"><div class=\"fusion-layout-column fusion_builder_column fusion-builder-column-16 fusion_builder_column_1_2 1_2 fusion-one-half fusion-column-first\" style=\"--awb-bg-size:cover;--awb-margin-bottom:0px;width:48%; margin-right: 4%;\"><div class=\"fusion-column-wrapper fusion-flex-column-wrapper-legacy\"><div class=\"fusion-text fusion-text-12\"><p style=\"text-align: left;\"><strong>1\/<\/strong> <strong>Ein guter Radfahrer verbraucht etwa :<\/strong><\/p>\n<p style=\"text-align: left;\"><strong><span style=\"color: hsl(0, 100%, 50%);\">F\u00fcr 1 A\/h (entspricht 36 W\/h) Batteriekapazit\u00e4t.<\/span><\/strong><\/p>\n<p style=\"text-align: left;\"><strong><span style=\"color: hsl(0, 100%, 50%);\">  Etwa 130 Meter H\u00f6henunterschied und 5,2 km.<\/span><\/strong><\/p>\n<p><strong>2\/ F\u00fcr einen durchschnittlichen Radfahrer wird es 30% mehr sein, d.h. :<\/strong><\/p>\n<p style=\"text-align: left;\"><strong><span style=\"color: hsl(0, 100%, 50%);\">F\u00fcr 1 A\/h (entspricht 36 W\/h) Batteriekapazit\u00e4t.<\/span><\/strong><\/p>\n<p style=\"text-align: left;\"><strong><span style=\"color: hsl(0, 100%, 50%);\">  Etwa 100 Meter H\u00f6henunterschied und 4 km.<\/span><\/strong><\/p>\n<p><strong>3\/ Ein Radfahrer, der nicht in Form ist, wird noch einmal 30 % mehr kosten:<\/strong><\/p>\n<p style=\"text-align: left;\"><strong><span style=\"color: hsl(0, 100%, 50%);\">F\u00fcr 1 A\/h (entspricht 36 W\/h) Akkukapazit\u00e4t<\/span><\/strong><\/p>\n<p style=\"text-align: left;\"><strong><span style=\"color: hsl(0, 100%, 50%);\">Etwa 70 Meter H\u00f6henunterschied und 2,8 km.<\/span><\/strong><\/p>\n<\/div><div class=\"fusion-clearfix\"><\/div><\/div><\/div><div class=\"fusion-layout-column fusion_builder_column fusion-builder-column-17 fusion_builder_column_1_2 1_2 fusion-one-half fusion-column-last\" style=\"--awb-bg-size:cover;width:48%;\"><div class=\"fusion-column-wrapper fusion-column-has-shadow fusion-flex-column-wrapper-legacy\"><div class=\"fusion-image-element fusion-image-align-center in-legacy-container\" style=\"text-align:center;--awb-caption-title-font-family:var(--h2_typography-font-family);--awb-caption-title-font-weight:var(--h2_typography-font-weight);--awb-caption-title-font-style:var(--h2_typography-font-style);--awb-caption-title-size:var(--h2_typography-font-size);--awb-caption-title-transform:var(--h2_typography-text-transform);--awb-caption-title-line-height:var(--h2_typography-line-height);--awb-caption-title-letter-spacing:var(--h2_typography-letter-spacing);\"><div class=\"imageframe-align-center\"><span class=\" fusion-imageframe imageframe-none imageframe-9 hover-type-none\"><img decoding=\"async\" width=\"300\" height=\"135\" alt=\"Verbrauchstabelle f\u00fcr Elektrofahrr\u00e4der\" title=\"tabelle-des-verbrauchs-int-1\" src=\"http:\/\/lift-mtb.com\/wp-content\/uploads\/2022\/01\/tableau-de-consomation-int-1-300x135.jpg\" class=\"img-responsive wp-image-10660\"\/><\/span><\/div><\/div><div class=\"fusion-clearfix\"><\/div><\/div><\/div><\/div><\/div><\/div><nav id=\"fusion-scroll-section-nav-1\" class=\"fusion-scroll-section-nav scroll-navigation-right\" data-section=\"1\" ><ul><li><a href=\"#fusion-scroll-section-element-1-1\" class=\"fusion-scroll-section-link\" data-name=\"\" data-element=\"1\"><span class=\"fusion-scroll-section-link-bullet\"><\/span><\/a><\/li><\/ul><\/nav><\/div>\n<\/div><\/div><\/div><\/div><\/div><\/div><\/div><\/div><\/div><\/div><\/div><\/p>\n","protected":false},"excerpt":{"rendered":"","protected":false},"author":1,"featured_media":4767,"comment_status":"open","ping_status":"open","sticky":false,"template":"","format":"standard","meta":{"footnotes":""},"categories":[903],"tags":[],"class_list":["post-36538","post","type-post","status-publish","format-standard","has-post-thumbnail","hentry","category-haeufig-gestellte-fragen"],"yoast_head":"<!-- This site is optimized with the Yoast SEO plugin v26.9 - https:\/\/yoast.com\/product\/yoast-seo-wordpress\/ -->\n<title>Die richtige Wahl des E-Bike-Akkus? Autonomie &amp; Kapazit\u00e4t.<\/title>\n<meta name=\"description\" content=\"Die Kapazit\u00e4t eines E-Bike-Akkus ausw\u00e4hlen? Zusammensetzung einer LITHUIM-Batterie, Laufzeit, Anzahl der Amperestunden &amp; Wattstunden.\" \/>\n<meta name=\"robots\" content=\"index, follow, max-snippet:-1, max-image-preview:large, max-video-preview:-1\" \/>\n<link rel=\"canonical\" href=\"https:\/\/www.lift-mtb.com\/de\/wie-waehle-ich-den-richtigen-akku-fuer-mein-elektrofahrrad\/\" \/>\n<meta property=\"og:locale\" content=\"de_DE\" \/>\n<meta property=\"og:type\" content=\"article\" \/>\n<meta property=\"og:title\" content=\"Die richtige Wahl des E-Bike-Akkus? Autonomie &amp; Kapazit\u00e4t.\" \/>\n<meta property=\"og:description\" content=\"Die Kapazit\u00e4t eines E-Bike-Akkus ausw\u00e4hlen? Zusammensetzung einer LITHUIM-Batterie, Laufzeit, Anzahl der Amperestunden &amp; Wattstunden.\" \/>\n<meta property=\"og:url\" content=\"https:\/\/www.lift-mtb.com\/de\/wie-waehle-ich-den-richtigen-akku-fuer-mein-elektrofahrrad\/\" \/>\n<meta property=\"og:site_name\" content=\"LIFT-MTB\" \/>\n<meta property=\"article:published_time\" content=\"2022-07-05T13:31:29+00:00\" \/>\n<meta property=\"article:modified_time\" content=\"2023-01-22T18:15:21+00:00\" \/>\n<meta property=\"og:image\" content=\"https:\/\/www.lift-mtb.com\/wp-content\/uploads\/2017\/12\/battery-14ah-17ah-2021-scaled.jpg\" \/>\n\t<meta property=\"og:image:width\" content=\"4427\" \/>\n\t<meta property=\"og:image:height\" content=\"2932\" \/>\n\t<meta property=\"og:image:type\" content=\"image\/jpeg\" \/>\n<meta name=\"author\" content=\"dhenri\" \/>\n<meta name=\"twitter:card\" content=\"summary_large_image\" \/>\n<meta name=\"twitter:label1\" content=\"Verfasst von\" \/>\n\t<meta name=\"twitter:data1\" content=\"dhenri\" \/>\n\t<meta name=\"twitter:label2\" content=\"Gesch\u00e4tzte Lesezeit\" \/>\n\t<meta name=\"twitter:data2\" content=\"25\u00a0Minuten\" \/>\n<script type=\"application\/ld+json\" class=\"yoast-schema-graph\">{\"@context\":\"https:\/\/schema.org\",\"@graph\":[{\"@type\":\"Article\",\"@id\":\"https:\/\/www.lift-mtb.com\/de\/wie-waehle-ich-den-richtigen-akku-fuer-mein-elektrofahrrad\/#article\",\"isPartOf\":{\"@id\":\"https:\/\/www.lift-mtb.com\/de\/wie-waehle-ich-den-richtigen-akku-fuer-mein-elektrofahrrad\/\"},\"author\":{\"name\":\"dhenri\",\"@id\":\"https:\/\/www.lift-mtb.com\/de\/#\/schema\/person\/8bd366e8eb44e9b934208ed106f84b14\"},\"headline\":\"Wie w\u00e4hle ich den richtigen Akku f\u00fcr mein Elektrofahrrad?\",\"datePublished\":\"2022-07-05T13:31:29+00:00\",\"dateModified\":\"2023-01-22T18:15:21+00:00\",\"mainEntityOfPage\":{\"@id\":\"https:\/\/www.lift-mtb.com\/de\/wie-waehle-ich-den-richtigen-akku-fuer-mein-elektrofahrrad\/\"},\"wordCount\":11047,\"commentCount\":0,\"publisher\":{\"@id\":\"https:\/\/www.lift-mtb.com\/de\/#organization\"},\"image\":{\"@id\":\"https:\/\/www.lift-mtb.com\/de\/wie-waehle-ich-den-richtigen-akku-fuer-mein-elektrofahrrad\/#primaryimage\"},\"thumbnailUrl\":\"https:\/\/www.lift-mtb.com\/wp-content\/uploads\/2017\/12\/battery-14ah-17ah-2021-scaled.jpg\",\"articleSection\":[\"H\u00e4ufig gestellte Fragen\"],\"inLanguage\":\"de\",\"potentialAction\":[{\"@type\":\"CommentAction\",\"name\":\"Comment\",\"target\":[\"https:\/\/www.lift-mtb.com\/de\/wie-waehle-ich-den-richtigen-akku-fuer-mein-elektrofahrrad\/#respond\"]}]},{\"@type\":\"WebPage\",\"@id\":\"https:\/\/www.lift-mtb.com\/de\/wie-waehle-ich-den-richtigen-akku-fuer-mein-elektrofahrrad\/\",\"url\":\"https:\/\/www.lift-mtb.com\/de\/wie-waehle-ich-den-richtigen-akku-fuer-mein-elektrofahrrad\/\",\"name\":\"Die richtige Wahl des E-Bike-Akkus? Autonomie & Kapazit\u00e4t.\",\"isPartOf\":{\"@id\":\"https:\/\/www.lift-mtb.com\/de\/#website\"},\"primaryImageOfPage\":{\"@id\":\"https:\/\/www.lift-mtb.com\/de\/wie-waehle-ich-den-richtigen-akku-fuer-mein-elektrofahrrad\/#primaryimage\"},\"image\":{\"@id\":\"https:\/\/www.lift-mtb.com\/de\/wie-waehle-ich-den-richtigen-akku-fuer-mein-elektrofahrrad\/#primaryimage\"},\"thumbnailUrl\":\"https:\/\/www.lift-mtb.com\/wp-content\/uploads\/2017\/12\/battery-14ah-17ah-2021-scaled.jpg\",\"datePublished\":\"2022-07-05T13:31:29+00:00\",\"dateModified\":\"2023-01-22T18:15:21+00:00\",\"description\":\"Die Kapazit\u00e4t eines E-Bike-Akkus ausw\u00e4hlen? Zusammensetzung einer LITHUIM-Batterie, Laufzeit, Anzahl der Amperestunden & Wattstunden.\",\"breadcrumb\":{\"@id\":\"https:\/\/www.lift-mtb.com\/de\/wie-waehle-ich-den-richtigen-akku-fuer-mein-elektrofahrrad\/#breadcrumb\"},\"inLanguage\":\"de\",\"potentialAction\":[{\"@type\":\"ReadAction\",\"target\":[\"https:\/\/www.lift-mtb.com\/de\/wie-waehle-ich-den-richtigen-akku-fuer-mein-elektrofahrrad\/\"]}]},{\"@type\":\"ImageObject\",\"inLanguage\":\"de\",\"@id\":\"https:\/\/www.lift-mtb.com\/de\/wie-waehle-ich-den-richtigen-akku-fuer-mein-elektrofahrrad\/#primaryimage\",\"url\":\"https:\/\/www.lift-mtb.com\/wp-content\/uploads\/2017\/12\/battery-14ah-17ah-2021-scaled.jpg\",\"contentUrl\":\"https:\/\/www.lift-mtb.com\/wp-content\/uploads\/2017\/12\/battery-14ah-17ah-2021-scaled.jpg\",\"width\":4427,\"height\":2932,\"caption\":\"comparaison battery 14ah-17ah 2021\"},{\"@type\":\"BreadcrumbList\",\"@id\":\"https:\/\/www.lift-mtb.com\/de\/wie-waehle-ich-den-richtigen-akku-fuer-mein-elektrofahrrad\/#breadcrumb\",\"itemListElement\":[{\"@type\":\"ListItem\",\"position\":1,\"name\":\"Accueil\",\"item\":\"https:\/\/www.lift-mtb.com\/de\/\"},{\"@type\":\"ListItem\",\"position\":2,\"name\":\"H\u00e4ufig gestellte Fragen\",\"item\":\"https:\/\/www.lift-mtb.com\/de\/kategorie\/haeufig-gestellte-fragen\/\"},{\"@type\":\"ListItem\",\"position\":3,\"name\":\"Wie w\u00e4hle ich den richtigen Akku f\u00fcr mein Elektrofahrrad?\"}]},{\"@type\":\"WebSite\",\"@id\":\"https:\/\/www.lift-mtb.com\/de\/#website\",\"url\":\"https:\/\/www.lift-mtb.com\/de\/\",\"name\":\"LIFT-MTB\",\"description\":\"Transformer son v\u00e9lo en \u00e9lectrique rapidement !\",\"publisher\":{\"@id\":\"https:\/\/www.lift-mtb.com\/de\/#organization\"},\"potentialAction\":[{\"@type\":\"SearchAction\",\"target\":{\"@type\":\"EntryPoint\",\"urlTemplate\":\"https:\/\/www.lift-mtb.com\/de\/?s={search_term_string}\"},\"query-input\":{\"@type\":\"PropertyValueSpecification\",\"valueRequired\":true,\"valueName\":\"search_term_string\"}}],\"inLanguage\":\"de\"},{\"@type\":\"Organization\",\"@id\":\"https:\/\/www.lift-mtb.com\/de\/#organization\",\"name\":\"LIFT-MTB\",\"url\":\"https:\/\/www.lift-mtb.com\/de\/\",\"logo\":{\"@type\":\"ImageObject\",\"inLanguage\":\"de\",\"@id\":\"https:\/\/www.lift-mtb.com\/de\/#\/schema\/logo\/image\/\",\"url\":\"https:\/\/www.lift-mtb.com\/wp-content\/uploads\/2022\/01\/electric-kit-for-bike-1.jpg\",\"contentUrl\":\"https:\/\/www.lift-mtb.com\/wp-content\/uploads\/2022\/01\/electric-kit-for-bike-1.jpg\",\"width\":1223,\"height\":560,\"caption\":\"LIFT-MTB\"},\"image\":{\"@id\":\"https:\/\/www.lift-mtb.com\/de\/#\/schema\/logo\/image\/\"}},{\"@type\":\"Person\",\"@id\":\"https:\/\/www.lift-mtb.com\/de\/#\/schema\/person\/8bd366e8eb44e9b934208ed106f84b14\",\"name\":\"dhenri\",\"image\":{\"@type\":\"ImageObject\",\"inLanguage\":\"de\",\"@id\":\"https:\/\/www.lift-mtb.com\/de\/#\/schema\/person\/image\/\",\"url\":\"https:\/\/secure.gravatar.com\/avatar\/f1c37fd2b696c08b3fa38a35d57f31a6ac4def018a90fa66bee289758debac3c?s=96&d=mm&r=g\",\"contentUrl\":\"https:\/\/secure.gravatar.com\/avatar\/f1c37fd2b696c08b3fa38a35d57f31a6ac4def018a90fa66bee289758debac3c?s=96&d=mm&r=g\",\"caption\":\"dhenri\"},\"url\":\"https:\/\/www.lift-mtb.com\"}]}<\/script>\n<!-- \/ Yoast SEO plugin. -->","yoast_head_json":{"title":"Die richtige Wahl des E-Bike-Akkus? Autonomie & Kapazit\u00e4t.","description":"Die Kapazit\u00e4t eines E-Bike-Akkus ausw\u00e4hlen? Zusammensetzung einer LITHUIM-Batterie, Laufzeit, Anzahl der Amperestunden & Wattstunden.","robots":{"index":"index","follow":"follow","max-snippet":"max-snippet:-1","max-image-preview":"max-image-preview:large","max-video-preview":"max-video-preview:-1"},"canonical":"https:\/\/www.lift-mtb.com\/de\/wie-waehle-ich-den-richtigen-akku-fuer-mein-elektrofahrrad\/","og_locale":"de_DE","og_type":"article","og_title":"Die richtige Wahl des E-Bike-Akkus? Autonomie & Kapazit\u00e4t.","og_description":"Die Kapazit\u00e4t eines E-Bike-Akkus ausw\u00e4hlen? Zusammensetzung einer LITHUIM-Batterie, Laufzeit, Anzahl der Amperestunden & Wattstunden.","og_url":"https:\/\/www.lift-mtb.com\/de\/wie-waehle-ich-den-richtigen-akku-fuer-mein-elektrofahrrad\/","og_site_name":"LIFT-MTB","article_published_time":"2022-07-05T13:31:29+00:00","article_modified_time":"2023-01-22T18:15:21+00:00","og_image":[{"width":4427,"height":2932,"url":"https:\/\/www.lift-mtb.com\/wp-content\/uploads\/2017\/12\/battery-14ah-17ah-2021-scaled.jpg","type":"image\/jpeg"}],"author":"dhenri","twitter_card":"summary_large_image","twitter_misc":{"Verfasst von":"dhenri","Gesch\u00e4tzte Lesezeit":"25\u00a0Minuten"},"schema":{"@context":"https:\/\/schema.org","@graph":[{"@type":"Article","@id":"https:\/\/www.lift-mtb.com\/de\/wie-waehle-ich-den-richtigen-akku-fuer-mein-elektrofahrrad\/#article","isPartOf":{"@id":"https:\/\/www.lift-mtb.com\/de\/wie-waehle-ich-den-richtigen-akku-fuer-mein-elektrofahrrad\/"},"author":{"name":"dhenri","@id":"https:\/\/www.lift-mtb.com\/de\/#\/schema\/person\/8bd366e8eb44e9b934208ed106f84b14"},"headline":"Wie w\u00e4hle ich den richtigen Akku f\u00fcr mein Elektrofahrrad?","datePublished":"2022-07-05T13:31:29+00:00","dateModified":"2023-01-22T18:15:21+00:00","mainEntityOfPage":{"@id":"https:\/\/www.lift-mtb.com\/de\/wie-waehle-ich-den-richtigen-akku-fuer-mein-elektrofahrrad\/"},"wordCount":11047,"commentCount":0,"publisher":{"@id":"https:\/\/www.lift-mtb.com\/de\/#organization"},"image":{"@id":"https:\/\/www.lift-mtb.com\/de\/wie-waehle-ich-den-richtigen-akku-fuer-mein-elektrofahrrad\/#primaryimage"},"thumbnailUrl":"https:\/\/www.lift-mtb.com\/wp-content\/uploads\/2017\/12\/battery-14ah-17ah-2021-scaled.jpg","articleSection":["H\u00e4ufig gestellte Fragen"],"inLanguage":"de","potentialAction":[{"@type":"CommentAction","name":"Comment","target":["https:\/\/www.lift-mtb.com\/de\/wie-waehle-ich-den-richtigen-akku-fuer-mein-elektrofahrrad\/#respond"]}]},{"@type":"WebPage","@id":"https:\/\/www.lift-mtb.com\/de\/wie-waehle-ich-den-richtigen-akku-fuer-mein-elektrofahrrad\/","url":"https:\/\/www.lift-mtb.com\/de\/wie-waehle-ich-den-richtigen-akku-fuer-mein-elektrofahrrad\/","name":"Die richtige Wahl des E-Bike-Akkus? Autonomie & Kapazit\u00e4t.","isPartOf":{"@id":"https:\/\/www.lift-mtb.com\/de\/#website"},"primaryImageOfPage":{"@id":"https:\/\/www.lift-mtb.com\/de\/wie-waehle-ich-den-richtigen-akku-fuer-mein-elektrofahrrad\/#primaryimage"},"image":{"@id":"https:\/\/www.lift-mtb.com\/de\/wie-waehle-ich-den-richtigen-akku-fuer-mein-elektrofahrrad\/#primaryimage"},"thumbnailUrl":"https:\/\/www.lift-mtb.com\/wp-content\/uploads\/2017\/12\/battery-14ah-17ah-2021-scaled.jpg","datePublished":"2022-07-05T13:31:29+00:00","dateModified":"2023-01-22T18:15:21+00:00","description":"Die Kapazit\u00e4t eines E-Bike-Akkus ausw\u00e4hlen? Zusammensetzung einer LITHUIM-Batterie, Laufzeit, Anzahl der Amperestunden & Wattstunden.","breadcrumb":{"@id":"https:\/\/www.lift-mtb.com\/de\/wie-waehle-ich-den-richtigen-akku-fuer-mein-elektrofahrrad\/#breadcrumb"},"inLanguage":"de","potentialAction":[{"@type":"ReadAction","target":["https:\/\/www.lift-mtb.com\/de\/wie-waehle-ich-den-richtigen-akku-fuer-mein-elektrofahrrad\/"]}]},{"@type":"ImageObject","inLanguage":"de","@id":"https:\/\/www.lift-mtb.com\/de\/wie-waehle-ich-den-richtigen-akku-fuer-mein-elektrofahrrad\/#primaryimage","url":"https:\/\/www.lift-mtb.com\/wp-content\/uploads\/2017\/12\/battery-14ah-17ah-2021-scaled.jpg","contentUrl":"https:\/\/www.lift-mtb.com\/wp-content\/uploads\/2017\/12\/battery-14ah-17ah-2021-scaled.jpg","width":4427,"height":2932,"caption":"comparaison battery 14ah-17ah 2021"},{"@type":"BreadcrumbList","@id":"https:\/\/www.lift-mtb.com\/de\/wie-waehle-ich-den-richtigen-akku-fuer-mein-elektrofahrrad\/#breadcrumb","itemListElement":[{"@type":"ListItem","position":1,"name":"Accueil","item":"https:\/\/www.lift-mtb.com\/de\/"},{"@type":"ListItem","position":2,"name":"H\u00e4ufig gestellte Fragen","item":"https:\/\/www.lift-mtb.com\/de\/kategorie\/haeufig-gestellte-fragen\/"},{"@type":"ListItem","position":3,"name":"Wie w\u00e4hle ich den richtigen Akku f\u00fcr mein Elektrofahrrad?"}]},{"@type":"WebSite","@id":"https:\/\/www.lift-mtb.com\/de\/#website","url":"https:\/\/www.lift-mtb.com\/de\/","name":"LIFT-MTB","description":"Transformer son v\u00e9lo en \u00e9lectrique rapidement !","publisher":{"@id":"https:\/\/www.lift-mtb.com\/de\/#organization"},"potentialAction":[{"@type":"SearchAction","target":{"@type":"EntryPoint","urlTemplate":"https:\/\/www.lift-mtb.com\/de\/?s={search_term_string}"},"query-input":{"@type":"PropertyValueSpecification","valueRequired":true,"valueName":"search_term_string"}}],"inLanguage":"de"},{"@type":"Organization","@id":"https:\/\/www.lift-mtb.com\/de\/#organization","name":"LIFT-MTB","url":"https:\/\/www.lift-mtb.com\/de\/","logo":{"@type":"ImageObject","inLanguage":"de","@id":"https:\/\/www.lift-mtb.com\/de\/#\/schema\/logo\/image\/","url":"https:\/\/www.lift-mtb.com\/wp-content\/uploads\/2022\/01\/electric-kit-for-bike-1.jpg","contentUrl":"https:\/\/www.lift-mtb.com\/wp-content\/uploads\/2022\/01\/electric-kit-for-bike-1.jpg","width":1223,"height":560,"caption":"LIFT-MTB"},"image":{"@id":"https:\/\/www.lift-mtb.com\/de\/#\/schema\/logo\/image\/"}},{"@type":"Person","@id":"https:\/\/www.lift-mtb.com\/de\/#\/schema\/person\/8bd366e8eb44e9b934208ed106f84b14","name":"dhenri","image":{"@type":"ImageObject","inLanguage":"de","@id":"https:\/\/www.lift-mtb.com\/de\/#\/schema\/person\/image\/","url":"https:\/\/secure.gravatar.com\/avatar\/f1c37fd2b696c08b3fa38a35d57f31a6ac4def018a90fa66bee289758debac3c?s=96&d=mm&r=g","contentUrl":"https:\/\/secure.gravatar.com\/avatar\/f1c37fd2b696c08b3fa38a35d57f31a6ac4def018a90fa66bee289758debac3c?s=96&d=mm&r=g","caption":"dhenri"},"url":"https:\/\/www.lift-mtb.com"}]}},"_links":{"self":[{"href":"https:\/\/www.lift-mtb.com\/de\/wp-json\/wp\/v2\/posts\/36538","targetHints":{"allow":["GET"]}}],"collection":[{"href":"https:\/\/www.lift-mtb.com\/de\/wp-json\/wp\/v2\/posts"}],"about":[{"href":"https:\/\/www.lift-mtb.com\/de\/wp-json\/wp\/v2\/types\/post"}],"author":[{"embeddable":true,"href":"https:\/\/www.lift-mtb.com\/de\/wp-json\/wp\/v2\/users\/1"}],"replies":[{"embeddable":true,"href":"https:\/\/www.lift-mtb.com\/de\/wp-json\/wp\/v2\/comments?post=36538"}],"version-history":[{"count":6,"href":"https:\/\/www.lift-mtb.com\/de\/wp-json\/wp\/v2\/posts\/36538\/revisions"}],"predecessor-version":[{"id":44486,"href":"https:\/\/www.lift-mtb.com\/de\/wp-json\/wp\/v2\/posts\/36538\/revisions\/44486"}],"wp:featuredmedia":[{"embeddable":true,"href":"https:\/\/www.lift-mtb.com\/de\/wp-json\/wp\/v2\/media\/4767"}],"wp:attachment":[{"href":"https:\/\/www.lift-mtb.com\/de\/wp-json\/wp\/v2\/media?parent=36538"}],"wp:term":[{"taxonomy":"category","embeddable":true,"href":"https:\/\/www.lift-mtb.com\/de\/wp-json\/wp\/v2\/categories?post=36538"},{"taxonomy":"post_tag","embeddable":true,"href":"https:\/\/www.lift-mtb.com\/de\/wp-json\/wp\/v2\/tags?post=36538"}],"curies":[{"name":"wp","href":"https:\/\/api.w.org\/{rel}","templated":true}]}}