{"id":36824,"date":"2022-06-25T19:38:06","date_gmt":"2022-06-25T17:38:06","guid":{"rendered":"https:\/presse-kundenbewertungen\/"},"modified":"2023-01-22T19:38:20","modified_gmt":"2023-01-22T18:38:20","slug":"presse-kundenbewertungen","status":"publish","type":"post","link":"https:\/\/www.lift-mtb.com\/de\/presse-kundenbewertungen\/","title":{"rendered":"Presse- &amp; Kundenbewertungen"},"content":{"rendered":"<div class=\"fusion-fullwidth fullwidth-box fusion-builder-row-1 fusion-flex-container nonhundred-percent-fullwidth non-hundred-percent-height-scrolling\" style=\"--awb-border-radius-top-left:0px;--awb-border-radius-top-right:0px;--awb-border-radius-bottom-right:0px;--awb-border-radius-bottom-left:0px;--awb-flex-wrap:wrap;\" ><div class=\"fusion-builder-row fusion-row fusion-flex-align-items-flex-start fusion-flex-content-wrap\" style=\"max-width:1430px;margin-left: calc(-4% \/ 2 );margin-right: calc(-4% \/ 2 );\"><div class=\"fusion-layout-column fusion_builder_column fusion-builder-column-0 fusion_builder_column_1_1 1_1 fusion-flex-column\" style=\"--awb-bg-size:cover;--awb-width-large:100%;--awb-margin-top-large:0px;--awb-spacing-right-large:1.92%;--awb-margin-bottom-large:20px;--awb-spacing-left-large:1.92%;--awb-width-medium:100%;--awb-order-medium:0;--awb-spacing-right-medium:1.92%;--awb-spacing-left-medium:1.92%;--awb-width-small:100%;--awb-order-small:0;--awb-spacing-right-small:1.92%;--awb-spacing-left-small:1.92%;\"><div class=\"fusion-column-wrapper fusion-column-has-shadow fusion-flex-justify-content-flex-start fusion-content-layout-column\"><progress class=\"fusion-scroll-progress fusion-scroll-progress-1 fusion-fixed-top\" max=\"100\" style=\"--awb-height:10px;--awb-border-size:0px;--awb-background-color:#f2f3f5;--awb-progress-color:var(--awb-color7);--awb-border-color:#ffffff;\"><\/progress><div class=\"fusion-text fusion-text-1\"><h2 style=\"text-align: center;\"><a href=\"https:\/\/www.youtube.com\/@LIFTMTBTV\">Meinungen<\/a> \u00fcber das anpassbare Tretlagermotor-Kit f\u00fcr Mountainbikes<\/h2>\n<\/div><div class=\"fusion-separator fusion-full-width-sep\" style=\"align-self: center;margin-left: auto;margin-right: auto;margin-bottom:20px;width:100%;\"><div class=\"fusion-separator-border sep-single sep-solid\" style=\"--awb-height:20px;--awb-amount:20px;border-color:#e0dede;border-top-width:1px;\"><\/div><\/div><div class=\"fusion-text fusion-text-2\" style=\"--awb-font-size:var(--awb-typography3-font-size);\"><p>Im Folgenden finden Sie verschiedene Debatten &amp; Meinungen aus mehreren Foren, Tests &amp; Meinungen aus einem E-Bike-Pressemagazin und Erfahrungsberichte von mehreren Nutzern.<\/p>\n<\/div><div class=\"fusion-blog-shortcode fusion-blog-shortcode-1 fusion-blog-archive fusion-blog-layout-grid-wrapper fusion-blog-pagination fusion-blog-layout-center\"><style type=\"text\/css\">.fusion-blog-shortcode-1 .fusion-blog-layout-grid .fusion-post-grid{padding:20px;}.fusion-blog-shortcode-1 .fusion-posts-container{margin-left: -20px !important; margin-right:-20px !important;}<\/style><div class=\"fusion-posts-container fusion-posts-container-pagination fusion-no-meta-info fusion-blog-rollover fusion-blog-layout-grid fusion-blog-layout-grid-3 isotope fusion-blog-equal-heights\" data-pages=\"1\" data-grid-col-space=\"40\" style=\"margin: -20px -20px 0;min-height:500px;\"><article id=\"blog-1-post-38972\" class=\"fusion-post-grid post-38972 post type-post status-publish format-standard has-post-thumbnail hentry category-presse-kundenmeinungen\">\n<div class=\"fusion-post-wrapper\" style=\"background-color:rgba(255,255,255,1);border:1px solid #ebeaea;border-bottom-width:3px;\">\n\n\t\t\t<div class=\"fusion-flexslider flexslider fusion-flexslider-loading fusion-post-slideshow\" style=\"border-color:#ebeaea;\">\n\t\t<ul class=\"slides\">\n\t\t\t\n\t\t\t\t\t\t\t\t\t\t\t\t\t\t<li><div  class=\"fusion-image-wrapper\" aria-haspopup=\"true\">\n\t\t\t\t<img decoding=\"async\" width=\"2560\" height=\"1696\" src=\"https:\/\/www.lift-mtb.com\/wp-content\/uploads\/2022\/06\/kit-electrique-vtt-enduro-2-scaled.jpg\" class=\"attachment-full size-full wp-post-image\" alt=\"DIY motor bike kit\" srcset=\"https:\/\/www.lift-mtb.com\/wp-content\/uploads\/2022\/06\/kit-electrique-vtt-enduro-2-200x132.jpg 200w, https:\/\/www.lift-mtb.com\/wp-content\/uploads\/2022\/06\/kit-electrique-vtt-enduro-2-400x265.jpg 400w, https:\/\/www.lift-mtb.com\/wp-content\/uploads\/2022\/06\/kit-electrique-vtt-enduro-2-600x397.jpg 600w, https:\/\/www.lift-mtb.com\/wp-content\/uploads\/2022\/06\/kit-electrique-vtt-enduro-2-800x530.jpg 800w, https:\/\/www.lift-mtb.com\/wp-content\/uploads\/2022\/06\/kit-electrique-vtt-enduro-2-1200x795.jpg 1200w, https:\/\/www.lift-mtb.com\/wp-content\/uploads\/2022\/06\/kit-electrique-vtt-enduro-2-scaled.jpg 2560w\" sizes=\"(min-width: 2200px) 100vw, (min-width: 824px) 432px, (min-width: 732px) 648px, (min-width: 640px) 732px, \" \/><div class=\"fusion-rollover\">\n\t<div class=\"fusion-rollover-content\">\n\n\t\t\t\t\n\t\t\n\t\t\t\t\t\t\t\t\t\t\t\t<h4 class=\"fusion-rollover-title\">\n\t\t\t\t\t<a class=\"fusion-rollover-title-link\" href=\"https:\/\/www.lift-mtb.com\/de\/kundenmeinungen\/\">\n\t\t\t\t\t\tKundenmeinungen\t\t\t\t\t<\/a>\n\t\t\t\t<\/h4>\n\t\t\t\n\t\t\t\t\t\t\t\t\n\t\t\n\t\t\t\t\t\t<a class=\"fusion-link-wrapper\" href=\"https:\/\/www.lift-mtb.com\/de\/kundenmeinungen\/\" aria-label=\"Kundenmeinungen\"><\/a>\n\t<\/div>\n<\/div>\n<\/div>\n<\/li>\n\t\t\t\n\t\t\t\n\t\t\t\t\t\t\t\t\t\t\t\t\t\t\t\t\t\t\t\t\t\t\t\t\t\t\t\t\t\t\t\t\t\t\t\t\t\t\t\t\t\t\t\t\t\t\t\t\t\t\t\t\t\t\t\t\t\t\t\t\t\t\t\t\t\t\t\t<\/ul>\n\t<\/div>\n\t<div class=\"fusion-post-content-wrapper\" style=\"padding:30px 25px 20px 25px;\"><div class=\"fusion-post-content post-content\"><h2 class=\"blog-shortcode-post-title entry-title\"><a href=\"https:\/\/www.lift-mtb.com\/de\/kundenmeinungen\/\">Kundenmeinungen<\/a><\/h2><\/div><\/div><div class=\"fusion-clearfix\"><\/div><\/div>\n<\/article>\n<article id=\"blog-1-post-38941\" class=\"fusion-post-grid post-38941 post type-post status-publish format-standard has-post-thumbnail hentry category-presse-kundenmeinungen\">\n<div class=\"fusion-post-wrapper\" style=\"background-color:rgba(255,255,255,1);border:1px solid #ebeaea;border-bottom-width:3px;\">\n\n\t\t\t<div class=\"fusion-flexslider flexslider fusion-flexslider-loading fusion-post-slideshow\" style=\"border-color:#ebeaea;\">\n\t\t<ul class=\"slides\">\n\t\t\t\n\t\t\t\t\t\t\t\t\t\t\t\t\t\t<li><div  class=\"fusion-image-wrapper\" aria-haspopup=\"true\">\n\t\t\t\t<img decoding=\"async\" width=\"500\" height=\"500\" src=\"https:\/\/www.lift-mtb.com\/wp-content\/uploads\/2022\/07\/130-1.png\" class=\"attachment-full size-full wp-post-image\" alt=\"avis presse lift\" srcset=\"https:\/\/www.lift-mtb.com\/wp-content\/uploads\/2022\/07\/130-1-200x200.png 200w, https:\/\/www.lift-mtb.com\/wp-content\/uploads\/2022\/07\/130-1-400x400.png 400w, https:\/\/www.lift-mtb.com\/wp-content\/uploads\/2022\/07\/130-1.png 500w\" sizes=\"(min-width: 2200px) 100vw, (min-width: 824px) 432px, (min-width: 732px) 648px, (min-width: 640px) 732px, \" \/><div class=\"fusion-rollover\">\n\t<div class=\"fusion-rollover-content\">\n\n\t\t\t\t\n\t\t\n\t\t\t\t\t\t\t\t\t\t\t\t<h4 class=\"fusion-rollover-title\">\n\t\t\t\t\t<a class=\"fusion-rollover-title-link\" href=\"https:\/\/www.lift-mtb.com\/de\/presse\/\">\n\t\t\t\t\t\tPresse\t\t\t\t\t<\/a>\n\t\t\t\t<\/h4>\n\t\t\t\n\t\t\t\t\t\t\t\t\n\t\t\n\t\t\t\t\t\t<a class=\"fusion-link-wrapper\" href=\"https:\/\/www.lift-mtb.com\/de\/presse\/\" aria-label=\"Presse\"><\/a>\n\t<\/div>\n<\/div>\n<\/div>\n<\/li>\n\t\t\t\n\t\t\t\n\t\t\t\t\t\t\t\t\t\t\t\t\t\t\t\t\t\t\t\t\t\t\t\t\t\t\t\t\t\t\t\t\t\t\t\t\t\t\t\t\t\t\t\t\t\t\t\t\t\t\t\t\t\t\t\t\t\t\t\t\t\t\t\t\t\t\t\t<\/ul>\n\t<\/div>\n\t<div class=\"fusion-post-content-wrapper\" style=\"padding:30px 25px 20px 25px;\"><div class=\"fusion-post-content post-content\"><h2 class=\"blog-shortcode-post-title entry-title\"><a href=\"https:\/\/www.lift-mtb.com\/de\/presse\/\">Presse<\/a><\/h2><\/div><\/div><div class=\"fusion-clearfix\"><\/div><\/div>\n<\/article>\n<article id=\"blog-1-post-38916\" class=\"fusion-post-grid post-38916 post type-post status-publish format-standard has-post-thumbnail hentry category-presse-kundenmeinungen tag-forum-de\">\n<div class=\"fusion-post-wrapper\" style=\"background-color:rgba(255,255,255,1);border:1px solid #ebeaea;border-bottom-width:3px;\">\n\n\t\t\t<div class=\"fusion-flexslider flexslider fusion-flexslider-loading fusion-post-slideshow\" style=\"border-color:#ebeaea;\">\n\t\t<ul class=\"slides\">\n\t\t\t\n\t\t\t\t\t\t\t\t\t\t\t\t\t\t<li><div  class=\"fusion-image-wrapper\" aria-haspopup=\"true\">\n\t\t\t\t<img decoding=\"async\" width=\"500\" height=\"500\" src=\"https:\/\/www.lift-mtb.com\/wp-content\/uploads\/2022\/07\/sans-titre-11.png\" class=\"attachment-full size-full wp-post-image\" alt=\"Forum Motor zur elektrischen UmwandlungLIFT-MTB\" srcset=\"https:\/\/www.lift-mtb.com\/wp-content\/uploads\/2022\/07\/sans-titre-11-200x200.png 200w, https:\/\/www.lift-mtb.com\/wp-content\/uploads\/2022\/07\/sans-titre-11-400x400.png 400w, https:\/\/www.lift-mtb.com\/wp-content\/uploads\/2022\/07\/sans-titre-11.png 500w\" sizes=\"(min-width: 2200px) 100vw, (min-width: 824px) 432px, (min-width: 732px) 648px, (min-width: 640px) 732px, \" \/><div class=\"fusion-rollover\">\n\t<div class=\"fusion-rollover-content\">\n\n\t\t\t\t\n\t\t\n\t\t\t\t\t\t\t\t\t\t\t\t<h4 class=\"fusion-rollover-title\">\n\t\t\t\t\t<a class=\"fusion-rollover-title-link\" href=\"https:\/\/www.lift-mtb.com\/de\/forum\/\">\n\t\t\t\t\t\tForum\t\t\t\t\t<\/a>\n\t\t\t\t<\/h4>\n\t\t\t\n\t\t\t\t\t\t\t\t\n\t\t\n\t\t\t\t\t\t<a class=\"fusion-link-wrapper\" href=\"https:\/\/www.lift-mtb.com\/de\/forum\/\" aria-label=\"Forum\"><\/a>\n\t<\/div>\n<\/div>\n<\/div>\n<\/li>\n\t\t\t\n\t\t\t\n\t\t\t\t\t\t\t\t\t\t\t\t\t\t\t\t\t\t\t\t\t\t\t\t\t\t\t\t\t\t\t\t\t\t\t\t\t\t\t\t\t\t\t\t\t\t\t\t\t\t\t\t\t\t\t\t\t\t\t\t\t\t\t\t\t\t\t\t<\/ul>\n\t<\/div>\n\t<div class=\"fusion-post-content-wrapper\" style=\"padding:30px 25px 20px 25px;\"><div class=\"fusion-post-content post-content\"><h2 class=\"blog-shortcode-post-title entry-title\"><a href=\"https:\/\/www.lift-mtb.com\/de\/forum\/\">Forum<\/a><\/h2><\/div><\/div><div class=\"fusion-clearfix\"><\/div><\/div>\n<\/article>\n<div class=\"fusion-clearfix\"><\/div><\/div><\/div><\/div><\/div><\/div><\/div>\n","protected":false},"excerpt":{"rendered":"","protected":false},"author":3,"featured_media":26664,"comment_status":"open","ping_status":"open","sticky":false,"template":"","format":"standard","meta":{"footnotes":""},"categories":[903],"tags":[],"class_list":["post-36824","post","type-post","status-publish","format-standard","has-post-thumbnail","hentry","category-haeufig-gestellte-fragen"],"yoast_head":"<!-- This site is optimized with the Yoast SEO plugin v26.9 - https:\/\/yoast.com\/product\/yoast-seo-wordpress\/ -->\n<title>Meinungen \u00fcber das Kit elektrischer Tretlagermotor f\u00fcr Mountain bikes (MTB) - Presse &amp; Benutzer.<\/title>\n<meta name=\"description\" content=\"Testbericht \u00fcber das Tretlagermotor-Kit f\u00fcr Mountainbikes - Testberichte, Benutzerbewertungen und Foreneintr\u00e4ge. Zyklische Unterst\u00fctzung, Bafang und LIFT-MTB.\" \/>\n<meta name=\"robots\" content=\"index, follow, max-snippet:-1, max-image-preview:large, max-video-preview:-1\" \/>\n<link rel=\"canonical\" href=\"https:\/\/www.lift-mtb.com\/de\/presse-kundenbewertungen\/\" \/>\n<meta property=\"og:locale\" content=\"de_DE\" \/>\n<meta property=\"og:type\" content=\"article\" \/>\n<meta property=\"og:title\" content=\"Meinungen \u00fcber das Kit elektrischer Tretlagermotor f\u00fcr Mountain bikes (MTB) - Presse &amp; Benutzer.\" \/>\n<meta property=\"og:description\" content=\"Testbericht \u00fcber das Tretlagermotor-Kit f\u00fcr Mountainbikes - Testberichte, Benutzerbewertungen und Foreneintr\u00e4ge. Zyklische Unterst\u00fctzung, Bafang und LIFT-MTB.\" \/>\n<meta property=\"og:url\" content=\"https:\/\/www.lift-mtb.com\/de\/presse-kundenbewertungen\/\" \/>\n<meta property=\"og:site_name\" content=\"LIFT-MTB\" \/>\n<meta property=\"article:published_time\" content=\"2022-06-25T17:38:06+00:00\" \/>\n<meta property=\"article:modified_time\" content=\"2023-01-22T18:38:20+00:00\" \/>\n<meta property=\"og:image\" content=\"https:\/\/www.lift-mtb.com\/wp-content\/uploads\/2022\/07\/lift-mtb-e-bike-1-sur-1-scaled.jpg\" \/>\n\t<meta property=\"og:image:width\" content=\"2200\" \/>\n\t<meta property=\"og:image:height\" content=\"1457\" \/>\n\t<meta property=\"og:image:type\" content=\"image\/jpeg\" \/>\n<meta name=\"author\" content=\"Robin -\" \/>\n<meta name=\"twitter:card\" content=\"summary_large_image\" \/>\n<meta name=\"twitter:label1\" content=\"Verfasst von\" \/>\n\t<meta name=\"twitter:data1\" content=\"Robin -\" \/>\n\t<meta name=\"twitter:label2\" content=\"Gesch\u00e4tzte Lesezeit\" \/>\n\t<meta name=\"twitter:data2\" content=\"3\u00a0Minuten\" \/>\n<script type=\"application\/ld+json\" class=\"yoast-schema-graph\">{\"@context\":\"https:\/\/schema.org\",\"@graph\":[{\"@type\":\"Article\",\"@id\":\"https:\/\/www.lift-mtb.com\/de\/presse-kundenbewertungen\/#article\",\"isPartOf\":{\"@id\":\"https:\/\/www.lift-mtb.com\/de\/presse-kundenbewertungen\/\"},\"author\":{\"name\":\"Robin -\",\"@id\":\"https:\/\/www.lift-mtb.com\/de\/#\/schema\/person\/fa547f8da54a4bb4059e88ea494d5e8d\"},\"headline\":\"Presse- &amp; Kundenbewertungen\",\"datePublished\":\"2022-06-25T17:38:06+00:00\",\"dateModified\":\"2023-01-22T18:38:20+00:00\",\"mainEntityOfPage\":{\"@id\":\"https:\/\/www.lift-mtb.com\/de\/presse-kundenbewertungen\/\"},\"wordCount\":692,\"commentCount\":0,\"publisher\":{\"@id\":\"https:\/\/www.lift-mtb.com\/de\/#organization\"},\"image\":{\"@id\":\"https:\/\/www.lift-mtb.com\/de\/presse-kundenbewertungen\/#primaryimage\"},\"thumbnailUrl\":\"https:\/\/www.lift-mtb.com\/wp-content\/uploads\/2022\/07\/lift-mtb-e-bike-1-sur-1-scaled.jpg\",\"articleSection\":[\"H\u00e4ufig gestellte Fragen\"],\"inLanguage\":\"de\",\"potentialAction\":[{\"@type\":\"CommentAction\",\"name\":\"Comment\",\"target\":[\"https:\/\/www.lift-mtb.com\/de\/presse-kundenbewertungen\/#respond\"]}]},{\"@type\":\"WebPage\",\"@id\":\"https:\/\/www.lift-mtb.com\/de\/presse-kundenbewertungen\/\",\"url\":\"https:\/\/www.lift-mtb.com\/de\/presse-kundenbewertungen\/\",\"name\":\"Meinungen \u00fcber das Kit elektrischer Tretlagermotor f\u00fcr Mountain bikes (MTB) - Presse & Benutzer.\",\"isPartOf\":{\"@id\":\"https:\/\/www.lift-mtb.com\/de\/#website\"},\"primaryImageOfPage\":{\"@id\":\"https:\/\/www.lift-mtb.com\/de\/presse-kundenbewertungen\/#primaryimage\"},\"image\":{\"@id\":\"https:\/\/www.lift-mtb.com\/de\/presse-kundenbewertungen\/#primaryimage\"},\"thumbnailUrl\":\"https:\/\/www.lift-mtb.com\/wp-content\/uploads\/2022\/07\/lift-mtb-e-bike-1-sur-1-scaled.jpg\",\"datePublished\":\"2022-06-25T17:38:06+00:00\",\"dateModified\":\"2023-01-22T18:38:20+00:00\",\"description\":\"Testbericht \u00fcber das Tretlagermotor-Kit f\u00fcr Mountainbikes - Testberichte, Benutzerbewertungen und Foreneintr\u00e4ge. Zyklische Unterst\u00fctzung, Bafang und LIFT-MTB.\",\"breadcrumb\":{\"@id\":\"https:\/\/www.lift-mtb.com\/de\/presse-kundenbewertungen\/#breadcrumb\"},\"inLanguage\":\"de\",\"potentialAction\":[{\"@type\":\"ReadAction\",\"target\":[\"https:\/\/www.lift-mtb.com\/de\/presse-kundenbewertungen\/\"]}]},{\"@type\":\"ImageObject\",\"inLanguage\":\"de\",\"@id\":\"https:\/\/www.lift-mtb.com\/de\/presse-kundenbewertungen\/#primaryimage\",\"url\":\"https:\/\/www.lift-mtb.com\/wp-content\/uploads\/2022\/07\/lift-mtb-e-bike-1-sur-1-scaled.jpg\",\"contentUrl\":\"https:\/\/www.lift-mtb.com\/wp-content\/uploads\/2022\/07\/lift-mtb-e-bike-1-sur-1-scaled.jpg\",\"width\":2200,\"height\":1457,\"caption\":\"action lift\"},{\"@type\":\"BreadcrumbList\",\"@id\":\"https:\/\/www.lift-mtb.com\/de\/presse-kundenbewertungen\/#breadcrumb\",\"itemListElement\":[{\"@type\":\"ListItem\",\"position\":1,\"name\":\"Accueil\",\"item\":\"https:\/\/www.lift-mtb.com\/de\/\"},{\"@type\":\"ListItem\",\"position\":2,\"name\":\"Unkategorisiert\",\"item\":\"https:\/\/www.lift-mtb.com\/de\/kategorie\/unkategorisiert\/\"},{\"@type\":\"ListItem\",\"position\":3,\"name\":\"Presse- &amp; Kundenbewertungen\"}]},{\"@type\":\"WebSite\",\"@id\":\"https:\/\/www.lift-mtb.com\/de\/#website\",\"url\":\"https:\/\/www.lift-mtb.com\/de\/\",\"name\":\"LIFT-MTB\",\"description\":\"Transformer son v\u00e9lo en \u00e9lectrique rapidement !\",\"publisher\":{\"@id\":\"https:\/\/www.lift-mtb.com\/de\/#organization\"},\"potentialAction\":[{\"@type\":\"SearchAction\",\"target\":{\"@type\":\"EntryPoint\",\"urlTemplate\":\"https:\/\/www.lift-mtb.com\/de\/?s={search_term_string}\"},\"query-input\":{\"@type\":\"PropertyValueSpecification\",\"valueRequired\":true,\"valueName\":\"search_term_string\"}}],\"inLanguage\":\"de\"},{\"@type\":\"Organization\",\"@id\":\"https:\/\/www.lift-mtb.com\/de\/#organization\",\"name\":\"LIFT-MTB\",\"url\":\"https:\/\/www.lift-mtb.com\/de\/\",\"logo\":{\"@type\":\"ImageObject\",\"inLanguage\":\"de\",\"@id\":\"https:\/\/www.lift-mtb.com\/de\/#\/schema\/logo\/image\/\",\"url\":\"https:\/\/www.lift-mtb.com\/wp-content\/uploads\/2022\/01\/electric-kit-for-bike-1.jpg\",\"contentUrl\":\"https:\/\/www.lift-mtb.com\/wp-content\/uploads\/2022\/01\/electric-kit-for-bike-1.jpg\",\"width\":1223,\"height\":560,\"caption\":\"LIFT-MTB\"},\"image\":{\"@id\":\"https:\/\/www.lift-mtb.com\/de\/#\/schema\/logo\/image\/\"}},{\"@type\":\"Person\",\"@id\":\"https:\/\/www.lift-mtb.com\/de\/#\/schema\/person\/fa547f8da54a4bb4059e88ea494d5e8d\",\"name\":\"Robin -\",\"image\":{\"@type\":\"ImageObject\",\"inLanguage\":\"de\",\"@id\":\"https:\/\/www.lift-mtb.com\/de\/#\/schema\/person\/image\/\",\"url\":\"https:\/\/secure.gravatar.com\/avatar\/ad17ef1ae460efcfc5fd4d654f62ac183df0b61c43a75291f31e0e5f374eb791?s=96&d=mm&r=g\",\"contentUrl\":\"https:\/\/secure.gravatar.com\/avatar\/ad17ef1ae460efcfc5fd4d654f62ac183df0b61c43a75291f31e0e5f374eb791?s=96&d=mm&r=g\",\"caption\":\"Robin -\"},\"url\":\"https:\/\/www.lift-mtb.com\"}]}<\/script>\n<!-- \/ Yoast SEO plugin. -->","yoast_head_json":{"title":"Meinungen \u00fcber das Kit elektrischer Tretlagermotor f\u00fcr Mountain bikes (MTB) - Presse & Benutzer.","description":"Testbericht \u00fcber das Tretlagermotor-Kit f\u00fcr Mountainbikes - Testberichte, Benutzerbewertungen und Foreneintr\u00e4ge. Zyklische Unterst\u00fctzung, Bafang und LIFT-MTB.","robots":{"index":"index","follow":"follow","max-snippet":"max-snippet:-1","max-image-preview":"max-image-preview:large","max-video-preview":"max-video-preview:-1"},"canonical":"https:\/\/www.lift-mtb.com\/de\/presse-kundenbewertungen\/","og_locale":"de_DE","og_type":"article","og_title":"Meinungen \u00fcber das Kit elektrischer Tretlagermotor f\u00fcr Mountain bikes (MTB) - Presse & Benutzer.","og_description":"Testbericht \u00fcber das Tretlagermotor-Kit f\u00fcr Mountainbikes - Testberichte, Benutzerbewertungen und Foreneintr\u00e4ge. Zyklische Unterst\u00fctzung, Bafang und LIFT-MTB.","og_url":"https:\/\/www.lift-mtb.com\/de\/presse-kundenbewertungen\/","og_site_name":"LIFT-MTB","article_published_time":"2022-06-25T17:38:06+00:00","article_modified_time":"2023-01-22T18:38:20+00:00","og_image":[{"width":2200,"height":1457,"url":"https:\/\/www.lift-mtb.com\/wp-content\/uploads\/2022\/07\/lift-mtb-e-bike-1-sur-1-scaled.jpg","type":"image\/jpeg"}],"author":"Robin -","twitter_card":"summary_large_image","twitter_misc":{"Verfasst von":"Robin -","Gesch\u00e4tzte Lesezeit":"3\u00a0Minuten"},"schema":{"@context":"https:\/\/schema.org","@graph":[{"@type":"Article","@id":"https:\/\/www.lift-mtb.com\/de\/presse-kundenbewertungen\/#article","isPartOf":{"@id":"https:\/\/www.lift-mtb.com\/de\/presse-kundenbewertungen\/"},"author":{"name":"Robin -","@id":"https:\/\/www.lift-mtb.com\/de\/#\/schema\/person\/fa547f8da54a4bb4059e88ea494d5e8d"},"headline":"Presse- &amp; Kundenbewertungen","datePublished":"2022-06-25T17:38:06+00:00","dateModified":"2023-01-22T18:38:20+00:00","mainEntityOfPage":{"@id":"https:\/\/www.lift-mtb.com\/de\/presse-kundenbewertungen\/"},"wordCount":692,"commentCount":0,"publisher":{"@id":"https:\/\/www.lift-mtb.com\/de\/#organization"},"image":{"@id":"https:\/\/www.lift-mtb.com\/de\/presse-kundenbewertungen\/#primaryimage"},"thumbnailUrl":"https:\/\/www.lift-mtb.com\/wp-content\/uploads\/2022\/07\/lift-mtb-e-bike-1-sur-1-scaled.jpg","articleSection":["H\u00e4ufig gestellte Fragen"],"inLanguage":"de","potentialAction":[{"@type":"CommentAction","name":"Comment","target":["https:\/\/www.lift-mtb.com\/de\/presse-kundenbewertungen\/#respond"]}]},{"@type":"WebPage","@id":"https:\/\/www.lift-mtb.com\/de\/presse-kundenbewertungen\/","url":"https:\/\/www.lift-mtb.com\/de\/presse-kundenbewertungen\/","name":"Meinungen \u00fcber das Kit elektrischer Tretlagermotor f\u00fcr Mountain bikes (MTB) - Presse & Benutzer.","isPartOf":{"@id":"https:\/\/www.lift-mtb.com\/de\/#website"},"primaryImageOfPage":{"@id":"https:\/\/www.lift-mtb.com\/de\/presse-kundenbewertungen\/#primaryimage"},"image":{"@id":"https:\/\/www.lift-mtb.com\/de\/presse-kundenbewertungen\/#primaryimage"},"thumbnailUrl":"https:\/\/www.lift-mtb.com\/wp-content\/uploads\/2022\/07\/lift-mtb-e-bike-1-sur-1-scaled.jpg","datePublished":"2022-06-25T17:38:06+00:00","dateModified":"2023-01-22T18:38:20+00:00","description":"Testbericht \u00fcber das Tretlagermotor-Kit f\u00fcr Mountainbikes - Testberichte, Benutzerbewertungen und Foreneintr\u00e4ge. Zyklische Unterst\u00fctzung, Bafang und LIFT-MTB.","breadcrumb":{"@id":"https:\/\/www.lift-mtb.com\/de\/presse-kundenbewertungen\/#breadcrumb"},"inLanguage":"de","potentialAction":[{"@type":"ReadAction","target":["https:\/\/www.lift-mtb.com\/de\/presse-kundenbewertungen\/"]}]},{"@type":"ImageObject","inLanguage":"de","@id":"https:\/\/www.lift-mtb.com\/de\/presse-kundenbewertungen\/#primaryimage","url":"https:\/\/www.lift-mtb.com\/wp-content\/uploads\/2022\/07\/lift-mtb-e-bike-1-sur-1-scaled.jpg","contentUrl":"https:\/\/www.lift-mtb.com\/wp-content\/uploads\/2022\/07\/lift-mtb-e-bike-1-sur-1-scaled.jpg","width":2200,"height":1457,"caption":"action lift"},{"@type":"BreadcrumbList","@id":"https:\/\/www.lift-mtb.com\/de\/presse-kundenbewertungen\/#breadcrumb","itemListElement":[{"@type":"ListItem","position":1,"name":"Accueil","item":"https:\/\/www.lift-mtb.com\/de\/"},{"@type":"ListItem","position":2,"name":"Unkategorisiert","item":"https:\/\/www.lift-mtb.com\/de\/kategorie\/unkategorisiert\/"},{"@type":"ListItem","position":3,"name":"Presse- &amp; Kundenbewertungen"}]},{"@type":"WebSite","@id":"https:\/\/www.lift-mtb.com\/de\/#website","url":"https:\/\/www.lift-mtb.com\/de\/","name":"LIFT-MTB","description":"Transformer son v\u00e9lo en \u00e9lectrique rapidement !","publisher":{"@id":"https:\/\/www.lift-mtb.com\/de\/#organization"},"potentialAction":[{"@type":"SearchAction","target":{"@type":"EntryPoint","urlTemplate":"https:\/\/www.lift-mtb.com\/de\/?s={search_term_string}"},"query-input":{"@type":"PropertyValueSpecification","valueRequired":true,"valueName":"search_term_string"}}],"inLanguage":"de"},{"@type":"Organization","@id":"https:\/\/www.lift-mtb.com\/de\/#organization","name":"LIFT-MTB","url":"https:\/\/www.lift-mtb.com\/de\/","logo":{"@type":"ImageObject","inLanguage":"de","@id":"https:\/\/www.lift-mtb.com\/de\/#\/schema\/logo\/image\/","url":"https:\/\/www.lift-mtb.com\/wp-content\/uploads\/2022\/01\/electric-kit-for-bike-1.jpg","contentUrl":"https:\/\/www.lift-mtb.com\/wp-content\/uploads\/2022\/01\/electric-kit-for-bike-1.jpg","width":1223,"height":560,"caption":"LIFT-MTB"},"image":{"@id":"https:\/\/www.lift-mtb.com\/de\/#\/schema\/logo\/image\/"}},{"@type":"Person","@id":"https:\/\/www.lift-mtb.com\/de\/#\/schema\/person\/fa547f8da54a4bb4059e88ea494d5e8d","name":"Robin -","image":{"@type":"ImageObject","inLanguage":"de","@id":"https:\/\/www.lift-mtb.com\/de\/#\/schema\/person\/image\/","url":"https:\/\/secure.gravatar.com\/avatar\/ad17ef1ae460efcfc5fd4d654f62ac183df0b61c43a75291f31e0e5f374eb791?s=96&d=mm&r=g","contentUrl":"https:\/\/secure.gravatar.com\/avatar\/ad17ef1ae460efcfc5fd4d654f62ac183df0b61c43a75291f31e0e5f374eb791?s=96&d=mm&r=g","caption":"Robin -"},"url":"https:\/\/www.lift-mtb.com"}]}},"_links":{"self":[{"href":"https:\/\/www.lift-mtb.com\/de\/wp-json\/wp\/v2\/posts\/36824","targetHints":{"allow":["GET"]}}],"collection":[{"href":"https:\/\/www.lift-mtb.com\/de\/wp-json\/wp\/v2\/posts"}],"about":[{"href":"https:\/\/www.lift-mtb.com\/de\/wp-json\/wp\/v2\/types\/post"}],"author":[{"embeddable":true,"href":"https:\/\/www.lift-mtb.com\/de\/wp-json\/wp\/v2\/users\/3"}],"replies":[{"embeddable":true,"href":"https:\/\/www.lift-mtb.com\/de\/wp-json\/wp\/v2\/comments?post=36824"}],"version-history":[{"count":3,"href":"https:\/\/www.lift-mtb.com\/de\/wp-json\/wp\/v2\/posts\/36824\/revisions"}],"predecessor-version":[{"id":44660,"href":"https:\/\/www.lift-mtb.com\/de\/wp-json\/wp\/v2\/posts\/36824\/revisions\/44660"}],"wp:featuredmedia":[{"embeddable":true,"href":"https:\/\/www.lift-mtb.com\/de\/wp-json\/wp\/v2\/media\/26664"}],"wp:attachment":[{"href":"https:\/\/www.lift-mtb.com\/de\/wp-json\/wp\/v2\/media?parent=36824"}],"wp:term":[{"taxonomy":"category","embeddable":true,"href":"https:\/\/www.lift-mtb.com\/de\/wp-json\/wp\/v2\/categories?post=36824"},{"taxonomy":"post_tag","embeddable":true,"href":"https:\/\/www.lift-mtb.com\/de\/wp-json\/wp\/v2\/tags?post=36824"}],"curies":[{"name":"wp","href":"https:\/\/api.w.org\/{rel}","templated":true}]}}