{"id":36960,"date":"2022-04-07T17:29:51","date_gmt":"2022-04-07T15:29:51","guid":{"rendered":"https:\/licht-fuer-elektrofahrraeder\/"},"modified":"2023-01-22T19:59:12","modified_gmt":"2023-01-22T18:59:12","slug":"licht-fuer-elektrofahrraeder","status":"publish","type":"post","link":"https:\/\/www.lift-mtb.com\/de\/licht-fuer-elektrofahrraeder\/","title":{"rendered":"Leistungsstarkes LED-Licht f\u00fcr Elektrofahrr\u00e4der"},"content":{"rendered":"<p><div class=\"fusion-fullwidth fullwidth-box fusion-builder-row-1 fusion-flex-container nonhundred-percent-fullwidth non-hundred-percent-height-scrolling\" style=\"--awb-border-radius-top-left:0px;--awb-border-radius-top-right:0px;--awb-border-radius-bottom-right:0px;--awb-border-radius-bottom-left:0px;--awb-flex-wrap:wrap;\" ><div class=\"fusion-builder-row fusion-row fusion-flex-align-items-flex-start fusion-flex-content-wrap\" style=\"max-width:1430px;margin-left: calc(-4% \/ 2 );margin-right: calc(-4% \/ 2 );\"><div class=\"fusion-layout-column fusion_builder_column fusion-builder-column-0 fusion_builder_column_1_1 1_1 fusion-flex-column\" style=\"--awb-bg-size:cover;--awb-width-large:100%;--awb-margin-top-large:0px;--awb-spacing-right-large:1.92%;--awb-margin-bottom-large:20px;--awb-spacing-left-large:1.92%;--awb-width-medium:100%;--awb-order-medium:0;--awb-spacing-right-medium:1.92%;--awb-spacing-left-medium:1.92%;--awb-width-small:100%;--awb-order-small:0;--awb-spacing-right-small:1.92%;--awb-spacing-left-small:1.92%;\"><div class=\"fusion-column-wrapper fusion-column-has-shadow fusion-flex-justify-content-flex-start fusion-content-layout-column\"><div class=\"fusion-text fusion-text-1\"><h2 style=\"text-align: center;\">Lenkerlampe f\u00fcr Elektro-Mountainbikes<\/h2>\n<\/div><div class=\"fusion-separator fusion-full-width-sep\" style=\"align-self: center;margin-left: auto;margin-right: auto;width:100%;\"><div class=\"fusion-separator-border sep-single sep-solid\" style=\"--awb-height:20px;--awb-amount:20px;border-color:#e0dede;border-top-width:1px;\"><\/div><\/div><progress class=\"fusion-scroll-progress fusion-scroll-progress-1 fusion-fixed-top\" max=\"100\" style=\"--awb-height:10px;--awb-border-size:0px;--awb-background-color:#f2f3f5;--awb-progress-color:var(--awb-color7);--awb-border-color:#ffffff;\"><\/progress><\/div><\/div><\/div><\/div><div class=\"fusion-fullwidth fullwidth-box fusion-builder-row-2 fusion-flex-container nonhundred-percent-fullwidth non-hundred-percent-height-scrolling\" style=\"--awb-border-radius-top-left:0px;--awb-border-radius-top-right:0px;--awb-border-radius-bottom-right:0px;--awb-border-radius-bottom-left:0px;--awb-flex-wrap:wrap;\" ><div class=\"fusion-builder-row fusion-row fusion-flex-align-items-center fusion-flex-content-wrap\" style=\"max-width:1430px;margin-left: calc(-4% \/ 2 );margin-right: calc(-4% \/ 2 );\"><div class=\"fusion-layout-column fusion_builder_column fusion-builder-column-1 fusion_builder_column_2_3 2_3 fusion-flex-column\" style=\"--awb-bg-size:cover;--awb-width-large:66.666666666667%;--awb-margin-top-large:0px;--awb-spacing-right-large:2.88%;--awb-margin-bottom-large:20px;--awb-spacing-left-large:2.88%;--awb-width-medium:100%;--awb-order-medium:0;--awb-spacing-right-medium:1.92%;--awb-spacing-left-medium:1.92%;--awb-width-small:100%;--awb-order-small:0;--awb-spacing-right-small:1.92%;--awb-spacing-left-small:1.92%;\"><div class=\"fusion-column-wrapper fusion-column-has-shadow fusion-flex-justify-content-flex-start fusion-content-layout-column\"><div class=\"fusion-text fusion-text-2\" style=\"--awb-text-transform:none;\"><p>Mit dieser elektrischen Fahrradlampe, die von der Batterie des Kits gespeist wird, k\u00f6nnen Sie nachts fahren und sehen wie am Tag.<\/p>\n<p>Erm\u00f6glicht Nachtfahrten in den Monaten, in denen die Sonne fr\u00fch untergeht, und ist auch im Sommer sehr angenehm, wenn es zu hei\u00df ist, um tags\u00fcber zu fahren.<\/p>\n<\/div><\/div><\/div><div class=\"fusion-layout-column fusion_builder_column fusion-builder-column-2 fusion_builder_column_1_3 1_3 fusion-flex-column\" style=\"--awb-bg-size:cover;--awb-width-large:33.333333333333%;--awb-margin-top-large:0px;--awb-spacing-right-large:5.76%;--awb-margin-bottom-large:20px;--awb-spacing-left-large:5.76%;--awb-width-medium:100%;--awb-order-medium:0;--awb-spacing-right-medium:1.92%;--awb-spacing-left-medium:1.92%;--awb-width-small:100%;--awb-order-small:0;--awb-spacing-right-small:1.92%;--awb-spacing-left-small:1.92%;\"><div class=\"fusion-column-wrapper fusion-column-has-shadow fusion-flex-justify-content-flex-start fusion-content-layout-column\"><div class=\"fusion-image-element \" style=\"--awb-caption-title-font-family:var(--h2_typography-font-family);--awb-caption-title-font-weight:var(--h2_typography-font-weight);--awb-caption-title-font-style:var(--h2_typography-font-style);--awb-caption-title-size:var(--h2_typography-font-size);--awb-caption-title-transform:var(--h2_typography-text-transform);--awb-caption-title-line-height:var(--h2_typography-line-height);--awb-caption-title-letter-spacing:var(--h2_typography-letter-spacing);\"><span class=\" fusion-imageframe imageframe-none imageframe-1 hover-type-none\"><img decoding=\"async\" width=\"4703\" height=\"3115\" alt=\"Lampe f\u00fcr Elektro-Mountainbikes\" title=\"Lampe f\u00fcr Elektro-Mountainbikes\" src=\"http:\/\/lift-mtb.com\/wp-content\/uploads\/2022\/04\/lampe-pour-vtt-electrique-12-1-sur-1.jpg\" class=\"img-responsive wp-image-9404\"\/><\/span><\/div><\/div><\/div><\/div><\/div><div class=\"fusion-fullwidth fullwidth-box fusion-builder-row-3 fusion-flex-container nonhundred-percent-fullwidth non-hundred-percent-height-scrolling\" style=\"--awb-border-radius-top-left:0px;--awb-border-radius-top-right:0px;--awb-border-radius-bottom-right:0px;--awb-border-radius-bottom-left:0px;--awb-flex-wrap:wrap;\" ><div class=\"fusion-builder-row fusion-row fusion-flex-align-items-flex-start fusion-flex-content-wrap\" style=\"max-width:1430px;margin-left: calc(-4% \/ 2 );margin-right: calc(-4% \/ 2 );\"><div class=\"fusion-layout-column fusion_builder_column fusion-builder-column-3 fusion_builder_column_1_1 1_1 fusion-flex-column\" style=\"--awb-bg-size:cover;--awb-width-large:100%;--awb-margin-top-large:0px;--awb-spacing-right-large:1.92%;--awb-margin-bottom-large:20px;--awb-spacing-left-large:1.92%;--awb-width-medium:100%;--awb-order-medium:0;--awb-spacing-right-medium:1.92%;--awb-spacing-left-medium:1.92%;--awb-width-small:100%;--awb-order-small:0;--awb-spacing-right-small:1.92%;--awb-spacing-left-small:1.92%;\"><div class=\"fusion-column-wrapper fusion-column-has-shadow fusion-flex-justify-content-flex-start fusion-content-layout-column\"><div class=\"fusion-separator fusion-full-width-sep\" style=\"align-self: center;margin-left: auto;margin-right: auto;width:100%;\"><div class=\"fusion-separator-border sep-single sep-solid\" style=\"--awb-height:20px;--awb-amount:20px;border-color:#e0dede;border-top-width:1px;\"><\/div><\/div><\/div><\/div><\/div><\/div><div class=\"fusion-fullwidth fullwidth-box fusion-builder-row-4 fusion-flex-container nonhundred-percent-fullwidth non-hundred-percent-height-scrolling\" style=\"--awb-border-radius-top-left:0px;--awb-border-radius-top-right:0px;--awb-border-radius-bottom-right:0px;--awb-border-radius-bottom-left:0px;--awb-flex-wrap:wrap;\" ><div class=\"fusion-builder-row fusion-row fusion-flex-align-items-flex-start fusion-flex-content-wrap\" style=\"max-width:1430px;margin-left: calc(-4% \/ 2 );margin-right: calc(-4% \/ 2 );\"><div class=\"fusion-layout-column fusion_builder_column fusion-builder-column-4 fusion_builder_column_2_3 2_3 fusion-flex-column\" style=\"--awb-bg-size:cover;--awb-width-large:66.666666666667%;--awb-margin-top-large:0px;--awb-spacing-right-large:2.88%;--awb-margin-bottom-large:20px;--awb-spacing-left-large:2.88%;--awb-width-medium:100%;--awb-order-medium:0;--awb-spacing-right-medium:1.92%;--awb-spacing-left-medium:1.92%;--awb-width-small:100%;--awb-order-small:0;--awb-spacing-right-small:1.92%;--awb-spacing-left-small:1.92%;\"><div class=\"fusion-column-wrapper fusion-column-has-shadow fusion-flex-justify-content-flex-start fusion-content-layout-column\"><div class=\"fusion-text fusion-text-3\" style=\"--awb-text-transform:none;\"><p>Die Leuchtkraft einer Lampe wird in Lumen gemessen. Unsere Lampe hat zwei wei\u00dfe LED-Lampen (zur Sicherheit), die eine Leuchtkraft von ca. 6000 Lumen bei maximaler Leistung und einer Reichweite von ca. 40 Metern haben.<\/p>\n<p>Zum Vergleich: Ein Auto mit vollem Scheinwerferlicht hat 1200 Lumen und eine gew\u00f6hnliche Taschenlampe mit einer 4,5-V-Flachbatterie und einer 0,2-A-Gl\u00fchbirne gibt etwa 5 bis 8 Lumen ab.<\/p>\n<p>Die Lampe hat drei verschiedene St\u00e4rken, die durch einen einfachen Druck auf den Knopf auf der R\u00fcckseite ausgew\u00e4hlt werden k\u00f6nnen.<\/p>\n<ul>\n<li>Modus 1: 2000 Lumen \/ Verbrauch 0.10Ah<\/li>\n<li>Modus2: 4000 Lumen \/ Verbrauch 0.20Ah<\/li>\n<li>Modus3: 6000 Lumen \/ Verbrauch 0.30Ah<\/li>\n<\/ul>\n<p>Auf der R\u00fcckseite der Lampe sehen Sie, dass der Akkustand durch drei kleine Anzeigen angezeigt wird.<\/p>\n<ul>\n<li>3 runder gr\u00fcner Kreis volle Batterie<\/li>\n<li>2 rund gr\u00fcn Batterie 2\/3<\/li>\n<li>1 runde gr\u00fcne bleibt 1\/3<\/li>\n<\/ul>\n<\/div><\/div><\/div><div class=\"fusion-layout-column fusion_builder_column fusion-builder-column-5 fusion_builder_column_1_3 1_3 fusion-flex-column fusion-flex-align-self-center\" style=\"--awb-bg-size:cover;--awb-width-large:33.333333333333%;--awb-margin-top-large:0px;--awb-spacing-right-large:5.76%;--awb-margin-bottom-large:20px;--awb-spacing-left-large:5.76%;--awb-width-medium:100%;--awb-order-medium:0;--awb-spacing-right-medium:1.92%;--awb-spacing-left-medium:1.92%;--awb-width-small:100%;--awb-order-small:0;--awb-spacing-right-small:1.92%;--awb-spacing-left-small:1.92%;\"><div class=\"fusion-column-wrapper fusion-column-has-shadow fusion-flex-justify-content-flex-start fusion-content-layout-column\"><div class=\"fusion-image-element \" style=\"--awb-caption-title-font-family:var(--h2_typography-font-family);--awb-caption-title-font-weight:var(--h2_typography-font-weight);--awb-caption-title-font-style:var(--h2_typography-font-style);--awb-caption-title-size:var(--h2_typography-font-size);--awb-caption-title-transform:var(--h2_typography-text-transform);--awb-caption-title-line-height:var(--h2_typography-line-height);--awb-caption-title-letter-spacing:var(--h2_typography-letter-spacing);\"><span class=\" fusion-imageframe imageframe-none imageframe-2 hover-type-none\"><img decoding=\"async\" width=\"2560\" height=\"1696\" alt=\"lampe LED VTT Lift\" title=\"sprung elektrofahrrad bei nacht\" src=\"http:\/\/lift-mtb.com\/wp-content\/uploads\/2022\/04\/saut-velo-electrique-de-nuit-scaled.jpg\" class=\"img-responsive wp-image-35388\" srcset=\"https:\/\/www.lift-mtb.com\/wp-content\/uploads\/2022\/04\/saut-velo-electrique-de-nuit-200x132.jpg 200w, https:\/\/www.lift-mtb.com\/wp-content\/uploads\/2022\/04\/saut-velo-electrique-de-nuit-400x265.jpg 400w, https:\/\/www.lift-mtb.com\/wp-content\/uploads\/2022\/04\/saut-velo-electrique-de-nuit-600x397.jpg 600w, https:\/\/www.lift-mtb.com\/wp-content\/uploads\/2022\/04\/saut-velo-electrique-de-nuit-800x530.jpg 800w, https:\/\/www.lift-mtb.com\/wp-content\/uploads\/2022\/04\/saut-velo-electrique-de-nuit-1200x795.jpg 1200w, https:\/\/www.lift-mtb.com\/wp-content\/uploads\/2022\/04\/saut-velo-electrique-de-nuit-scaled.jpg 2560w\" sizes=\"(max-width: 1024px) 100vw, (max-width: 640px) 100vw, 600px\" \/><\/span><\/div><\/div><\/div><\/div><\/div><div class=\"fusion-fullwidth fullwidth-box fusion-builder-row-5 fusion-flex-container nonhundred-percent-fullwidth non-hundred-percent-height-scrolling\" style=\"--awb-border-radius-top-left:0px;--awb-border-radius-top-right:0px;--awb-border-radius-bottom-right:0px;--awb-border-radius-bottom-left:0px;--awb-flex-wrap:wrap;\" ><div class=\"fusion-builder-row fusion-row fusion-flex-align-items-flex-start fusion-flex-content-wrap\" style=\"max-width:1430px;margin-left: calc(-4% \/ 2 );margin-right: calc(-4% \/ 2 );\"><div class=\"fusion-layout-column fusion_builder_column fusion-builder-column-6 fusion_builder_column_1_1 1_1 fusion-flex-column\" style=\"--awb-bg-size:cover;--awb-width-large:100%;--awb-margin-top-large:0px;--awb-spacing-right-large:1.92%;--awb-margin-bottom-large:20px;--awb-spacing-left-large:1.92%;--awb-width-medium:100%;--awb-order-medium:0;--awb-spacing-right-medium:1.92%;--awb-spacing-left-medium:1.92%;--awb-width-small:100%;--awb-order-small:0;--awb-spacing-right-small:1.92%;--awb-spacing-left-small:1.92%;\"><div class=\"fusion-column-wrapper fusion-column-has-shadow fusion-flex-justify-content-flex-start fusion-content-layout-column\"><div class=\"fusion-separator fusion-full-width-sep\" style=\"align-self: center;margin-left: auto;margin-right: auto;width:100%;\"><div class=\"fusion-separator-border sep-single sep-solid\" style=\"--awb-height:20px;--awb-amount:20px;border-color:#e0dede;border-top-width:1px;\"><\/div><\/div><\/div><\/div><\/div><\/div><div class=\"fusion-fullwidth fullwidth-box fusion-builder-row-6 fusion-flex-container nonhundred-percent-fullwidth non-hundred-percent-height-scrolling\" style=\"--awb-border-radius-top-left:0px;--awb-border-radius-top-right:0px;--awb-border-radius-bottom-right:0px;--awb-border-radius-bottom-left:0px;--awb-flex-wrap:wrap;\" ><div class=\"fusion-builder-row fusion-row fusion-flex-align-items-center fusion-flex-content-wrap\" style=\"max-width:1430px;margin-left: calc(-4% \/ 2 );margin-right: calc(-4% \/ 2 );\"><div class=\"fusion-layout-column fusion_builder_column fusion-builder-column-7 fusion_builder_column_1_3 1_3 fusion-flex-column\" style=\"--awb-bg-size:cover;--awb-width-large:33.333333333333%;--awb-margin-top-large:0px;--awb-spacing-right-large:5.76%;--awb-margin-bottom-large:20px;--awb-spacing-left-large:5.76%;--awb-width-medium:100%;--awb-order-medium:0;--awb-spacing-right-medium:1.92%;--awb-spacing-left-medium:1.92%;--awb-width-small:100%;--awb-order-small:0;--awb-spacing-right-small:1.92%;--awb-spacing-left-small:1.92%;\"><div class=\"fusion-column-wrapper fusion-column-has-shadow fusion-flex-justify-content-flex-start fusion-content-layout-column\"><div class=\"fusion-image-element \" style=\"--awb-caption-title-font-family:var(--h2_typography-font-family);--awb-caption-title-font-weight:var(--h2_typography-font-weight);--awb-caption-title-font-style:var(--h2_typography-font-style);--awb-caption-title-size:var(--h2_typography-font-size);--awb-caption-title-transform:var(--h2_typography-text-transform);--awb-caption-title-line-height:var(--h2_typography-line-height);--awb-caption-title-letter-spacing:var(--h2_typography-letter-spacing);\"><span class=\" fusion-imageframe imageframe-none imageframe-3 hover-type-none\"><img decoding=\"async\" width=\"2820\" height=\"1868\" alt=\"Befestigung der Lampe am Fahrradlenker\" title=\"elektrische Mountainbike-Lampe\" src=\"http:\/\/lift-mtb.com\/wp-content\/uploads\/2022\/04\/lampe-pour-vtt-electrique-1-sur-1.jpg\" class=\"img-responsive wp-image-9425\"\/><\/span><\/div><div class=\"fusion-image-element \" style=\"--awb-caption-title-font-family:var(--h2_typography-font-family);--awb-caption-title-font-weight:var(--h2_typography-font-weight);--awb-caption-title-font-style:var(--h2_typography-font-style);--awb-caption-title-size:var(--h2_typography-font-size);--awb-caption-title-transform:var(--h2_typography-text-transform);--awb-caption-title-line-height:var(--h2_typography-line-height);--awb-caption-title-letter-spacing:var(--h2_typography-letter-spacing);\"><span class=\" fusion-imageframe imageframe-none imageframe-4 hover-type-none\"><img decoding=\"async\" width=\"4156\" height=\"2753\" alt=\"Fahrradlampe\" title=\"Lampe f\u00fcr Elektro-Mountainbikes 4 (1 von 1)\" src=\"http:\/\/lift-mtb.com\/wp-content\/uploads\/2022\/04\/lampe-pour-vtt-electrique-4-1-sur-1.jpg\" class=\"img-responsive wp-image-9432\"\/><\/span><\/div><\/div><\/div><div class=\"fusion-layout-column fusion_builder_column fusion-builder-column-8 fusion_builder_column_2_3 2_3 fusion-flex-column\" style=\"--awb-bg-size:cover;--awb-width-large:66.666666666667%;--awb-margin-top-large:0px;--awb-spacing-right-large:2.88%;--awb-margin-bottom-large:20px;--awb-spacing-left-large:2.88%;--awb-width-medium:100%;--awb-order-medium:0;--awb-spacing-right-medium:1.92%;--awb-spacing-left-medium:1.92%;--awb-width-small:100%;--awb-order-small:0;--awb-spacing-right-small:1.92%;--awb-spacing-left-small:1.92%;\"><div class=\"fusion-column-wrapper fusion-column-has-shadow fusion-flex-justify-content-flex-start fusion-content-layout-column\"><div class=\"fusion-text fusion-text-4\" style=\"--awb-text-transform:none;\"><p>Die Befestigung erfolgt durch kleine, dicke Gummib\u00e4nder, die speziell f\u00fcr eine lange Lebensdauer entwickelt wurden. Es gibt zwei davon f\u00fcr Oversize-Lenker mit 31,8 oder 35 mm und einen zweiten f\u00fcr die klassischen Gr\u00f6\u00dfen 22,2 und 25,4.<\/p>\n<p>Die Lampe wird \u00fcber einen USB-Anschluss mit Strom versorgt, sodass Sie anstelle der Lampe auch andere 5-V-USB-Ger\u00e4te anschlie\u00dfen k\u00f6nnen, z. B. um Ihr Handy aufzuladen.<\/p>\n<p>Die <strong>E-Bike-Lampe<\/strong> l\u00e4sst sich in maximal 1 Minute ohne Werkzeug befestigen. Einmal angebracht, verrutscht die Lampe dank der kleinen Gummipuffer nicht mehr, l\u00e4sst sich aber trotzdem verstellen.<\/p>\n<p>Es ist m\u00f6glich, die Lampe am Visier eines Helms zu befestigen (manche m\u00f6gen das lieber&#8230; ).<\/p>\n<p>Dank einiger Rilsan-Halsb\u00e4nder und etwas Geduld konnte die Lampe in 5 bis 10 Minuten zum ersten Mal am Visier angebracht werden.<\/p>\n<p>Es gibt auch ein Gewinde an der Unterseite des Lampenk\u00f6rpers, das es erm\u00f6glicht, die runde Lenkerhalterung zu entfernen und eine flache Oberfl\u00e4che mit einem Gewinde zu haben, um die Lampe fest an einer Halterung Ihrer Wahl zu befestigen (viele von uns haben einen alten Helm zu Hause, der daf\u00fcr verwendet werden k\u00f6nnte&#8230;).<\/p>\n<p>Das geringe Gewicht der Lampe (90 Gramm) bewirkt, dass man sie weder am Lenker noch am Helm sp\u00fcrt.<\/p>\n<p>Der K\u00f6rper ist aus Aluminium mit Rippen, um eine gute K\u00fchlung zu gew\u00e4hrleisten die Abmessungen der Lampe sind 60 milimeter breit 40mm hoch und 48mm tief zum Vergleich ist das die Gr\u00f6\u00dfe einer kleinen Streichholzschachtel&#8230;<\/p>\n<p>Auch wenn es nicht ratsam ist, die<strong>Beleuchtung <\/strong> eines<b>elektrischen<\/b><strong>Mountainbikes <\/strong> \u00fcberm\u00e4\u00dfig dem Wasser auszusetzen, ist sie wasserdicht gegen einige Tropfen, die sie bei einer Fahrt treffen k\u00f6nnten, und nat\u00fcrlich auch gegen Staub&#8230;<\/p>\n<\/div><\/div><\/div><\/div><\/div><div class=\"fusion-fullwidth fullwidth-box fusion-builder-row-7 fusion-flex-container nonhundred-percent-fullwidth non-hundred-percent-height-scrolling\" style=\"--awb-border-radius-top-left:0px;--awb-border-radius-top-right:0px;--awb-border-radius-bottom-right:0px;--awb-border-radius-bottom-left:0px;--awb-flex-wrap:wrap;\" ><div class=\"fusion-builder-row fusion-row fusion-flex-align-items-flex-start fusion-flex-content-wrap\" style=\"max-width:1430px;margin-left: calc(-4% \/ 2 );margin-right: calc(-4% \/ 2 );\"><div class=\"fusion-layout-column fusion_builder_column fusion-builder-column-9 fusion_builder_column_1_1 1_1 fusion-flex-column\" style=\"--awb-bg-size:cover;--awb-width-large:100%;--awb-margin-top-large:0px;--awb-spacing-right-large:1.92%;--awb-margin-bottom-large:20px;--awb-spacing-left-large:1.92%;--awb-width-medium:100%;--awb-order-medium:0;--awb-spacing-right-medium:1.92%;--awb-spacing-left-medium:1.92%;--awb-width-small:100%;--awb-order-small:0;--awb-spacing-right-small:1.92%;--awb-spacing-left-small:1.92%;\"><div class=\"fusion-column-wrapper fusion-column-has-shadow fusion-flex-justify-content-flex-start fusion-content-layout-column\"><div class=\"fusion-separator fusion-full-width-sep\" style=\"align-self: center;margin-left: auto;margin-right: auto;width:100%;\"><div class=\"fusion-separator-border sep-single sep-solid\" style=\"--awb-height:20px;--awb-amount:20px;border-color:#e0dede;border-top-width:1px;\"><\/div><\/div><div class=\"fusion-separator fusion-full-width-sep\" style=\"align-self: center;margin-left: auto;margin-right: auto;margin-top:20px;width:100%;\"><\/div><div class=\"fusion-separator fusion-full-width-sep\" style=\"align-self: center;margin-left: auto;margin-right: auto;margin-top:20px;width:100%;\"><\/div><\/div><\/div><div class=\"fusion-layout-column fusion_builder_column fusion-builder-column-10 fusion_builder_column_4_5 4_5 fusion-flex-column\" style=\"--awb-bg-size:cover;--awb-width-large:80%;--awb-margin-top-large:0px;--awb-spacing-right-large:2.4%;--awb-margin-bottom-large:20px;--awb-spacing-left-large:2.4%;--awb-width-medium:100%;--awb-order-medium:0;--awb-spacing-right-medium:1.92%;--awb-spacing-left-medium:1.92%;--awb-width-small:100%;--awb-order-small:0;--awb-spacing-right-small:1.92%;--awb-spacing-left-small:1.92%;\"><div class=\"fusion-column-wrapper fusion-column-has-shadow fusion-flex-justify-content-flex-start fusion-content-layout-column\"><div class=\"fusion-separator fusion-full-width-sep\" style=\"align-self: center;margin-left: auto;margin-right: auto;margin-top:20px;width:100%;\"><\/div><div class=\"fusion-text fusion-text-5\"><p>Die Lampe wird \u00fcber einen USB-Anschluss mit Strom versorgt.<\/p>\n<p>Es ist also auch m\u00f6glich, anstelle der Lampe ein beliebiges 5v-USB-Ger\u00e4t anzuschlie\u00dfen, z. B. ein Handy oder ein GPS-Ger\u00e4t, was sehr praktisch f\u00fcr lange Touren ist!<\/p>\n<\/div><\/div><\/div><div class=\"fusion-layout-column fusion_builder_column fusion-builder-column-11 fusion_builder_column_1_5 1_5 fusion-flex-column\" style=\"--awb-bg-size:cover;--awb-width-large:20%;--awb-margin-top-large:0px;--awb-spacing-right-large:9.6%;--awb-margin-bottom-large:20px;--awb-spacing-left-large:9.6%;--awb-width-medium:100%;--awb-order-medium:0;--awb-spacing-right-medium:1.92%;--awb-spacing-left-medium:1.92%;--awb-width-small:100%;--awb-order-small:0;--awb-spacing-right-small:1.92%;--awb-spacing-left-small:1.92%;\"><div class=\"fusion-column-wrapper fusion-column-has-shadow fusion-flex-justify-content-flex-start fusion-content-layout-column\"><div class=\"fusion-image-element \" style=\"--awb-caption-title-font-family:var(--h2_typography-font-family);--awb-caption-title-font-weight:var(--h2_typography-font-weight);--awb-caption-title-font-style:var(--h2_typography-font-style);--awb-caption-title-size:var(--h2_typography-font-size);--awb-caption-title-transform:var(--h2_typography-text-transform);--awb-caption-title-line-height:var(--h2_typography-line-height);--awb-caption-title-letter-spacing:var(--h2_typography-letter-spacing);\"><span class=\" fusion-imageframe imageframe-none imageframe-5 hover-type-none\"><img decoding=\"async\" width=\"470\" height=\"465\" alt=\"lampe VTT electrique \" title=\"LAMPE LED\" src=\"http:\/\/lift-mtb.com\/wp-content\/uploads\/2022\/04\/lampe-led.jpg\" class=\"img-responsive wp-image-41849\" srcset=\"https:\/\/www.lift-mtb.com\/wp-content\/uploads\/2022\/04\/lampe-led-200x198.jpg 200w, https:\/\/www.lift-mtb.com\/wp-content\/uploads\/2022\/04\/lampe-led-400x396.jpg 400w, https:\/\/www.lift-mtb.com\/wp-content\/uploads\/2022\/04\/lampe-led.jpg 470w\" sizes=\"(max-width: 1024px) 100vw, (max-width: 640px) 100vw, 400px\" \/><\/span><\/div><\/div><\/div><div class=\"fusion-layout-column fusion_builder_column fusion-builder-column-12 fusion_builder_column_1_1 1_1 fusion-flex-column\" style=\"--awb-bg-size:cover;--awb-width-large:100%;--awb-margin-top-large:0px;--awb-spacing-right-large:1.92%;--awb-margin-bottom-large:20px;--awb-spacing-left-large:1.92%;--awb-width-medium:100%;--awb-order-medium:0;--awb-spacing-right-medium:1.92%;--awb-spacing-left-medium:1.92%;--awb-width-small:100%;--awb-order-small:0;--awb-spacing-right-small:1.92%;--awb-spacing-left-small:1.92%;\"><div class=\"fusion-column-wrapper fusion-column-has-shadow fusion-flex-justify-content-flex-start fusion-content-layout-column\"><div class=\"fusion-separator fusion-full-width-sep\" style=\"align-self: center;margin-left: auto;margin-right: auto;margin-top:20px;width:100%;\"><\/div><div class=\"fusion-separator fusion-full-width-sep\" style=\"align-self: center;margin-left: auto;margin-right: auto;margin-top:20px;width:100%;\"><div class=\"fusion-separator-border sep-single sep-solid\" style=\"--awb-height:20px;--awb-amount:20px;border-color:#e0dede;border-top-width:1px;\"><\/div><\/div><\/div><\/div><\/div><\/div><div class=\"fusion-fullwidth fullwidth-box fusion-builder-row-8 fusion-flex-container nonhundred-percent-fullwidth non-hundred-percent-height-scrolling\" style=\"--awb-border-radius-top-left:0px;--awb-border-radius-top-right:0px;--awb-border-radius-bottom-right:0px;--awb-border-radius-bottom-left:0px;--awb-flex-wrap:wrap;\" ><div class=\"fusion-builder-row fusion-row fusion-flex-align-items-center fusion-flex-content-wrap\" style=\"max-width:1430px;margin-left: calc(-4% \/ 2 );margin-right: calc(-4% \/ 2 );\"><div class=\"fusion-layout-column fusion_builder_column fusion-builder-column-13 fusion_builder_column_2_3 2_3 fusion-flex-column\" style=\"--awb-bg-size:cover;--awb-width-large:66.666666666667%;--awb-margin-top-large:0px;--awb-spacing-right-large:2.88%;--awb-margin-bottom-large:20px;--awb-spacing-left-large:2.88%;--awb-width-medium:100%;--awb-order-medium:0;--awb-spacing-right-medium:1.92%;--awb-spacing-left-medium:1.92%;--awb-width-small:100%;--awb-order-small:0;--awb-spacing-right-small:1.92%;--awb-spacing-left-small:1.92%;\"><div class=\"fusion-column-wrapper fusion-column-has-shadow fusion-flex-justify-content-flex-start fusion-content-layout-column\"><div class=\"fusion-text fusion-text-6\" style=\"--awb-text-transform:none;\"><p>Die Lampe wird direkt von der Batterie des LIFT MTB Tretmotors gespeist. Der Verbrauch liegt bei 0,30 Ampere pro Stunde bei voller Leistung, wenn man die Modi mischt, kann man den Verbrauch leicht halbieren, was einen Verbrauch von etwa 1 Ampere pro Stunde erm\u00f6glicht.<\/p>\n<ul>\n<li>Modus 1: 600 Lumen \/ Verbrauch 0.10Ah<\/li>\n<li>Modus2: 1200 Lumen \/ Verbrauch 0.20Ah<\/li>\n<li>Modus3: 2000 Lumen \/ Verbrauch 0.30Ah<\/li>\n<\/ul>\n<p>Kabel zwischen Akku und Adapter ca. 40cm, um eine Verbindung zum Lenker oder Helm herzustellen.<\/p>\n<\/div><\/div><\/div><div class=\"fusion-layout-column fusion_builder_column fusion-builder-column-14 fusion_builder_column_1_3 1_3 fusion-flex-column\" style=\"--awb-bg-size:cover;--awb-width-large:33.333333333333%;--awb-margin-top-large:0px;--awb-spacing-right-large:5.76%;--awb-margin-bottom-large:20px;--awb-spacing-left-large:5.76%;--awb-width-medium:100%;--awb-order-medium:0;--awb-spacing-right-medium:1.92%;--awb-spacing-left-medium:1.92%;--awb-width-small:100%;--awb-order-small:0;--awb-spacing-right-small:1.92%;--awb-spacing-left-small:1.92%;\"><div class=\"fusion-column-wrapper fusion-column-has-shadow fusion-flex-justify-content-flex-start fusion-content-layout-column\"><div class=\"fusion-image-element \" style=\"--awb-caption-title-font-family:var(--h2_typography-font-family);--awb-caption-title-font-weight:var(--h2_typography-font-weight);--awb-caption-title-font-style:var(--h2_typography-font-style);--awb-caption-title-size:var(--h2_typography-font-size);--awb-caption-title-transform:var(--h2_typography-text-transform);--awb-caption-title-line-height:var(--h2_typography-line-height);--awb-caption-title-letter-spacing:var(--h2_typography-letter-spacing);\"><span class=\" fusion-imageframe imageframe-none imageframe-6 hover-type-none\"><img decoding=\"async\" width=\"4351\" height=\"2882\" alt=\"stromversorgung lampe fahrrad 36v\" title=\"Lampe f\u00fcr Elektro-Mountainbikes 9 (1 von 1)\" src=\"http:\/\/lift-mtb.com\/wp-content\/uploads\/2022\/04\/lampe-pour-vtt-electrique-9-1-sur-1.jpg\" class=\"img-responsive wp-image-9473\"\/><\/span><\/div><\/div><\/div><\/div><\/div><div class=\"fusion-fullwidth fullwidth-box fusion-builder-row-9 fusion-flex-container nonhundred-percent-fullwidth non-hundred-percent-height-scrolling\" style=\"--awb-border-radius-top-left:0px;--awb-border-radius-top-right:0px;--awb-border-radius-bottom-right:0px;--awb-border-radius-bottom-left:0px;--awb-flex-wrap:wrap;\" ><div class=\"fusion-builder-row fusion-row fusion-flex-align-items-flex-start fusion-flex-content-wrap\" style=\"max-width:1430px;margin-left: calc(-4% \/ 2 );margin-right: calc(-4% \/ 2 );\"><div class=\"fusion-layout-column fusion_builder_column fusion-builder-column-15 fusion_builder_column_1_1 1_1 fusion-flex-column\" style=\"--awb-bg-size:cover;--awb-width-large:100%;--awb-margin-top-large:0px;--awb-spacing-right-large:1.92%;--awb-margin-bottom-large:20px;--awb-spacing-left-large:1.92%;--awb-width-medium:100%;--awb-order-medium:0;--awb-spacing-right-medium:1.92%;--awb-spacing-left-medium:1.92%;--awb-width-small:100%;--awb-order-small:0;--awb-spacing-right-small:1.92%;--awb-spacing-left-small:1.92%;\"><div class=\"fusion-column-wrapper fusion-column-has-shadow fusion-flex-justify-content-flex-start fusion-content-layout-column\"><div class=\"fusion-separator fusion-full-width-sep\" style=\"align-self: center;margin-left: auto;margin-right: auto;width:100%;\"><div class=\"fusion-separator-border sep-single sep-solid\" style=\"--awb-height:20px;--awb-amount:20px;border-color:#e0dede;border-top-width:1px;\"><\/div><\/div><\/div><\/div><\/div><\/div><div class=\"fusion-fullwidth fullwidth-box fusion-builder-row-10 fusion-flex-container nonhundred-percent-fullwidth non-hundred-percent-height-scrolling\" style=\"--awb-border-radius-top-left:0px;--awb-border-radius-top-right:0px;--awb-border-radius-bottom-right:0px;--awb-border-radius-bottom-left:0px;--awb-flex-wrap:wrap;\" ><div class=\"fusion-builder-row fusion-row fusion-flex-align-items-flex-start fusion-flex-content-wrap\" style=\"max-width:1430px;margin-left: calc(-4% \/ 2 );margin-right: calc(-4% \/ 2 );\"><div class=\"fusion-layout-column fusion_builder_column fusion-builder-column-16 fusion_builder_column_1_2 1_2 fusion-flex-column\" style=\"--awb-bg-size:cover;--awb-width-large:50%;--awb-margin-top-large:0px;--awb-spacing-right-large:3.84%;--awb-margin-bottom-large:20px;--awb-spacing-left-large:3.84%;--awb-width-medium:100%;--awb-order-medium:0;--awb-spacing-right-medium:1.92%;--awb-spacing-left-medium:1.92%;--awb-width-small:100%;--awb-order-small:0;--awb-spacing-right-small:1.92%;--awb-spacing-left-small:1.92%;\"><div class=\"fusion-column-wrapper fusion-column-has-shadow fusion-flex-justify-content-flex-start fusion-content-layout-column\"><div class=\"fusion-image-element \" style=\"text-align:center;--awb-max-width:800px;--awb-caption-title-font-family:var(--h2_typography-font-family);--awb-caption-title-font-weight:var(--h2_typography-font-weight);--awb-caption-title-font-style:var(--h2_typography-font-style);--awb-caption-title-size:var(--h2_typography-font-size);--awb-caption-title-transform:var(--h2_typography-text-transform);--awb-caption-title-line-height:var(--h2_typography-line-height);--awb-caption-title-letter-spacing:var(--h2_typography-letter-spacing);\"><span class=\" fusion-imageframe imageframe-none imageframe-7 hover-type-none\"><img decoding=\"async\" width=\"4928\" height=\"3264\" alt=\"vyy-lampe leuchtkraft in meter\" title=\"Elektrische Mountainbike-Lampe Leuchtweite\" src=\"http:\/\/lift-mtb.com\/wp-content\/uploads\/2022\/04\/lampe-vtt-electrique-distance-declairage.jpg\" class=\"img-responsive wp-image-9560\"\/><\/span><\/div><\/div><\/div><div class=\"fusion-layout-column fusion_builder_column fusion-builder-column-17 fusion_builder_column_1_2 1_2 fusion-flex-column\" style=\"--awb-bg-size:cover;--awb-width-large:50%;--awb-margin-top-large:0px;--awb-spacing-right-large:3.84%;--awb-margin-bottom-large:20px;--awb-spacing-left-large:3.84%;--awb-width-medium:100%;--awb-order-medium:0;--awb-spacing-right-medium:1.92%;--awb-spacing-left-medium:1.92%;--awb-width-small:100%;--awb-order-small:0;--awb-spacing-right-small:1.92%;--awb-spacing-left-small:1.92%;\"><div class=\"fusion-column-wrapper fusion-column-has-shadow fusion-flex-justify-content-flex-start fusion-content-layout-column\"><div class=\"fusion-image-element \" style=\"--awb-caption-title-font-family:var(--h2_typography-font-family);--awb-caption-title-font-weight:var(--h2_typography-font-weight);--awb-caption-title-font-style:var(--h2_typography-font-style);--awb-caption-title-size:var(--h2_typography-font-size);--awb-caption-title-transform:var(--h2_typography-text-transform);--awb-caption-title-line-height:var(--h2_typography-line-height);--awb-caption-title-letter-spacing:var(--h2_typography-letter-spacing);\"><span class=\" fusion-imageframe imageframe-none imageframe-8 hover-type-none\"><img decoding=\"async\" width=\"2560\" height=\"1709\" alt=\"lampe LED VTT electrique \" title=\"ELECTRIC BIKE KIT &#8211; 41\" src=\"http:\/\/lift-mtb.com\/wp-content\/uploads\/2022\/04\/electric-bike-kit-41-scaled.jpg\" class=\"img-responsive wp-image-35383\" srcset=\"https:\/\/www.lift-mtb.com\/wp-content\/uploads\/2022\/04\/electric-bike-kit-41-200x134.jpg 200w, https:\/\/www.lift-mtb.com\/wp-content\/uploads\/2022\/04\/electric-bike-kit-41-400x267.jpg 400w, https:\/\/www.lift-mtb.com\/wp-content\/uploads\/2022\/04\/electric-bike-kit-41-600x401.jpg 600w, https:\/\/www.lift-mtb.com\/wp-content\/uploads\/2022\/04\/electric-bike-kit-41-800x534.jpg 800w, https:\/\/www.lift-mtb.com\/wp-content\/uploads\/2022\/04\/electric-bike-kit-41-1200x801.jpg 1200w, https:\/\/www.lift-mtb.com\/wp-content\/uploads\/2022\/04\/electric-bike-kit-41-scaled.jpg 2560w\" sizes=\"(max-width: 1024px) 100vw, (max-width: 640px) 100vw, 800px\" \/><\/span><\/div><\/div><\/div><div class=\"fusion-layout-column fusion_builder_column fusion-builder-column-18 fusion_builder_column_1_1 1_1 fusion-flex-column\" style=\"--awb-bg-size:cover;--awb-width-large:100%;--awb-margin-top-large:0px;--awb-spacing-right-large:1.92%;--awb-margin-bottom-large:20px;--awb-spacing-left-large:1.92%;--awb-width-medium:100%;--awb-order-medium:0;--awb-spacing-right-medium:1.92%;--awb-spacing-left-medium:1.92%;--awb-width-small:100%;--awb-order-small:0;--awb-spacing-right-small:1.92%;--awb-spacing-left-small:1.92%;\"><div class=\"fusion-column-wrapper fusion-column-has-shadow fusion-flex-justify-content-flex-start fusion-content-layout-column\"><div class=\"awb-gallery-wrapper awb-gallery-wrapper-1 button-span-no\" style=\"--more-btn-alignment:center;\"><div style=\"margin:-5px;--awb-bordersize:0px;\" class=\"fusion-gallery fusion-gallery-container fusion-grid-5 fusion-columns-total-10 fusion-gallery-layout-grid fusion-gallery-1\"><div style=\"padding:5px;\" class=\"fusion-grid-column fusion-gallery-column fusion-gallery-column-5 hover-type-none\"><div class=\"fusion-gallery-image\"><a href=\"https:\/\/www.lift-mtb.com\/wp-content\/uploads\/2022\/04\/lampe-pour-vtt-electrique-17-1-sur-1.jpg\" rel=\"noreferrer\" data-rel=\"iLightbox[gallery_image_1]\" class=\"fusion-lightbox\" target=\"_self\"><img decoding=\"async\" src=\"https:\/\/www.lift-mtb.com\/wp-content\/uploads\/2022\/04\/lampe-pour-vtt-electrique-17-1-sur-1.jpg\" width=\"4523\" height=\"2996\" alt=\"led-stromversorgung 36v\" title=\"Lampe f\u00fcr Elektro-Mountainbikes 17 (1 von 1)\" aria-label=\"Lampe f\u00fcr Elektro-Mountainbikes 17 (1 von 1)\" class=\"img-responsive wp-image-9506\" srcset=\"https:\/\/www.lift-mtb.com\/wp-content\/uploads\/2022\/04\/lampe-pour-vtt-electrique-17-1-sur-1-200x132.jpg 200w, https:\/\/www.lift-mtb.com\/wp-content\/uploads\/2022\/04\/lampe-pour-vtt-electrique-17-1-sur-1-400x265.jpg 400w, https:\/\/www.lift-mtb.com\/wp-content\/uploads\/2022\/04\/lampe-pour-vtt-electrique-17-1-sur-1-600x397.jpg 600w, https:\/\/www.lift-mtb.com\/wp-content\/uploads\/2022\/04\/lampe-pour-vtt-electrique-17-1-sur-1-800x530.jpg 800w, https:\/\/www.lift-mtb.com\/wp-content\/uploads\/2022\/04\/lampe-pour-vtt-electrique-17-1-sur-1-1200x795.jpg 1200w, https:\/\/www.lift-mtb.com\/wp-content\/uploads\/2022\/04\/lampe-pour-vtt-electrique-17-1-sur-1.jpg 2200w\" sizes=\"(min-width: 2200px) 100vw, (min-width: 1007px) 271px, (min-width: 915px) 339px, (min-width: 824px) 452px, (min-width: 732px) 678px, (min-width: 640px) 732px, \" \/><\/a><\/div><\/div><div style=\"padding:5px;\" class=\"fusion-grid-column fusion-gallery-column fusion-gallery-column-5 hover-type-none\"><div class=\"fusion-gallery-image\"><a href=\"https:\/\/www.lift-mtb.com\/wp-content\/uploads\/2022\/04\/lampe-pour-vtt-electrique-16-1-sur-1.jpg\" rel=\"noreferrer\" data-rel=\"iLightbox[gallery_image_1]\" class=\"fusion-lightbox\" target=\"_self\"><img decoding=\"async\" src=\"https:\/\/www.lift-mtb.com\/wp-content\/uploads\/2022\/04\/lampe-pour-vtt-electrique-16-1-sur-1.jpg\" width=\"4928\" height=\"3264\" alt=\"Lampe f\u00fcr Elektro-Mountainbikes\" title=\"Lampe f\u00fcr Elektro-Mountainbikes 16 (1 von 1)\" aria-label=\"Lampe f\u00fcr Elektro-Mountainbikes 16 (1 von 1)\" class=\"img-responsive wp-image-9461\" srcset=\"https:\/\/www.lift-mtb.com\/wp-content\/uploads\/2022\/04\/lampe-pour-vtt-electrique-16-1-sur-1-200x132.jpg 200w, https:\/\/www.lift-mtb.com\/wp-content\/uploads\/2022\/04\/lampe-pour-vtt-electrique-16-1-sur-1-400x265.jpg 400w, https:\/\/www.lift-mtb.com\/wp-content\/uploads\/2022\/04\/lampe-pour-vtt-electrique-16-1-sur-1-600x397.jpg 600w, https:\/\/www.lift-mtb.com\/wp-content\/uploads\/2022\/04\/lampe-pour-vtt-electrique-16-1-sur-1-800x530.jpg 800w, https:\/\/www.lift-mtb.com\/wp-content\/uploads\/2022\/04\/lampe-pour-vtt-electrique-16-1-sur-1-1200x795.jpg 1200w, https:\/\/www.lift-mtb.com\/wp-content\/uploads\/2022\/04\/lampe-pour-vtt-electrique-16-1-sur-1.jpg 2200w\" sizes=\"(min-width: 2200px) 100vw, (min-width: 1007px) 271px, (min-width: 915px) 339px, (min-width: 824px) 452px, (min-width: 732px) 678px, (min-width: 640px) 732px, \" \/><\/a><\/div><\/div><div style=\"padding:5px;\" class=\"fusion-grid-column fusion-gallery-column fusion-gallery-column-5 hover-type-none\"><div class=\"fusion-gallery-image\"><a href=\"https:\/\/www.lift-mtb.com\/wp-content\/uploads\/2022\/04\/lampe-pour-vtt-electrique-11-1-sur-1.jpg\" rel=\"noreferrer\" data-rel=\"iLightbox[gallery_image_1]\" class=\"fusion-lightbox\" target=\"_self\"><img decoding=\"async\" src=\"https:\/\/www.lift-mtb.com\/wp-content\/uploads\/2022\/04\/lampe-pour-vtt-electrique-11-1-sur-1.jpg\" width=\"3965\" height=\"2626\" alt=\"Lampe f\u00fcr Elektrofahrr\u00e4der.\" title=\"Lampe f\u00fcr Elektro-Mountainbikes 11 (1 von 1)\" aria-label=\"Lampe f\u00fcr Elektro-Mountainbikes 11 (1 von 1)\" class=\"img-responsive wp-image-9441\" srcset=\"https:\/\/www.lift-mtb.com\/wp-content\/uploads\/2022\/04\/lampe-pour-vtt-electrique-11-1-sur-1-200x132.jpg 200w, https:\/\/www.lift-mtb.com\/wp-content\/uploads\/2022\/04\/lampe-pour-vtt-electrique-11-1-sur-1-400x265.jpg 400w, https:\/\/www.lift-mtb.com\/wp-content\/uploads\/2022\/04\/lampe-pour-vtt-electrique-11-1-sur-1-600x397.jpg 600w, https:\/\/www.lift-mtb.com\/wp-content\/uploads\/2022\/04\/lampe-pour-vtt-electrique-11-1-sur-1-800x530.jpg 800w, https:\/\/www.lift-mtb.com\/wp-content\/uploads\/2022\/04\/lampe-pour-vtt-electrique-11-1-sur-1-1200x795.jpg 1200w, https:\/\/www.lift-mtb.com\/wp-content\/uploads\/2022\/04\/lampe-pour-vtt-electrique-11-1-sur-1.jpg 2200w\" sizes=\"(min-width: 2200px) 100vw, (min-width: 1007px) 271px, (min-width: 915px) 339px, (min-width: 824px) 452px, (min-width: 732px) 678px, (min-width: 640px) 732px, \" \/><\/a><\/div><\/div><div style=\"padding:5px;\" class=\"fusion-grid-column fusion-gallery-column fusion-gallery-column-5 hover-type-none\"><div class=\"fusion-gallery-image\"><a href=\"https:\/\/www.lift-mtb.com\/wp-content\/uploads\/2022\/04\/lampe-pour-vtt-electrique-13-1-sur-1.jpg\" rel=\"noreferrer\" data-rel=\"iLightbox[gallery_image_1]\" class=\"fusion-lightbox\" target=\"_self\"><img decoding=\"async\" src=\"https:\/\/www.lift-mtb.com\/wp-content\/uploads\/2022\/04\/lampe-pour-vtt-electrique-13-1-sur-1.jpg\" width=\"3875\" height=\"2567\" alt=\"licht 6000 lumen vtt\" title=\"Lampe f\u00fcr Elektro-Mountainbikes 13 (1 von 1)\" aria-label=\"Lampe f\u00fcr Elektro-Mountainbikes 13 (1 von 1)\" class=\"img-responsive wp-image-9436\" srcset=\"https:\/\/www.lift-mtb.com\/wp-content\/uploads\/2022\/04\/lampe-pour-vtt-electrique-13-1-sur-1-200x132.jpg 200w, https:\/\/www.lift-mtb.com\/wp-content\/uploads\/2022\/04\/lampe-pour-vtt-electrique-13-1-sur-1-400x265.jpg 400w, https:\/\/www.lift-mtb.com\/wp-content\/uploads\/2022\/04\/lampe-pour-vtt-electrique-13-1-sur-1-600x397.jpg 600w, https:\/\/www.lift-mtb.com\/wp-content\/uploads\/2022\/04\/lampe-pour-vtt-electrique-13-1-sur-1-800x530.jpg 800w, https:\/\/www.lift-mtb.com\/wp-content\/uploads\/2022\/04\/lampe-pour-vtt-electrique-13-1-sur-1-1200x795.jpg 1200w, https:\/\/www.lift-mtb.com\/wp-content\/uploads\/2022\/04\/lampe-pour-vtt-electrique-13-1-sur-1.jpg 2200w\" sizes=\"(min-width: 2200px) 100vw, (min-width: 1007px) 271px, (min-width: 915px) 339px, (min-width: 824px) 452px, (min-width: 732px) 678px, (min-width: 640px) 732px, \" \/><\/a><\/div><\/div><div style=\"padding:5px;\" class=\"fusion-grid-column fusion-gallery-column fusion-gallery-column-5 hover-type-none\"><div class=\"fusion-gallery-image\"><a href=\"https:\/\/www.lift-mtb.com\/wp-content\/uploads\/2022\/04\/lampe-pour-vtt-electrique-6-1-sur-1.jpg\" rel=\"noreferrer\" data-rel=\"iLightbox[gallery_image_1]\" class=\"fusion-lightbox\" target=\"_self\"><img decoding=\"async\" src=\"https:\/\/www.lift-mtb.com\/wp-content\/uploads\/2022\/04\/lampe-pour-vtt-electrique-6-1-sur-1.jpg\" width=\"2986\" height=\"1978\" alt=\"Die Lampe wird direkt von der Batterie des LIFT MTB Tretmotors gespeist. Der Verbrauch liegt bei 0,30 Ampere pro Stunde bei voller Leistung, wenn man die Modi mischt, kann man den Verbrauch leicht halbieren, was einen Verbrauch von etwa 1 Ampere pro Stunde erm\u00f6glicht. Modus 1: 600 Lumen \/ Stromverbrauch 0.10Ah Modus 2: 1200 Lumen \/ Stromverbrauch 0.20Ah Modus 3: 2000 Lumen \/ Stromverbrauch 0.30Ah Kabel zwischen Akku und Adapter ca. 40cm, um eine Verbindung zum Lenker oder Helm herzustellen.\" title=\"Lampe f\u00fcr Elektro-Mountainbikes 6 (1 von 1)\" aria-label=\"Lampe f\u00fcr Elektro-Mountainbikes 6 (1 von 1)\" class=\"img-responsive wp-image-9481\" srcset=\"https:\/\/www.lift-mtb.com\/wp-content\/uploads\/2022\/04\/lampe-pour-vtt-electrique-6-1-sur-1-200x132.jpg 200w, https:\/\/www.lift-mtb.com\/wp-content\/uploads\/2022\/04\/lampe-pour-vtt-electrique-6-1-sur-1-400x265.jpg 400w, https:\/\/www.lift-mtb.com\/wp-content\/uploads\/2022\/04\/lampe-pour-vtt-electrique-6-1-sur-1-600x397.jpg 600w, https:\/\/www.lift-mtb.com\/wp-content\/uploads\/2022\/04\/lampe-pour-vtt-electrique-6-1-sur-1-800x530.jpg 800w, https:\/\/www.lift-mtb.com\/wp-content\/uploads\/2022\/04\/lampe-pour-vtt-electrique-6-1-sur-1-1200x795.jpg 1200w, https:\/\/www.lift-mtb.com\/wp-content\/uploads\/2022\/04\/lampe-pour-vtt-electrique-6-1-sur-1.jpg 2200w\" sizes=\"(min-width: 2200px) 100vw, (min-width: 1007px) 271px, (min-width: 915px) 339px, (min-width: 824px) 452px, (min-width: 732px) 678px, (min-width: 640px) 732px, \" \/><\/a><\/div><\/div><div class=\"clearfix\"><\/div><div style=\"padding:5px;\" class=\"fusion-grid-column fusion-gallery-column fusion-gallery-column-5 hover-type-none\"><div class=\"fusion-gallery-image\"><a href=\"https:\/\/www.lift-mtb.com\/wp-content\/uploads\/2022\/04\/lampe-pour-vtt-electrique-4-1-sur-1.jpg\" rel=\"noreferrer\" data-rel=\"iLightbox[gallery_image_1]\" class=\"fusion-lightbox\" target=\"_self\"><img decoding=\"async\" src=\"https:\/\/www.lift-mtb.com\/wp-content\/uploads\/2022\/04\/lampe-pour-vtt-electrique-4-1-sur-1.jpg\" width=\"4156\" height=\"2753\" alt=\"Fahrradlampe\" title=\"Lampe f\u00fcr Elektro-Mountainbikes 4 (1 von 1)\" aria-label=\"Lampe f\u00fcr Elektro-Mountainbikes 4 (1 von 1)\" class=\"img-responsive wp-image-9430\" srcset=\"https:\/\/www.lift-mtb.com\/wp-content\/uploads\/2022\/04\/lampe-pour-vtt-electrique-4-1-sur-1-200x132.jpg 200w, https:\/\/www.lift-mtb.com\/wp-content\/uploads\/2022\/04\/lampe-pour-vtt-electrique-4-1-sur-1-400x265.jpg 400w, https:\/\/www.lift-mtb.com\/wp-content\/uploads\/2022\/04\/lampe-pour-vtt-electrique-4-1-sur-1-600x397.jpg 600w, https:\/\/www.lift-mtb.com\/wp-content\/uploads\/2022\/04\/lampe-pour-vtt-electrique-4-1-sur-1-800x530.jpg 800w, https:\/\/www.lift-mtb.com\/wp-content\/uploads\/2022\/04\/lampe-pour-vtt-electrique-4-1-sur-1-1200x795.jpg 1200w, https:\/\/www.lift-mtb.com\/wp-content\/uploads\/2022\/04\/lampe-pour-vtt-electrique-4-1-sur-1.jpg 2200w\" sizes=\"(min-width: 2200px) 100vw, (min-width: 1007px) 271px, (min-width: 915px) 339px, (min-width: 824px) 452px, (min-width: 732px) 678px, (min-width: 640px) 732px, \" \/><\/a><\/div><\/div><div style=\"padding:5px;\" class=\"fusion-grid-column fusion-gallery-column fusion-gallery-column-5 hover-type-none\"><div class=\"fusion-gallery-image\"><a href=\"https:\/\/www.lift-mtb.com\/wp-content\/uploads\/2022\/04\/bolt-on-motor-bike-kit-with-light-scaled.jpg\" rel=\"noreferrer\" data-rel=\"iLightbox[gallery_image_1]\" class=\"fusion-lightbox\" target=\"_self\"><img decoding=\"async\" src=\"https:\/\/www.lift-mtb.com\/wp-content\/uploads\/2022\/04\/bolt-on-motor-bike-kit-with-light-scaled.jpg\" width=\"2560\" height=\"1696\" alt=\"lumiere LED VTT electrique \" title=\"bolt on motor bike kit with light\" aria-label=\"bolt on motor bike kit with light\" class=\"img-responsive wp-image-35376\" srcset=\"https:\/\/www.lift-mtb.com\/wp-content\/uploads\/2022\/04\/bolt-on-motor-bike-kit-with-light-200x132.jpg 200w, https:\/\/www.lift-mtb.com\/wp-content\/uploads\/2022\/04\/bolt-on-motor-bike-kit-with-light-400x265.jpg 400w, https:\/\/www.lift-mtb.com\/wp-content\/uploads\/2022\/04\/bolt-on-motor-bike-kit-with-light-600x397.jpg 600w, https:\/\/www.lift-mtb.com\/wp-content\/uploads\/2022\/04\/bolt-on-motor-bike-kit-with-light-800x530.jpg 800w, https:\/\/www.lift-mtb.com\/wp-content\/uploads\/2022\/04\/bolt-on-motor-bike-kit-with-light-1200x795.jpg 1200w, https:\/\/www.lift-mtb.com\/wp-content\/uploads\/2022\/04\/bolt-on-motor-bike-kit-with-light-scaled.jpg 2560w\" sizes=\"(min-width: 2200px) 100vw, (min-width: 1007px) 271px, (min-width: 915px) 339px, (min-width: 824px) 452px, (min-width: 732px) 678px, (min-width: 640px) 732px, \" \/><\/a><\/div><\/div><div style=\"padding:5px;\" class=\"fusion-grid-column fusion-gallery-column fusion-gallery-column-5 hover-type-none\"><div class=\"fusion-gallery-image\"><a href=\"https:\/\/www.lift-mtb.com\/wp-content\/uploads\/2022\/04\/lampe-pour-vtt-electrique-7-1-sur-1.jpg\" rel=\"noreferrer\" data-rel=\"iLightbox[gallery_image_1]\" class=\"fusion-lightbox\" target=\"_self\"><img decoding=\"async\" src=\"https:\/\/www.lift-mtb.com\/wp-content\/uploads\/2022\/04\/lampe-pour-vtt-electrique-7-1-sur-1.jpg\" width=\"4422\" height=\"2929\" alt=\"Die Lampe wird direkt von der Batterie des LIFT MTB Tretmotors gespeist. Der Verbrauch liegt bei 0,30 Ampere pro Stunde bei voller Leistung, wenn man die Modi mischt, kann man den Verbrauch leicht halbieren, was einen Verbrauch von etwa 1 Ampere pro Stunde erm\u00f6glicht. Modus 1: 600 Lumen \/ Stromverbrauch 0.10Ah Modus2: 1200 Lumen \/ Stromverbrauch 0.20Ah Modus3: 2000 Lumen \/ Stromverbrauch 0.30Ah Kabel zwischen Akku und Adapter ca. 40cm, um eine Verbindung mit dem Lenker herzustellen 36v\" title=\"Lampe f\u00fcr Elektro-Mountainbikes 7 (1 von 1)\" aria-label=\"Lampe f\u00fcr Elektro-Mountainbikes 7 (1 von 1)\" class=\"img-responsive wp-image-9476\" srcset=\"https:\/\/www.lift-mtb.com\/wp-content\/uploads\/2022\/04\/lampe-pour-vtt-electrique-7-1-sur-1-200x132.jpg 200w, https:\/\/www.lift-mtb.com\/wp-content\/uploads\/2022\/04\/lampe-pour-vtt-electrique-7-1-sur-1-400x265.jpg 400w, https:\/\/www.lift-mtb.com\/wp-content\/uploads\/2022\/04\/lampe-pour-vtt-electrique-7-1-sur-1-600x397.jpg 600w, https:\/\/www.lift-mtb.com\/wp-content\/uploads\/2022\/04\/lampe-pour-vtt-electrique-7-1-sur-1-800x530.jpg 800w, https:\/\/www.lift-mtb.com\/wp-content\/uploads\/2022\/04\/lampe-pour-vtt-electrique-7-1-sur-1-1200x795.jpg 1200w, https:\/\/www.lift-mtb.com\/wp-content\/uploads\/2022\/04\/lampe-pour-vtt-electrique-7-1-sur-1.jpg 2200w\" sizes=\"(min-width: 2200px) 100vw, (min-width: 1007px) 271px, (min-width: 915px) 339px, (min-width: 824px) 452px, (min-width: 732px) 678px, (min-width: 640px) 732px, \" \/><\/a><\/div><\/div><div style=\"padding:5px;\" class=\"fusion-grid-column fusion-gallery-column fusion-gallery-column-5 hover-type-none\"><div class=\"fusion-gallery-image\"><a href=\"https:\/\/www.lift-mtb.com\/wp-content\/uploads\/2022\/04\/lampe-pour-vtt-electrique-19-1-sur-1.jpg\" rel=\"noreferrer\" data-rel=\"iLightbox[gallery_image_1]\" class=\"fusion-lightbox\" target=\"_self\"><img decoding=\"async\" src=\"https:\/\/www.lift-mtb.com\/wp-content\/uploads\/2022\/04\/lampe-pour-vtt-electrique-19-1-sur-1.jpg\" width=\"3628\" height=\"2403\" alt=\"\" title=\"Lampe f\u00fcr Elektro-Mountainbikes 19 (1 von 1)\" aria-label=\"Lampe f\u00fcr Elektro-Mountainbikes 19 (1 von 1)\" class=\"img-responsive wp-image-9496\" srcset=\"https:\/\/www.lift-mtb.com\/wp-content\/uploads\/2022\/04\/lampe-pour-vtt-electrique-19-1-sur-1-200x132.jpg 200w, https:\/\/www.lift-mtb.com\/wp-content\/uploads\/2022\/04\/lampe-pour-vtt-electrique-19-1-sur-1-400x265.jpg 400w, https:\/\/www.lift-mtb.com\/wp-content\/uploads\/2022\/04\/lampe-pour-vtt-electrique-19-1-sur-1-600x397.jpg 600w, https:\/\/www.lift-mtb.com\/wp-content\/uploads\/2022\/04\/lampe-pour-vtt-electrique-19-1-sur-1-800x530.jpg 800w, https:\/\/www.lift-mtb.com\/wp-content\/uploads\/2022\/04\/lampe-pour-vtt-electrique-19-1-sur-1-1200x795.jpg 1200w, https:\/\/www.lift-mtb.com\/wp-content\/uploads\/2022\/04\/lampe-pour-vtt-electrique-19-1-sur-1.jpg 2200w\" sizes=\"(min-width: 2200px) 100vw, (min-width: 1007px) 271px, (min-width: 915px) 339px, (min-width: 824px) 452px, (min-width: 732px) 678px, (min-width: 640px) 732px, \" \/><\/a><\/div><\/div><div style=\"padding:5px;\" class=\"fusion-grid-column fusion-gallery-column fusion-gallery-column-5 hover-type-none\"><div class=\"fusion-gallery-image\"><a href=\"https:\/\/www.lift-mtb.com\/wp-content\/uploads\/2022\/04\/lampe-pour-vtt-electrique-14-1-sur-1.jpg\" rel=\"noreferrer\" data-rel=\"iLightbox[gallery_image_1]\" class=\"fusion-lightbox\" target=\"_self\"><img decoding=\"async\" src=\"https:\/\/www.lift-mtb.com\/wp-content\/uploads\/2022\/04\/lampe-pour-vtt-electrique-14-1-sur-1.jpg\" width=\"3610\" height=\"2391\" alt=\"nachtfahrten mit elektro-mountainbikes\" title=\"Lampe f\u00fcr Elektro-Mountainbikes 14 (1 von 1)\" aria-label=\"Lampe f\u00fcr Elektro-Mountainbikes 14 (1 von 1)\" class=\"img-responsive wp-image-9451\" srcset=\"https:\/\/www.lift-mtb.com\/wp-content\/uploads\/2022\/04\/lampe-pour-vtt-electrique-14-1-sur-1-200x132.jpg 200w, https:\/\/www.lift-mtb.com\/wp-content\/uploads\/2022\/04\/lampe-pour-vtt-electrique-14-1-sur-1-400x265.jpg 400w, https:\/\/www.lift-mtb.com\/wp-content\/uploads\/2022\/04\/lampe-pour-vtt-electrique-14-1-sur-1-600x397.jpg 600w, https:\/\/www.lift-mtb.com\/wp-content\/uploads\/2022\/04\/lampe-pour-vtt-electrique-14-1-sur-1-800x530.jpg 800w, https:\/\/www.lift-mtb.com\/wp-content\/uploads\/2022\/04\/lampe-pour-vtt-electrique-14-1-sur-1-1200x795.jpg 1200w, https:\/\/www.lift-mtb.com\/wp-content\/uploads\/2022\/04\/lampe-pour-vtt-electrique-14-1-sur-1.jpg 2200w\" sizes=\"(min-width: 2200px) 100vw, (min-width: 1007px) 271px, (min-width: 915px) 339px, (min-width: 824px) 452px, (min-width: 732px) 678px, (min-width: 640px) 732px, \" \/><\/a><\/div><\/div><div class=\"clearfix\"><\/div><\/div><\/div><div class=\"fusion-separator fusion-full-width-sep\" style=\"align-self: center;margin-left: auto;margin-right: auto;margin-bottom:50px;width:100%;\"><\/div><div class=\"awb-gallery-wrapper awb-gallery-wrapper-2 button-span-no\" style=\"--more-btn-alignment:center;\"><div style=\"margin:-5px;--awb-bordersize:0px;\" class=\"fusion-gallery fusion-gallery-container fusion-grid-3 fusion-columns-total-6 fusion-gallery-layout-grid fusion-gallery-2\"><div style=\"padding:5px;\" class=\"fusion-grid-column fusion-gallery-column fusion-gallery-column-3 hover-type-none\"><div class=\"fusion-gallery-image\"><a href=\"https:\/\/www.lift-mtb.com\/wp-content\/uploads\/2022\/04\/lampe-vtt-electrique-position-1-1-sur-1.jpg\" rel=\"noreferrer\" data-rel=\"iLightbox[gallery_image_2]\" class=\"fusion-lightbox\" target=\"_self\"><img decoding=\"async\" src=\"https:\/\/www.lift-mtb.com\/wp-content\/uploads\/2022\/04\/lampe-vtt-electrique-position-1-1-sur-1.jpg\" width=\"4928\" height=\"3264\" alt=\"Elektro-Mountainbike-Lampe Position 1\" title=\"Elektro-Mountainbike-Lampe Position 1\" aria-label=\"Elektro-Mountainbike-Lampe Position 1\" class=\"img-responsive wp-image-9542\" srcset=\"https:\/\/www.lift-mtb.com\/wp-content\/uploads\/2022\/04\/lampe-vtt-electrique-position-1-1-sur-1-200x132.jpg 200w, https:\/\/www.lift-mtb.com\/wp-content\/uploads\/2022\/04\/lampe-vtt-electrique-position-1-1-sur-1-400x265.jpg 400w, https:\/\/www.lift-mtb.com\/wp-content\/uploads\/2022\/04\/lampe-vtt-electrique-position-1-1-sur-1-600x397.jpg 600w, https:\/\/www.lift-mtb.com\/wp-content\/uploads\/2022\/04\/lampe-vtt-electrique-position-1-1-sur-1-800x530.jpg 800w, https:\/\/www.lift-mtb.com\/wp-content\/uploads\/2022\/04\/lampe-vtt-electrique-position-1-1-sur-1-1200x795.jpg 1200w, https:\/\/www.lift-mtb.com\/wp-content\/uploads\/2022\/04\/lampe-vtt-electrique-position-1-1-sur-1.jpg 2200w\" sizes=\"(min-width: 2200px) 100vw, (min-width: 824px) 455px, (min-width: 732px) 683px, (min-width: 640px) 732px, \" \/><\/a><\/div><\/div><div style=\"padding:5px;\" class=\"fusion-grid-column fusion-gallery-column fusion-gallery-column-3 hover-type-none\"><div class=\"fusion-gallery-image\"><a href=\"https:\/\/www.lift-mtb.com\/wp-content\/uploads\/2022\/04\/lampe-vtt-electrique-position-2-1-sur-1.jpg\" rel=\"noreferrer\" data-rel=\"iLightbox[gallery_image_2]\" class=\"fusion-lightbox\" target=\"_self\"><img decoding=\"async\" src=\"https:\/\/www.lift-mtb.com\/wp-content\/uploads\/2022\/04\/lampe-vtt-electrique-position-2-1-sur-1.jpg\" width=\"4928\" height=\"3264\" alt=\"elektrische mtb-lampe position 2\" title=\"Elektrische Mountainbike-Lampe Position 2\" aria-label=\"Elektrische Mountainbike-Lampe Position 2\" class=\"img-responsive wp-image-9547\" srcset=\"https:\/\/www.lift-mtb.com\/wp-content\/uploads\/2022\/04\/lampe-vtt-electrique-position-2-1-sur-1-200x132.jpg 200w, https:\/\/www.lift-mtb.com\/wp-content\/uploads\/2022\/04\/lampe-vtt-electrique-position-2-1-sur-1-400x265.jpg 400w, https:\/\/www.lift-mtb.com\/wp-content\/uploads\/2022\/04\/lampe-vtt-electrique-position-2-1-sur-1-600x397.jpg 600w, https:\/\/www.lift-mtb.com\/wp-content\/uploads\/2022\/04\/lampe-vtt-electrique-position-2-1-sur-1-800x530.jpg 800w, https:\/\/www.lift-mtb.com\/wp-content\/uploads\/2022\/04\/lampe-vtt-electrique-position-2-1-sur-1-1200x795.jpg 1200w, https:\/\/www.lift-mtb.com\/wp-content\/uploads\/2022\/04\/lampe-vtt-electrique-position-2-1-sur-1.jpg 2200w\" sizes=\"(min-width: 2200px) 100vw, (min-width: 824px) 455px, (min-width: 732px) 683px, (min-width: 640px) 732px, \" \/><\/a><\/div><\/div><div class=\"clearfix\"><\/div><div style=\"padding:5px;\" class=\"fusion-grid-column fusion-gallery-column fusion-gallery-column-3 hover-type-none\"><div class=\"fusion-gallery-image\"><a href=\"https:\/\/www.lift-mtb.com\/wp-content\/uploads\/2022\/04\/lampe-vtt-electrique-position-3-1-sur-1.jpg\" rel=\"noreferrer\" data-rel=\"iLightbox[gallery_image_2]\" class=\"fusion-lightbox\" target=\"_self\"><img decoding=\"async\" src=\"https:\/\/www.lift-mtb.com\/wp-content\/uploads\/2022\/04\/lampe-vtt-electrique-position-3-1-sur-1.jpg\" width=\"4928\" height=\"3264\" alt=\"Elektro-Mountainbike-Lampe Position 3\" title=\"Elektro-Mountainbike-Lampe Position 3\" aria-label=\"Elektro-Mountainbike-Lampe Position 3\" class=\"img-responsive wp-image-9552\" srcset=\"https:\/\/www.lift-mtb.com\/wp-content\/uploads\/2022\/04\/lampe-vtt-electrique-position-3-1-sur-1-200x132.jpg 200w, https:\/\/www.lift-mtb.com\/wp-content\/uploads\/2022\/04\/lampe-vtt-electrique-position-3-1-sur-1-400x265.jpg 400w, https:\/\/www.lift-mtb.com\/wp-content\/uploads\/2022\/04\/lampe-vtt-electrique-position-3-1-sur-1-600x397.jpg 600w, https:\/\/www.lift-mtb.com\/wp-content\/uploads\/2022\/04\/lampe-vtt-electrique-position-3-1-sur-1-800x530.jpg 800w, https:\/\/www.lift-mtb.com\/wp-content\/uploads\/2022\/04\/lampe-vtt-electrique-position-3-1-sur-1-1200x795.jpg 1200w, https:\/\/www.lift-mtb.com\/wp-content\/uploads\/2022\/04\/lampe-vtt-electrique-position-3-1-sur-1.jpg 2200w\" sizes=\"(min-width: 2200px) 100vw, (min-width: 824px) 455px, (min-width: 732px) 683px, (min-width: 640px) 732px, \" \/><\/a><\/div><\/div><div style=\"padding:5px;\" class=\"fusion-grid-column fusion-gallery-column fusion-gallery-column-3 hover-type-none\"><div class=\"fusion-gallery-image\"><a href=\"https:\/\/www.lift-mtb.com\/wp-content\/uploads\/2022\/04\/lampe-pour-vtt-electrique-position-1-1-sur-1.jpg\" rel=\"noreferrer\" data-rel=\"iLightbox[gallery_image_2]\" class=\"fusion-lightbox\" target=\"_self\"><img decoding=\"async\" src=\"https:\/\/www.lift-mtb.com\/wp-content\/uploads\/2022\/04\/lampe-pour-vtt-electrique-position-1-1-sur-1.jpg\" width=\"4491\" height=\"2975\" alt=\"MTB-Lampe Position 1\" title=\"lampe f\u00fcr mountainbikes position 1\" aria-label=\"lampe f\u00fcr mountainbikes position 1\" class=\"img-responsive wp-image-9527\" srcset=\"https:\/\/www.lift-mtb.com\/wp-content\/uploads\/2022\/04\/lampe-pour-vtt-electrique-position-1-1-sur-1-200x132.jpg 200w, https:\/\/www.lift-mtb.com\/wp-content\/uploads\/2022\/04\/lampe-pour-vtt-electrique-position-1-1-sur-1-400x265.jpg 400w, https:\/\/www.lift-mtb.com\/wp-content\/uploads\/2022\/04\/lampe-pour-vtt-electrique-position-1-1-sur-1-600x397.jpg 600w, https:\/\/www.lift-mtb.com\/wp-content\/uploads\/2022\/04\/lampe-pour-vtt-electrique-position-1-1-sur-1-800x530.jpg 800w, https:\/\/www.lift-mtb.com\/wp-content\/uploads\/2022\/04\/lampe-pour-vtt-electrique-position-1-1-sur-1-1200x795.jpg 1200w, https:\/\/www.lift-mtb.com\/wp-content\/uploads\/2022\/04\/lampe-pour-vtt-electrique-position-1-1-sur-1.jpg 2200w\" sizes=\"(min-width: 2200px) 100vw, (min-width: 824px) 455px, (min-width: 732px) 683px, (min-width: 640px) 732px, \" \/><\/a><\/div><\/div><div style=\"padding:5px;\" class=\"fusion-grid-column fusion-gallery-column fusion-gallery-column-3 hover-type-none\"><div class=\"fusion-gallery-image\"><a href=\"https:\/\/www.lift-mtb.com\/wp-content\/uploads\/2022\/04\/lampe-pour-vtt-electrique-position-2-1-sur-1.jpg\" rel=\"noreferrer\" data-rel=\"iLightbox[gallery_image_2]\" class=\"fusion-lightbox\" target=\"_self\"><img decoding=\"async\" src=\"https:\/\/www.lift-mtb.com\/wp-content\/uploads\/2022\/04\/lampe-pour-vtt-electrique-position-2-1-sur-1.jpg\" width=\"4535\" height=\"3004\" alt=\"MTB-Lampe Position 2\" title=\"Lampe f\u00fcr Mountainbikes\" aria-label=\"Lampe f\u00fcr Mountainbikes\" class=\"img-responsive wp-image-9532\" srcset=\"https:\/\/www.lift-mtb.com\/wp-content\/uploads\/2022\/04\/lampe-pour-vtt-electrique-position-2-1-sur-1-200x132.jpg 200w, https:\/\/www.lift-mtb.com\/wp-content\/uploads\/2022\/04\/lampe-pour-vtt-electrique-position-2-1-sur-1-400x265.jpg 400w, https:\/\/www.lift-mtb.com\/wp-content\/uploads\/2022\/04\/lampe-pour-vtt-electrique-position-2-1-sur-1-600x397.jpg 600w, https:\/\/www.lift-mtb.com\/wp-content\/uploads\/2022\/04\/lampe-pour-vtt-electrique-position-2-1-sur-1-800x530.jpg 800w, https:\/\/www.lift-mtb.com\/wp-content\/uploads\/2022\/04\/lampe-pour-vtt-electrique-position-2-1-sur-1-1200x795.jpg 1200w, https:\/\/www.lift-mtb.com\/wp-content\/uploads\/2022\/04\/lampe-pour-vtt-electrique-position-2-1-sur-1.jpg 2200w\" sizes=\"(min-width: 2200px) 100vw, (min-width: 824px) 455px, (min-width: 732px) 683px, (min-width: 640px) 732px, \" \/><\/a><\/div><\/div><div class=\"clearfix\"><\/div><div style=\"padding:5px;\" class=\"fusion-grid-column fusion-gallery-column fusion-gallery-column-3 hover-type-none\"><div class=\"fusion-gallery-image\"><a href=\"https:\/\/www.lift-mtb.com\/wp-content\/uploads\/2022\/04\/lampe-pour-vtt-electrique-position-3-1-sur-1.jpg\" rel=\"noreferrer\" data-rel=\"iLightbox[gallery_image_2]\" class=\"fusion-lightbox\" target=\"_self\"><img decoding=\"async\" src=\"https:\/\/www.lift-mtb.com\/wp-content\/uploads\/2022\/04\/lampe-pour-vtt-electrique-position-3-1-sur-1.jpg\" width=\"4337\" height=\"2873\" alt=\"Elektro-Mountainbike-Lampe Position 3\" title=\"lampe f\u00fcr mountainbike position 3\" aria-label=\"lampe f\u00fcr mountainbike position 3\" class=\"img-responsive wp-image-9537\" srcset=\"https:\/\/www.lift-mtb.com\/wp-content\/uploads\/2022\/04\/lampe-pour-vtt-electrique-position-3-1-sur-1-200x132.jpg 200w, https:\/\/www.lift-mtb.com\/wp-content\/uploads\/2022\/04\/lampe-pour-vtt-electrique-position-3-1-sur-1-400x265.jpg 400w, https:\/\/www.lift-mtb.com\/wp-content\/uploads\/2022\/04\/lampe-pour-vtt-electrique-position-3-1-sur-1-600x397.jpg 600w, https:\/\/www.lift-mtb.com\/wp-content\/uploads\/2022\/04\/lampe-pour-vtt-electrique-position-3-1-sur-1-800x530.jpg 800w, https:\/\/www.lift-mtb.com\/wp-content\/uploads\/2022\/04\/lampe-pour-vtt-electrique-position-3-1-sur-1-1200x795.jpg 1200w, https:\/\/www.lift-mtb.com\/wp-content\/uploads\/2022\/04\/lampe-pour-vtt-electrique-position-3-1-sur-1.jpg 2200w\" sizes=\"(min-width: 2200px) 100vw, (min-width: 824px) 455px, (min-width: 732px) 683px, (min-width: 640px) 732px, \" \/><\/a><\/div><\/div><\/div><\/div><div class=\"fusion-separator fusion-full-width-sep\" style=\"align-self: center;margin-left: auto;margin-right: auto;margin-bottom:20px;width:100%;\"><\/div><div style=\"text-align:center;\"><a class=\"fusion-button button-flat fusion-button-default-size button-default fusion-button-default button-1 fusion-button-default-span fusion-button-default-type\" target=\"_self\" href=\"https:\/de\/produit\/lampe-fur-elektrofahrrad\/\"><i class=\"fa-lightbulb fas awb-button__icon awb-button__icon--default button-icon-left\" aria-hidden=\"true\"><\/i><span class=\"fusion-button-text awb-button__text awb-button__text--default\">Bestellen Sie Ihre Lampe am Lenker!<\/span><\/a><\/div><\/div><\/div><\/div><\/div><\/p>\n","protected":false},"excerpt":{"rendered":"","protected":false},"author":2,"featured_media":9404,"comment_status":"open","ping_status":"open","sticky":false,"template":"","format":"standard","meta":{"footnotes":""},"categories":[903],"tags":[],"class_list":["post-36960","post","type-post","status-publish","format-standard","has-post-thumbnail","hentry","category-haeufig-gestellte-fragen"],"yoast_head":"<!-- This site is optimized with the Yoast SEO plugin v26.9 - https:\/\/yoast.com\/product\/yoast-seo-wordpress\/ -->\n<title>Elektrische Fahrradlampe am Lenker mit Stromversorgung \u00fcber die Batterie.<\/title>\n<meta name=\"description\" content=\"Lampe f\u00fcr Elektrofahrr\u00e4der mit 6000 Lumen, die von der Batterie des 36-V-Motors des Elektrofahrrads gespeist wird. Ideal f\u00fcr n\u00e4chtliche Mountainbike-Touren.\" \/>\n<meta name=\"robots\" content=\"index, follow, max-snippet:-1, max-image-preview:large, max-video-preview:-1\" \/>\n<link rel=\"canonical\" href=\"https:\/\/www.lift-mtb.com\/de\/licht-fuer-elektrofahrraeder\/\" \/>\n<meta property=\"og:locale\" content=\"de_DE\" \/>\n<meta property=\"og:type\" content=\"article\" \/>\n<meta property=\"og:title\" content=\"Elektrische Fahrradlampe am Lenker mit Stromversorgung \u00fcber die Batterie.\" \/>\n<meta property=\"og:description\" content=\"Lampe f\u00fcr Elektrofahrr\u00e4der mit 6000 Lumen, die von der Batterie des 36-V-Motors des Elektrofahrrads gespeist wird. Ideal f\u00fcr n\u00e4chtliche Mountainbike-Touren.\" \/>\n<meta property=\"og:url\" content=\"https:\/\/www.lift-mtb.com\/de\/licht-fuer-elektrofahrraeder\/\" \/>\n<meta property=\"og:site_name\" content=\"LIFT-MTB\" \/>\n<meta property=\"article:published_time\" content=\"2022-04-07T15:29:51+00:00\" \/>\n<meta property=\"article:modified_time\" content=\"2023-01-22T18:59:12+00:00\" \/>\n<meta property=\"og:image\" content=\"https:\/\/www.lift-mtb.com\/wp-content\/uploads\/2022\/04\/lampe-pour-vtt-electrique-12-1-sur-1.jpg\" \/>\n\t<meta property=\"og:image:width\" content=\"4703\" \/>\n\t<meta property=\"og:image:height\" content=\"3115\" \/>\n\t<meta property=\"og:image:type\" content=\"image\/jpeg\" \/>\n<meta name=\"author\" content=\"Matthieu Faury\" \/>\n<meta name=\"twitter:card\" content=\"summary_large_image\" \/>\n<meta name=\"twitter:label1\" content=\"Verfasst von\" \/>\n\t<meta name=\"twitter:data1\" content=\"Matthieu Faury\" \/>\n\t<meta name=\"twitter:label2\" content=\"Gesch\u00e4tzte Lesezeit\" \/>\n\t<meta name=\"twitter:data2\" content=\"25\u00a0Minuten\" \/>\n<script type=\"application\/ld+json\" class=\"yoast-schema-graph\">{\"@context\":\"https:\/\/schema.org\",\"@graph\":[{\"@type\":\"Article\",\"@id\":\"https:\/\/www.lift-mtb.com\/de\/licht-fuer-elektrofahrraeder\/#article\",\"isPartOf\":{\"@id\":\"https:\/\/www.lift-mtb.com\/de\/licht-fuer-elektrofahrraeder\/\"},\"author\":{\"name\":\"Matthieu Faury\",\"@id\":\"https:\/\/www.lift-mtb.com\/de\/#\/schema\/person\/d6965e242e3774f6f917c3d58e7b95c0\"},\"headline\":\"Leistungsstarkes LED-Licht f\u00fcr Elektrofahrr\u00e4der\",\"datePublished\":\"2022-04-07T15:29:51+00:00\",\"dateModified\":\"2023-01-22T18:59:12+00:00\",\"mainEntityOfPage\":{\"@id\":\"https:\/\/www.lift-mtb.com\/de\/licht-fuer-elektrofahrraeder\/\"},\"wordCount\":12437,\"commentCount\":0,\"publisher\":{\"@id\":\"https:\/\/www.lift-mtb.com\/de\/#organization\"},\"image\":{\"@id\":\"https:\/\/www.lift-mtb.com\/de\/licht-fuer-elektrofahrraeder\/#primaryimage\"},\"thumbnailUrl\":\"https:\/\/www.lift-mtb.com\/wp-content\/uploads\/2022\/04\/lampe-pour-vtt-electrique-12-1-sur-1.jpg\",\"articleSection\":[\"H\u00e4ufig gestellte Fragen\"],\"inLanguage\":\"de\",\"potentialAction\":[{\"@type\":\"CommentAction\",\"name\":\"Comment\",\"target\":[\"https:\/\/www.lift-mtb.com\/de\/licht-fuer-elektrofahrraeder\/#respond\"]}]},{\"@type\":\"WebPage\",\"@id\":\"https:\/\/www.lift-mtb.com\/de\/licht-fuer-elektrofahrraeder\/\",\"url\":\"https:\/\/www.lift-mtb.com\/de\/licht-fuer-elektrofahrraeder\/\",\"name\":\"Elektrische Fahrradlampe am Lenker mit Stromversorgung \u00fcber die Batterie.\",\"isPartOf\":{\"@id\":\"https:\/\/www.lift-mtb.com\/de\/#website\"},\"primaryImageOfPage\":{\"@id\":\"https:\/\/www.lift-mtb.com\/de\/licht-fuer-elektrofahrraeder\/#primaryimage\"},\"image\":{\"@id\":\"https:\/\/www.lift-mtb.com\/de\/licht-fuer-elektrofahrraeder\/#primaryimage\"},\"thumbnailUrl\":\"https:\/\/www.lift-mtb.com\/wp-content\/uploads\/2022\/04\/lampe-pour-vtt-electrique-12-1-sur-1.jpg\",\"datePublished\":\"2022-04-07T15:29:51+00:00\",\"dateModified\":\"2023-01-22T18:59:12+00:00\",\"description\":\"Lampe f\u00fcr Elektrofahrr\u00e4der mit 6000 Lumen, die von der Batterie des 36-V-Motors des Elektrofahrrads gespeist wird. Ideal f\u00fcr n\u00e4chtliche Mountainbike-Touren.\",\"breadcrumb\":{\"@id\":\"https:\/\/www.lift-mtb.com\/de\/licht-fuer-elektrofahrraeder\/#breadcrumb\"},\"inLanguage\":\"de\",\"potentialAction\":[{\"@type\":\"ReadAction\",\"target\":[\"https:\/\/www.lift-mtb.com\/de\/licht-fuer-elektrofahrraeder\/\"]}]},{\"@type\":\"ImageObject\",\"inLanguage\":\"de\",\"@id\":\"https:\/\/www.lift-mtb.com\/de\/licht-fuer-elektrofahrraeder\/#primaryimage\",\"url\":\"https:\/\/www.lift-mtb.com\/wp-content\/uploads\/2022\/04\/lampe-pour-vtt-electrique-12-1-sur-1.jpg\",\"contentUrl\":\"https:\/\/www.lift-mtb.com\/wp-content\/uploads\/2022\/04\/lampe-pour-vtt-electrique-12-1-sur-1.jpg\",\"width\":4703,\"height\":3115,\"caption\":\"Lampe f\u00fcr Elektro-Mountainbikes\"},{\"@type\":\"BreadcrumbList\",\"@id\":\"https:\/\/www.lift-mtb.com\/de\/licht-fuer-elektrofahrraeder\/#breadcrumb\",\"itemListElement\":[{\"@type\":\"ListItem\",\"position\":1,\"name\":\"Accueil\",\"item\":\"https:\/\/www.lift-mtb.com\/de\/\"},{\"@type\":\"ListItem\",\"position\":2,\"name\":\"H\u00e4ufig gestellte Fragen\",\"item\":\"https:\/\/www.lift-mtb.com\/de\/kategorie\/haeufig-gestellte-fragen\/\"},{\"@type\":\"ListItem\",\"position\":3,\"name\":\"Leistungsstarkes LED-Licht f\u00fcr Elektrofahrr\u00e4der\"}]},{\"@type\":\"WebSite\",\"@id\":\"https:\/\/www.lift-mtb.com\/de\/#website\",\"url\":\"https:\/\/www.lift-mtb.com\/de\/\",\"name\":\"LIFT-MTB\",\"description\":\"Transformer son v\u00e9lo en \u00e9lectrique rapidement !\",\"publisher\":{\"@id\":\"https:\/\/www.lift-mtb.com\/de\/#organization\"},\"potentialAction\":[{\"@type\":\"SearchAction\",\"target\":{\"@type\":\"EntryPoint\",\"urlTemplate\":\"https:\/\/www.lift-mtb.com\/de\/?s={search_term_string}\"},\"query-input\":{\"@type\":\"PropertyValueSpecification\",\"valueRequired\":true,\"valueName\":\"search_term_string\"}}],\"inLanguage\":\"de\"},{\"@type\":\"Organization\",\"@id\":\"https:\/\/www.lift-mtb.com\/de\/#organization\",\"name\":\"LIFT-MTB\",\"url\":\"https:\/\/www.lift-mtb.com\/de\/\",\"logo\":{\"@type\":\"ImageObject\",\"inLanguage\":\"de\",\"@id\":\"https:\/\/www.lift-mtb.com\/de\/#\/schema\/logo\/image\/\",\"url\":\"https:\/\/www.lift-mtb.com\/wp-content\/uploads\/2022\/01\/electric-kit-for-bike-1.jpg\",\"contentUrl\":\"https:\/\/www.lift-mtb.com\/wp-content\/uploads\/2022\/01\/electric-kit-for-bike-1.jpg\",\"width\":1223,\"height\":560,\"caption\":\"LIFT-MTB\"},\"image\":{\"@id\":\"https:\/\/www.lift-mtb.com\/de\/#\/schema\/logo\/image\/\"}},{\"@type\":\"Person\",\"@id\":\"https:\/\/www.lift-mtb.com\/de\/#\/schema\/person\/d6965e242e3774f6f917c3d58e7b95c0\",\"name\":\"Matthieu Faury\",\"image\":{\"@type\":\"ImageObject\",\"inLanguage\":\"de\",\"@id\":\"https:\/\/www.lift-mtb.com\/de\/#\/schema\/person\/image\/\",\"url\":\"https:\/\/secure.gravatar.com\/avatar\/fecbe9c229b0a3c6bde685d4e26b515d2d8562b037c3fe10c4da04969b90b9be?s=96&d=mm&r=g\",\"contentUrl\":\"https:\/\/secure.gravatar.com\/avatar\/fecbe9c229b0a3c6bde685d4e26b515d2d8562b037c3fe10c4da04969b90b9be?s=96&d=mm&r=g\",\"caption\":\"Matthieu Faury\"},\"url\":\"https:\/\/www.lift-mtb.com\"}]}<\/script>\n<!-- \/ Yoast SEO plugin. -->","yoast_head_json":{"title":"Elektrische Fahrradlampe am Lenker mit Stromversorgung \u00fcber die Batterie.","description":"Lampe f\u00fcr Elektrofahrr\u00e4der mit 6000 Lumen, die von der Batterie des 36-V-Motors des Elektrofahrrads gespeist wird. Ideal f\u00fcr n\u00e4chtliche Mountainbike-Touren.","robots":{"index":"index","follow":"follow","max-snippet":"max-snippet:-1","max-image-preview":"max-image-preview:large","max-video-preview":"max-video-preview:-1"},"canonical":"https:\/\/www.lift-mtb.com\/de\/licht-fuer-elektrofahrraeder\/","og_locale":"de_DE","og_type":"article","og_title":"Elektrische Fahrradlampe am Lenker mit Stromversorgung \u00fcber die Batterie.","og_description":"Lampe f\u00fcr Elektrofahrr\u00e4der mit 6000 Lumen, die von der Batterie des 36-V-Motors des Elektrofahrrads gespeist wird. Ideal f\u00fcr n\u00e4chtliche Mountainbike-Touren.","og_url":"https:\/\/www.lift-mtb.com\/de\/licht-fuer-elektrofahrraeder\/","og_site_name":"LIFT-MTB","article_published_time":"2022-04-07T15:29:51+00:00","article_modified_time":"2023-01-22T18:59:12+00:00","og_image":[{"width":4703,"height":3115,"url":"https:\/\/www.lift-mtb.com\/wp-content\/uploads\/2022\/04\/lampe-pour-vtt-electrique-12-1-sur-1.jpg","type":"image\/jpeg"}],"author":"Matthieu Faury","twitter_card":"summary_large_image","twitter_misc":{"Verfasst von":"Matthieu Faury","Gesch\u00e4tzte Lesezeit":"25\u00a0Minuten"},"schema":{"@context":"https:\/\/schema.org","@graph":[{"@type":"Article","@id":"https:\/\/www.lift-mtb.com\/de\/licht-fuer-elektrofahrraeder\/#article","isPartOf":{"@id":"https:\/\/www.lift-mtb.com\/de\/licht-fuer-elektrofahrraeder\/"},"author":{"name":"Matthieu Faury","@id":"https:\/\/www.lift-mtb.com\/de\/#\/schema\/person\/d6965e242e3774f6f917c3d58e7b95c0"},"headline":"Leistungsstarkes LED-Licht f\u00fcr Elektrofahrr\u00e4der","datePublished":"2022-04-07T15:29:51+00:00","dateModified":"2023-01-22T18:59:12+00:00","mainEntityOfPage":{"@id":"https:\/\/www.lift-mtb.com\/de\/licht-fuer-elektrofahrraeder\/"},"wordCount":12437,"commentCount":0,"publisher":{"@id":"https:\/\/www.lift-mtb.com\/de\/#organization"},"image":{"@id":"https:\/\/www.lift-mtb.com\/de\/licht-fuer-elektrofahrraeder\/#primaryimage"},"thumbnailUrl":"https:\/\/www.lift-mtb.com\/wp-content\/uploads\/2022\/04\/lampe-pour-vtt-electrique-12-1-sur-1.jpg","articleSection":["H\u00e4ufig gestellte Fragen"],"inLanguage":"de","potentialAction":[{"@type":"CommentAction","name":"Comment","target":["https:\/\/www.lift-mtb.com\/de\/licht-fuer-elektrofahrraeder\/#respond"]}]},{"@type":"WebPage","@id":"https:\/\/www.lift-mtb.com\/de\/licht-fuer-elektrofahrraeder\/","url":"https:\/\/www.lift-mtb.com\/de\/licht-fuer-elektrofahrraeder\/","name":"Elektrische Fahrradlampe am Lenker mit Stromversorgung \u00fcber die Batterie.","isPartOf":{"@id":"https:\/\/www.lift-mtb.com\/de\/#website"},"primaryImageOfPage":{"@id":"https:\/\/www.lift-mtb.com\/de\/licht-fuer-elektrofahrraeder\/#primaryimage"},"image":{"@id":"https:\/\/www.lift-mtb.com\/de\/licht-fuer-elektrofahrraeder\/#primaryimage"},"thumbnailUrl":"https:\/\/www.lift-mtb.com\/wp-content\/uploads\/2022\/04\/lampe-pour-vtt-electrique-12-1-sur-1.jpg","datePublished":"2022-04-07T15:29:51+00:00","dateModified":"2023-01-22T18:59:12+00:00","description":"Lampe f\u00fcr Elektrofahrr\u00e4der mit 6000 Lumen, die von der Batterie des 36-V-Motors des Elektrofahrrads gespeist wird. Ideal f\u00fcr n\u00e4chtliche Mountainbike-Touren.","breadcrumb":{"@id":"https:\/\/www.lift-mtb.com\/de\/licht-fuer-elektrofahrraeder\/#breadcrumb"},"inLanguage":"de","potentialAction":[{"@type":"ReadAction","target":["https:\/\/www.lift-mtb.com\/de\/licht-fuer-elektrofahrraeder\/"]}]},{"@type":"ImageObject","inLanguage":"de","@id":"https:\/\/www.lift-mtb.com\/de\/licht-fuer-elektrofahrraeder\/#primaryimage","url":"https:\/\/www.lift-mtb.com\/wp-content\/uploads\/2022\/04\/lampe-pour-vtt-electrique-12-1-sur-1.jpg","contentUrl":"https:\/\/www.lift-mtb.com\/wp-content\/uploads\/2022\/04\/lampe-pour-vtt-electrique-12-1-sur-1.jpg","width":4703,"height":3115,"caption":"Lampe f\u00fcr Elektro-Mountainbikes"},{"@type":"BreadcrumbList","@id":"https:\/\/www.lift-mtb.com\/de\/licht-fuer-elektrofahrraeder\/#breadcrumb","itemListElement":[{"@type":"ListItem","position":1,"name":"Accueil","item":"https:\/\/www.lift-mtb.com\/de\/"},{"@type":"ListItem","position":2,"name":"H\u00e4ufig gestellte Fragen","item":"https:\/\/www.lift-mtb.com\/de\/kategorie\/haeufig-gestellte-fragen\/"},{"@type":"ListItem","position":3,"name":"Leistungsstarkes LED-Licht f\u00fcr Elektrofahrr\u00e4der"}]},{"@type":"WebSite","@id":"https:\/\/www.lift-mtb.com\/de\/#website","url":"https:\/\/www.lift-mtb.com\/de\/","name":"LIFT-MTB","description":"Transformer son v\u00e9lo en \u00e9lectrique rapidement !","publisher":{"@id":"https:\/\/www.lift-mtb.com\/de\/#organization"},"potentialAction":[{"@type":"SearchAction","target":{"@type":"EntryPoint","urlTemplate":"https:\/\/www.lift-mtb.com\/de\/?s={search_term_string}"},"query-input":{"@type":"PropertyValueSpecification","valueRequired":true,"valueName":"search_term_string"}}],"inLanguage":"de"},{"@type":"Organization","@id":"https:\/\/www.lift-mtb.com\/de\/#organization","name":"LIFT-MTB","url":"https:\/\/www.lift-mtb.com\/de\/","logo":{"@type":"ImageObject","inLanguage":"de","@id":"https:\/\/www.lift-mtb.com\/de\/#\/schema\/logo\/image\/","url":"https:\/\/www.lift-mtb.com\/wp-content\/uploads\/2022\/01\/electric-kit-for-bike-1.jpg","contentUrl":"https:\/\/www.lift-mtb.com\/wp-content\/uploads\/2022\/01\/electric-kit-for-bike-1.jpg","width":1223,"height":560,"caption":"LIFT-MTB"},"image":{"@id":"https:\/\/www.lift-mtb.com\/de\/#\/schema\/logo\/image\/"}},{"@type":"Person","@id":"https:\/\/www.lift-mtb.com\/de\/#\/schema\/person\/d6965e242e3774f6f917c3d58e7b95c0","name":"Matthieu Faury","image":{"@type":"ImageObject","inLanguage":"de","@id":"https:\/\/www.lift-mtb.com\/de\/#\/schema\/person\/image\/","url":"https:\/\/secure.gravatar.com\/avatar\/fecbe9c229b0a3c6bde685d4e26b515d2d8562b037c3fe10c4da04969b90b9be?s=96&d=mm&r=g","contentUrl":"https:\/\/secure.gravatar.com\/avatar\/fecbe9c229b0a3c6bde685d4e26b515d2d8562b037c3fe10c4da04969b90b9be?s=96&d=mm&r=g","caption":"Matthieu Faury"},"url":"https:\/\/www.lift-mtb.com"}]}},"_links":{"self":[{"href":"https:\/\/www.lift-mtb.com\/de\/wp-json\/wp\/v2\/posts\/36960","targetHints":{"allow":["GET"]}}],"collection":[{"href":"https:\/\/www.lift-mtb.com\/de\/wp-json\/wp\/v2\/posts"}],"about":[{"href":"https:\/\/www.lift-mtb.com\/de\/wp-json\/wp\/v2\/types\/post"}],"author":[{"embeddable":true,"href":"https:\/\/www.lift-mtb.com\/de\/wp-json\/wp\/v2\/users\/2"}],"replies":[{"embeddable":true,"href":"https:\/\/www.lift-mtb.com\/de\/wp-json\/wp\/v2\/comments?post=36960"}],"version-history":[{"count":5,"href":"https:\/\/www.lift-mtb.com\/de\/wp-json\/wp\/v2\/posts\/36960\/revisions"}],"predecessor-version":[{"id":44870,"href":"https:\/\/www.lift-mtb.com\/de\/wp-json\/wp\/v2\/posts\/36960\/revisions\/44870"}],"wp:featuredmedia":[{"embeddable":true,"href":"https:\/\/www.lift-mtb.com\/de\/wp-json\/wp\/v2\/media\/9404"}],"wp:attachment":[{"href":"https:\/\/www.lift-mtb.com\/de\/wp-json\/wp\/v2\/media?parent=36960"}],"wp:term":[{"taxonomy":"category","embeddable":true,"href":"https:\/\/www.lift-mtb.com\/de\/wp-json\/wp\/v2\/categories?post=36960"},{"taxonomy":"post_tag","embeddable":true,"href":"https:\/\/www.lift-mtb.com\/de\/wp-json\/wp\/v2\/tags?post=36960"}],"curies":[{"name":"wp","href":"https:\/\/api.w.org\/{rel}","templated":true}]}}