{"id":36546,"date":"2022-07-05T15:31:29","date_gmt":"2022-07-05T13:31:29","guid":{"rendered":"https:\/como-elegir-una-bateria-de-bicicleta-electrica\/"},"modified":"2023-01-22T19:14:56","modified_gmt":"2023-01-22T18:14:56","slug":"como-elegir-una-bateria-de-bicicleta-electrica","status":"publish","type":"post","link":"https:\/\/www.lift-mtb.com\/es\/como-elegir-una-bateria-de-bicicleta-electrica\/","title":{"rendered":"\u00bfC\u00f3mo elegir una bater\u00eda de bicicleta el\u00e9ctrica?"},"content":{"rendered":"<p><div class=\"fusion-fullwidth fullwidth-box fusion-builder-row-1 fusion-flex-container nonhundred-percent-fullwidth non-hundred-percent-height-scrolling\" style=\"--awb-border-radius-top-left:0px;--awb-border-radius-top-right:0px;--awb-border-radius-bottom-right:0px;--awb-border-radius-bottom-left:0px;--awb-flex-wrap:wrap;\" ><div class=\"fusion-builder-row fusion-row fusion-flex-align-items-flex-start fusion-flex-content-wrap\" style=\"max-width:1430px;margin-left: calc(-4% \/ 2 );margin-right: calc(-4% \/ 2 );\"><div class=\"fusion-layout-column fusion_builder_column fusion-builder-column-0 fusion_builder_column_1_1 1_1 fusion-flex-column\" style=\"--awb-bg-size:cover;--awb-width-large:100%;--awb-margin-top-large:0px;--awb-spacing-right-large:1.92%;--awb-margin-bottom-large:0px;--awb-spacing-left-large:1.92%;--awb-width-medium:100%;--awb-order-medium:0;--awb-spacing-right-medium:1.92%;--awb-spacing-left-medium:1.92%;--awb-width-small:100%;--awb-order-small:0;--awb-spacing-right-small:0%;--awb-margin-bottom-small:0px;--awb-spacing-left-small:0%;\"><div class=\"fusion-column-wrapper fusion-column-has-shadow fusion-flex-justify-content-flex-start fusion-content-layout-column\"><progress class=\"fusion-scroll-progress fusion-scroll-progress-1 fusion-fixed-top\" max=\"100\" style=\"--awb-height:10px;--awb-border-size:0px;--awb-background-color:#f2f3f5;--awb-progress-color:var(--awb-color7);--awb-border-color:#ffffff;\"><\/progress><div class=\"fusion-title title fusion-title-1 fusion-title-center fusion-title-text fusion-title-size-one\"><div class=\"title-sep-container title-sep-container-left\"><div class=\"title-sep sep- sep-solid\" style=\"border-color:#e2e2e2;\"><\/div><\/div><span class=\"awb-title-spacer\"><\/span><h1 class=\"fusion-title-heading title-heading-center fusion-responsive-typography-calculated\" style=\"margin:0;--fontSize:48;line-height:1.14;\"><h2 style=\"text-align: center;\">Autonom\u00eda de la bicicleta el\u00e9ctrica: \u00bfC\u00f3mo elegir una bater\u00eda?<\/h2><\/h1><span class=\"awb-title-spacer\"><\/span><div class=\"title-sep-container title-sep-container-right\"><div class=\"title-sep sep- sep-solid\" style=\"border-color:#e2e2e2;\"><\/div><\/div><\/div><\/div><\/div><\/div><\/div><div class=\"fusion-fullwidth fullwidth-box fusion-builder-row-2 fusion-flex-container nonhundred-percent-fullwidth non-hundred-percent-height-scrolling fusion-no-medium-visibility fusion-no-large-visibility\" style=\"--awb-border-radius-top-left:0px;--awb-border-radius-top-right:0px;--awb-border-radius-bottom-right:0px;--awb-border-radius-bottom-left:0px;--awb-padding-right:10px;--awb-padding-left:10px;--awb-flex-wrap:wrap;\" ><div class=\"fusion-builder-row fusion-row fusion-flex-align-items-center fusion-flex-content-wrap\" style=\"max-width:1430px;margin-left: calc(-4% \/ 2 );margin-right: calc(-4% \/ 2 );\"><div class=\"fusion-layout-column fusion_builder_column fusion-builder-column-1 fusion_builder_column_1_1 1_1 fusion-flex-column\" style=\"--awb-bg-size:cover;--awb-width-large:100%;--awb-margin-top-large:0px;--awb-spacing-right-large:1.92%;--awb-margin-bottom-large:20px;--awb-spacing-left-large:1.92%;--awb-width-medium:100%;--awb-order-medium:0;--awb-spacing-right-medium:1.92%;--awb-spacing-left-medium:1.92%;--awb-width-small:100%;--awb-order-small:0;--awb-spacing-right-small:1.92%;--awb-margin-bottom-small:0px;--awb-spacing-left-small:1.92%;\"><div class=\"fusion-column-wrapper fusion-column-has-shadow fusion-flex-justify-content-flex-start fusion-content-layout-column\"><div class=\"fusion-text fusion-text-1\"><p>Al igual que el dep\u00f3sito de un coche contiene un volumen de combustible expresado en <strong>litros<\/strong>, la <strong>bater\u00eda de una bicicleta<\/strong> el\u00e9ctrica contiene una cantidad de energ\u00eda expresada en <strong>amperios\/hora<\/strong> o <strong>vatios\/hora<\/strong>.<\/p>\n<\/div><div class=\"fusion-image-element \" style=\"text-align:center;--awb-margin-top:10px;--awb-margin-bottom:20px;--awb-caption-title-font-family:var(--h2_typography-font-family);--awb-caption-title-font-weight:var(--h2_typography-font-weight);--awb-caption-title-font-style:var(--h2_typography-font-style);--awb-caption-title-size:var(--h2_typography-font-size);--awb-caption-title-transform:var(--h2_typography-text-transform);--awb-caption-title-line-height:var(--h2_typography-line-height);--awb-caption-title-letter-spacing:var(--h2_typography-letter-spacing);\"><span class=\" fusion-imageframe imageframe-none imageframe-1 hover-type-none\"><img decoding=\"async\" width=\"4710\" height=\"3120\" alt=\"batterie vtt lift mtb 11.6ah\" title=\"bater\u00eda vttae lift mtb 8.7ah 11.6ah + bolsa\" src=\"http:\/\/lift-mtb.com\/wp-content\/uploads\/2022\/02\/batterie-vttae-lift-mtb-8-7ah-11-6ah-bag.jpg\" class=\"img-responsive wp-image-8418\"\/><\/span><\/div><div class=\"fusion-text fusion-text-2\"><p>As\u00ed que, al igual que un dep\u00f3sito, cuanto mayor sea la capacidad de una bater\u00eda (en amperios\/horas o vatios\/horas), m\u00e1s energ\u00eda podr\u00e1 almacenar, de modo que podr\u00e1 circular durante m\u00e1s tiempo.<\/p>\n<p>La potencia del motor de los pedales <strong>seguir\u00e1 <\/strong>siendo la misma independientemente de la capacidad de la <strong>bater\u00eda de la bicicleta<\/strong> el\u00e9ctrica elegida.<\/p>\n<\/div><div class=\"fusion-text fusion-text-3\"><p>Para simplificar las cosas, hemos elaborado una tabla de estimaciones que tiene en cuenta el esfuerzo realizado por el ciclista y facilita la determinaci\u00f3n de la capacidad de la bater\u00eda de la bicicleta el\u00e9ctrica que le conviene. La tabla de consumo se ha hecho lo m\u00e1s objetiva y honesta posible, para que los clientes est\u00e9n satisfechos con sus compras.<\/p>\n<\/div><\/div><\/div><div class=\"fusion-layout-column fusion_builder_column fusion-builder-column-2 fusion_builder_column_1_1 1_1 fusion-flex-column\" style=\"--awb-bg-size:cover;--awb-width-large:100%;--awb-margin-top-large:0px;--awb-spacing-right-large:1.92%;--awb-margin-bottom-large:20px;--awb-spacing-left-large:1.92%;--awb-width-medium:100%;--awb-order-medium:0;--awb-spacing-right-medium:1.92%;--awb-spacing-left-medium:1.92%;--awb-width-small:100%;--awb-order-small:0;--awb-spacing-right-small:1.92%;--awb-spacing-left-small:1.92%;\"><div class=\"fusion-column-wrapper fusion-column-has-shadow fusion-flex-justify-content-flex-start fusion-content-layout-column\"><div class=\"fusion-image-element \" style=\"text-align:center;--awb-caption-title-font-family:var(--h2_typography-font-family);--awb-caption-title-font-weight:var(--h2_typography-font-weight);--awb-caption-title-font-style:var(--h2_typography-font-style);--awb-caption-title-size:var(--h2_typography-font-size);--awb-caption-title-transform:var(--h2_typography-text-transform);--awb-caption-title-line-height:var(--h2_typography-line-height);--awb-caption-title-letter-spacing:var(--h2_typography-letter-spacing);\"><span class=\" fusion-imageframe imageframe-none imageframe-2 hover-type-none\"><img decoding=\"async\" width=\"1323\" height=\"595\" alt=\"tableau perf batterie \" title=\"Tabla de consumo INT\" src=\"http:\/\/lift-mtb.com\/wp-content\/uploads\/2022\/01\/tableau-de-consomation-int.jpg\" class=\"img-responsive wp-image-29272\" srcset=\"https:\/\/www.lift-mtb.com\/wp-content\/uploads\/2022\/01\/tableau-de-consomation-int-200x90.jpg 200w, https:\/\/www.lift-mtb.com\/wp-content\/uploads\/2022\/01\/tableau-de-consomation-int-400x180.jpg 400w, https:\/\/www.lift-mtb.com\/wp-content\/uploads\/2022\/01\/tableau-de-consomation-int-600x270.jpg 600w, https:\/\/www.lift-mtb.com\/wp-content\/uploads\/2022\/01\/tableau-de-consomation-int-800x360.jpg 800w, https:\/\/www.lift-mtb.com\/wp-content\/uploads\/2022\/01\/tableau-de-consomation-int-1200x540.jpg 1200w, https:\/\/www.lift-mtb.com\/wp-content\/uploads\/2022\/01\/tableau-de-consomation-int.jpg 1323w\" sizes=\"(max-width: 1024px) 100vw, (max-width: 640px) 100vw, 1323px\" \/><\/span><\/div><\/div><\/div><div class=\"fusion-layout-column fusion_builder_column fusion-builder-column-3 fusion_builder_column_1_1 1_1 fusion-flex-column\" style=\"--awb-bg-size:cover;--awb-width-large:100%;--awb-margin-top-large:0px;--awb-spacing-right-large:1.92%;--awb-margin-bottom-large:20px;--awb-spacing-left-large:1.92%;--awb-width-medium:100%;--awb-order-medium:0;--awb-spacing-right-medium:1.92%;--awb-spacing-left-medium:1.92%;--awb-width-small:100%;--awb-order-small:0;--awb-spacing-right-small:1.92%;--awb-spacing-left-small:1.92%;\"><div class=\"fusion-column-wrapper fusion-column-has-shadow fusion-flex-justify-content-flex-start fusion-content-layout-column\"><div class=\"fusion-image-element \" style=\"--awb-caption-title-font-family:var(--h2_typography-font-family);--awb-caption-title-font-weight:var(--h2_typography-font-weight);--awb-caption-title-font-style:var(--h2_typography-font-style);--awb-caption-title-size:var(--h2_typography-font-size);--awb-caption-title-transform:var(--h2_typography-text-transform);--awb-caption-title-line-height:var(--h2_typography-line-height);--awb-caption-title-letter-spacing:var(--h2_typography-letter-spacing);\"><span class=\" fusion-imageframe imageframe-none imageframe-3 hover-type-none\"><img decoding=\"async\" width=\"1024\" height=\"392\" alt=\"tarifs batterie lift\" title=\"Captura de pantalla 2022-07-06 a las 11.00.25\" src=\"http:\/\/lift-mtb.com\/wp-content\/uploads\/2020\/01\/capture-decran-2022-07-06-a-11-00-25-1024x392.png\" class=\"img-responsive wp-image-26002\" srcset=\"https:\/\/www.lift-mtb.com\/wp-content\/uploads\/2020\/01\/capture-decran-2022-07-06-a-11-00-25-200x76.png 200w, https:\/\/www.lift-mtb.com\/wp-content\/uploads\/2020\/01\/capture-decran-2022-07-06-a-11-00-25-400x153.png 400w, https:\/\/www.lift-mtb.com\/wp-content\/uploads\/2020\/01\/capture-decran-2022-07-06-a-11-00-25-600x229.png 600w, https:\/\/www.lift-mtb.com\/wp-content\/uploads\/2020\/01\/capture-decran-2022-07-06-a-11-00-25-800x306.png 800w, https:\/\/www.lift-mtb.com\/wp-content\/uploads\/2020\/01\/capture-decran-2022-07-06-a-11-00-25-1200x459.png 1200w, https:\/\/www.lift-mtb.com\/wp-content\/uploads\/2020\/01\/capture-decran-2022-07-06-a-11-00-25.png 2772w\" sizes=\"(max-width: 1024px) 100vw, (max-width: 640px) 100vw, 1024px\" \/><\/span><\/div><\/div><\/div><div class=\"fusion-layout-column fusion_builder_column fusion-builder-column-4 fusion_builder_column_1_1 1_1 fusion-flex-column\" style=\"--awb-bg-size:cover;--awb-width-large:100%;--awb-margin-top-large:0px;--awb-spacing-right-large:1.92%;--awb-margin-bottom-large:20px;--awb-spacing-left-large:1.92%;--awb-width-medium:100%;--awb-order-medium:0;--awb-spacing-right-medium:1.92%;--awb-spacing-left-medium:1.92%;--awb-width-small:100%;--awb-order-small:0;--awb-spacing-right-small:1.92%;--awb-spacing-left-small:1.92%;\"><div class=\"fusion-column-wrapper fusion-column-has-shadow fusion-flex-justify-content-flex-start fusion-content-layout-column\"><div class=\"fusion-text fusion-text-4\"><p style=\"text-align: justify;\">El miedo a quedarse sin bater\u00eda para el usuario novato es la principal preocupaci\u00f3n, por lo que la elecci\u00f3n de la bater\u00eda de <strong>la bicicleta el\u00e9ctrica<\/strong> adecuada es primordial.<\/p>\n<p style=\"text-align: justify;\">La mayor\u00eda quiere bater\u00edas enormes por miedo a quedarse sin ellas.<\/p>\n<p>Este razonamiento puede parecer comprensible, pero no siempre tiene sentido, porque a diferencia de algunos motores BOSCH u otros que se quedan bloqueados si su bater\u00eda est\u00e1 vac\u00eda <strong><br \/>\n  <span style=\"text-decoration: underline;\">i<\/span><br \/>\n  <span style=\"text-decoration: underline;\">\u00a1s posible volver a casa en bicicleta!<\/span><br \/>\n<\/strong><\/p>\n<p>Sobre todo porque el <strong>motor de los pedales<\/strong> <strong><br \/>\n  <span style=\"color: hsl(0, 100%, 50%);\">LIFT-MTB<\/span><br \/>\n<\/strong> es muy ligero y permite un pedaleo sin fricci\u00f3n incluso sin la ayuda del motor.<\/p>\n<p>Los principiantes creen que tienen una bicicleta inutilizable sin asistencia, pero esto est\u00e1 muy lejos de ser as\u00ed. Se sorprender\u00e1 cuando pruebe&#8230;<\/p>\n<p><strong>Un ejemplo sencillo:<\/strong> coge la bicicleta de un amigo que sea m\u00e1s pesada que la tuya, \u00bfcrees que es imposible recorrer con ella unos cuantos kil\u00f3metros?<\/p>\n<p>Con los indicadores de carga en el manillar, estar\u00e1s lo suficientemente alerta para gestionar la bater\u00eda y no encontrarte lejos de casa con la bater\u00eda descargada.<\/p>\n<p>Cuando la bater\u00eda est\u00e1 llena, se encienden las luces verde, naranja y roja.<\/p>\n<p>Despu\u00e9s de algunos kil\u00f3metros, la luz verde se apagar\u00e1 gradualmente, luego ser\u00e1 el turno de la luz naranja de apagarse, cuando s\u00f3lo quede la luz roja, el BMS regular\u00e1 y cortar\u00e1 la bater\u00eda; s\u00f3lo queda recargarla.<\/p>\n<p style=\"text-align: center;\">Son muchos los par\u00e1metros que entran en juego.<\/p>\n<p style=\"text-align: center;\"><span style=\"color: hsl(0, 100%, 50%); font-size: 18px;\"><strong>\u00a1Seg\u00fan nuestras pruebas, de un individuo a otro en la misma ruta, la autonom\u00eda puede variar de simple a triple!<\/strong><\/span><\/p>\n<\/div><div class=\"fusion-text fusion-text-5\"><p>Por lo tanto, le proponemos que elija la bater\u00eda que le parezca m\u00e1s adaptada a su pr\u00e1ctica, si despu\u00e9s de unos cuantos usos juzga que necesita una bater\u00eda diferente, podr\u00e1 devolvernos su bater\u00eda para sustituirla por otro modelo de nuestra gama* (en Francia metropolitana, s\u00f3lo en 20 d\u00edas, condiciones globales a petici\u00f3n)<\/p>\n<\/div><\/div><\/div><\/div><\/div><div class=\"fusion-fullwidth fullwidth-box fusion-builder-row-3 has-pattern-background has-mask-background nonhundred-percent-fullwidth non-hundred-percent-height-scrolling fusion-no-medium-visibility fusion-no-large-visibility\" style=\"--awb-border-radius-top-left:0px;--awb-border-radius-top-right:0px;--awb-border-radius-bottom-right:0px;--awb-border-radius-bottom-left:0px;--awb-flex-wrap:wrap;\" ><div class=\"fusion-builder-row fusion-row\"><div class=\"fusion-layout-column fusion_builder_column fusion-builder-column-5 fusion_builder_column_1_1 1_1 fusion-one-full fusion-column-first fusion-column-last\" style=\"--awb-bg-size:cover;\"><div class=\"fusion-column-wrapper fusion-column-has-shadow fusion-flex-column-wrapper-legacy\"><div class=\"fusion-column-content-centered\"><div class=\"fusion-column-content\"><div class=\"fusion-image-element fusion-image-align-center in-legacy-container\" style=\"text-align:center;--awb-caption-title-font-family:var(--h2_typography-font-family);--awb-caption-title-font-weight:var(--h2_typography-font-weight);--awb-caption-title-font-style:var(--h2_typography-font-style);--awb-caption-title-size:var(--h2_typography-font-size);--awb-caption-title-transform:var(--h2_typography-text-transform);--awb-caption-title-line-height:var(--h2_typography-line-height);--awb-caption-title-letter-spacing:var(--h2_typography-letter-spacing);\"><div class=\"imageframe-align-center\"><span class=\" fusion-imageframe imageframe-none imageframe-4 hover-type-none\"><img decoding=\"async\" width=\"1979\" height=\"556\" alt=\"V\u00eddeos de LIFT-MTB\" title=\"V\u00eddeo de LIFT MTB\" src=\"http:\/\/lift-mtb.com\/wp-content\/uploads\/2017\/12\/lift-mtb-video.jpg\" class=\"img-responsive wp-image-4810\"\/><\/span><\/div><\/div><div class=\"fusion-text fusion-text-6\" style=\"--awb-content-alignment:center;--awb-font-size:var(--awb-typography5-font-size);--awb-line-height:var(--awb-typography5-line-height);--awb-letter-spacing:var(--awb-typography5-letter-spacing);--awb-text-transform:var(--awb-typography5-text-transform);--awb-text-font-family:var(--awb-typography5-font-family);--awb-text-font-weight:var(--awb-typography5-font-weight);--awb-text-font-style:var(--awb-typography5-font-style);\"><p>A continuaci\u00f3n se muestra un v\u00eddeo en el que se explica c\u00f3mo elegir una bater\u00eda de bicicleta el\u00e9ctrica<\/p>\n<\/div><\/div><\/div><div class=\"fusion-clearfix\"><\/div><\/div><\/div><div class=\"fusion-layout-column fusion_builder_column fusion-builder-column-6 fusion_builder_column_1_1 1_1 fusion-one-full fusion-column-first fusion-column-last\" style=\"--awb-bg-size:cover;\"><div class=\"fusion-column-wrapper fusion-column-has-shadow fusion-flex-column-wrapper-legacy\"><div class=\"fusion-column-content-centered\"><div class=\"fusion-column-content\"><div class=\"fusion-video fusion-youtube\" style=\"--awb-max-width:600px;--awb-max-height:360px;\"><div class=\"video-shortcode\"><div class=\"fluid-width-video-wrapper\" style=\"padding-top:60%;\" ><iframe title=\"YouTube video player 1\" src=\"https:\/\/www.youtube.com\/embed\/4lZmxDP_WwU?wmode=transparent&autoplay=0\" width=\"600\" height=\"360\" allowfullscreen allow=\"autoplay; clipboard-write; encrypted-media; gyroscope; picture-in-picture;\"><\/iframe><\/div><\/div><\/div><\/div><\/div><div class=\"fusion-clearfix\"><\/div><\/div><\/div><\/div><\/div><div class=\"fusion-fullwidth fullwidth-box fusion-builder-row-4 fusion-flex-container nonhundred-percent-fullwidth non-hundred-percent-height-scrolling fusion-no-small-visibility\" style=\"--awb-border-radius-top-left:0px;--awb-border-radius-top-right:0px;--awb-border-radius-bottom-right:0px;--awb-border-radius-bottom-left:0px;--awb-padding-right:10px;--awb-padding-left:10px;--awb-flex-wrap:wrap;\" ><div class=\"fusion-builder-row fusion-row fusion-flex-align-items-center fusion-flex-content-wrap\" style=\"max-width:1430px;margin-left: calc(-4% \/ 2 );margin-right: calc(-4% \/ 2 );\"><div class=\"fusion-layout-column fusion_builder_column fusion-builder-column-7 fusion_builder_column_3_5 3_5 fusion-flex-column\" style=\"--awb-bg-size:cover;--awb-width-large:60%;--awb-margin-top-large:0px;--awb-spacing-right-large:3.2%;--awb-margin-bottom-large:20px;--awb-spacing-left-large:3.2%;--awb-width-medium:100%;--awb-order-medium:0;--awb-spacing-right-medium:1.92%;--awb-spacing-left-medium:1.92%;--awb-width-small:100%;--awb-order-small:0;--awb-spacing-right-small:1.92%;--awb-spacing-left-small:1.92%;\"><div class=\"fusion-column-wrapper fusion-column-has-shadow fusion-flex-justify-content-flex-start fusion-content-layout-column\"><div class=\"fusion-text fusion-text-7\" style=\"--awb-text-transform:none;\"><p>Al igual que el dep\u00f3sito de un coche contiene un volumen de combustible expresado en <strong>litros<\/strong>, la <strong>bater\u00eda de una bicicleta<\/strong> el\u00e9ctrica contiene una cantidad de energ\u00eda expresada en <strong>amperios\/hora<\/strong> o <strong>vatios\/hora<\/strong>.<\/p>\n<p>As\u00ed que, al igual que el dep\u00f3sito de un coche, cuanto mayor sea la capacidad de una bater\u00eda (en amperios\/hora o vatios\/hora), m\u00e1s energ\u00eda podr\u00e1 almacenar, para poder realizar trayectos m\u00e1s largos.<\/p>\n<p>La potencia del motor de los pedales <strong>seguir\u00e1 <\/strong>siendo la misma independientemente de la capacidad de la <strong>bater\u00eda de la bicicleta<\/strong> el\u00e9ctrica elegida.<\/p>\n<\/div><\/div><\/div><div class=\"fusion-layout-column fusion_builder_column fusion-builder-column-8 fusion_builder_column_2_5 2_5 fusion-flex-column fusion-flex-align-self-center\" style=\"--awb-padding-bottom-small:0px;--awb-bg-size:cover;--awb-width-large:40%;--awb-margin-top-large:0px;--awb-spacing-right-large:4.8%;--awb-margin-bottom-large:20px;--awb-spacing-left-large:4.8%;--awb-width-medium:100%;--awb-order-medium:0;--awb-spacing-right-medium:1.92%;--awb-spacing-left-medium:1.92%;--awb-width-small:100%;--awb-order-small:0;--awb-spacing-right-small:1.92%;--awb-margin-bottom-small:0px;--awb-spacing-left-small:1.92%;\"><div class=\"fusion-column-wrapper fusion-column-has-shadow fusion-flex-justify-content-flex-start fusion-content-layout-column\"><div class=\"fusion-image-element sm-text-align-center\" style=\"--awb-max-width:400px;--awb-caption-title-font-family:var(--h2_typography-font-family);--awb-caption-title-font-weight:var(--h2_typography-font-weight);--awb-caption-title-font-style:var(--h2_typography-font-style);--awb-caption-title-size:var(--h2_typography-font-size);--awb-caption-title-transform:var(--h2_typography-text-transform);--awb-caption-title-line-height:var(--h2_typography-line-height);--awb-caption-title-letter-spacing:var(--h2_typography-letter-spacing);\"><span class=\" fusion-imageframe imageframe-none imageframe-5 hover-type-none\"><img decoding=\"async\" width=\"2200\" height=\"1457\" alt=\"ELECTRIC BIKE KIT\" src=\"http:\/\/lift-mtb.com\/wp-content\/uploads\/2022\/01\/nuke-proof-lift-mtb-2022-9-top-1-sur-1.jpg\" class=\"img-responsive wp-image-25495\" srcset=\"https:\/\/www.lift-mtb.com\/wp-content\/uploads\/2022\/01\/nuke-proof-lift-mtb-2022-9-top-1-sur-1-200x132.jpg 200w, https:\/\/www.lift-mtb.com\/wp-content\/uploads\/2022\/01\/nuke-proof-lift-mtb-2022-9-top-1-sur-1-400x265.jpg 400w, https:\/\/www.lift-mtb.com\/wp-content\/uploads\/2022\/01\/nuke-proof-lift-mtb-2022-9-top-1-sur-1-600x397.jpg 600w, https:\/\/www.lift-mtb.com\/wp-content\/uploads\/2022\/01\/nuke-proof-lift-mtb-2022-9-top-1-sur-1-800x530.jpg 800w, https:\/\/www.lift-mtb.com\/wp-content\/uploads\/2022\/01\/nuke-proof-lift-mtb-2022-9-top-1-sur-1-1200x795.jpg 1200w, https:\/\/www.lift-mtb.com\/wp-content\/uploads\/2022\/01\/nuke-proof-lift-mtb-2022-9-top-1-sur-1.jpg 2200w\" sizes=\"(max-width: 1024px) 100vw, (max-width: 640px) 100vw, 600px\" \/><\/span><\/div><\/div><\/div><\/div><\/div><div class=\"fusion-fullwidth fullwidth-box fusion-builder-row-5 fusion-flex-container has-pattern-background has-mask-background nonhundred-percent-fullwidth non-hundred-percent-height-scrolling fusion-no-small-visibility\" style=\"--awb-border-radius-top-left:0px;--awb-border-radius-top-right:0px;--awb-border-radius-bottom-right:0px;--awb-border-radius-bottom-left:0px;--awb-flex-wrap:wrap;\" ><div class=\"fusion-builder-row fusion-row fusion-flex-align-items-flex-start fusion-flex-content-wrap\" style=\"max-width:1430px;margin-left: calc(-4% \/ 2 );margin-right: calc(-4% \/ 2 );\"><div class=\"fusion-layout-column fusion_builder_column fusion-builder-column-9 fusion_builder_column_1_1 1_1 fusion-flex-column\" style=\"--awb-padding-top:6px;--awb-bg-blend:overlay;--awb-bg-size:cover;--awb-width-large:100%;--awb-margin-top-large:0px;--awb-spacing-right-large:1.92%;--awb-margin-bottom-large:0px;--awb-spacing-left-large:1.92%;--awb-width-medium:100%;--awb-spacing-right-medium:1.92%;--awb-spacing-left-medium:1.92%;--awb-width-small:100%;--awb-spacing-right-small:1.92%;--awb-spacing-left-small:1.92%;\"><div class=\"fusion-column-wrapper fusion-flex-justify-content-flex-start fusion-content-layout-column\"><div class=\"fusion-separator fusion-full-width-sep\" style=\"align-self: center;margin-left: auto;margin-right: auto;margin-top:20px;margin-bottom:20px;width:100%;\"><div class=\"fusion-separator-border sep-single sep-solid\" style=\"--awb-height:20px;--awb-amount:20px;border-color:#e0dede;border-top-width:1px;\"><\/div><\/div><div class=\"fusion-text fusion-text-8\"><p>Para simplificar las cosas, hemos elaborado una tabla de estimaciones que tiene en cuenta el esfuerzo realizado por el ciclista y facilita la determinaci\u00f3n de la capacidad de la bater\u00eda de la bicicleta el\u00e9ctrica que le conviene.<\/p>\n<p>La tabla de consumo se ha hecho lo m\u00e1s objetiva y honesta posible, para que los clientes est\u00e9n satisfechos con sus compras.<\/p>\n<\/div><div class=\"fusion-separator fusion-full-width-sep\" style=\"align-self: center;margin-left: auto;margin-right: auto;margin-top:20px;margin-bottom:20px;width:100%;\"><div class=\"fusion-separator-border sep-single sep-solid\" style=\"--awb-height:20px;--awb-amount:20px;border-color:#e0dede;border-top-width:1px;\"><\/div><\/div><div class=\"fusion-image-element \" style=\"text-align:center;--awb-max-width:1000px;--awb-caption-title-font-family:var(--h2_typography-font-family);--awb-caption-title-font-weight:var(--h2_typography-font-weight);--awb-caption-title-font-style:var(--h2_typography-font-style);--awb-caption-title-size:var(--h2_typography-font-size);--awb-caption-title-transform:var(--h2_typography-text-transform);--awb-caption-title-line-height:var(--h2_typography-line-height);--awb-caption-title-letter-spacing:var(--h2_typography-letter-spacing);\"><span class=\" fusion-imageframe imageframe-none imageframe-6 hover-type-none\"><img decoding=\"async\" width=\"1190\" height=\"588\" alt=\"tabla de consumo de bicicletas el\u00e9ctricas\" title=\"tabla de consumo-int-1\" src=\"http:\/\/lift-mtb.com\/wp-content\/uploads\/2022\/01\/tableau-de-consomation-int-1.jpg\" class=\"img-responsive wp-image-10662\"\/><\/span><\/div><div class=\"fusion-separator fusion-full-width-sep\" style=\"align-self: center;margin-left: auto;margin-right: auto;margin-top:20px;margin-bottom:20px;width:100%;\"><div class=\"fusion-separator-border sep-single sep-solid\" style=\"--awb-height:20px;--awb-amount:20px;border-color:#e0dede;border-top-width:1px;\"><\/div><\/div><\/div><\/div><div class=\"fusion-layout-column fusion_builder_column fusion-builder-column-10 fusion_builder_column_2_3 2_3 fusion-flex-column\" style=\"--awb-bg-size:cover;--awb-width-large:66.666666666667%;--awb-margin-top-large:0px;--awb-spacing-right-large:2.88%;--awb-margin-bottom-large:20px;--awb-spacing-left-large:2.88%;--awb-width-medium:100%;--awb-order-medium:0;--awb-spacing-right-medium:1.92%;--awb-spacing-left-medium:1.92%;--awb-width-small:100%;--awb-order-small:0;--awb-spacing-right-small:1.92%;--awb-spacing-left-small:1.92%;\"><div class=\"fusion-column-wrapper fusion-column-has-shadow fusion-flex-justify-content-flex-start fusion-content-layout-column\"><div class=\"fusion-text fusion-text-9\"><p style=\"text-align: justify;\">El miedo a quedarse sin bater\u00eda para el usuario novato es la principal preocupaci\u00f3n, por lo que la elecci\u00f3n de la bater\u00eda de <strong>la bicicleta el\u00e9ctrica<\/strong> adecuada es primordial.<\/p>\n<p style=\"text-align: justify;\">La mayor\u00eda quiere bater\u00edas enormes por miedo a quedarse sin ellas.<\/p>\n<p>Este razonamiento puede parecer comprensible, pero no siempre tiene sentido, porque a diferencia de algunos motores BOSCH u otros que se quedan bloqueados si su bater\u00eda est\u00e1 vac\u00eda <strong><br \/>\n  <span style=\"text-decoration: underline;\">i<\/span><br \/>\n  <span style=\"text-decoration: underline;\">\u00a1s posible volver a casa en bicicleta!<\/span><br \/>\n<\/strong><\/p>\n<p>Sobre todo porque el <strong>motor de los pedales<\/strong> <strong><br \/>\n  <span style=\"color: hsl(0, 100%, 50%);\">LIFT-MTB<\/span><br \/>\n<\/strong> es muy ligero y permite un pedaleo sin fricci\u00f3n incluso sin la ayuda del motor.<\/p>\n<p>Los principiantes creen que tienen una bicicleta inutilizable sin asistencia, pero esto est\u00e1 muy lejos de ser as\u00ed. Se sorprender\u00e1 cuando pruebe&#8230;<\/p>\n<p><strong>Un ejemplo sencillo:<\/strong> coge la bicicleta de un amigo que sea m\u00e1s pesada que la tuya, \u00bfcrees que es imposible recorrer con ella unos cuantos kil\u00f3metros?<\/p>\n<p>Con los indicadores de carga en el manillar, estar\u00e1s lo suficientemente alerta para gestionar la bater\u00eda y no encontrarte lejos de casa con la bater\u00eda descargada.<\/p>\n<p>Cuando la bater\u00eda est\u00e1 llena, se encienden las luces verde, naranja y roja.<\/p>\n<p>Despu\u00e9s de algunos kil\u00f3metros, la luz verde se apagar\u00e1 gradualmente, luego ser\u00e1 el turno de la luz naranja de apagarse, cuando s\u00f3lo quede la luz roja, el BMS regular\u00e1 y cortar\u00e1 la bater\u00eda; s\u00f3lo queda recargarla.<\/p>\n<p style=\"text-align: center;\"><a href=\"https:\/\/www.youtube.com\/watch?v=gtG8FQJIpqc\">Son muchos los par\u00e1metros que entran en juego.<\/a><\/p>\n<p style=\"text-align: center;\"><span style=\"color: hsl(0, 100%, 50%); font-size: 18px;\"><strong>\u00a1Seg\u00fan nuestras pruebas, de un individuo a otro en la misma ruta, la autonom\u00eda puede variar de simple a triple!<\/strong><\/span><\/p>\n<\/div><\/div><\/div><div class=\"fusion-layout-column fusion_builder_column fusion-builder-column-11 fusion_builder_column_1_3 1_3 fusion-flex-column\" style=\"--awb-bg-size:cover;--awb-width-large:33.333333333333%;--awb-margin-top-large:0px;--awb-spacing-right-large:5.76%;--awb-margin-bottom-large:20px;--awb-spacing-left-large:5.76%;--awb-width-medium:100%;--awb-order-medium:0;--awb-spacing-right-medium:1.92%;--awb-spacing-left-medium:1.92%;--awb-width-small:100%;--awb-order-small:0;--awb-spacing-right-small:1.92%;--awb-spacing-left-small:1.92%;\"><div class=\"fusion-column-wrapper fusion-column-has-shadow fusion-flex-justify-content-flex-start fusion-content-layout-column\"><div class=\"fusion-image-element \" style=\"--awb-caption-title-font-family:var(--h2_typography-font-family);--awb-caption-title-font-weight:var(--h2_typography-font-weight);--awb-caption-title-font-style:var(--h2_typography-font-style);--awb-caption-title-size:var(--h2_typography-font-size);--awb-caption-title-transform:var(--h2_typography-text-transform);--awb-caption-title-line-height:var(--h2_typography-line-height);--awb-caption-title-letter-spacing:var(--h2_typography-letter-spacing);\"><span class=\" fusion-imageframe imageframe-none imageframe-7 hover-type-none\"><img decoding=\"async\" width=\"2560\" height=\"1695\" alt=\"comment choisir sa batterie \" title=\"subida en bicicleta el\u00e9ctrica\" src=\"http:\/\/lift-mtb.com\/wp-content\/uploads\/2022\/07\/tof-6-1-sur-1-scaled.jpg\" class=\"img-responsive wp-image-35589\" srcset=\"https:\/\/www.lift-mtb.com\/wp-content\/uploads\/2022\/07\/tof-6-1-sur-1-200x132.jpg 200w, https:\/\/www.lift-mtb.com\/wp-content\/uploads\/2022\/07\/tof-6-1-sur-1-400x265.jpg 400w, https:\/\/www.lift-mtb.com\/wp-content\/uploads\/2022\/07\/tof-6-1-sur-1-600x397.jpg 600w, https:\/\/www.lift-mtb.com\/wp-content\/uploads\/2022\/07\/tof-6-1-sur-1-800x530.jpg 800w, https:\/\/www.lift-mtb.com\/wp-content\/uploads\/2022\/07\/tof-6-1-sur-1-1200x795.jpg 1200w, https:\/\/www.lift-mtb.com\/wp-content\/uploads\/2022\/07\/tof-6-1-sur-1-scaled.jpg 2560w\" sizes=\"(max-width: 1024px) 100vw, (max-width: 640px) 100vw, 600px\" \/><\/span><\/div><\/div><\/div><div class=\"fusion-layout-column fusion_builder_column fusion-builder-column-12 fusion_builder_column_1_1 1_1 fusion-flex-column\" style=\"--awb-bg-size:cover;--awb-width-large:100%;--awb-margin-top-large:0px;--awb-spacing-right-large:1.92%;--awb-margin-bottom-large:20px;--awb-spacing-left-large:1.92%;--awb-width-medium:100%;--awb-order-medium:0;--awb-spacing-right-medium:1.92%;--awb-spacing-left-medium:1.92%;--awb-width-small:100%;--awb-order-small:0;--awb-spacing-right-small:1.92%;--awb-spacing-left-small:1.92%;\"><div class=\"fusion-column-wrapper fusion-column-has-shadow fusion-flex-justify-content-center fusion-content-layout-column\"><div class=\"fusion-separator fusion-full-width-sep\" style=\"align-self: center;margin-left: auto;margin-right: auto;margin-bottom:10px;width:100%;\"><\/div><div class=\"fusion-text fusion-text-10\" style=\"--awb-font-size:16px;--awb-line-height:var(--awb-typography4-line-height);--awb-letter-spacing:var(--awb-typography4-letter-spacing);--awb-text-transform:var(--awb-typography4-text-transform);\"><p><img decoding=\"async\" class=\"alignright wp-image-4811\" src=\"http:\/\/lift-mtb.com\/wp-content\/uploads\/2017\/12\/satisfait-ou-remplace.jpg\" alt=\"\" width=\"210\" height=\"191\" srcset=\"https:\/\/www.lift-mtb.com\/wp-content\/uploads\/2017\/12\/satisfait-ou-remplace-200x181.jpg 200w, https:\/\/www.lift-mtb.com\/wp-content\/uploads\/2017\/12\/satisfait-ou-remplace-300x272.jpg 300w, https:\/\/www.lift-mtb.com\/wp-content\/uploads\/2017\/12\/satisfait-ou-remplace-400x363.jpg 400w, https:\/\/www.lift-mtb.com\/wp-content\/uploads\/2017\/12\/satisfait-ou-remplace.jpg 441w\" sizes=\"(max-width: 210px) 100vw, 210px\" \/><\/p>\n<p>Por lo general, le sugerimos que elija la pila que considere m\u00e1s adecuada para su pr\u00e1ctica utilizando la tabla.<\/p>\n<p>Si despu\u00e9s de unos cuantos usos cree que necesita una bater\u00eda diferente, puede devolvernos su bater\u00eda para sustituirla por otro modelo de nuestra gama (en un plazo de 20 d\u00edas, en Francia, p\u00f3ngase en contacto con nosotros para conocer las condiciones completas)<\/p>\n<\/div><style type='text\/css'>\n\t\t\t\t.pricing-table-1.fusion-pricing-table .panel-container, .pricing-table-1.fusion-pricing-table .standout .panel-container,\n\t\t\t\t.pricing-table-1.full-boxed-pricing.fusion-pricing-table {background-color:#f8f8f8;}\n\t\t\t\t.pricing-table-1.fusion-pricing-table .list-group .list-group-item,\n\t\t\t\t.pricing-table-1.fusion-pricing-table .list-group .list-group-item:last-child{background-color:#ffffff; border-color:#ededed;}\n\t\t\t\t.pricing-table-1.full-boxed-pricing.fusion-pricing-table .panel-wrapper:hover .panel-heading,\n\t\t\t\t.pricing-table-1.fusion-pricing-table .panel-wrapper:hover .list-group-item {background-color:#f8f8f8;}\n\t\t\t\t.pricing-table-1.full-boxed-pricing.fusion-pricing-table .panel-heading{background-color:#ffffff;}\n\t\t\t\t.pricing-table-1.fusion-pricing-table .fusion-panel, .pricing-table-1 .panel-wrapper:last-child .fusion-panel,\n\t\t\t\t.pricing-table-1.fusion-pricing-table .standout .fusion-panel, .pricing-table-1.fusion-pricing-table  .panel-heading,\n\t\t\t\t.pricing-table-1.fusion-pricing-table .panel-body, .pricing-table-1.fusion-pricing-table .panel-footer{border-color:#ededed;}\n\t\t\t\t.pricing-table-1.fusion-pricing-table .panel-body, .pricing-table-1.fusion-pricing-table .panel-footer{background-color:#f8f8f8;}\n\t\t\t\t.pricing-table-1.sep-boxed-pricing.fusion-pricing-table .panel-heading h3{color:#333333;}\n\t\t\t\t.pricing-table-1.full-boxed-pricing.fusion-pricing-table .panel-heading h3{color:#333333;}\n\t\t\t\t.pricing-table-1.fusion-pricing-table .panel-body .price .decimal-part{color:var(--awb-color7);}\n\t\t\t\t.pricing-table-1.fusion-pricing-table .panel-body .price .integer-part{color:var(--awb-color7);}\n\t\t\t\t.pricing-table-1.fusion-pricing-table ul.list-group li{color:var(--awb-color8);}\n\t\t\t\t<\/style><div class=\"fusion-pricing-table pricing-table-1 full-boxed-pricing row fusion-columns-6 columns-6 fusion-clearfix\" style=\"margin-top:40px;margin-right:40px;margin-bottom:40px;margin-left:40px;\"><div class=\"panel-wrapper fusion-column column col-lg-2 col-md-2 col-sm-2 fusion-pricingtable-column\"><div class=\"panel-container\"><div class=\"fusion-panel\"><div class=\"panel-heading\"><h3 class=\"title-row\">Capacidad<\/h3><\/div><div class=\"panel-body pricing-row\"><div class=\"price \"><span class=\"currency\"><\/span><span class=\"integer-part\">Tarifa<\/span><\/div><\/div><ul class=\"list-group\"><li class=\"list-group-item normal-row\">Capacidad<\/li><li class=\"list-group-item normal-row\">Dimensi\u00f3n<\/li><li class=\"list-group-item normal-row\">Peso<\/li><li class=\"list-group-item normal-row\">Autonom\u00eda media<\/li><li class=\"list-group-item normal-row\">Descripci\u00f3n<\/li><\/ul><\/div><\/div><\/div><div class=\"panel-wrapper fusion-column column col-lg-2 col-md-2 col-sm-2 fusion-pricingtable-column\"><div class=\"panel-container\"><div class=\"fusion-panel\"><div class=\"panel-heading\"><h3 class=\"title-row\">  300 Wh<\/h3><\/div><div class=\"panel-body pricing-row\"><div class=\"price \"><span class=\"currency\">\u20ac<\/span><span class=\"integer-part\">400<\/span><\/div><\/div><ul class=\"list-group\"><li class=\"list-group-item normal-row\"> 300 Wh \/ 8,7ah<\/li><li class=\"list-group-item normal-row\"> 6 x 20 x 8 cm<\/li><li class=\"list-group-item normal-row\">1,6 Kg.<\/li><li class=\"list-group-item normal-row\">870 M D+ \/ 34 Km<\/li><li class=\"list-group-item normal-row\">Compacta y muy ligera, para uso en mochila, compatible con el portapilas cuadrado montado en el cuadro. Modelo muy popular. \u00a1Ideal para sus salidas deportivas!<\/li><\/ul><div class=\"panel-footer footer-row\"><div class=\"fusion-button-wrapper\"><a class=\"fusion-button button-flat fusion-button-default-size button-default fusion-button-default button-1 fusion-button-default-span fusion-button-default-type\" target=\"_self\" href=\"https:\/produit\/batterie-electrique-300-wh-pour-velo\/\"><span class=\"fusion-button-text awb-button__text awb-button__text--default\">+ m\u00e1s informaci\u00f3n<\/span><\/a><\/div><\/div><\/div><\/div><\/div><div class=\"panel-wrapper fusion-column column col-lg-2 col-md-2 col-sm-2 fusion-pricingtable-column\"><div class=\"panel-container\"><div class=\"fusion-panel\"><div class=\"panel-heading\"><h3 class=\"title-row\">400 Wh<\/h3><\/div><div class=\"panel-body pricing-row\"><div class=\"price \"><span class=\"currency\">\u20ac<\/span><span class=\"integer-part\">475<\/span><\/div><\/div><ul class=\"list-group\"><li class=\"list-group-item normal-row\"> 400 Wh \/ 11,6ah<\/li><li class=\"list-group-item normal-row\">8 x 20 x 8 cm<\/li><li class=\"list-group-item normal-row\">2,1 Kg<\/li><li class=\"list-group-item normal-row\">870 M D+ \/ 34 Km<\/li><li class=\"list-group-item normal-row\">Modelo muy vers\u00e1til y ligero, de uso en mochila y compatible con la montura de aluminio. Muy buena relaci\u00f3n peso\/alcance.<\/li><\/ul><div class=\"panel-footer footer-row\"><div class=\"fusion-button-wrapper\"><a class=\"fusion-button button-flat fusion-button-default-size button-default fusion-button-default button-2 fusion-button-default-span fusion-button-default-type\" target=\"_self\" href=\"https:\/produit\/batterie-electrique-400-wh-pour-velo\/\"><span class=\"fusion-button-text awb-button__text awb-button__text--default\">+ m\u00e1s informaci\u00f3n<\/span><\/a><\/div><\/div><\/div><\/div><\/div><div class=\"panel-wrapper fusion-column column col-lg-2 col-md-2 col-sm-2 fusion-pricingtable-column\"><div class=\"panel-container\"><div class=\"fusion-panel\"><div class=\"panel-heading\"><h3 class=\"title-row\">500 Wh<\/h3><\/div><div class=\"panel-body pricing-row\"><div class=\"price \"><span class=\"currency\">\u20ac<\/span><span class=\"integer-part\">575<\/span><\/div><\/div><ul class=\"list-group\"><li class=\"list-group-item normal-row\"> 500 Wh \/ 14ah<\/li><li class=\"list-group-item normal-row\">8 x 20 x 8 cm<\/li><li class=\"list-group-item normal-row\">2,1 Kg<\/li><li class=\"list-group-item normal-row\">870 M D+ \/ 34 Km<\/li><li class=\"list-group-item normal-row\">Bater\u00eda plana para mochilas, que permite una comodidad ideal en la posici\u00f3n de la bolsa y una buena autonom\u00eda. Un \u00e9xito de ventas, que permite una muy buena autonom\u00eda.<\/li><\/ul><div class=\"panel-footer footer-row\"><div class=\"fusion-button-wrapper\"><a class=\"fusion-button button-flat fusion-button-default-size button-default fusion-button-default button-3 fusion-button-default-span fusion-button-default-type\" target=\"_self\" href=\"https:\/es\/produit\/bateria-electrica-carretera-500wh-para-bicicleta-electrica\/\"><span class=\"fusion-button-text awb-button__text awb-button__text--default\">+ m\u00e1s informaci\u00f3n<\/span><\/a><\/div><\/div><\/div><\/div><\/div><div class=\"panel-wrapper fusion-column column col-lg-2 col-md-2 col-sm-2 fusion-pricingtable-column\"><div class=\"panel-container\"><div class=\"fusion-panel\"><div class=\"panel-heading\"><h3 class=\"title-row\">600 Wh<\/h3><\/div><div class=\"panel-body pricing-row\"><div class=\"price \"><span class=\"currency\">\u20ac<\/span><span class=\"integer-part\">675<\/span><\/div><\/div><ul class=\"list-group\"><li class=\"list-group-item normal-row\"> 600 Wh 17,5ah<\/li><li class=\"list-group-item normal-row\">6 x 20 x 8 cm<\/li><li class=\"list-group-item normal-row\">3,1 Kg<\/li><li class=\"list-group-item normal-row\">870 M D+ \/ 34 Km<\/li><li class=\"list-group-item normal-row\">Bater\u00eda plana para mochila, permitiendo un confort ideal, una gran autonom\u00eda para afrontar cualquier salida. Ideal para viajes largos.<\/li><\/ul><div class=\"panel-footer footer-row\"><div class=\"fusion-button-wrapper\"><a class=\"fusion-button button-flat fusion-button-default-size button-default fusion-button-default button-4 fusion-button-default-span fusion-button-default-type\" target=\"_self\" href=\"https:\/produit\/batterie-electrique-600-wh-pour-velo\/\"><span class=\"fusion-button-text awb-button__text awb-button__text--default\">+ m\u00e1s informaci\u00f3n<\/span><\/a><\/div><\/div><\/div><\/div><\/div><div class=\"panel-wrapper fusion-column column col-lg-2 col-md-2 col-sm-2 fusion-pricingtable-column\"><div class=\"panel-container\"><div class=\"fusion-panel\"><div class=\"panel-heading\"><h3 class=\"title-row\">x2 \/ 300 Wh<\/h3><\/div><div class=\"panel-body pricing-row\"><div class=\"price \"><span class=\"currency\">\u20ac<\/span><span class=\"integer-part\">750<\/span><\/div><\/div><ul class=\"list-group\"><li class=\"list-group-item normal-row\">2 bater\u00edas de 300 Wh \/ 8,7ah<\/li><li class=\"list-group-item normal-row\">6 x 20 x 8 cm<\/li><li class=\"list-group-item normal-row\">3,2 Kg<\/li><li class=\"list-group-item normal-row\">870 M D+ \/ 34 Km<\/li><li class=\"list-group-item normal-row\">Paquete de 2 bater\u00edas, para uso en la mochila, o en el cuadro con el portapilas de aluminio. Mezcla perfecta entre versatilidad de uso y gran capacidad.<\/li><\/ul><div class=\"panel-footer footer-row\"><div class=\"fusion-button-wrapper\"><a class=\"fusion-button button-flat fusion-button-default-size button-default fusion-button-default button-5 fusion-button-default-span fusion-button-default-type\" target=\"_self\" href=\"https:\/produit\/set-de-deux-batteries-36-v-8-7ah-600-wh\/\"><span class=\"fusion-button-text awb-button__text awb-button__text--default\">+ m\u00e1s informaci\u00f3n<\/span><\/a><\/div><\/div><\/div><\/div><\/div><\/div><\/div><\/div><\/div><\/div><div class=\"fusion-fullwidth fullwidth-box fusion-builder-row-6 fusion-flex-container has-pattern-background has-mask-background nonhundred-percent-fullwidth non-hundred-percent-height-scrolling fusion-no-small-visibility\" style=\"--awb-border-radius-top-left:0px;--awb-border-radius-top-right:0px;--awb-border-radius-bottom-right:0px;--awb-border-radius-bottom-left:0px;--awb-flex-wrap:wrap;\" ><div class=\"fusion-builder-row fusion-row fusion-flex-align-items-center fusion-flex-content-wrap\" style=\"max-width:1430px;margin-left: calc(-4% \/ 2 );margin-right: calc(-4% \/ 2 );\"><div class=\"fusion-layout-column fusion_builder_column fusion-builder-column-13 fusion_builder_column_1_2 1_2 fusion-flex-column\" style=\"--awb-bg-size:cover;--awb-width-large:50%;--awb-margin-top-large:0px;--awb-spacing-right-large:3.84%;--awb-margin-bottom-large:20px;--awb-spacing-left-large:3.84%;--awb-width-medium:100%;--awb-order-medium:0;--awb-spacing-right-medium:1.92%;--awb-spacing-left-medium:1.92%;--awb-width-small:100%;--awb-order-small:0;--awb-spacing-right-small:1.92%;--awb-spacing-left-small:1.92%;\"><div class=\"fusion-column-wrapper fusion-column-has-shadow fusion-flex-justify-content-flex-start fusion-content-layout-column\"><div class=\"fusion-image-element \" style=\"text-align:center;--awb-caption-title-font-family:var(--h2_typography-font-family);--awb-caption-title-font-weight:var(--h2_typography-font-weight);--awb-caption-title-font-style:var(--h2_typography-font-style);--awb-caption-title-size:var(--h2_typography-font-size);--awb-caption-title-transform:var(--h2_typography-text-transform);--awb-caption-title-line-height:var(--h2_typography-line-height);--awb-caption-title-letter-spacing:var(--h2_typography-letter-spacing);\"><span class=\" fusion-imageframe imageframe-none imageframe-8 hover-type-none\"><img decoding=\"async\" width=\"1979\" height=\"556\" alt=\"V\u00eddeos de LIFT-MTB\" title=\"V\u00eddeo de LIFT MTB\" src=\"http:\/\/lift-mtb.com\/wp-content\/uploads\/2017\/12\/lift-mtb-video.jpg\" class=\"img-responsive wp-image-4810\"\/><\/span><\/div><div class=\"fusion-separator fusion-full-width-sep\" style=\"align-self: center;margin-left: auto;margin-right: auto;margin-top:20px;width:100%;\"><\/div><div class=\"fusion-text fusion-text-11\" style=\"--awb-content-alignment:center;--awb-font-size:var(--awb-typography4-font-size);--awb-line-height:var(--awb-typography4-line-height);--awb-letter-spacing:var(--awb-typography4-letter-spacing);--awb-text-transform:var(--awb-typography4-text-transform);--awb-text-font-family:var(--awb-typography4-font-family);--awb-text-font-weight:var(--awb-typography4-font-weight);--awb-text-font-style:var(--awb-typography4-font-style);\"><p>Enfrente, un v\u00eddeo que explica la elecci\u00f3n de la bater\u00eda de la bicicleta el\u00e9ctrica<\/p>\n<\/div><\/div><\/div><div class=\"fusion-layout-column fusion_builder_column fusion-builder-column-14 fusion_builder_column_1_2 1_2 fusion-flex-column\" style=\"--awb-bg-size:cover;--awb-width-large:50%;--awb-margin-top-large:0px;--awb-spacing-right-large:3.84%;--awb-margin-bottom-large:20px;--awb-spacing-left-large:3.84%;--awb-width-medium:100%;--awb-order-medium:0;--awb-spacing-right-medium:1.92%;--awb-spacing-left-medium:1.92%;--awb-width-small:100%;--awb-order-small:0;--awb-spacing-right-small:1.92%;--awb-spacing-left-small:1.92%;\"><div class=\"fusion-column-wrapper fusion-column-has-shadow fusion-flex-justify-content-flex-start fusion-content-layout-column\"><div class=\"fusion-video fusion-youtube\" style=\"--awb-max-width:600px;--awb-max-height:360px;\"><div class=\"video-shortcode\"><div class=\"fluid-width-video-wrapper\" style=\"padding-top:60%;\" ><iframe title=\"YouTube video player 2\" src=\"https:\/\/www.youtube.com\/embed\/4lZmxDP_WwU?wmode=transparent&autoplay=0\" width=\"600\" height=\"360\" allowfullscreen allow=\"autoplay; clipboard-write; encrypted-media; gyroscope; picture-in-picture;\"><\/iframe><\/div><\/div><\/div><\/div><\/div><\/div><\/div><div class=\"fusion-fullwidth fullwidth-box fusion-builder-row-7 fusion-flex-container nonhundred-percent-fullwidth non-hundred-percent-height-scrolling\" style=\"--awb-border-radius-top-left:0px;--awb-border-radius-top-right:0px;--awb-border-radius-bottom-right:0px;--awb-border-radius-bottom-left:0px;--awb-flex-wrap:wrap;\" ><div class=\"fusion-builder-row fusion-row fusion-flex-align-items-flex-start fusion-flex-content-wrap\" style=\"max-width:1430px;margin-left: calc(-4% \/ 2 );margin-right: calc(-4% \/ 2 );\"><div class=\"fusion-layout-column fusion_builder_column fusion-builder-column-15 fusion_builder_column_1_1 1_1 fusion-flex-column\" style=\"--awb-bg-size:cover;--awb-width-large:100%;--awb-margin-top-large:0px;--awb-spacing-right-large:1.92%;--awb-margin-bottom-large:20px;--awb-spacing-left-large:1.92%;--awb-width-medium:100%;--awb-order-medium:0;--awb-spacing-right-medium:1.92%;--awb-spacing-left-medium:1.92%;--awb-width-small:100%;--awb-order-small:0;--awb-spacing-right-small:1.92%;--awb-spacing-left-small:1.92%;\"><div class=\"fusion-column-wrapper fusion-column-has-shadow fusion-flex-justify-content-flex-start fusion-content-layout-column\"><\/div><\/div><\/div><\/div><\/p>\n","protected":false},"excerpt":{"rendered":"","protected":false},"author":1,"featured_media":4769,"comment_status":"open","ping_status":"open","sticky":false,"template":"","format":"standard","meta":{"footnotes":""},"categories":[905],"tags":[],"class_list":["post-36546","post","type-post","status-publish","format-standard","has-post-thumbnail","hentry","category-preguntas-mas-frecuentes"],"yoast_head":"<!-- This site is optimized with the Yoast SEO plugin v26.9 - https:\/\/yoast.com\/product\/yoast-seo-wordpress\/ -->\n<title>\u00bfC\u00f3mo elegir una bater\u00eda de bicicleta el\u00e9ctrica? Autonom\u00eda y capacidad.<\/title>\n<meta name=\"description\" content=\"\u00bfC\u00f3mo elegir la capacidad de la bater\u00eda de una bicicleta el\u00e9ctrica? Composici\u00f3n de una bater\u00eda LITHUIM, autonom\u00eda, n\u00famero de amperios hora y vatios hora.\" \/>\n<meta name=\"robots\" content=\"index, follow, max-snippet:-1, max-image-preview:large, max-video-preview:-1\" \/>\n<link rel=\"canonical\" href=\"https:\/\/www.lift-mtb.com\/es\/como-elegir-una-bateria-de-bicicleta-electrica\/\" \/>\n<meta property=\"og:locale\" content=\"es_ES\" \/>\n<meta property=\"og:type\" content=\"article\" \/>\n<meta property=\"og:title\" content=\"\u00bfC\u00f3mo elegir una bater\u00eda de bicicleta el\u00e9ctrica? Autonom\u00eda y capacidad.\" \/>\n<meta property=\"og:description\" content=\"\u00bfC\u00f3mo elegir la capacidad de la bater\u00eda de una bicicleta el\u00e9ctrica? Composici\u00f3n de una bater\u00eda LITHUIM, autonom\u00eda, n\u00famero de amperios hora y vatios hora.\" \/>\n<meta property=\"og:url\" content=\"https:\/\/www.lift-mtb.com\/es\/como-elegir-una-bateria-de-bicicleta-electrica\/\" \/>\n<meta property=\"og:site_name\" content=\"LIFT-MTB\" \/>\n<meta property=\"article:published_time\" content=\"2022-07-05T13:31:29+00:00\" \/>\n<meta property=\"article:modified_time\" content=\"2023-01-22T18:14:56+00:00\" \/>\n<meta property=\"og:image\" content=\"https:\/\/www.lift-mtb.com\/wp-content\/uploads\/2017\/12\/battery-14ah-17ah-2021-scaled.jpg\" \/>\n\t<meta property=\"og:image:width\" content=\"4427\" \/>\n\t<meta property=\"og:image:height\" content=\"2932\" \/>\n\t<meta property=\"og:image:type\" content=\"image\/jpeg\" \/>\n<meta name=\"author\" content=\"dhenri\" \/>\n<meta name=\"twitter:card\" content=\"summary_large_image\" \/>\n<meta name=\"twitter:label1\" content=\"Escrito por\" \/>\n\t<meta name=\"twitter:data1\" content=\"dhenri\" \/>\n\t<meta name=\"twitter:label2\" content=\"Tiempo de lectura\" \/>\n\t<meta name=\"twitter:data2\" content=\"21 minutos\" \/>\n<script type=\"application\/ld+json\" class=\"yoast-schema-graph\">{\"@context\":\"https:\/\/schema.org\",\"@graph\":[{\"@type\":\"Article\",\"@id\":\"https:\/\/www.lift-mtb.com\/es\/como-elegir-una-bateria-de-bicicleta-electrica\/#article\",\"isPartOf\":{\"@id\":\"https:\/\/www.lift-mtb.com\/es\/como-elegir-una-bateria-de-bicicleta-electrica\/\"},\"author\":{\"name\":\"dhenri\",\"@id\":\"https:\/\/www.lift-mtb.com\/es\/#\/schema\/person\/8bd366e8eb44e9b934208ed106f84b14\"},\"headline\":\"\u00bfC\u00f3mo elegir una bater\u00eda de bicicleta el\u00e9ctrica?\",\"datePublished\":\"2022-07-05T13:31:29+00:00\",\"dateModified\":\"2023-01-22T18:14:56+00:00\",\"mainEntityOfPage\":{\"@id\":\"https:\/\/www.lift-mtb.com\/es\/como-elegir-una-bateria-de-bicicleta-electrica\/\"},\"wordCount\":11184,\"commentCount\":0,\"publisher\":{\"@id\":\"https:\/\/www.lift-mtb.com\/es\/#organization\"},\"image\":{\"@id\":\"https:\/\/www.lift-mtb.com\/es\/como-elegir-una-bateria-de-bicicleta-electrica\/#primaryimage\"},\"thumbnailUrl\":\"https:\/\/www.lift-mtb.com\/wp-content\/uploads\/2017\/12\/battery-14ah-17ah-2021-scaled.jpg\",\"articleSection\":[\"Preguntas m\u00e1s frecuentes\"],\"inLanguage\":\"es\",\"potentialAction\":[{\"@type\":\"CommentAction\",\"name\":\"Comment\",\"target\":[\"https:\/\/www.lift-mtb.com\/es\/como-elegir-una-bateria-de-bicicleta-electrica\/#respond\"]}]},{\"@type\":\"WebPage\",\"@id\":\"https:\/\/www.lift-mtb.com\/es\/como-elegir-una-bateria-de-bicicleta-electrica\/\",\"url\":\"https:\/\/www.lift-mtb.com\/es\/como-elegir-una-bateria-de-bicicleta-electrica\/\",\"name\":\"\u00bfC\u00f3mo elegir una bater\u00eda de bicicleta el\u00e9ctrica? Autonom\u00eda y capacidad.\",\"isPartOf\":{\"@id\":\"https:\/\/www.lift-mtb.com\/es\/#website\"},\"primaryImageOfPage\":{\"@id\":\"https:\/\/www.lift-mtb.com\/es\/como-elegir-una-bateria-de-bicicleta-electrica\/#primaryimage\"},\"image\":{\"@id\":\"https:\/\/www.lift-mtb.com\/es\/como-elegir-una-bateria-de-bicicleta-electrica\/#primaryimage\"},\"thumbnailUrl\":\"https:\/\/www.lift-mtb.com\/wp-content\/uploads\/2017\/12\/battery-14ah-17ah-2021-scaled.jpg\",\"datePublished\":\"2022-07-05T13:31:29+00:00\",\"dateModified\":\"2023-01-22T18:14:56+00:00\",\"description\":\"\u00bfC\u00f3mo elegir la capacidad de la bater\u00eda de una bicicleta el\u00e9ctrica? Composici\u00f3n de una bater\u00eda LITHUIM, autonom\u00eda, n\u00famero de amperios hora y vatios hora.\",\"breadcrumb\":{\"@id\":\"https:\/\/www.lift-mtb.com\/es\/como-elegir-una-bateria-de-bicicleta-electrica\/#breadcrumb\"},\"inLanguage\":\"es\",\"potentialAction\":[{\"@type\":\"ReadAction\",\"target\":[\"https:\/\/www.lift-mtb.com\/es\/como-elegir-una-bateria-de-bicicleta-electrica\/\"]}]},{\"@type\":\"ImageObject\",\"inLanguage\":\"es\",\"@id\":\"https:\/\/www.lift-mtb.com\/es\/como-elegir-una-bateria-de-bicicleta-electrica\/#primaryimage\",\"url\":\"https:\/\/www.lift-mtb.com\/wp-content\/uploads\/2017\/12\/battery-14ah-17ah-2021-scaled.jpg\",\"contentUrl\":\"https:\/\/www.lift-mtb.com\/wp-content\/uploads\/2017\/12\/battery-14ah-17ah-2021-scaled.jpg\",\"width\":4427,\"height\":2932,\"caption\":\"comparaison battery 14ah-17ah 2021\"},{\"@type\":\"BreadcrumbList\",\"@id\":\"https:\/\/www.lift-mtb.com\/es\/como-elegir-una-bateria-de-bicicleta-electrica\/#breadcrumb\",\"itemListElement\":[{\"@type\":\"ListItem\",\"position\":1,\"name\":\"Accueil\",\"item\":\"https:\/\/www.lift-mtb.com\/es\/\"},{\"@type\":\"ListItem\",\"position\":2,\"name\":\"Preguntas m\u00e1s frecuentes\",\"item\":\"https:\/\/www.lift-mtb.com\/es\/categoria\/preguntas-mas-frecuentes\/\"},{\"@type\":\"ListItem\",\"position\":3,\"name\":\"\u00bfC\u00f3mo elegir una bater\u00eda de bicicleta el\u00e9ctrica?\"}]},{\"@type\":\"WebSite\",\"@id\":\"https:\/\/www.lift-mtb.com\/es\/#website\",\"url\":\"https:\/\/www.lift-mtb.com\/es\/\",\"name\":\"LIFT-MTB\",\"description\":\"Transformer son v\u00e9lo en \u00e9lectrique rapidement !\",\"publisher\":{\"@id\":\"https:\/\/www.lift-mtb.com\/es\/#organization\"},\"potentialAction\":[{\"@type\":\"SearchAction\",\"target\":{\"@type\":\"EntryPoint\",\"urlTemplate\":\"https:\/\/www.lift-mtb.com\/es\/?s={search_term_string}\"},\"query-input\":{\"@type\":\"PropertyValueSpecification\",\"valueRequired\":true,\"valueName\":\"search_term_string\"}}],\"inLanguage\":\"es\"},{\"@type\":\"Organization\",\"@id\":\"https:\/\/www.lift-mtb.com\/es\/#organization\",\"name\":\"LIFT-MTB\",\"url\":\"https:\/\/www.lift-mtb.com\/es\/\",\"logo\":{\"@type\":\"ImageObject\",\"inLanguage\":\"es\",\"@id\":\"https:\/\/www.lift-mtb.com\/es\/#\/schema\/logo\/image\/\",\"url\":\"https:\/\/www.lift-mtb.com\/wp-content\/uploads\/2022\/01\/electric-kit-for-bike-1.jpg\",\"contentUrl\":\"https:\/\/www.lift-mtb.com\/wp-content\/uploads\/2022\/01\/electric-kit-for-bike-1.jpg\",\"width\":1223,\"height\":560,\"caption\":\"LIFT-MTB\"},\"image\":{\"@id\":\"https:\/\/www.lift-mtb.com\/es\/#\/schema\/logo\/image\/\"}},{\"@type\":\"Person\",\"@id\":\"https:\/\/www.lift-mtb.com\/es\/#\/schema\/person\/8bd366e8eb44e9b934208ed106f84b14\",\"name\":\"dhenri\",\"image\":{\"@type\":\"ImageObject\",\"inLanguage\":\"es\",\"@id\":\"https:\/\/www.lift-mtb.com\/es\/#\/schema\/person\/image\/\",\"url\":\"https:\/\/secure.gravatar.com\/avatar\/f1c37fd2b696c08b3fa38a35d57f31a6ac4def018a90fa66bee289758debac3c?s=96&d=mm&r=g\",\"contentUrl\":\"https:\/\/secure.gravatar.com\/avatar\/f1c37fd2b696c08b3fa38a35d57f31a6ac4def018a90fa66bee289758debac3c?s=96&d=mm&r=g\",\"caption\":\"dhenri\"},\"url\":\"https:\/\/www.lift-mtb.com\"}]}<\/script>\n<!-- \/ Yoast SEO plugin. -->","yoast_head_json":{"title":"\u00bfC\u00f3mo elegir una bater\u00eda de bicicleta el\u00e9ctrica? Autonom\u00eda y capacidad.","description":"\u00bfC\u00f3mo elegir la capacidad de la bater\u00eda de una bicicleta el\u00e9ctrica? Composici\u00f3n de una bater\u00eda LITHUIM, autonom\u00eda, n\u00famero de amperios hora y vatios hora.","robots":{"index":"index","follow":"follow","max-snippet":"max-snippet:-1","max-image-preview":"max-image-preview:large","max-video-preview":"max-video-preview:-1"},"canonical":"https:\/\/www.lift-mtb.com\/es\/como-elegir-una-bateria-de-bicicleta-electrica\/","og_locale":"es_ES","og_type":"article","og_title":"\u00bfC\u00f3mo elegir una bater\u00eda de bicicleta el\u00e9ctrica? Autonom\u00eda y capacidad.","og_description":"\u00bfC\u00f3mo elegir la capacidad de la bater\u00eda de una bicicleta el\u00e9ctrica? Composici\u00f3n de una bater\u00eda LITHUIM, autonom\u00eda, n\u00famero de amperios hora y vatios hora.","og_url":"https:\/\/www.lift-mtb.com\/es\/como-elegir-una-bateria-de-bicicleta-electrica\/","og_site_name":"LIFT-MTB","article_published_time":"2022-07-05T13:31:29+00:00","article_modified_time":"2023-01-22T18:14:56+00:00","og_image":[{"width":4427,"height":2932,"url":"https:\/\/www.lift-mtb.com\/wp-content\/uploads\/2017\/12\/battery-14ah-17ah-2021-scaled.jpg","type":"image\/jpeg"}],"author":"dhenri","twitter_card":"summary_large_image","twitter_misc":{"Escrito por":"dhenri","Tiempo de lectura":"21 minutos"},"schema":{"@context":"https:\/\/schema.org","@graph":[{"@type":"Article","@id":"https:\/\/www.lift-mtb.com\/es\/como-elegir-una-bateria-de-bicicleta-electrica\/#article","isPartOf":{"@id":"https:\/\/www.lift-mtb.com\/es\/como-elegir-una-bateria-de-bicicleta-electrica\/"},"author":{"name":"dhenri","@id":"https:\/\/www.lift-mtb.com\/es\/#\/schema\/person\/8bd366e8eb44e9b934208ed106f84b14"},"headline":"\u00bfC\u00f3mo elegir una bater\u00eda de bicicleta el\u00e9ctrica?","datePublished":"2022-07-05T13:31:29+00:00","dateModified":"2023-01-22T18:14:56+00:00","mainEntityOfPage":{"@id":"https:\/\/www.lift-mtb.com\/es\/como-elegir-una-bateria-de-bicicleta-electrica\/"},"wordCount":11184,"commentCount":0,"publisher":{"@id":"https:\/\/www.lift-mtb.com\/es\/#organization"},"image":{"@id":"https:\/\/www.lift-mtb.com\/es\/como-elegir-una-bateria-de-bicicleta-electrica\/#primaryimage"},"thumbnailUrl":"https:\/\/www.lift-mtb.com\/wp-content\/uploads\/2017\/12\/battery-14ah-17ah-2021-scaled.jpg","articleSection":["Preguntas m\u00e1s frecuentes"],"inLanguage":"es","potentialAction":[{"@type":"CommentAction","name":"Comment","target":["https:\/\/www.lift-mtb.com\/es\/como-elegir-una-bateria-de-bicicleta-electrica\/#respond"]}]},{"@type":"WebPage","@id":"https:\/\/www.lift-mtb.com\/es\/como-elegir-una-bateria-de-bicicleta-electrica\/","url":"https:\/\/www.lift-mtb.com\/es\/como-elegir-una-bateria-de-bicicleta-electrica\/","name":"\u00bfC\u00f3mo elegir una bater\u00eda de bicicleta el\u00e9ctrica? Autonom\u00eda y capacidad.","isPartOf":{"@id":"https:\/\/www.lift-mtb.com\/es\/#website"},"primaryImageOfPage":{"@id":"https:\/\/www.lift-mtb.com\/es\/como-elegir-una-bateria-de-bicicleta-electrica\/#primaryimage"},"image":{"@id":"https:\/\/www.lift-mtb.com\/es\/como-elegir-una-bateria-de-bicicleta-electrica\/#primaryimage"},"thumbnailUrl":"https:\/\/www.lift-mtb.com\/wp-content\/uploads\/2017\/12\/battery-14ah-17ah-2021-scaled.jpg","datePublished":"2022-07-05T13:31:29+00:00","dateModified":"2023-01-22T18:14:56+00:00","description":"\u00bfC\u00f3mo elegir la capacidad de la bater\u00eda de una bicicleta el\u00e9ctrica? Composici\u00f3n de una bater\u00eda LITHUIM, autonom\u00eda, n\u00famero de amperios hora y vatios hora.","breadcrumb":{"@id":"https:\/\/www.lift-mtb.com\/es\/como-elegir-una-bateria-de-bicicleta-electrica\/#breadcrumb"},"inLanguage":"es","potentialAction":[{"@type":"ReadAction","target":["https:\/\/www.lift-mtb.com\/es\/como-elegir-una-bateria-de-bicicleta-electrica\/"]}]},{"@type":"ImageObject","inLanguage":"es","@id":"https:\/\/www.lift-mtb.com\/es\/como-elegir-una-bateria-de-bicicleta-electrica\/#primaryimage","url":"https:\/\/www.lift-mtb.com\/wp-content\/uploads\/2017\/12\/battery-14ah-17ah-2021-scaled.jpg","contentUrl":"https:\/\/www.lift-mtb.com\/wp-content\/uploads\/2017\/12\/battery-14ah-17ah-2021-scaled.jpg","width":4427,"height":2932,"caption":"comparaison battery 14ah-17ah 2021"},{"@type":"BreadcrumbList","@id":"https:\/\/www.lift-mtb.com\/es\/como-elegir-una-bateria-de-bicicleta-electrica\/#breadcrumb","itemListElement":[{"@type":"ListItem","position":1,"name":"Accueil","item":"https:\/\/www.lift-mtb.com\/es\/"},{"@type":"ListItem","position":2,"name":"Preguntas m\u00e1s frecuentes","item":"https:\/\/www.lift-mtb.com\/es\/categoria\/preguntas-mas-frecuentes\/"},{"@type":"ListItem","position":3,"name":"\u00bfC\u00f3mo elegir una bater\u00eda de bicicleta el\u00e9ctrica?"}]},{"@type":"WebSite","@id":"https:\/\/www.lift-mtb.com\/es\/#website","url":"https:\/\/www.lift-mtb.com\/es\/","name":"LIFT-MTB","description":"Transformer son v\u00e9lo en \u00e9lectrique rapidement !","publisher":{"@id":"https:\/\/www.lift-mtb.com\/es\/#organization"},"potentialAction":[{"@type":"SearchAction","target":{"@type":"EntryPoint","urlTemplate":"https:\/\/www.lift-mtb.com\/es\/?s={search_term_string}"},"query-input":{"@type":"PropertyValueSpecification","valueRequired":true,"valueName":"search_term_string"}}],"inLanguage":"es"},{"@type":"Organization","@id":"https:\/\/www.lift-mtb.com\/es\/#organization","name":"LIFT-MTB","url":"https:\/\/www.lift-mtb.com\/es\/","logo":{"@type":"ImageObject","inLanguage":"es","@id":"https:\/\/www.lift-mtb.com\/es\/#\/schema\/logo\/image\/","url":"https:\/\/www.lift-mtb.com\/wp-content\/uploads\/2022\/01\/electric-kit-for-bike-1.jpg","contentUrl":"https:\/\/www.lift-mtb.com\/wp-content\/uploads\/2022\/01\/electric-kit-for-bike-1.jpg","width":1223,"height":560,"caption":"LIFT-MTB"},"image":{"@id":"https:\/\/www.lift-mtb.com\/es\/#\/schema\/logo\/image\/"}},{"@type":"Person","@id":"https:\/\/www.lift-mtb.com\/es\/#\/schema\/person\/8bd366e8eb44e9b934208ed106f84b14","name":"dhenri","image":{"@type":"ImageObject","inLanguage":"es","@id":"https:\/\/www.lift-mtb.com\/es\/#\/schema\/person\/image\/","url":"https:\/\/secure.gravatar.com\/avatar\/f1c37fd2b696c08b3fa38a35d57f31a6ac4def018a90fa66bee289758debac3c?s=96&d=mm&r=g","contentUrl":"https:\/\/secure.gravatar.com\/avatar\/f1c37fd2b696c08b3fa38a35d57f31a6ac4def018a90fa66bee289758debac3c?s=96&d=mm&r=g","caption":"dhenri"},"url":"https:\/\/www.lift-mtb.com"}]}},"_links":{"self":[{"href":"https:\/\/www.lift-mtb.com\/es\/wp-json\/wp\/v2\/posts\/36546","targetHints":{"allow":["GET"]}}],"collection":[{"href":"https:\/\/www.lift-mtb.com\/es\/wp-json\/wp\/v2\/posts"}],"about":[{"href":"https:\/\/www.lift-mtb.com\/es\/wp-json\/wp\/v2\/types\/post"}],"author":[{"embeddable":true,"href":"https:\/\/www.lift-mtb.com\/es\/wp-json\/wp\/v2\/users\/1"}],"replies":[{"embeddable":true,"href":"https:\/\/www.lift-mtb.com\/es\/wp-json\/wp\/v2\/comments?post=36546"}],"version-history":[{"count":5,"href":"https:\/\/www.lift-mtb.com\/es\/wp-json\/wp\/v2\/posts\/36546\/revisions"}],"predecessor-version":[{"id":44482,"href":"https:\/\/www.lift-mtb.com\/es\/wp-json\/wp\/v2\/posts\/36546\/revisions\/44482"}],"wp:featuredmedia":[{"embeddable":true,"href":"https:\/\/www.lift-mtb.com\/es\/wp-json\/wp\/v2\/media\/4769"}],"wp:attachment":[{"href":"https:\/\/www.lift-mtb.com\/es\/wp-json\/wp\/v2\/media?parent=36546"}],"wp:term":[{"taxonomy":"category","embeddable":true,"href":"https:\/\/www.lift-mtb.com\/es\/wp-json\/wp\/v2\/categories?post=36546"},{"taxonomy":"post_tag","embeddable":true,"href":"https:\/\/www.lift-mtb.com\/es\/wp-json\/wp\/v2\/tags?post=36546"}],"curies":[{"name":"wp","href":"https:\/\/api.w.org\/{rel}","templated":true}]}}