{"id":36780,"date":"2022-06-28T04:16:38","date_gmt":"2022-06-28T02:16:38","guid":{"rendered":"https:\/cuales-son-las-limitaciones-de-una-bicicleta-de-montana\/"},"modified":"2023-01-22T19:31:01","modified_gmt":"2023-01-22T18:31:01","slug":"cuales-son-las-limitaciones-de-una-bicicleta-de-montana","status":"publish","type":"post","link":"https:\/\/www.lift-mtb.com\/es\/cuales-son-las-limitaciones-de-una-bicicleta-de-montana\/","title":{"rendered":"\u00bfCu\u00e1les son las limitaciones mec\u00e1nicas?"},"content":{"rendered":"<p><div class=\"fusion-fullwidth fullwidth-box fusion-builder-row-1 fusion-flex-container nonhundred-percent-fullwidth non-hundred-percent-height-scrolling\" style=\"--awb-border-radius-top-left:0px;--awb-border-radius-top-right:0px;--awb-border-radius-bottom-right:0px;--awb-border-radius-bottom-left:0px;--awb-flex-wrap:wrap;\" ><div class=\"fusion-builder-row fusion-row fusion-flex-align-items-flex-start fusion-flex-content-wrap\" style=\"max-width:1430px;margin-left: calc(-4% \/ 2 );margin-right: calc(-4% \/ 2 );\"><div class=\"fusion-layout-column fusion_builder_column fusion-builder-column-0 fusion_builder_column_1_1 1_1 fusion-flex-column\" style=\"--awb-bg-size:cover;--awb-width-large:100%;--awb-margin-top-large:0px;--awb-spacing-right-large:1.92%;--awb-margin-bottom-large:20px;--awb-spacing-left-large:1.92%;--awb-width-medium:100%;--awb-order-medium:0;--awb-spacing-right-medium:1.92%;--awb-spacing-left-medium:1.92%;--awb-width-small:100%;--awb-order-small:0;--awb-spacing-right-small:1.92%;--awb-spacing-left-small:1.92%;\"><div class=\"fusion-column-wrapper fusion-column-has-shadow fusion-flex-justify-content-flex-start fusion-content-layout-column\"><progress class=\"fusion-scroll-progress fusion-scroll-progress-1 fusion-fixed-top\" max=\"100\" style=\"--awb-height:10px;--awb-border-size:0px;--awb-background-color:#f2f3f5;--awb-progress-color:var(--awb-color7);--awb-border-color:#ffffff;\"><\/progress><div class=\"fusion-text fusion-text-1\" style=\"--awb-text-transform:none;\"><div id=\"cc-m-14031476424\" class=\"j-module n j-header \">\n<h2 id=\"cc-m-header-14031476424\" style=\"text-align: center;\">\u00bfLas limitaciones de un motor el\u00e9ctrico en la transmisi\u00f3n de una bicicleta?<\/h2>\n<\/div>\n<div id=\"cc-m-14031477624\" class=\"j-module n j-hr \"><\/div>\n<\/div><div class=\"fusion-separator fusion-full-width-sep\" style=\"align-self: center;margin-left: auto;margin-right: auto;width:100%;\"><div class=\"fusion-separator-border sep-single sep-solid\" style=\"--awb-height:20px;--awb-amount:20px;border-color:#e0dede;border-top-width:1px;\"><\/div><\/div><\/div><\/div><div class=\"fusion-layout-column fusion_builder_column fusion-builder-column-1 fusion_builder_column_3_5 3_5 fusion-flex-column fusion-flex-align-self-stretch\" style=\"--awb-bg-size:cover;--awb-width-large:60%;--awb-margin-top-large:0px;--awb-spacing-right-large:3.2%;--awb-margin-bottom-large:20px;--awb-spacing-left-large:3.2%;--awb-width-medium:100%;--awb-order-medium:0;--awb-spacing-right-medium:1.92%;--awb-spacing-left-medium:1.92%;--awb-width-small:100%;--awb-order-small:0;--awb-spacing-right-small:1.92%;--awb-spacing-left-small:1.92%;\"><div class=\"fusion-column-wrapper fusion-column-has-shadow fusion-flex-justify-content-center fusion-content-layout-column\"><div class=\"fusion-text fusion-text-2\" style=\"--awb-text-transform:none;\"><div>\n<h3>En cuanto a las limitaciones del <span id=\"yiv7488806595yui_3_16_0_ym19_1_1488354953165_4609\">motor el\u00e9ctrico <\/span><span id=\"yiv7488806595yui_3_16_0_ym19_1_1488354953165_4609\">en el marco :<\/span><\/h3>\n<\/div>\n<div id=\"yiv7488806595yui_3_16_0_ym19_1_1488354953165_4614\"><span id=\"yiv7488806595yui_3_16_0_ym19_1_1488354953165_4615\">Hicimos muchas pruebas de estr\u00e9s en el chasis, en el soporte del motor y dibujamos muchas piezas de prueba e hicimos muchas simulaciones. Resulta que las restricciones son en realidad bastante peque\u00f1as (al menos mucho m\u00e1s peque\u00f1as de lo que uno podr\u00eda pensar).<\/span><\/div>\n<div id=\"yiv7488806595yui_3_16_0_ym19_1_1488354953165_4620\"><span id=\"yiv7488806595yui_3_16_0_ym19_1_1488354953165_4621\">De hecho, la potencia m\u00e1xima desarrollada por el <b id=\"yiv7488806595yui_3_16_0_ym19_1_1488354953165_4622\">motor desmontable de la bicicleta<\/b> el\u00e9ctrica ser\u00e1 mucho menor que la fuerza desarrollada por un ciclista al 100% de potencia.<\/span><\/div>\n<\/div><\/div><\/div><div class=\"fusion-layout-column fusion_builder_column fusion-builder-column-2 fusion_builder_column_2_5 2_5 fusion-flex-column fusion-flex-align-self-center\" style=\"--awb-bg-size:cover;--awb-width-large:40%;--awb-margin-top-large:0px;--awb-spacing-right-large:4.8%;--awb-margin-bottom-large:20px;--awb-spacing-left-large:4.8%;--awb-width-medium:100%;--awb-order-medium:0;--awb-spacing-right-medium:1.92%;--awb-spacing-left-medium:1.92%;--awb-width-small:100%;--awb-order-small:0;--awb-spacing-right-small:1.92%;--awb-spacing-left-small:1.92%;\"><div class=\"fusion-column-wrapper fusion-column-has-shadow fusion-flex-justify-content-center fusion-content-layout-column\"><div class=\"fusion-image-element \" style=\"text-align:center;--awb-caption-title-font-family:var(--h2_typography-font-family);--awb-caption-title-font-weight:var(--h2_typography-font-weight);--awb-caption-title-font-style:var(--h2_typography-font-style);--awb-caption-title-size:var(--h2_typography-font-size);--awb-caption-title-transform:var(--h2_typography-text-transform);--awb-caption-title-line-height:var(--h2_typography-line-height);--awb-caption-title-letter-spacing:var(--h2_typography-letter-spacing);\"><span class=\" fusion-imageframe imageframe-none imageframe-1 hover-type-none\"><img decoding=\"async\" width=\"424\" height=\"258\" alt=\"Restricciones a los motores de las bicicletas el\u00e9ctricas\" title=\"real-torque-motocicleta-el\u00e9ctrica\" src=\"http:\/\/lift-mtb.com\/wp-content\/uploads\/2016\/01\/couple-reel-vtt-electrique-1.jpg\" class=\"img-responsive wp-image-8789\"\/><\/span><\/div><\/div><\/div><div class=\"fusion-layout-column fusion_builder_column fusion-builder-column-3 fusion_builder_column_1_1 1_1 fusion-flex-column\" style=\"--awb-bg-size:cover;--awb-width-large:100%;--awb-margin-top-large:0px;--awb-spacing-right-large:1.92%;--awb-margin-bottom-large:20px;--awb-spacing-left-large:1.92%;--awb-width-medium:100%;--awb-order-medium:0;--awb-spacing-right-medium:1.92%;--awb-spacing-left-medium:1.92%;--awb-width-small:100%;--awb-order-small:0;--awb-spacing-right-small:1.92%;--awb-spacing-left-small:1.92%;\"><div class=\"fusion-column-wrapper fusion-column-has-shadow fusion-flex-justify-content-flex-start fusion-content-layout-column\"><div class=\"fusion-text fusion-text-3\" style=\"--awb-text-transform:none;\"><blockquote>\n<p><span id=\"yiv7488806595yui_3_16_0_ym19_1_1488354953165_4625\">Un ciclista que en algunas ocasiones<\/span>Un ciclista que utiliza los pedales en un sprint tirar\u00e1 con todas sus fuerzas del manillar y empujar\u00e1 con fuerza los pedales ejerciendo un enorme estr\u00e9s sobre el cuadro en torsi\u00f3n, y en tracci\u00f3n sobre la transmisi\u00f3n, la potencia m\u00e1xima de un ciclista profesional es de unos 2300w.<\/p>\n<\/blockquote>\n<\/div><\/div><\/div><\/div><\/div><div class=\"fusion-fullwidth fullwidth-box fusion-builder-row-2 fusion-flex-container nonhundred-percent-fullwidth non-hundred-percent-height-scrolling\" style=\"--awb-border-radius-top-left:0px;--awb-border-radius-top-right:0px;--awb-border-radius-bottom-right:0px;--awb-border-radius-bottom-left:0px;--awb-flex-wrap:wrap;\" ><div class=\"fusion-builder-row fusion-row fusion-flex-align-items-flex-start fusion-flex-content-wrap\" style=\"max-width:1430px;margin-left: calc(-4% \/ 2 );margin-right: calc(-4% \/ 2 );\"><div class=\"fusion-layout-column fusion_builder_column fusion-builder-column-4 fusion_builder_column_3_5 3_5 fusion-flex-column\" style=\"--awb-bg-size:cover;--awb-width-large:60%;--awb-margin-top-large:0px;--awb-spacing-right-large:3.2%;--awb-margin-bottom-large:20px;--awb-spacing-left-large:3.2%;--awb-width-medium:100%;--awb-order-medium:0;--awb-spacing-right-medium:1.92%;--awb-spacing-left-medium:1.92%;--awb-width-small:100%;--awb-order-small:0;--awb-spacing-right-small:1.92%;--awb-spacing-left-small:1.92%;\"><div class=\"fusion-column-wrapper fusion-column-has-shadow fusion-flex-justify-content-flex-start fusion-content-layout-column\"><div class=\"fusion-text fusion-text-4\"><div id=\"yiv7488806595yui_3_16_0_ym19_1_1488354953165_4630\"><span id=\"yiv7488806595yui_3_16_0_ym19_1_1488354953165_4631\">En cambio, un <strong>motor<\/strong> <b id=\"yiv7488806595yui_3_16_0_ym19_1_1488354953165_4632\">el\u00e9ctrico de bicicleta de monta\u00f1a<\/b> como el nuestro, que difunde la potencia a un ritmo regular, transmite una potencia mucho menor que la potencia m\u00e1xima del ciclista. \u00c9l<span id=\"yiv7488806595yui_3_16_0_ym19_1_1488354953165_4633\"> <\/span>transmitir\u00e1 esta red de potencia de forma constante, limitada \u00fanicamente por la autonom\u00eda de la bater\u00eda de iones de litio, por lo que el par aplicado en todos los \u00f3rganos de transmisi\u00f3n ser\u00e1 equivalente a la potencia de un ciclista que ser\u00eda s\u00faper resistente.<\/span><\/div>\n<div id=\"yiv7488806595yui_3_16_0_ym19_1_1488354953165_4645\"><\/div>\n<\/div><div class=\"fusion-text fusion-text-5\" style=\"--awb-text-transform:none;\"><div id=\"yiv7488806595yui_3_16_0_ym19_1_1488354953165_4638\"><span id=\"yiv7488806595yui_3_16_0_ym19_1_1488354953165_4639\"><strong>La asistencia el\u00e9ctrica del pedal<\/strong> <strong>para bicicletas de monta\u00f1a<\/strong> Esto significa que la potencia media transmitida al plato es elevada, lo que mejora enormemente el rendimiento del ciclista a lo largo de todo un esfuerzo, sin que los picos de potencia m\u00e1xima absorbidos por el cuadro y la transmisi\u00f3n sean mayores que cuando el ciclista acelera a fondo en un sprint.<\/span><\/div>\n<div><\/div>\n<div id=\"yiv7488806595yui_3_16_0_ym19_1_1488354953165_4645\"><span id=\"yiv7488806595yui_3_16_0_ym19_1_1488354953165_4646\">Y como el 95% de los usuarios utilizan el <\/span><strong><span id=\"yiv7488806595yui_3_16_0_ym19_1_1488354953165_4646\">Motor el\u00e9ctrico LIFT-MTB<\/span> <span id=\"yiv7488806595yui_3_16_0_ym19_1_1488354953165_4646\"> <\/span> <span id=\"yiv7488806595yui_3_16_0_ym19_1_1488354953165_4646\"><\/span><\/strong> <span id=\"yiv7488806595yui_3_16_0_ym19_1_1488354953165_4646\">para rodar a buen ritmo, y no se pasan el tiempo esprintando, a\u00f1adiendo su m\u00e1xima potencia al motor, el \u00edndice de desgaste pasa a ser equivalente al desgaste normal de un usuario muy en forma que simplemente es capaz de mantener un ritmo constante.<\/span><\/div>\n<\/div><\/div><\/div><div class=\"fusion-layout-column fusion_builder_column fusion-builder-column-5 fusion_builder_column_2_5 2_5 fusion-flex-column\" style=\"--awb-bg-size:cover;--awb-width-large:40%;--awb-margin-top-large:0px;--awb-spacing-right-large:4.8%;--awb-margin-bottom-large:20px;--awb-spacing-left-large:4.8%;--awb-width-medium:100%;--awb-order-medium:0;--awb-spacing-right-medium:1.92%;--awb-spacing-left-medium:1.92%;--awb-width-small:100%;--awb-order-small:0;--awb-spacing-right-small:1.92%;--awb-spacing-left-small:1.92%;\"><div class=\"fusion-column-wrapper fusion-column-has-shadow fusion-flex-justify-content-flex-start fusion-content-layout-column\"><div class=\"fusion-image-element \" style=\"--awb-caption-title-font-family:var(--h2_typography-font-family);--awb-caption-title-font-weight:var(--h2_typography-font-weight);--awb-caption-title-font-style:var(--h2_typography-font-style);--awb-caption-title-size:var(--h2_typography-font-size);--awb-caption-title-transform:var(--h2_typography-text-transform);--awb-caption-title-line-height:var(--h2_typography-line-height);--awb-caption-title-letter-spacing:var(--h2_typography-letter-spacing);\"><span class=\" fusion-imageframe imageframe-none imageframe-2 hover-type-none\"><img decoding=\"async\" width=\"1024\" height=\"684\" alt=\"action lift\" title=\"kit de bicicleta el\u00e9ctrica LIFT MTB 8\" src=\"http:\/\/lift-mtb.com\/wp-content\/uploads\/2022\/06\/electric-bike-kit-lift-mtb-8-1-1024x684.jpg\" class=\"img-responsive wp-image-27020\" srcset=\"https:\/\/www.lift-mtb.com\/wp-content\/uploads\/2022\/06\/electric-bike-kit-lift-mtb-8-1-200x134.jpg 200w, https:\/\/www.lift-mtb.com\/wp-content\/uploads\/2022\/06\/electric-bike-kit-lift-mtb-8-1-400x267.jpg 400w, https:\/\/www.lift-mtb.com\/wp-content\/uploads\/2022\/06\/electric-bike-kit-lift-mtb-8-1-600x401.jpg 600w, https:\/\/www.lift-mtb.com\/wp-content\/uploads\/2022\/06\/electric-bike-kit-lift-mtb-8-1-800x534.jpg 800w, https:\/\/www.lift-mtb.com\/wp-content\/uploads\/2022\/06\/electric-bike-kit-lift-mtb-8-1-1200x801.jpg 1200w, https:\/\/www.lift-mtb.com\/wp-content\/uploads\/2022\/06\/electric-bike-kit-lift-mtb-8-1-scaled.jpg 2200w\" sizes=\"(max-width: 1024px) 100vw, (max-width: 640px) 100vw, 600px\" \/><\/span><\/div><\/div><\/div><\/div><\/div><div class=\"fusion-fullwidth fullwidth-box fusion-builder-row-3 fusion-flex-container nonhundred-percent-fullwidth non-hundred-percent-height-scrolling\" style=\"--awb-border-radius-top-left:0px;--awb-border-radius-top-right:0px;--awb-border-radius-bottom-right:0px;--awb-border-radius-bottom-left:0px;--awb-flex-wrap:wrap;\" ><div class=\"fusion-builder-row fusion-row fusion-flex-align-items-flex-start fusion-flex-content-wrap\" style=\"max-width:1430px;margin-left: calc(-4% \/ 2 );margin-right: calc(-4% \/ 2 );\"><div class=\"fusion-layout-column fusion_builder_column fusion-builder-column-6 fusion_builder_column_1_1 1_1 fusion-flex-column\" style=\"--awb-bg-size:cover;--awb-width-large:100%;--awb-margin-top-large:0px;--awb-spacing-right-large:1.92%;--awb-margin-bottom-large:20px;--awb-spacing-left-large:1.92%;--awb-width-medium:100%;--awb-order-medium:0;--awb-spacing-right-medium:1.92%;--awb-spacing-left-medium:1.92%;--awb-width-small:100%;--awb-order-small:0;--awb-spacing-right-small:1.92%;--awb-spacing-left-small:1.92%;\"><div class=\"fusion-column-wrapper fusion-column-has-shadow fusion-flex-justify-content-flex-start fusion-content-layout-column\"><div class=\"fusion-separator fusion-full-width-sep\" style=\"align-self: center;margin-left: auto;margin-right: auto;width:100%;\"><div class=\"fusion-separator-border sep-single sep-solid\" style=\"--awb-height:20px;--awb-amount:20px;border-color:#e0dede;border-top-width:1px;\"><\/div><\/div><div class=\"fusion-text fusion-text-6\" style=\"--awb-text-transform:none;\"><h3 id=\"cc-m-15321479024\" class=\"j-module n j-header \" style=\"text-align: center;\">Limitaciones del motor el\u00e9ctrico en la transmisi\u00f3n &#8211; \u00bfDebe utilizarse una cadena reforzada?<\/h3>\n<div id=\"cc-m-15321479424\" class=\"j-module n j-hr \"><\/div>\n<\/div><\/div><\/div><div class=\"fusion-layout-column fusion_builder_column fusion-builder-column-7 fusion_builder_column_3_5 3_5 fusion-flex-column\" style=\"--awb-bg-size:cover;--awb-width-large:60%;--awb-margin-top-large:0px;--awb-spacing-right-large:3.2%;--awb-margin-bottom-large:20px;--awb-spacing-left-large:3.2%;--awb-width-medium:100%;--awb-order-medium:0;--awb-spacing-right-medium:1.92%;--awb-spacing-left-medium:1.92%;--awb-width-small:100%;--awb-order-small:0;--awb-spacing-right-small:1.92%;--awb-spacing-left-small:1.92%;\"><div class=\"fusion-column-wrapper fusion-column-has-shadow fusion-flex-justify-content-flex-start fusion-content-layout-column\"><div class=\"fusion-text fusion-text-7\" style=\"--awb-text-transform:none;\"><p>Ciertamente, algunas partes de la transmisi\u00f3n tendr\u00e1n m\u00e1s tensi\u00f3n, ya que l\u00f3gicamente se rodar\u00e1 m\u00e1s lejos y durante m\u00e1s tiempo.<\/p>\n<p>Pero como se ha visto anteriormente, esto se mantiene dentro de lo normal, y corresponder\u00e1 al ritmo de desgaste de la transmisi\u00f3n previsto por los fabricantes, por lo que desde nuestro punto de vista no es necesario un <strong>Cadena reforzada tipo bicicleta asistida electricamente<\/strong>Si utiliza una cadena de alta calidad, es preferible que no utilice una cadena que a veces est\u00e9 perforada (como se muestra en la foto).<\/p>\n<p>Una cadena m\u00e1s b\u00e1sica y ligeramente m\u00e1s pesada suele ser m\u00e1s fuerte y suficiente.<\/p>\n<\/div><div ><a class=\"fusion-button button-flat fusion-button-default-size button-default fusion-button-default button-1 fusion-button-default-span fusion-button-default-type\" target=\"_self\" href=\"https:\/es\/produit\/cadena-secundaria-para-bicicleta-electrica\/\"><span class=\"fusion-button-text awb-button__text awb-button__text--default\">Cadena reforzada para bicicletas el\u00e9ctricas &#8211; \u00a1Disponible en nuestra tienda!<\/span><\/a><\/div><\/div><\/div><div class=\"fusion-layout-column fusion_builder_column fusion-builder-column-8 fusion_builder_column_2_5 2_5 fusion-flex-column fusion-flex-align-self-center\" style=\"--awb-bg-size:cover;--awb-width-large:40%;--awb-margin-top-large:0px;--awb-spacing-right-large:4.8%;--awb-margin-bottom-large:20px;--awb-spacing-left-large:4.8%;--awb-width-medium:100%;--awb-order-medium:0;--awb-spacing-right-medium:1.92%;--awb-spacing-left-medium:1.92%;--awb-width-small:100%;--awb-order-small:0;--awb-spacing-right-small:1.92%;--awb-spacing-left-small:1.92%;\"><div class=\"fusion-column-wrapper fusion-column-has-shadow fusion-flex-justify-content-center fusion-content-layout-column\"><div class=\"fusion-image-element \" style=\"text-align:center;--awb-caption-title-font-family:var(--h2_typography-font-family);--awb-caption-title-font-weight:var(--h2_typography-font-weight);--awb-caption-title-font-style:var(--h2_typography-font-style);--awb-caption-title-size:var(--h2_typography-font-size);--awb-caption-title-transform:var(--h2_typography-text-transform);--awb-caption-title-line-height:var(--h2_typography-line-height);--awb-caption-title-letter-spacing:var(--h2_typography-letter-spacing);\"><span class=\" fusion-imageframe imageframe-none imageframe-3 hover-type-none\"><img decoding=\"async\" width=\"225\" height=\"225\" alt=\"Tensiones del motor en la cadena de una bicicleta\" title=\"1628059126\" src=\"http:\/\/lift-mtb.com\/wp-content\/uploads\/2016\/01\/1628059126.png\" class=\"img-responsive wp-image-8804\"\/><\/span><\/div><\/div><\/div><\/div><\/div><div class=\"fusion-fullwidth fullwidth-box fusion-builder-row-4 fusion-flex-container has-pattern-background has-mask-background nonhundred-percent-fullwidth non-hundred-percent-height-scrolling\" style=\"--awb-border-radius-top-left:0px;--awb-border-radius-top-right:0px;--awb-border-radius-bottom-right:0px;--awb-border-radius-bottom-left:0px;--awb-flex-wrap:wrap;\" ><div class=\"fusion-builder-row fusion-row fusion-flex-align-items-flex-start fusion-flex-content-wrap\" style=\"max-width:1430px;margin-left: calc(-4% \/ 2 );margin-right: calc(-4% \/ 2 );\"><div class=\"fusion-layout-column fusion_builder_column fusion-builder-column-9 fusion_builder_column_1_1 1_1 fusion-flex-column\" style=\"--awb-bg-size:cover;--awb-width-large:100%;--awb-margin-top-large:0px;--awb-spacing-right-large:1.92%;--awb-margin-bottom-large:20px;--awb-spacing-left-large:1.92%;--awb-width-medium:100%;--awb-order-medium:0;--awb-spacing-right-medium:1.92%;--awb-spacing-left-medium:1.92%;--awb-width-small:100%;--awb-order-small:0;--awb-spacing-right-small:1.92%;--awb-spacing-left-small:1.92%;\"><div class=\"fusion-column-wrapper fusion-column-has-shadow fusion-flex-justify-content-flex-start fusion-content-layout-column\"><div class=\"fusion-separator fusion-full-width-sep\" style=\"align-self: center;margin-left: auto;margin-right: auto;width:100%;\"><div class=\"fusion-separator-border sep-single sep-solid\" style=\"--awb-height:20px;--awb-amount:20px;border-color:#e0dede;border-top-width:1px;\"><\/div><\/div><div class=\"fusion-text fusion-text-8\"><p>El creador de LIFT MTB fue un corredor de \u00e9lite de DH \/ 4X y de la copa del mundo de enduro durante m\u00e1s de 10 a\u00f1os.<\/p>\n<p>Hemos estado dise\u00f1ando, produciendo y vendiendo el kit el\u00e9ctrico LIFT MTB desde 2012, aunque el kit se puede utilizar para cualquier uso XC \/ rando \/ Enduro \/Dh \/ bicicleta de carretera, as\u00ed que puedes estar seguro de que la fiabilidad estar\u00e1 ah\u00ed, \u00a1porque lo hemos probado en las condiciones m\u00e1s extremas!<\/p>\n<\/div><div class=\"awb-gallery-wrapper awb-gallery-wrapper-1 button-span-no\" style=\"--more-btn-alignment:center;\"><div style=\"margin:-5px;--awb-bordersize:0px;\" class=\"fusion-gallery fusion-gallery-container fusion-grid-3 fusion-columns-total-6 fusion-gallery-layout-grid fusion-gallery-1\"><div style=\"padding:5px;\" class=\"fusion-grid-column fusion-gallery-column fusion-gallery-column-3 hover-type-none\"><div class=\"fusion-gallery-image\"><img decoding=\"async\" src=\"https:\/\/www.lift-mtb.com\/wp-content\/uploads\/2022\/08\/e-bike-kit-lift-mtb-34-scaled.jpg\" width=\"2560\" height=\"1696\" alt=\"image saut bike lift \" title=\"e-bike kit lift-mtb-34\" aria-label=\"e-bike kit lift-mtb-34\" class=\"img-responsive wp-image-35445\" srcset=\"https:\/\/www.lift-mtb.com\/wp-content\/uploads\/2022\/08\/e-bike-kit-lift-mtb-34-200x132.jpg 200w, https:\/\/www.lift-mtb.com\/wp-content\/uploads\/2022\/08\/e-bike-kit-lift-mtb-34-400x265.jpg 400w, https:\/\/www.lift-mtb.com\/wp-content\/uploads\/2022\/08\/e-bike-kit-lift-mtb-34-600x397.jpg 600w, https:\/\/www.lift-mtb.com\/wp-content\/uploads\/2022\/08\/e-bike-kit-lift-mtb-34-800x530.jpg 800w, https:\/\/www.lift-mtb.com\/wp-content\/uploads\/2022\/08\/e-bike-kit-lift-mtb-34-1200x795.jpg 1200w, https:\/\/www.lift-mtb.com\/wp-content\/uploads\/2022\/08\/e-bike-kit-lift-mtb-34-scaled.jpg 2560w\" sizes=\"(min-width: 2200px) 100vw, (min-width: 824px) 455px, (min-width: 732px) 683px, (min-width: 640px) 732px, \" \/><\/div><\/div><div style=\"padding:5px;\" class=\"fusion-grid-column fusion-gallery-column fusion-gallery-column-3 hover-type-none\"><div class=\"fusion-gallery-image\"><img decoding=\"async\" src=\"https:\/\/www.lift-mtb.com\/wp-content\/uploads\/2022\/07\/freeride-ebike-scaled.jpg\" width=\"2200\" height=\"1463\" alt=\"action lift\" title=\"freeride ebike\" aria-label=\"freeride ebike\" class=\"img-responsive wp-image-28853\" srcset=\"https:\/\/www.lift-mtb.com\/wp-content\/uploads\/2022\/07\/freeride-ebike-200x133.jpg 200w, https:\/\/www.lift-mtb.com\/wp-content\/uploads\/2022\/07\/freeride-ebike-400x266.jpg 400w, https:\/\/www.lift-mtb.com\/wp-content\/uploads\/2022\/07\/freeride-ebike-600x399.jpg 600w, https:\/\/www.lift-mtb.com\/wp-content\/uploads\/2022\/07\/freeride-ebike-800x532.jpg 800w, https:\/\/www.lift-mtb.com\/wp-content\/uploads\/2022\/07\/freeride-ebike-1200x798.jpg 1200w, https:\/\/www.lift-mtb.com\/wp-content\/uploads\/2022\/07\/freeride-ebike-scaled.jpg 2200w\" sizes=\"(min-width: 2200px) 100vw, (min-width: 824px) 455px, (min-width: 732px) 683px, (min-width: 640px) 732px, \" \/><\/div><\/div><div style=\"padding:5px;\" class=\"fusion-grid-column fusion-gallery-column fusion-gallery-column-3 hover-type-none\"><div class=\"fusion-gallery-image\"><img decoding=\"async\" src=\"https:\/\/www.lift-mtb.com\/wp-content\/uploads\/2022\/07\/electric-kit-for-mountain-bike-jump-1-sur-1-scaled.jpg\" width=\"2200\" height=\"1457\" alt=\"action lift\" title=\"electric kit for mountain bike jump (1 sur 1)\" aria-label=\"electric kit for mountain bike jump (1 sur 1)\" class=\"img-responsive wp-image-28803\" srcset=\"https:\/\/www.lift-mtb.com\/wp-content\/uploads\/2022\/07\/electric-kit-for-mountain-bike-jump-1-sur-1-200x132.jpg 200w, https:\/\/www.lift-mtb.com\/wp-content\/uploads\/2022\/07\/electric-kit-for-mountain-bike-jump-1-sur-1-400x265.jpg 400w, https:\/\/www.lift-mtb.com\/wp-content\/uploads\/2022\/07\/electric-kit-for-mountain-bike-jump-1-sur-1-600x397.jpg 600w, https:\/\/www.lift-mtb.com\/wp-content\/uploads\/2022\/07\/electric-kit-for-mountain-bike-jump-1-sur-1-800x530.jpg 800w, https:\/\/www.lift-mtb.com\/wp-content\/uploads\/2022\/07\/electric-kit-for-mountain-bike-jump-1-sur-1-1200x795.jpg 1200w, https:\/\/www.lift-mtb.com\/wp-content\/uploads\/2022\/07\/electric-kit-for-mountain-bike-jump-1-sur-1-scaled.jpg 2200w\" sizes=\"(min-width: 2200px) 100vw, (min-width: 824px) 455px, (min-width: 732px) 683px, (min-width: 640px) 732px, \" \/><\/div><\/div><div class=\"clearfix\"><\/div><div style=\"padding:5px;\" class=\"fusion-grid-column fusion-gallery-column fusion-gallery-column-3 hover-type-none\"><div class=\"fusion-gallery-image\"><img decoding=\"async\" src=\"https:\/\/www.lift-mtb.com\/wp-content\/uploads\/2022\/07\/electric-bike-waterproof-scaled.jpg\" width=\"2200\" height=\"1463\" alt=\"action lift\" title=\"electric bike waterproof\" aria-label=\"electric bike waterproof\" class=\"img-responsive wp-image-28768\" srcset=\"https:\/\/www.lift-mtb.com\/wp-content\/uploads\/2022\/07\/electric-bike-waterproof-200x133.jpg 200w, https:\/\/www.lift-mtb.com\/wp-content\/uploads\/2022\/07\/electric-bike-waterproof-400x266.jpg 400w, https:\/\/www.lift-mtb.com\/wp-content\/uploads\/2022\/07\/electric-bike-waterproof-600x399.jpg 600w, https:\/\/www.lift-mtb.com\/wp-content\/uploads\/2022\/07\/electric-bike-waterproof-800x532.jpg 800w, https:\/\/www.lift-mtb.com\/wp-content\/uploads\/2022\/07\/electric-bike-waterproof-1200x798.jpg 1200w, https:\/\/www.lift-mtb.com\/wp-content\/uploads\/2022\/07\/electric-bike-waterproof-scaled.jpg 2200w\" sizes=\"(min-width: 2200px) 100vw, (min-width: 824px) 455px, (min-width: 732px) 683px, (min-width: 640px) 732px, \" \/><\/div><\/div><div style=\"padding:5px;\" class=\"fusion-grid-column fusion-gallery-column fusion-gallery-column-3 hover-type-none\"><div class=\"fusion-gallery-image\"><img decoding=\"async\" src=\"https:\/\/www.lift-mtb.com\/wp-content\/uploads\/2022\/07\/ebike-jump-electric-bike-kit-1-sur-1-scaled.jpg\" width=\"2200\" height=\"1457\" alt=\"action lift\" title=\"ebike jump electric bike kit (1 sur 1)\" aria-label=\"ebike jump electric bike kit (1 sur 1)\" class=\"img-responsive wp-image-28679\" srcset=\"https:\/\/www.lift-mtb.com\/wp-content\/uploads\/2022\/07\/ebike-jump-electric-bike-kit-1-sur-1-200x132.jpg 200w, https:\/\/www.lift-mtb.com\/wp-content\/uploads\/2022\/07\/ebike-jump-electric-bike-kit-1-sur-1-400x265.jpg 400w, https:\/\/www.lift-mtb.com\/wp-content\/uploads\/2022\/07\/ebike-jump-electric-bike-kit-1-sur-1-600x397.jpg 600w, https:\/\/www.lift-mtb.com\/wp-content\/uploads\/2022\/07\/ebike-jump-electric-bike-kit-1-sur-1-800x530.jpg 800w, https:\/\/www.lift-mtb.com\/wp-content\/uploads\/2022\/07\/ebike-jump-electric-bike-kit-1-sur-1-1200x795.jpg 1200w, https:\/\/www.lift-mtb.com\/wp-content\/uploads\/2022\/07\/ebike-jump-electric-bike-kit-1-sur-1-scaled.jpg 2200w\" sizes=\"(min-width: 2200px) 100vw, (min-width: 824px) 455px, (min-width: 732px) 683px, (min-width: 640px) 732px, \" \/><\/div><\/div><div style=\"padding:5px;\" class=\"fusion-grid-column fusion-gallery-column fusion-gallery-column-3 hover-type-none\"><div class=\"fusion-gallery-image\"><img decoding=\"async\" src=\"https:\/\/www.lift-mtb.com\/wp-content\/uploads\/2022\/07\/ebike-jump-vtt-descente-electric-bike-kit-kit-velo-electrique-dh-whip-low.jpg\" width=\"865\" height=\"573\" alt=\"action lift\" title=\"ebike jump vtt descente electric bike kit kit velo \u00e9lectrique dh whip (low)\" aria-label=\"ebike jump vtt descente electric bike kit kit velo \u00e9lectrique dh whip (low)\" class=\"img-responsive wp-image-28700\" srcset=\"https:\/\/www.lift-mtb.com\/wp-content\/uploads\/2022\/07\/ebike-jump-vtt-descente-electric-bike-kit-kit-velo-electrique-dh-whip-low-200x132.jpg 200w, https:\/\/www.lift-mtb.com\/wp-content\/uploads\/2022\/07\/ebike-jump-vtt-descente-electric-bike-kit-kit-velo-electrique-dh-whip-low-400x265.jpg 400w, https:\/\/www.lift-mtb.com\/wp-content\/uploads\/2022\/07\/ebike-jump-vtt-descente-electric-bike-kit-kit-velo-electrique-dh-whip-low-600x397.jpg 600w, https:\/\/www.lift-mtb.com\/wp-content\/uploads\/2022\/07\/ebike-jump-vtt-descente-electric-bike-kit-kit-velo-electrique-dh-whip-low-800x530.jpg 800w, https:\/\/www.lift-mtb.com\/wp-content\/uploads\/2022\/07\/ebike-jump-vtt-descente-electric-bike-kit-kit-velo-electrique-dh-whip-low.jpg 865w\" sizes=\"(min-width: 2200px) 100vw, (min-width: 824px) 455px, (min-width: 732px) 683px, (min-width: 640px) 732px, \" \/><\/div><\/div><div class=\"clearfix\"><\/div><\/div><\/div><\/div><\/div><\/div><\/div><\/p>\n","protected":false},"excerpt":{"rendered":"","protected":false},"author":1,"featured_media":5814,"comment_status":"open","ping_status":"open","sticky":false,"template":"","format":"standard","meta":{"footnotes":""},"categories":[905],"tags":[],"class_list":["post-36780","post","type-post","status-publish","format-standard","has-post-thumbnail","hentry","category-preguntas-mas-frecuentes"],"yoast_head":"<!-- This site is optimized with the Yoast SEO plugin v26.9 - https:\/\/yoast.com\/product\/yoast-seo-wordpress\/ -->\n<title>\u00bfLas limitaciones del motor el\u00e9ctrico en la parte ciclo? - Tests, opiniones.<\/title>\n<meta name=\"description\" content=\"Descubra las tensiones de un motor el\u00e9ctrico de pedal sobre el cuadro, la transmisi\u00f3n - Completa y f\u00e1cil de entender explicaci\u00f3n.\" \/>\n<meta name=\"robots\" content=\"index, follow, max-snippet:-1, max-image-preview:large, max-video-preview:-1\" \/>\n<link rel=\"canonical\" href=\"https:\/\/www.lift-mtb.com\/es\/cuales-son-las-limitaciones-de-una-bicicleta-de-montana\/\" \/>\n<meta property=\"og:locale\" content=\"es_ES\" \/>\n<meta property=\"og:type\" content=\"article\" \/>\n<meta property=\"og:title\" content=\"\u00bfLas limitaciones del motor el\u00e9ctrico en la parte ciclo? - Tests, opiniones.\" \/>\n<meta property=\"og:description\" content=\"Descubra las tensiones de un motor el\u00e9ctrico de pedal sobre el cuadro, la transmisi\u00f3n - Completa y f\u00e1cil de entender explicaci\u00f3n.\" \/>\n<meta property=\"og:url\" content=\"https:\/\/www.lift-mtb.com\/es\/cuales-son-las-limitaciones-de-una-bicicleta-de-montana\/\" \/>\n<meta property=\"og:site_name\" content=\"LIFT-MTB\" \/>\n<meta property=\"article:published_time\" content=\"2022-06-28T02:16:38+00:00\" \/>\n<meta property=\"article:modified_time\" content=\"2023-01-22T18:31:01+00:00\" \/>\n<meta property=\"og:image\" content=\"https:\/\/www.lift-mtb.com\/wp-content\/uploads\/2016\/01\/couple-reel-vtt-electrique.jpg\" \/>\n\t<meta property=\"og:image:width\" content=\"424\" \/>\n\t<meta property=\"og:image:height\" content=\"258\" \/>\n\t<meta property=\"og:image:type\" content=\"image\/jpeg\" \/>\n<meta name=\"author\" content=\"dhenri\" \/>\n<meta name=\"twitter:card\" content=\"summary_large_image\" \/>\n<meta name=\"twitter:label1\" content=\"Escrito por\" \/>\n\t<meta name=\"twitter:data1\" content=\"dhenri\" \/>\n\t<meta name=\"twitter:label2\" content=\"Tiempo de lectura\" \/>\n\t<meta name=\"twitter:data2\" content=\"13 minutos\" \/>\n<script type=\"application\/ld+json\" class=\"yoast-schema-graph\">{\"@context\":\"https:\/\/schema.org\",\"@graph\":[{\"@type\":\"Article\",\"@id\":\"https:\/\/www.lift-mtb.com\/es\/cuales-son-las-limitaciones-de-una-bicicleta-de-montana\/#article\",\"isPartOf\":{\"@id\":\"https:\/\/www.lift-mtb.com\/es\/cuales-son-las-limitaciones-de-una-bicicleta-de-montana\/\"},\"author\":{\"name\":\"dhenri\",\"@id\":\"https:\/\/www.lift-mtb.com\/es\/#\/schema\/person\/8bd366e8eb44e9b934208ed106f84b14\"},\"headline\":\"\u00bfCu\u00e1les son las limitaciones mec\u00e1nicas?\",\"datePublished\":\"2022-06-28T02:16:38+00:00\",\"dateModified\":\"2023-01-22T18:31:01+00:00\",\"mainEntityOfPage\":{\"@id\":\"https:\/\/www.lift-mtb.com\/es\/cuales-son-las-limitaciones-de-una-bicicleta-de-montana\/\"},\"wordCount\":6598,\"commentCount\":0,\"publisher\":{\"@id\":\"https:\/\/www.lift-mtb.com\/es\/#organization\"},\"image\":{\"@id\":\"https:\/\/www.lift-mtb.com\/es\/cuales-son-las-limitaciones-de-una-bicicleta-de-montana\/#primaryimage\"},\"thumbnailUrl\":\"https:\/\/www.lift-mtb.com\/wp-content\/uploads\/2016\/01\/couple-reel-vtt-electrique.jpg\",\"articleSection\":[\"Preguntas m\u00e1s frecuentes\"],\"inLanguage\":\"es\",\"potentialAction\":[{\"@type\":\"CommentAction\",\"name\":\"Comment\",\"target\":[\"https:\/\/www.lift-mtb.com\/es\/cuales-son-las-limitaciones-de-una-bicicleta-de-montana\/#respond\"]}]},{\"@type\":\"WebPage\",\"@id\":\"https:\/\/www.lift-mtb.com\/es\/cuales-son-las-limitaciones-de-una-bicicleta-de-montana\/\",\"url\":\"https:\/\/www.lift-mtb.com\/es\/cuales-son-las-limitaciones-de-una-bicicleta-de-montana\/\",\"name\":\"\u00bfLas limitaciones del motor el\u00e9ctrico en la parte ciclo? - Tests, opiniones.\",\"isPartOf\":{\"@id\":\"https:\/\/www.lift-mtb.com\/es\/#website\"},\"primaryImageOfPage\":{\"@id\":\"https:\/\/www.lift-mtb.com\/es\/cuales-son-las-limitaciones-de-una-bicicleta-de-montana\/#primaryimage\"},\"image\":{\"@id\":\"https:\/\/www.lift-mtb.com\/es\/cuales-son-las-limitaciones-de-una-bicicleta-de-montana\/#primaryimage\"},\"thumbnailUrl\":\"https:\/\/www.lift-mtb.com\/wp-content\/uploads\/2016\/01\/couple-reel-vtt-electrique.jpg\",\"datePublished\":\"2022-06-28T02:16:38+00:00\",\"dateModified\":\"2023-01-22T18:31:01+00:00\",\"description\":\"Descubra las tensiones de un motor el\u00e9ctrico de pedal sobre el cuadro, la transmisi\u00f3n - Completa y f\u00e1cil de entender explicaci\u00f3n.\",\"breadcrumb\":{\"@id\":\"https:\/\/www.lift-mtb.com\/es\/cuales-son-las-limitaciones-de-una-bicicleta-de-montana\/#breadcrumb\"},\"inLanguage\":\"es\",\"potentialAction\":[{\"@type\":\"ReadAction\",\"target\":[\"https:\/\/www.lift-mtb.com\/es\/cuales-son-las-limitaciones-de-una-bicicleta-de-montana\/\"]}]},{\"@type\":\"ImageObject\",\"inLanguage\":\"es\",\"@id\":\"https:\/\/www.lift-mtb.com\/es\/cuales-son-las-limitaciones-de-una-bicicleta-de-montana\/#primaryimage\",\"url\":\"https:\/\/www.lift-mtb.com\/wp-content\/uploads\/2016\/01\/couple-reel-vtt-electrique.jpg\",\"contentUrl\":\"https:\/\/www.lift-mtb.com\/wp-content\/uploads\/2016\/01\/couple-reel-vtt-electrique.jpg\",\"width\":424,\"height\":258,\"caption\":\"nuke proof e-bike lift mtb\"},{\"@type\":\"BreadcrumbList\",\"@id\":\"https:\/\/www.lift-mtb.com\/es\/cuales-son-las-limitaciones-de-una-bicicleta-de-montana\/#breadcrumb\",\"itemListElement\":[{\"@type\":\"ListItem\",\"position\":1,\"name\":\"Accueil\",\"item\":\"https:\/\/www.lift-mtb.com\/es\/\"},{\"@type\":\"ListItem\",\"position\":2,\"name\":\"Preguntas m\u00e1s frecuentes\",\"item\":\"https:\/\/www.lift-mtb.com\/es\/categoria\/preguntas-mas-frecuentes\/\"},{\"@type\":\"ListItem\",\"position\":3,\"name\":\"\u00bfCu\u00e1les son las limitaciones mec\u00e1nicas?\"}]},{\"@type\":\"WebSite\",\"@id\":\"https:\/\/www.lift-mtb.com\/es\/#website\",\"url\":\"https:\/\/www.lift-mtb.com\/es\/\",\"name\":\"LIFT-MTB\",\"description\":\"Transformer son v\u00e9lo en \u00e9lectrique rapidement !\",\"publisher\":{\"@id\":\"https:\/\/www.lift-mtb.com\/es\/#organization\"},\"potentialAction\":[{\"@type\":\"SearchAction\",\"target\":{\"@type\":\"EntryPoint\",\"urlTemplate\":\"https:\/\/www.lift-mtb.com\/es\/?s={search_term_string}\"},\"query-input\":{\"@type\":\"PropertyValueSpecification\",\"valueRequired\":true,\"valueName\":\"search_term_string\"}}],\"inLanguage\":\"es\"},{\"@type\":\"Organization\",\"@id\":\"https:\/\/www.lift-mtb.com\/es\/#organization\",\"name\":\"LIFT-MTB\",\"url\":\"https:\/\/www.lift-mtb.com\/es\/\",\"logo\":{\"@type\":\"ImageObject\",\"inLanguage\":\"es\",\"@id\":\"https:\/\/www.lift-mtb.com\/es\/#\/schema\/logo\/image\/\",\"url\":\"https:\/\/www.lift-mtb.com\/wp-content\/uploads\/2022\/01\/electric-kit-for-bike-1.jpg\",\"contentUrl\":\"https:\/\/www.lift-mtb.com\/wp-content\/uploads\/2022\/01\/electric-kit-for-bike-1.jpg\",\"width\":1223,\"height\":560,\"caption\":\"LIFT-MTB\"},\"image\":{\"@id\":\"https:\/\/www.lift-mtb.com\/es\/#\/schema\/logo\/image\/\"}},{\"@type\":\"Person\",\"@id\":\"https:\/\/www.lift-mtb.com\/es\/#\/schema\/person\/8bd366e8eb44e9b934208ed106f84b14\",\"name\":\"dhenri\",\"image\":{\"@type\":\"ImageObject\",\"inLanguage\":\"es\",\"@id\":\"https:\/\/www.lift-mtb.com\/es\/#\/schema\/person\/image\/\",\"url\":\"https:\/\/secure.gravatar.com\/avatar\/f1c37fd2b696c08b3fa38a35d57f31a6ac4def018a90fa66bee289758debac3c?s=96&d=mm&r=g\",\"contentUrl\":\"https:\/\/secure.gravatar.com\/avatar\/f1c37fd2b696c08b3fa38a35d57f31a6ac4def018a90fa66bee289758debac3c?s=96&d=mm&r=g\",\"caption\":\"dhenri\"},\"url\":\"https:\/\/www.lift-mtb.com\"}]}<\/script>\n<!-- \/ Yoast SEO plugin. -->","yoast_head_json":{"title":"\u00bfLas limitaciones del motor el\u00e9ctrico en la parte ciclo? - Tests, opiniones.","description":"Descubra las tensiones de un motor el\u00e9ctrico de pedal sobre el cuadro, la transmisi\u00f3n - Completa y f\u00e1cil de entender explicaci\u00f3n.","robots":{"index":"index","follow":"follow","max-snippet":"max-snippet:-1","max-image-preview":"max-image-preview:large","max-video-preview":"max-video-preview:-1"},"canonical":"https:\/\/www.lift-mtb.com\/es\/cuales-son-las-limitaciones-de-una-bicicleta-de-montana\/","og_locale":"es_ES","og_type":"article","og_title":"\u00bfLas limitaciones del motor el\u00e9ctrico en la parte ciclo? - Tests, opiniones.","og_description":"Descubra las tensiones de un motor el\u00e9ctrico de pedal sobre el cuadro, la transmisi\u00f3n - Completa y f\u00e1cil de entender explicaci\u00f3n.","og_url":"https:\/\/www.lift-mtb.com\/es\/cuales-son-las-limitaciones-de-una-bicicleta-de-montana\/","og_site_name":"LIFT-MTB","article_published_time":"2022-06-28T02:16:38+00:00","article_modified_time":"2023-01-22T18:31:01+00:00","og_image":[{"width":424,"height":258,"url":"https:\/\/www.lift-mtb.com\/wp-content\/uploads\/2016\/01\/couple-reel-vtt-electrique.jpg","type":"image\/jpeg"}],"author":"dhenri","twitter_card":"summary_large_image","twitter_misc":{"Escrito por":"dhenri","Tiempo de lectura":"13 minutos"},"schema":{"@context":"https:\/\/schema.org","@graph":[{"@type":"Article","@id":"https:\/\/www.lift-mtb.com\/es\/cuales-son-las-limitaciones-de-una-bicicleta-de-montana\/#article","isPartOf":{"@id":"https:\/\/www.lift-mtb.com\/es\/cuales-son-las-limitaciones-de-una-bicicleta-de-montana\/"},"author":{"name":"dhenri","@id":"https:\/\/www.lift-mtb.com\/es\/#\/schema\/person\/8bd366e8eb44e9b934208ed106f84b14"},"headline":"\u00bfCu\u00e1les son las limitaciones mec\u00e1nicas?","datePublished":"2022-06-28T02:16:38+00:00","dateModified":"2023-01-22T18:31:01+00:00","mainEntityOfPage":{"@id":"https:\/\/www.lift-mtb.com\/es\/cuales-son-las-limitaciones-de-una-bicicleta-de-montana\/"},"wordCount":6598,"commentCount":0,"publisher":{"@id":"https:\/\/www.lift-mtb.com\/es\/#organization"},"image":{"@id":"https:\/\/www.lift-mtb.com\/es\/cuales-son-las-limitaciones-de-una-bicicleta-de-montana\/#primaryimage"},"thumbnailUrl":"https:\/\/www.lift-mtb.com\/wp-content\/uploads\/2016\/01\/couple-reel-vtt-electrique.jpg","articleSection":["Preguntas m\u00e1s frecuentes"],"inLanguage":"es","potentialAction":[{"@type":"CommentAction","name":"Comment","target":["https:\/\/www.lift-mtb.com\/es\/cuales-son-las-limitaciones-de-una-bicicleta-de-montana\/#respond"]}]},{"@type":"WebPage","@id":"https:\/\/www.lift-mtb.com\/es\/cuales-son-las-limitaciones-de-una-bicicleta-de-montana\/","url":"https:\/\/www.lift-mtb.com\/es\/cuales-son-las-limitaciones-de-una-bicicleta-de-montana\/","name":"\u00bfLas limitaciones del motor el\u00e9ctrico en la parte ciclo? - Tests, opiniones.","isPartOf":{"@id":"https:\/\/www.lift-mtb.com\/es\/#website"},"primaryImageOfPage":{"@id":"https:\/\/www.lift-mtb.com\/es\/cuales-son-las-limitaciones-de-una-bicicleta-de-montana\/#primaryimage"},"image":{"@id":"https:\/\/www.lift-mtb.com\/es\/cuales-son-las-limitaciones-de-una-bicicleta-de-montana\/#primaryimage"},"thumbnailUrl":"https:\/\/www.lift-mtb.com\/wp-content\/uploads\/2016\/01\/couple-reel-vtt-electrique.jpg","datePublished":"2022-06-28T02:16:38+00:00","dateModified":"2023-01-22T18:31:01+00:00","description":"Descubra las tensiones de un motor el\u00e9ctrico de pedal sobre el cuadro, la transmisi\u00f3n - Completa y f\u00e1cil de entender explicaci\u00f3n.","breadcrumb":{"@id":"https:\/\/www.lift-mtb.com\/es\/cuales-son-las-limitaciones-de-una-bicicleta-de-montana\/#breadcrumb"},"inLanguage":"es","potentialAction":[{"@type":"ReadAction","target":["https:\/\/www.lift-mtb.com\/es\/cuales-son-las-limitaciones-de-una-bicicleta-de-montana\/"]}]},{"@type":"ImageObject","inLanguage":"es","@id":"https:\/\/www.lift-mtb.com\/es\/cuales-son-las-limitaciones-de-una-bicicleta-de-montana\/#primaryimage","url":"https:\/\/www.lift-mtb.com\/wp-content\/uploads\/2016\/01\/couple-reel-vtt-electrique.jpg","contentUrl":"https:\/\/www.lift-mtb.com\/wp-content\/uploads\/2016\/01\/couple-reel-vtt-electrique.jpg","width":424,"height":258,"caption":"nuke proof e-bike lift mtb"},{"@type":"BreadcrumbList","@id":"https:\/\/www.lift-mtb.com\/es\/cuales-son-las-limitaciones-de-una-bicicleta-de-montana\/#breadcrumb","itemListElement":[{"@type":"ListItem","position":1,"name":"Accueil","item":"https:\/\/www.lift-mtb.com\/es\/"},{"@type":"ListItem","position":2,"name":"Preguntas m\u00e1s frecuentes","item":"https:\/\/www.lift-mtb.com\/es\/categoria\/preguntas-mas-frecuentes\/"},{"@type":"ListItem","position":3,"name":"\u00bfCu\u00e1les son las limitaciones mec\u00e1nicas?"}]},{"@type":"WebSite","@id":"https:\/\/www.lift-mtb.com\/es\/#website","url":"https:\/\/www.lift-mtb.com\/es\/","name":"LIFT-MTB","description":"Transformer son v\u00e9lo en \u00e9lectrique rapidement !","publisher":{"@id":"https:\/\/www.lift-mtb.com\/es\/#organization"},"potentialAction":[{"@type":"SearchAction","target":{"@type":"EntryPoint","urlTemplate":"https:\/\/www.lift-mtb.com\/es\/?s={search_term_string}"},"query-input":{"@type":"PropertyValueSpecification","valueRequired":true,"valueName":"search_term_string"}}],"inLanguage":"es"},{"@type":"Organization","@id":"https:\/\/www.lift-mtb.com\/es\/#organization","name":"LIFT-MTB","url":"https:\/\/www.lift-mtb.com\/es\/","logo":{"@type":"ImageObject","inLanguage":"es","@id":"https:\/\/www.lift-mtb.com\/es\/#\/schema\/logo\/image\/","url":"https:\/\/www.lift-mtb.com\/wp-content\/uploads\/2022\/01\/electric-kit-for-bike-1.jpg","contentUrl":"https:\/\/www.lift-mtb.com\/wp-content\/uploads\/2022\/01\/electric-kit-for-bike-1.jpg","width":1223,"height":560,"caption":"LIFT-MTB"},"image":{"@id":"https:\/\/www.lift-mtb.com\/es\/#\/schema\/logo\/image\/"}},{"@type":"Person","@id":"https:\/\/www.lift-mtb.com\/es\/#\/schema\/person\/8bd366e8eb44e9b934208ed106f84b14","name":"dhenri","image":{"@type":"ImageObject","inLanguage":"es","@id":"https:\/\/www.lift-mtb.com\/es\/#\/schema\/person\/image\/","url":"https:\/\/secure.gravatar.com\/avatar\/f1c37fd2b696c08b3fa38a35d57f31a6ac4def018a90fa66bee289758debac3c?s=96&d=mm&r=g","contentUrl":"https:\/\/secure.gravatar.com\/avatar\/f1c37fd2b696c08b3fa38a35d57f31a6ac4def018a90fa66bee289758debac3c?s=96&d=mm&r=g","caption":"dhenri"},"url":"https:\/\/www.lift-mtb.com"}]}},"_links":{"self":[{"href":"https:\/\/www.lift-mtb.com\/es\/wp-json\/wp\/v2\/posts\/36780","targetHints":{"allow":["GET"]}}],"collection":[{"href":"https:\/\/www.lift-mtb.com\/es\/wp-json\/wp\/v2\/posts"}],"about":[{"href":"https:\/\/www.lift-mtb.com\/es\/wp-json\/wp\/v2\/types\/post"}],"author":[{"embeddable":true,"href":"https:\/\/www.lift-mtb.com\/es\/wp-json\/wp\/v2\/users\/1"}],"replies":[{"embeddable":true,"href":"https:\/\/www.lift-mtb.com\/es\/wp-json\/wp\/v2\/comments?post=36780"}],"version-history":[{"count":5,"href":"https:\/\/www.lift-mtb.com\/es\/wp-json\/wp\/v2\/posts\/36780\/revisions"}],"predecessor-version":[{"id":44605,"href":"https:\/\/www.lift-mtb.com\/es\/wp-json\/wp\/v2\/posts\/36780\/revisions\/44605"}],"wp:featuredmedia":[{"embeddable":true,"href":"https:\/\/www.lift-mtb.com\/es\/wp-json\/wp\/v2\/media\/5814"}],"wp:attachment":[{"href":"https:\/\/www.lift-mtb.com\/es\/wp-json\/wp\/v2\/media?parent=36780"}],"wp:term":[{"taxonomy":"category","embeddable":true,"href":"https:\/\/www.lift-mtb.com\/es\/wp-json\/wp\/v2\/categories?post=36780"},{"taxonomy":"post_tag","embeddable":true,"href":"https:\/\/www.lift-mtb.com\/es\/wp-json\/wp\/v2\/tags?post=36780"}],"curies":[{"name":"wp","href":"https:\/\/api.w.org\/{rel}","templated":true}]}}