{"id":37041,"date":"2003-01-01T10:48:03","date_gmt":"2003-01-01T09:48:03","guid":{"rendered":"https:\/montajes-especiales\/"},"modified":"2023-01-22T20:04:24","modified_gmt":"2023-01-22T19:04:24","slug":"montajes-especiales","status":"publish","type":"post","link":"https:\/\/www.lift-mtb.com\/es\/montajes-especiales\/","title":{"rendered":"Montajes especiales"},"content":{"rendered":"<p><div class=\"fusion-fullwidth fullwidth-box fusion-builder-row-1 fusion-flex-container nonhundred-percent-fullwidth non-hundred-percent-height-scrolling\" style=\"--awb-border-radius-top-left:0px;--awb-border-radius-top-right:0px;--awb-border-radius-bottom-right:0px;--awb-border-radius-bottom-left:0px;--awb-flex-wrap:wrap;\" ><div class=\"fusion-builder-row fusion-row fusion-flex-align-items-flex-start fusion-flex-content-wrap\" style=\"max-width:1430px;margin-left: calc(-4% \/ 2 );margin-right: calc(-4% \/ 2 );\"><div class=\"fusion-layout-column fusion_builder_column fusion-builder-column-0 fusion_builder_column_1_1 1_1 fusion-flex-column\" style=\"--awb-bg-size:cover;--awb-width-large:100%;--awb-margin-top-large:0px;--awb-spacing-right-large:1.92%;--awb-margin-bottom-large:20px;--awb-spacing-left-large:1.92%;--awb-width-medium:100%;--awb-order-medium:0;--awb-spacing-right-medium:1.92%;--awb-spacing-left-medium:1.92%;--awb-width-small:100%;--awb-order-small:0;--awb-spacing-right-small:1.92%;--awb-spacing-left-small:1.92%;\"><div class=\"fusion-column-wrapper fusion-column-has-shadow fusion-flex-justify-content-flex-start fusion-content-layout-column\"><progress class=\"fusion-scroll-progress fusion-scroll-progress-1 fusion-fixed-top\" max=\"100\" style=\"--awb-height:10px;--awb-border-size:0px;--awb-background-color:#f2f3f5;--awb-progress-color:var(--awb-color7);--awb-border-color:#ffffff;\"><\/progress><div class=\"fusion-text fusion-text-1\" style=\"--awb-text-transform:none;\"><div id=\"cc-m-15135110424\" class=\"j-module n j-header \">\n<h2 id=\"cc-m-header-15135110424\" style=\"text-align: center;\">Motor el\u00e9ctrico adaptable para discapacitados y handi bike<\/h2>\n<\/div>\n<div id=\"cc-m-15135110524\" class=\"j-module n j-spacing \"><\/div>\n<\/div><div class=\"fusion-separator fusion-full-width-sep\" style=\"align-self: center;margin-left: auto;margin-right: auto;width:100%;\"><div class=\"fusion-separator-border sep-single sep-solid\" style=\"--awb-height:20px;--awb-amount:20px;--awb-sep-color:#000000;border-color:#000000;border-top-width:1px;\"><\/div><\/div><\/div><\/div><\/div><\/div><div class=\"fusion-fullwidth fullwidth-box fusion-builder-row-2 fusion-flex-container nonhundred-percent-fullwidth non-hundred-percent-height-scrolling\" style=\"--awb-background-position:left top;--awb-background-repeat:repeat-x;--awb-border-sizes-top:0px;--awb-border-sizes-bottom:0px;--awb-border-sizes-left:0px;--awb-border-sizes-right:0px;--awb-border-color:#2b2b2b;--awb-border-radius-top-left:0px;--awb-border-radius-top-right:0px;--awb-border-radius-bottom-right:0px;--awb-border-radius-bottom-left:0px;--awb-padding-top:0px;--awb-padding-right:0px;--awb-padding-bottom:0px;--awb-padding-left:0px;--awb-margin-top:20px;--awb-margin-bottom:0px;--awb-flex-wrap:wrap;\" ><div class=\"fusion-builder-row fusion-row fusion-flex-align-items-center fusion-flex-align-content-flex-start fusion-flex-justify-content-space-evenly fusion-flex-content-wrap\" style=\"max-width:calc( 1375px + 0px );margin-left: calc(-0px \/ 2 );margin-right: calc(-0px \/ 2 );\"><div class=\"fusion-layout-column fusion_builder_column fusion-builder-column-1 fusion_builder_column_1_2 1_2 fusion-flex-column fusion-flex-align-self-stretch fusion-column-inner-bg-wrapper\" style=\"--awb-padding-top:75px;--awb-padding-right:15%;--awb-padding-bottom:50px;--awb-padding-left:15%;--awb-overflow:hidden;--awb-inner-bg-position:center center;--awb-inner-bg-size:cover;--awb-box-shadow:0px 10px 51px 3px rgba(0,0,0,0.15);;--awb-border-color:rgba(255,255,255,0.2);--awb-border-style:solid;--awb-border-radius:10px 10px 10px 10px;--awb-inner-bg-border-radius:10px 10px 10px 10px;--awb-inner-bg-overflow:hidden;--awb-width-large:50%;--awb-margin-top-large:0px;--awb-spacing-right-large:20px;--awb-margin-bottom-large:20px;--awb-spacing-left-large:20px;--awb-width-medium:100%;--awb-order-medium:0;--awb-spacing-right-medium:0px;--awb-spacing-left-medium:0px;--awb-width-small:90%;--awb-order-small:0;--awb-spacing-right-small:20px;--awb-margin-bottom-small:10px;--awb-spacing-left-small:20px;\"><span class=\"fusion-column-inner-bg hover-type-none\"><a class=\"fusion-column-anchor\" href=\"#pressfit\"><span class=\"fusion-column-inner-bg-image\"><\/span><\/a><\/span><div class=\"fusion-column-wrapper fusion-column-has-shadow fusion-flex-justify-content-space-evenly fusion-content-layout-column\"><i class=\"fb-icon-element-1 fb-icon-element fontawesome-icon fa-pen-nib fas circle-yes\" style=\"--awb-iconcolor:#5b81ff;--awb-circlecolor:#ffffff;--awb-circlebordersize:1px;--awb-font-size:28.16px;--awb-width:56.32px;--awb-height:56.32px;--awb-line-height:54.32px;--awb-margin-top:0;--awb-margin-right:0;--awb-margin-bottom:0;--awb-margin-left:0;--awb-align-self:center;\"><\/i><div class=\"fusion-separator fusion-full-width-sep\" style=\"align-self: center;margin-left: auto;margin-right: auto;margin-top:20px;margin-bottom:20px;width:100%;\"><\/div><div class=\"fusion-text fusion-text-2\" style=\"--awb-text-transform:none;\"><p>En LIFT-MTB estamos encantados de considerar todas sus solicitudes de montajes especiales en veh\u00edculos para discapacitados.<\/p>\n<p>Adaptamos la m\u00e1quina a las diferentes discapacidades, para que puedas disfrutar al m\u00e1ximo de la <a href=\"https:\/\/www.youtube.com\/@LIFTMTBTV\/videos\">conducci\u00f3n<\/a> sea cual sea tu discapacidad.<\/p>\n<p>El precio var\u00eda seg\u00fan diferentes par\u00e1metros, trabajamos principalmente por estimaci\u00f3n.<\/p>\n<\/div><\/div><\/div><div class=\"fusion-layout-column fusion_builder_column fusion-builder-column-2 fusion_builder_column_1_2 1_2 fusion-flex-column\" style=\"--awb-bg-size:cover;--awb-width-large:50%;--awb-margin-top-large:0px;--awb-spacing-right-large:0px;--awb-margin-bottom-large:20px;--awb-spacing-left-large:calc( 0.1 * calc( 100% - 0px ) );--awb-width-medium:100%;--awb-order-medium:0;--awb-spacing-right-medium:0px;--awb-spacing-left-medium:0px;--awb-width-small:100%;--awb-order-small:0;--awb-spacing-right-small:0px;--awb-spacing-left-small:0px;\"><div class=\"fusion-column-wrapper fusion-column-has-shadow fusion-flex-justify-content-flex-start fusion-content-layout-column\"><i class=\"fb-icon-element-2 fb-icon-element fontawesome-icon fa-phone-volume fas circle-yes\" style=\"--awb-circlebordersize:1px;--awb-font-size:44px;--awb-width:88px;--awb-height:88px;--awb-line-height:86px;--awb-margin-top:0;--awb-margin-right:0;--awb-margin-bottom:0;--awb-margin-left:0;--awb-align-self:center;\"><\/i><div class=\"fusion-separator fusion-full-width-sep\" style=\"align-self: center;margin-left: auto;margin-right: auto;margin-bottom:20px;width:100%;\"><\/div><div class=\"fusion-text fusion-text-3\" style=\"--awb-text-transform:none;\"><div id=\"cc-m-15135121224\" class=\"j-module n j-textWithImage \">\n<div>\n<div id=\"cc-m-textwithimage-15135121224\" class=\"cc-m-textwithimage-inline-rte\" data-name=\"text\" data-action=\"text\">\n<p style=\"text-align: center;\"><strong>P\u00f3ngase en contacto con nosotros para obtener m\u00e1s informaci\u00f3n.<\/strong><\/p>\n<\/div>\n<\/div>\n<div class=\"cc-clear\" style=\"text-align: center;\"><\/div>\n<\/div>\n<div id=\"cc-m-15135200024\" class=\"j-module n j-text \">\n<p style=\"text-align: center;\">Ejemplo de montaje en una silla motorizada modelo EXPLORER con un BAFANG reprogramado y adaptado.<\/p>\n<\/div>\n<\/div><div style=\"text-align:center;\"><a class=\"fusion-button button-flat fusion-button-default-size button-default fusion-button-default button-1 fusion-button-default-span fusion-button-default-type\" target=\"_self\" href=\"https:\/es\/contacto-con-nosotros\/\"><span class=\"fusion-button-text awb-button__text awb-button__text--default\">P\u00f3ngase en contacto con nosotros.<\/span><\/a><\/div><\/div><\/div><\/div><\/div><div class=\"fusion-fullwidth fullwidth-box fusion-builder-row-3 fusion-flex-container nonhundred-percent-fullwidth non-hundred-percent-height-scrolling\" style=\"--awb-border-radius-top-left:0px;--awb-border-radius-top-right:0px;--awb-border-radius-bottom-right:0px;--awb-border-radius-bottom-left:0px;--awb-flex-wrap:wrap;\" ><div class=\"fusion-builder-row fusion-row fusion-flex-align-items-flex-start fusion-flex-content-wrap\" style=\"max-width:1430px;margin-left: calc(-4% \/ 2 );margin-right: calc(-4% \/ 2 );\"><div class=\"fusion-layout-column fusion_builder_column fusion-builder-column-3 fusion_builder_column_1_1 1_1 fusion-flex-column\" style=\"--awb-bg-size:cover;--awb-width-large:100%;--awb-margin-top-large:0px;--awb-spacing-right-large:1.92%;--awb-margin-bottom-large:20px;--awb-spacing-left-large:1.92%;--awb-width-medium:100%;--awb-order-medium:0;--awb-spacing-right-medium:1.92%;--awb-spacing-left-medium:1.92%;--awb-width-small:100%;--awb-order-small:0;--awb-spacing-right-small:1.92%;--awb-spacing-left-small:1.92%;\"><div class=\"fusion-column-wrapper fusion-column-has-shadow fusion-flex-justify-content-flex-start fusion-content-layout-column\"><div class=\"fusion-separator\" style=\"align-self: center;margin-left: auto;margin-right: auto;margin-bottom:20px;width:100%;max-width:75%;\"><div class=\"fusion-separator-border sep-single sep-solid\" style=\"--awb-height:20px;--awb-amount:20px;--awb-sep-color:#000000;border-color:#000000;border-top-width:1px;\"><\/div><\/div><div class=\"fusion-text fusion-text-4\" style=\"--awb-text-transform:none;\"><p style=\"text-align: center;\">Ejemplo de instalaci\u00f3n en una silla motorizada modelo EXPLORER con kit LIFT-MTB o Bafang reprogramado y adaptado.<\/p>\n<\/div><div class=\"fusion-separator fusion-full-width-sep\" style=\"align-self: center;margin-left: auto;margin-right: auto;width:100%;\"><div class=\"fusion-separator-border sep-single sep-solid\" style=\"--awb-height:20px;--awb-amount:20px;border-color:#e0dede;border-top-width:1px;\"><\/div><\/div><div class=\"awb-gallery-wrapper awb-gallery-wrapper-1 button-span-no\" style=\"--more-btn-alignment:center;\"><div style=\"margin:-5px;--awb-bordersize:0px;\" class=\"fusion-gallery fusion-gallery-container fusion-grid-3 fusion-columns-total-32 fusion-gallery-layout-grid fusion-gallery-1\"><div style=\"padding:5px;\" class=\"fusion-grid-column fusion-gallery-column fusion-gallery-column-3 hover-type-none\"><div class=\"fusion-gallery-image\"><img decoding=\"async\" src=\"https:\/\/www.lift-mtb.com\/wp-content\/uploads\/1980\/01\/velo-electrique-couche-1-sur-1-scaled.jpg\" width=\"2200\" height=\"1457\" alt=\"motor para bicicleta de discapacitados\" title=\"motor para bicicleta reclinada el\u00e9ctrica\" aria-label=\"motor para bicicleta reclinada el\u00e9ctrica\" class=\"img-responsive wp-image-24922\" srcset=\"https:\/\/www.lift-mtb.com\/wp-content\/uploads\/1980\/01\/velo-electrique-couche-1-sur-1-200x132.jpg 200w, https:\/\/www.lift-mtb.com\/wp-content\/uploads\/1980\/01\/velo-electrique-couche-1-sur-1-400x265.jpg 400w, https:\/\/www.lift-mtb.com\/wp-content\/uploads\/1980\/01\/velo-electrique-couche-1-sur-1-600x397.jpg 600w, https:\/\/www.lift-mtb.com\/wp-content\/uploads\/1980\/01\/velo-electrique-couche-1-sur-1-800x530.jpg 800w, https:\/\/www.lift-mtb.com\/wp-content\/uploads\/1980\/01\/velo-electrique-couche-1-sur-1-1200x795.jpg 1200w, https:\/\/www.lift-mtb.com\/wp-content\/uploads\/1980\/01\/velo-electrique-couche-1-sur-1-scaled.jpg 2200w\" sizes=\"(min-width: 2200px) 100vw, (min-width: 824px) 455px, (min-width: 732px) 683px, (min-width: 640px) 732px, \" \/><\/div><\/div><div style=\"padding:5px;\" class=\"fusion-grid-column fusion-gallery-column fusion-gallery-column-3 hover-type-none\"><div class=\"fusion-gallery-image\"><img decoding=\"async\" src=\"https:\/\/www.lift-mtb.com\/wp-content\/uploads\/2022\/06\/velo-electrique-couche-14-1-sur-1-scaled.jpg\" width=\"2200\" height=\"1457\" alt=\"moteur electrique lift\" title=\"velo electrique couche\u0301-14 (1 sur 1)\" aria-label=\"velo electrique couche\u0301-14 (1 sur 1)\" class=\"img-responsive wp-image-19718\" srcset=\"https:\/\/www.lift-mtb.com\/wp-content\/uploads\/2022\/06\/velo-electrique-couche-14-1-sur-1-200x132.jpg 200w, https:\/\/www.lift-mtb.com\/wp-content\/uploads\/2022\/06\/velo-electrique-couche-14-1-sur-1-400x265.jpg 400w, https:\/\/www.lift-mtb.com\/wp-content\/uploads\/2022\/06\/velo-electrique-couche-14-1-sur-1-600x397.jpg 600w, https:\/\/www.lift-mtb.com\/wp-content\/uploads\/2022\/06\/velo-electrique-couche-14-1-sur-1-800x530.jpg 800w, https:\/\/www.lift-mtb.com\/wp-content\/uploads\/2022\/06\/velo-electrique-couche-14-1-sur-1-1200x795.jpg 1200w, https:\/\/www.lift-mtb.com\/wp-content\/uploads\/2022\/06\/velo-electrique-couche-14-1-sur-1-scaled.jpg 2200w\" sizes=\"(min-width: 2200px) 100vw, (min-width: 824px) 455px, (min-width: 732px) 683px, (min-width: 640px) 732px, \" \/><\/div><\/div><div style=\"padding:5px;\" class=\"fusion-grid-column fusion-gallery-column fusion-gallery-column-3 hover-type-none\"><div class=\"fusion-gallery-image\"><img decoding=\"async\" src=\"https:\/\/www.lift-mtb.com\/wp-content\/uploads\/2022\/06\/velo-electrique-couche-13-1-sur-1-scaled.jpg\" width=\"2200\" height=\"1457\" alt=\"moteur electrique lift\" title=\"velo electrique couche\u0301-13 (1 sur 1)\" aria-label=\"velo electrique couche\u0301-13 (1 sur 1)\" class=\"img-responsive wp-image-19713\" srcset=\"https:\/\/www.lift-mtb.com\/wp-content\/uploads\/2022\/06\/velo-electrique-couche-13-1-sur-1-200x132.jpg 200w, https:\/\/www.lift-mtb.com\/wp-content\/uploads\/2022\/06\/velo-electrique-couche-13-1-sur-1-400x265.jpg 400w, https:\/\/www.lift-mtb.com\/wp-content\/uploads\/2022\/06\/velo-electrique-couche-13-1-sur-1-600x397.jpg 600w, https:\/\/www.lift-mtb.com\/wp-content\/uploads\/2022\/06\/velo-electrique-couche-13-1-sur-1-800x530.jpg 800w, https:\/\/www.lift-mtb.com\/wp-content\/uploads\/2022\/06\/velo-electrique-couche-13-1-sur-1-1200x795.jpg 1200w, https:\/\/www.lift-mtb.com\/wp-content\/uploads\/2022\/06\/velo-electrique-couche-13-1-sur-1-scaled.jpg 2200w\" sizes=\"(min-width: 2200px) 100vw, (min-width: 824px) 455px, (min-width: 732px) 683px, (min-width: 640px) 732px, \" \/><\/div><\/div><div class=\"clearfix\"><\/div><div style=\"padding:5px;\" class=\"fusion-grid-column fusion-gallery-column fusion-gallery-column-3 hover-type-none\"><div class=\"fusion-gallery-image\"><img decoding=\"async\" src=\"https:\/\/www.lift-mtb.com\/wp-content\/uploads\/2022\/06\/velo-electrique-couche-12-1-sur-1-scaled.jpg\" width=\"2200\" height=\"1457\" alt=\"moteur electrique lift\" title=\"velo electrique couche\u0301-12 (1 sur 1)\" aria-label=\"velo electrique couche\u0301-12 (1 sur 1)\" class=\"img-responsive wp-image-19708\" srcset=\"https:\/\/www.lift-mtb.com\/wp-content\/uploads\/2022\/06\/velo-electrique-couche-12-1-sur-1-200x132.jpg 200w, https:\/\/www.lift-mtb.com\/wp-content\/uploads\/2022\/06\/velo-electrique-couche-12-1-sur-1-400x265.jpg 400w, https:\/\/www.lift-mtb.com\/wp-content\/uploads\/2022\/06\/velo-electrique-couche-12-1-sur-1-600x397.jpg 600w, https:\/\/www.lift-mtb.com\/wp-content\/uploads\/2022\/06\/velo-electrique-couche-12-1-sur-1-800x530.jpg 800w, https:\/\/www.lift-mtb.com\/wp-content\/uploads\/2022\/06\/velo-electrique-couche-12-1-sur-1-1200x795.jpg 1200w, https:\/\/www.lift-mtb.com\/wp-content\/uploads\/2022\/06\/velo-electrique-couche-12-1-sur-1-scaled.jpg 2200w\" sizes=\"(min-width: 2200px) 100vw, (min-width: 824px) 455px, (min-width: 732px) 683px, (min-width: 640px) 732px, \" \/><\/div><\/div><div style=\"padding:5px;\" class=\"fusion-grid-column fusion-gallery-column fusion-gallery-column-3 hover-type-none\"><div class=\"fusion-gallery-image\"><img decoding=\"async\" src=\"https:\/\/www.lift-mtb.com\/wp-content\/uploads\/2022\/06\/velo-electrique-couche-11-1-sur-1-scaled.jpg\" width=\"2200\" height=\"1457\" alt=\"moteur electrique lift\" title=\"velo electrique couche\u0301-11 (1 sur 1)\" aria-label=\"velo electrique couche\u0301-11 (1 sur 1)\" class=\"img-responsive wp-image-19703\" srcset=\"https:\/\/www.lift-mtb.com\/wp-content\/uploads\/2022\/06\/velo-electrique-couche-11-1-sur-1-200x132.jpg 200w, https:\/\/www.lift-mtb.com\/wp-content\/uploads\/2022\/06\/velo-electrique-couche-11-1-sur-1-400x265.jpg 400w, https:\/\/www.lift-mtb.com\/wp-content\/uploads\/2022\/06\/velo-electrique-couche-11-1-sur-1-600x397.jpg 600w, https:\/\/www.lift-mtb.com\/wp-content\/uploads\/2022\/06\/velo-electrique-couche-11-1-sur-1-800x530.jpg 800w, https:\/\/www.lift-mtb.com\/wp-content\/uploads\/2022\/06\/velo-electrique-couche-11-1-sur-1-1200x795.jpg 1200w, https:\/\/www.lift-mtb.com\/wp-content\/uploads\/2022\/06\/velo-electrique-couche-11-1-sur-1-scaled.jpg 2200w\" sizes=\"(min-width: 2200px) 100vw, (min-width: 824px) 455px, (min-width: 732px) 683px, (min-width: 640px) 732px, \" \/><\/div><\/div><div style=\"padding:5px;\" class=\"fusion-grid-column fusion-gallery-column fusion-gallery-column-3 hover-type-none\"><div class=\"fusion-gallery-image\"><img decoding=\"async\" src=\"https:\/\/www.lift-mtb.com\/wp-content\/uploads\/2022\/06\/velo-electrique-couche-10-1-sur-1-scaled.jpg\" width=\"2200\" height=\"1457\" alt=\"moteur electrique lift\" title=\"velo electrique couche\u0301-10 (1 sur 1)\" aria-label=\"velo electrique couche\u0301-10 (1 sur 1)\" class=\"img-responsive wp-image-19698\" srcset=\"https:\/\/www.lift-mtb.com\/wp-content\/uploads\/2022\/06\/velo-electrique-couche-10-1-sur-1-200x132.jpg 200w, https:\/\/www.lift-mtb.com\/wp-content\/uploads\/2022\/06\/velo-electrique-couche-10-1-sur-1-400x265.jpg 400w, https:\/\/www.lift-mtb.com\/wp-content\/uploads\/2022\/06\/velo-electrique-couche-10-1-sur-1-600x397.jpg 600w, https:\/\/www.lift-mtb.com\/wp-content\/uploads\/2022\/06\/velo-electrique-couche-10-1-sur-1-800x530.jpg 800w, https:\/\/www.lift-mtb.com\/wp-content\/uploads\/2022\/06\/velo-electrique-couche-10-1-sur-1-1200x795.jpg 1200w, https:\/\/www.lift-mtb.com\/wp-content\/uploads\/2022\/06\/velo-electrique-couche-10-1-sur-1-scaled.jpg 2200w\" sizes=\"(min-width: 2200px) 100vw, (min-width: 824px) 455px, (min-width: 732px) 683px, (min-width: 640px) 732px, \" \/><\/div><\/div><div class=\"clearfix\"><\/div><div style=\"padding:5px;\" class=\"fusion-grid-column fusion-gallery-column fusion-gallery-column-3 hover-type-none\"><div class=\"fusion-gallery-image\"><img decoding=\"async\" src=\"https:\/\/www.lift-mtb.com\/wp-content\/uploads\/2022\/06\/velo-electrique-couche-8-1-sur-1-scaled.jpg\" width=\"2200\" height=\"1457\" alt=\"moteur electrique lift\" title=\"velo electrique couche\u0301-8 (1 sur 1)\" aria-label=\"velo electrique couche\u0301-8 (1 sur 1)\" class=\"img-responsive wp-image-19688\" srcset=\"https:\/\/www.lift-mtb.com\/wp-content\/uploads\/2022\/06\/velo-electrique-couche-8-1-sur-1-200x132.jpg 200w, https:\/\/www.lift-mtb.com\/wp-content\/uploads\/2022\/06\/velo-electrique-couche-8-1-sur-1-400x265.jpg 400w, https:\/\/www.lift-mtb.com\/wp-content\/uploads\/2022\/06\/velo-electrique-couche-8-1-sur-1-600x397.jpg 600w, https:\/\/www.lift-mtb.com\/wp-content\/uploads\/2022\/06\/velo-electrique-couche-8-1-sur-1-800x530.jpg 800w, https:\/\/www.lift-mtb.com\/wp-content\/uploads\/2022\/06\/velo-electrique-couche-8-1-sur-1-1200x795.jpg 1200w, https:\/\/www.lift-mtb.com\/wp-content\/uploads\/2022\/06\/velo-electrique-couche-8-1-sur-1-scaled.jpg 2200w\" sizes=\"(min-width: 2200px) 100vw, (min-width: 824px) 455px, (min-width: 732px) 683px, (min-width: 640px) 732px, \" \/><\/div><\/div><div style=\"padding:5px;\" class=\"fusion-grid-column fusion-gallery-column fusion-gallery-column-3 hover-type-none\"><div class=\"fusion-gallery-image\"><img decoding=\"async\" src=\"https:\/\/www.lift-mtb.com\/wp-content\/uploads\/2022\/06\/velo-electrique-couche-7-1-sur-1-scaled.jpg\" width=\"2200\" height=\"1457\" alt=\"moteur electrique lift\" title=\"velo electrique couche\u0301-7 (1 sur 1)\" aria-label=\"velo electrique couche\u0301-7 (1 sur 1)\" class=\"img-responsive wp-image-19683\" srcset=\"https:\/\/www.lift-mtb.com\/wp-content\/uploads\/2022\/06\/velo-electrique-couche-7-1-sur-1-200x132.jpg 200w, https:\/\/www.lift-mtb.com\/wp-content\/uploads\/2022\/06\/velo-electrique-couche-7-1-sur-1-400x265.jpg 400w, https:\/\/www.lift-mtb.com\/wp-content\/uploads\/2022\/06\/velo-electrique-couche-7-1-sur-1-600x397.jpg 600w, https:\/\/www.lift-mtb.com\/wp-content\/uploads\/2022\/06\/velo-electrique-couche-7-1-sur-1-800x530.jpg 800w, https:\/\/www.lift-mtb.com\/wp-content\/uploads\/2022\/06\/velo-electrique-couche-7-1-sur-1-1200x795.jpg 1200w, https:\/\/www.lift-mtb.com\/wp-content\/uploads\/2022\/06\/velo-electrique-couche-7-1-sur-1-scaled.jpg 2200w\" sizes=\"(min-width: 2200px) 100vw, (min-width: 824px) 455px, (min-width: 732px) 683px, (min-width: 640px) 732px, \" \/><\/div><\/div><div style=\"padding:5px;\" class=\"fusion-grid-column fusion-gallery-column fusion-gallery-column-3 hover-type-none\"><div class=\"fusion-gallery-image\"><img decoding=\"async\" src=\"https:\/\/www.lift-mtb.com\/wp-content\/uploads\/2022\/06\/handibike.jpg\" width=\"720\" height=\"960\" alt=\"moteur electrique lift\" title=\"handibike\" aria-label=\"handibike\" class=\"img-responsive wp-image-19623\" srcset=\"https:\/\/www.lift-mtb.com\/wp-content\/uploads\/2022\/06\/handibike-200x267.jpg 200w, https:\/\/www.lift-mtb.com\/wp-content\/uploads\/2022\/06\/handibike-400x533.jpg 400w, https:\/\/www.lift-mtb.com\/wp-content\/uploads\/2022\/06\/handibike-600x800.jpg 600w, https:\/\/www.lift-mtb.com\/wp-content\/uploads\/2022\/06\/handibike.jpg 720w\" sizes=\"(min-width: 2200px) 100vw, (min-width: 824px) 455px, (min-width: 732px) 683px, (min-width: 640px) 732px, \" \/><\/div><\/div><div class=\"clearfix\"><\/div><div style=\"padding:5px;\" class=\"fusion-grid-column fusion-gallery-column fusion-gallery-column-3 hover-type-none\"><div class=\"fusion-gallery-image\"><img decoding=\"async\" src=\"https:\/\/www.lift-mtb.com\/wp-content\/uploads\/2022\/06\/p1000347-recadree-scaled.jpg\" width=\"2200\" height=\"1757\" alt=\"moteur electrique lift\" title=\"P1000347 recadre\u0301e\" aria-label=\"P1000347 recadre\u0301e\" class=\"img-responsive wp-image-19628\" srcset=\"https:\/\/www.lift-mtb.com\/wp-content\/uploads\/2022\/06\/p1000347-recadree-200x160.jpg 200w, https:\/\/www.lift-mtb.com\/wp-content\/uploads\/2022\/06\/p1000347-recadree-400x319.jpg 400w, https:\/\/www.lift-mtb.com\/wp-content\/uploads\/2022\/06\/p1000347-recadree-600x479.jpg 600w, https:\/\/www.lift-mtb.com\/wp-content\/uploads\/2022\/06\/p1000347-recadree-800x639.jpg 800w, https:\/\/www.lift-mtb.com\/wp-content\/uploads\/2022\/06\/p1000347-recadree-1200x958.jpg 1200w, https:\/\/www.lift-mtb.com\/wp-content\/uploads\/2022\/06\/p1000347-recadree-scaled.jpg 2200w\" sizes=\"(min-width: 2200px) 100vw, (min-width: 824px) 455px, (min-width: 732px) 683px, (min-width: 640px) 732px, \" \/><\/div><\/div><div style=\"padding:5px;\" class=\"fusion-grid-column fusion-gallery-column fusion-gallery-column-3 hover-type-none\"><div class=\"fusion-gallery-image\"><img decoding=\"async\" src=\"https:\/\/www.lift-mtb.com\/wp-content\/uploads\/2022\/06\/p1000352-recadree-scaled.jpg\" width=\"2200\" height=\"2089\" alt=\"moteur electrique lift\" title=\"P1000352 recadre\u0301e\" aria-label=\"P1000352 recadre\u0301e\" class=\"img-responsive wp-image-19638\" srcset=\"https:\/\/www.lift-mtb.com\/wp-content\/uploads\/2022\/06\/p1000352-recadree-200x190.jpg 200w, https:\/\/www.lift-mtb.com\/wp-content\/uploads\/2022\/06\/p1000352-recadree-400x380.jpg 400w, https:\/\/www.lift-mtb.com\/wp-content\/uploads\/2022\/06\/p1000352-recadree-600x570.jpg 600w, https:\/\/www.lift-mtb.com\/wp-content\/uploads\/2022\/06\/p1000352-recadree-800x760.jpg 800w, https:\/\/www.lift-mtb.com\/wp-content\/uploads\/2022\/06\/p1000352-recadree-1200x1140.jpg 1200w, https:\/\/www.lift-mtb.com\/wp-content\/uploads\/2022\/06\/p1000352-recadree-scaled.jpg 2200w\" sizes=\"(min-width: 2200px) 100vw, (min-width: 824px) 455px, (min-width: 732px) 683px, (min-width: 640px) 732px, \" \/><\/div><\/div><div style=\"padding:5px;\" class=\"fusion-grid-column fusion-gallery-column fusion-gallery-column-3 hover-type-none\"><div class=\"fusion-gallery-image\"><img decoding=\"async\" src=\"https:\/\/www.lift-mtb.com\/wp-content\/uploads\/2022\/06\/p1000356-recadree-scaled.jpg\" width=\"2195\" height=\"2200\" alt=\"moteur electrique lift\" title=\"P1000356 recadre\u0301e\" aria-label=\"P1000356 recadre\u0301e\" class=\"img-responsive wp-image-19643\" srcset=\"https:\/\/www.lift-mtb.com\/wp-content\/uploads\/2022\/06\/p1000356-recadree-200x200.jpg 200w, https:\/\/www.lift-mtb.com\/wp-content\/uploads\/2022\/06\/p1000356-recadree-400x401.jpg 400w, https:\/\/www.lift-mtb.com\/wp-content\/uploads\/2022\/06\/p1000356-recadree-600x601.jpg 600w, https:\/\/www.lift-mtb.com\/wp-content\/uploads\/2022\/06\/p1000356-recadree-800x802.jpg 800w, https:\/\/www.lift-mtb.com\/wp-content\/uploads\/2022\/06\/p1000356-recadree-1200x1203.jpg 1200w, https:\/\/www.lift-mtb.com\/wp-content\/uploads\/2022\/06\/p1000356-recadree-scaled.jpg 2195w\" sizes=\"(min-width: 2200px) 100vw, (min-width: 824px) 455px, (min-width: 732px) 683px, (min-width: 640px) 732px, \" \/><\/div><\/div><div class=\"clearfix\"><\/div><div style=\"padding:5px;\" class=\"fusion-grid-column fusion-gallery-column fusion-gallery-column-3 hover-type-none\"><div class=\"fusion-gallery-image\"><img decoding=\"async\" src=\"https:\/\/www.lift-mtb.com\/wp-content\/uploads\/2022\/06\/p1000361-recadree-scaled.jpg\" width=\"2200\" height=\"1605\" alt=\"moteur electrique lift\" title=\"P1000361 recadre\u0301e\" aria-label=\"P1000361 recadre\u0301e\" class=\"img-responsive wp-image-19648\" srcset=\"https:\/\/www.lift-mtb.com\/wp-content\/uploads\/2022\/06\/p1000361-recadree-200x146.jpg 200w, https:\/\/www.lift-mtb.com\/wp-content\/uploads\/2022\/06\/p1000361-recadree-400x292.jpg 400w, https:\/\/www.lift-mtb.com\/wp-content\/uploads\/2022\/06\/p1000361-recadree-600x438.jpg 600w, https:\/\/www.lift-mtb.com\/wp-content\/uploads\/2022\/06\/p1000361-recadree-800x584.jpg 800w, https:\/\/www.lift-mtb.com\/wp-content\/uploads\/2022\/06\/p1000361-recadree-1200x876.jpg 1200w, https:\/\/www.lift-mtb.com\/wp-content\/uploads\/2022\/06\/p1000361-recadree-scaled.jpg 2200w\" sizes=\"(min-width: 2200px) 100vw, (min-width: 824px) 455px, (min-width: 732px) 683px, (min-width: 640px) 732px, \" \/><\/div><\/div><div style=\"padding:5px;\" class=\"fusion-grid-column fusion-gallery-column fusion-gallery-column-3 hover-type-none\"><div class=\"fusion-gallery-image\"><img decoding=\"async\" src=\"https:\/\/www.lift-mtb.com\/wp-content\/uploads\/2022\/06\/velo-electrique-couche-4-1-sur-1-scaled.jpg\" width=\"2200\" height=\"1457\" alt=\"moteur electrique lift\" title=\"velo electrique couche\u0301-4 (1 sur 1)\" aria-label=\"velo electrique couche\u0301-4 (1 sur 1)\" class=\"img-responsive wp-image-19668\" srcset=\"https:\/\/www.lift-mtb.com\/wp-content\/uploads\/2022\/06\/velo-electrique-couche-4-1-sur-1-200x132.jpg 200w, https:\/\/www.lift-mtb.com\/wp-content\/uploads\/2022\/06\/velo-electrique-couche-4-1-sur-1-400x265.jpg 400w, https:\/\/www.lift-mtb.com\/wp-content\/uploads\/2022\/06\/velo-electrique-couche-4-1-sur-1-600x397.jpg 600w, https:\/\/www.lift-mtb.com\/wp-content\/uploads\/2022\/06\/velo-electrique-couche-4-1-sur-1-800x530.jpg 800w, https:\/\/www.lift-mtb.com\/wp-content\/uploads\/2022\/06\/velo-electrique-couche-4-1-sur-1-1200x795.jpg 1200w, https:\/\/www.lift-mtb.com\/wp-content\/uploads\/2022\/06\/velo-electrique-couche-4-1-sur-1-scaled.jpg 2200w\" sizes=\"(min-width: 2200px) 100vw, (min-width: 824px) 455px, (min-width: 732px) 683px, (min-width: 640px) 732px, \" \/><\/div><\/div><div style=\"padding:5px;\" class=\"fusion-grid-column fusion-gallery-column fusion-gallery-column-3 hover-type-none\"><div class=\"fusion-gallery-image\"><img decoding=\"async\" src=\"https:\/\/www.lift-mtb.com\/wp-content\/uploads\/2022\/06\/velo-electrique-couche-5-1-sur-1-scaled.jpg\" width=\"2200\" height=\"1457\" alt=\"moteur electrique lift\" title=\"velo electrique couche\u0301-5 (1 sur 1)\" aria-label=\"velo electrique couche\u0301-5 (1 sur 1)\" class=\"img-responsive wp-image-19673\" srcset=\"https:\/\/www.lift-mtb.com\/wp-content\/uploads\/2022\/06\/velo-electrique-couche-5-1-sur-1-200x132.jpg 200w, https:\/\/www.lift-mtb.com\/wp-content\/uploads\/2022\/06\/velo-electrique-couche-5-1-sur-1-400x265.jpg 400w, https:\/\/www.lift-mtb.com\/wp-content\/uploads\/2022\/06\/velo-electrique-couche-5-1-sur-1-600x397.jpg 600w, https:\/\/www.lift-mtb.com\/wp-content\/uploads\/2022\/06\/velo-electrique-couche-5-1-sur-1-800x530.jpg 800w, https:\/\/www.lift-mtb.com\/wp-content\/uploads\/2022\/06\/velo-electrique-couche-5-1-sur-1-1200x795.jpg 1200w, https:\/\/www.lift-mtb.com\/wp-content\/uploads\/2022\/06\/velo-electrique-couche-5-1-sur-1-scaled.jpg 2200w\" sizes=\"(min-width: 2200px) 100vw, (min-width: 824px) 455px, (min-width: 732px) 683px, (min-width: 640px) 732px, \" \/><\/div><\/div><div class=\"clearfix\"><\/div><div style=\"padding:5px;\" class=\"fusion-grid-column fusion-gallery-column fusion-gallery-column-3 hover-type-none\"><div class=\"fusion-gallery-image\"><img decoding=\"async\" src=\"https:\/\/www.lift-mtb.com\/wp-content\/uploads\/2022\/06\/velo-electrique-couche-6-1-sur-1-scaled.jpg\" width=\"2200\" height=\"1457\" alt=\"moteur electrique lift\" title=\"velo electrique couche\u0301-6 (1 sur 1)\" aria-label=\"velo electrique couche\u0301-6 (1 sur 1)\" class=\"img-responsive wp-image-19678\" srcset=\"https:\/\/www.lift-mtb.com\/wp-content\/uploads\/2022\/06\/velo-electrique-couche-6-1-sur-1-200x132.jpg 200w, https:\/\/www.lift-mtb.com\/wp-content\/uploads\/2022\/06\/velo-electrique-couche-6-1-sur-1-400x265.jpg 400w, https:\/\/www.lift-mtb.com\/wp-content\/uploads\/2022\/06\/velo-electrique-couche-6-1-sur-1-600x397.jpg 600w, https:\/\/www.lift-mtb.com\/wp-content\/uploads\/2022\/06\/velo-electrique-couche-6-1-sur-1-800x530.jpg 800w, https:\/\/www.lift-mtb.com\/wp-content\/uploads\/2022\/06\/velo-electrique-couche-6-1-sur-1-1200x795.jpg 1200w, https:\/\/www.lift-mtb.com\/wp-content\/uploads\/2022\/06\/velo-electrique-couche-6-1-sur-1-scaled.jpg 2200w\" sizes=\"(min-width: 2200px) 100vw, (min-width: 824px) 455px, (min-width: 732px) 683px, (min-width: 640px) 732px, \" \/><\/div><\/div><div style=\"padding:5px;\" class=\"fusion-grid-column fusion-gallery-column fusion-gallery-column-3 hover-type-none\"><div class=\"fusion-gallery-image\"><img decoding=\"async\" src=\"https:\/\/www.lift-mtb.com\/wp-content\/uploads\/2022\/06\/handi-bike-4.jpg\" width=\"960\" height=\"720\" alt=\"moteur electrique lift\" title=\"handi bike 4\" aria-label=\"handi bike 4\" class=\"img-responsive wp-image-19618\" srcset=\"https:\/\/www.lift-mtb.com\/wp-content\/uploads\/2022\/06\/handi-bike-4-200x150.jpg 200w, https:\/\/www.lift-mtb.com\/wp-content\/uploads\/2022\/06\/handi-bike-4-400x300.jpg 400w, https:\/\/www.lift-mtb.com\/wp-content\/uploads\/2022\/06\/handi-bike-4-600x450.jpg 600w, https:\/\/www.lift-mtb.com\/wp-content\/uploads\/2022\/06\/handi-bike-4-800x600.jpg 800w, https:\/\/www.lift-mtb.com\/wp-content\/uploads\/2022\/06\/handi-bike-4.jpg 960w\" sizes=\"(min-width: 2200px) 100vw, (min-width: 824px) 455px, (min-width: 732px) 683px, (min-width: 640px) 732px, \" \/><\/div><\/div><div style=\"padding:5px;\" class=\"fusion-grid-column fusion-gallery-column fusion-gallery-column-3 hover-type-none\"><div class=\"fusion-gallery-image\"><img decoding=\"async\" src=\"https:\/\/www.lift-mtb.com\/wp-content\/uploads\/2022\/06\/handi-bike-3.jpg\" width=\"960\" height=\"720\" alt=\"moteur electrique lift\" title=\"handi bike 3\" aria-label=\"handi bike 3\" class=\"img-responsive wp-image-19613\" srcset=\"https:\/\/www.lift-mtb.com\/wp-content\/uploads\/2022\/06\/handi-bike-3-200x150.jpg 200w, https:\/\/www.lift-mtb.com\/wp-content\/uploads\/2022\/06\/handi-bike-3-400x300.jpg 400w, https:\/\/www.lift-mtb.com\/wp-content\/uploads\/2022\/06\/handi-bike-3-600x450.jpg 600w, https:\/\/www.lift-mtb.com\/wp-content\/uploads\/2022\/06\/handi-bike-3-800x600.jpg 800w, https:\/\/www.lift-mtb.com\/wp-content\/uploads\/2022\/06\/handi-bike-3.jpg 960w\" sizes=\"(min-width: 2200px) 100vw, (min-width: 824px) 455px, (min-width: 732px) 683px, (min-width: 640px) 732px, \" \/><\/div><\/div><div class=\"clearfix\"><\/div><div style=\"padding:5px;\" class=\"fusion-grid-column fusion-gallery-column fusion-gallery-column-3 hover-type-none\"><div class=\"fusion-gallery-image\"><img decoding=\"async\" src=\"https:\/\/www.lift-mtb.com\/wp-content\/uploads\/2022\/06\/handi-bike-2.jpg\" width=\"960\" height=\"720\" alt=\"moteur electrique lift\" title=\"handi bike 2\" aria-label=\"handi bike 2\" class=\"img-responsive wp-image-19608\" srcset=\"https:\/\/www.lift-mtb.com\/wp-content\/uploads\/2022\/06\/handi-bike-2-200x150.jpg 200w, https:\/\/www.lift-mtb.com\/wp-content\/uploads\/2022\/06\/handi-bike-2-400x300.jpg 400w, https:\/\/www.lift-mtb.com\/wp-content\/uploads\/2022\/06\/handi-bike-2-600x450.jpg 600w, https:\/\/www.lift-mtb.com\/wp-content\/uploads\/2022\/06\/handi-bike-2-800x600.jpg 800w, https:\/\/www.lift-mtb.com\/wp-content\/uploads\/2022\/06\/handi-bike-2.jpg 960w\" sizes=\"(min-width: 2200px) 100vw, (min-width: 824px) 455px, (min-width: 732px) 683px, (min-width: 640px) 732px, \" \/><\/div><\/div><div style=\"padding:5px;\" class=\"fusion-grid-column fusion-gallery-column fusion-gallery-column-3 hover-type-none\"><div class=\"fusion-gallery-image\"><img decoding=\"async\" src=\"https:\/\/www.lift-mtb.com\/wp-content\/uploads\/2022\/06\/handi-1-scaled.jpg\" width=\"2200\" height=\"1756\" alt=\"moteur electrique lift\" title=\"handi 1\" aria-label=\"handi 1\" class=\"img-responsive wp-image-19583\" srcset=\"https:\/\/www.lift-mtb.com\/wp-content\/uploads\/2022\/06\/handi-1-200x160.jpg 200w, https:\/\/www.lift-mtb.com\/wp-content\/uploads\/2022\/06\/handi-1-400x319.jpg 400w, https:\/\/www.lift-mtb.com\/wp-content\/uploads\/2022\/06\/handi-1-600x479.jpg 600w, https:\/\/www.lift-mtb.com\/wp-content\/uploads\/2022\/06\/handi-1-800x639.jpg 800w, https:\/\/www.lift-mtb.com\/wp-content\/uploads\/2022\/06\/handi-1-1200x958.jpg 1200w, https:\/\/www.lift-mtb.com\/wp-content\/uploads\/2022\/06\/handi-1-scaled.jpg 2200w\" sizes=\"(min-width: 2200px) 100vw, (min-width: 824px) 455px, (min-width: 732px) 683px, (min-width: 640px) 732px, \" \/><\/div><\/div><div style=\"padding:5px;\" class=\"fusion-grid-column fusion-gallery-column fusion-gallery-column-3 hover-type-none\"><div class=\"fusion-gallery-image\"><img decoding=\"async\" src=\"https:\/\/www.lift-mtb.com\/wp-content\/uploads\/2022\/06\/explorer-13-scaled.jpg\" width=\"2200\" height=\"1457\" alt=\"moteur electrique lift\" title=\"explorer 13\" aria-label=\"explorer 13\" class=\"img-responsive wp-image-19578\" srcset=\"https:\/\/www.lift-mtb.com\/wp-content\/uploads\/2022\/06\/explorer-13-200x132.jpg 200w, https:\/\/www.lift-mtb.com\/wp-content\/uploads\/2022\/06\/explorer-13-400x265.jpg 400w, https:\/\/www.lift-mtb.com\/wp-content\/uploads\/2022\/06\/explorer-13-600x397.jpg 600w, https:\/\/www.lift-mtb.com\/wp-content\/uploads\/2022\/06\/explorer-13-800x530.jpg 800w, https:\/\/www.lift-mtb.com\/wp-content\/uploads\/2022\/06\/explorer-13-1200x795.jpg 1200w, https:\/\/www.lift-mtb.com\/wp-content\/uploads\/2022\/06\/explorer-13-scaled.jpg 2200w\" sizes=\"(min-width: 2200px) 100vw, (min-width: 824px) 455px, (min-width: 732px) 683px, (min-width: 640px) 732px, \" \/><\/div><\/div><div class=\"clearfix\"><\/div><div style=\"padding:5px;\" class=\"fusion-grid-column fusion-gallery-column fusion-gallery-column-3 hover-type-none\"><div class=\"fusion-gallery-image\"><img decoding=\"async\" src=\"https:\/\/www.lift-mtb.com\/wp-content\/uploads\/2022\/06\/explorer-12-scaled.jpg\" width=\"2200\" height=\"1457\" alt=\"moteur electrique lift\" title=\"explorer 12\" aria-label=\"explorer 12\" class=\"img-responsive wp-image-19573\" srcset=\"https:\/\/www.lift-mtb.com\/wp-content\/uploads\/2022\/06\/explorer-12-200x132.jpg 200w, https:\/\/www.lift-mtb.com\/wp-content\/uploads\/2022\/06\/explorer-12-400x265.jpg 400w, https:\/\/www.lift-mtb.com\/wp-content\/uploads\/2022\/06\/explorer-12-600x397.jpg 600w, https:\/\/www.lift-mtb.com\/wp-content\/uploads\/2022\/06\/explorer-12-800x530.jpg 800w, https:\/\/www.lift-mtb.com\/wp-content\/uploads\/2022\/06\/explorer-12-1200x795.jpg 1200w, https:\/\/www.lift-mtb.com\/wp-content\/uploads\/2022\/06\/explorer-12-scaled.jpg 2200w\" sizes=\"(min-width: 2200px) 100vw, (min-width: 824px) 455px, (min-width: 732px) 683px, (min-width: 640px) 732px, \" \/><\/div><\/div><div style=\"padding:5px;\" class=\"fusion-grid-column fusion-gallery-column fusion-gallery-column-3 hover-type-none\"><div class=\"fusion-gallery-image\"><img decoding=\"async\" src=\"https:\/\/www.lift-mtb.com\/wp-content\/uploads\/2022\/06\/explorer-11-scaled.jpg\" width=\"2200\" height=\"1457\" alt=\"v\" title=\"explorer 11\" aria-label=\"explorer 11\" class=\"img-responsive wp-image-19568\" srcset=\"https:\/\/www.lift-mtb.com\/wp-content\/uploads\/2022\/06\/explorer-11-200x132.jpg 200w, https:\/\/www.lift-mtb.com\/wp-content\/uploads\/2022\/06\/explorer-11-400x265.jpg 400w, https:\/\/www.lift-mtb.com\/wp-content\/uploads\/2022\/06\/explorer-11-600x397.jpg 600w, https:\/\/www.lift-mtb.com\/wp-content\/uploads\/2022\/06\/explorer-11-800x530.jpg 800w, https:\/\/www.lift-mtb.com\/wp-content\/uploads\/2022\/06\/explorer-11-1200x795.jpg 1200w, https:\/\/www.lift-mtb.com\/wp-content\/uploads\/2022\/06\/explorer-11-scaled.jpg 2200w\" sizes=\"(min-width: 2200px) 100vw, (min-width: 824px) 455px, (min-width: 732px) 683px, (min-width: 640px) 732px, \" \/><\/div><\/div><div style=\"padding:5px;\" class=\"fusion-grid-column fusion-gallery-column fusion-gallery-column-3 hover-type-none\"><div class=\"fusion-gallery-image\"><img decoding=\"async\" src=\"https:\/\/www.lift-mtb.com\/wp-content\/uploads\/2022\/06\/explorer-10-scaled.jpg\" width=\"2200\" height=\"1457\" alt=\"moteur electrique lift\" title=\"explorer 10\" aria-label=\"explorer 10\" class=\"img-responsive wp-image-19563\" srcset=\"https:\/\/www.lift-mtb.com\/wp-content\/uploads\/2022\/06\/explorer-10-200x132.jpg 200w, https:\/\/www.lift-mtb.com\/wp-content\/uploads\/2022\/06\/explorer-10-400x265.jpg 400w, https:\/\/www.lift-mtb.com\/wp-content\/uploads\/2022\/06\/explorer-10-600x397.jpg 600w, https:\/\/www.lift-mtb.com\/wp-content\/uploads\/2022\/06\/explorer-10-800x530.jpg 800w, https:\/\/www.lift-mtb.com\/wp-content\/uploads\/2022\/06\/explorer-10-1200x795.jpg 1200w, https:\/\/www.lift-mtb.com\/wp-content\/uploads\/2022\/06\/explorer-10-scaled.jpg 2200w\" sizes=\"(min-width: 2200px) 100vw, (min-width: 824px) 455px, (min-width: 732px) 683px, (min-width: 640px) 732px, \" \/><\/div><\/div><div class=\"clearfix\"><\/div><div style=\"padding:5px;\" class=\"fusion-grid-column fusion-gallery-column fusion-gallery-column-3 hover-type-none\"><div class=\"fusion-gallery-image\"><img decoding=\"async\" src=\"https:\/\/www.lift-mtb.com\/wp-content\/uploads\/2022\/01\/explorer-4.jpg\" width=\"4928\" height=\"3264\" alt=\"Bicicleta de bater\u00eda para discapacitados y BAFANG\" title=\"explorar 4\" aria-label=\"explorar 4\" class=\"img-responsive wp-image-6146\" srcset=\"https:\/\/www.lift-mtb.com\/wp-content\/uploads\/2022\/01\/explorer-4-200x132.jpg 200w, https:\/\/www.lift-mtb.com\/wp-content\/uploads\/2022\/01\/explorer-4-400x265.jpg 400w, https:\/\/www.lift-mtb.com\/wp-content\/uploads\/2022\/01\/explorer-4-600x397.jpg 600w, https:\/\/www.lift-mtb.com\/wp-content\/uploads\/2022\/01\/explorer-4-800x530.jpg 800w, https:\/\/www.lift-mtb.com\/wp-content\/uploads\/2022\/01\/explorer-4-1200x795.jpg 1200w, https:\/\/www.lift-mtb.com\/wp-content\/uploads\/2022\/01\/explorer-4.jpg 2200w\" sizes=\"(min-width: 2200px) 100vw, (min-width: 824px) 455px, (min-width: 732px) 683px, (min-width: 640px) 732px, \" \/><\/div><\/div><div style=\"padding:5px;\" class=\"fusion-grid-column fusion-gallery-column fusion-gallery-column-3 hover-type-none\"><div class=\"fusion-gallery-image\"><img decoding=\"async\" src=\"https:\/\/www.lift-mtb.com\/wp-content\/uploads\/2022\/06\/explorer-1-scaled.jpg\" width=\"2200\" height=\"1457\" alt=\"moteur electrique lift\" title=\"explorer 1\" aria-label=\"explorer 1\" class=\"img-responsive wp-image-19518\" srcset=\"https:\/\/www.lift-mtb.com\/wp-content\/uploads\/2022\/06\/explorer-1-200x132.jpg 200w, https:\/\/www.lift-mtb.com\/wp-content\/uploads\/2022\/06\/explorer-1-400x265.jpg 400w, https:\/\/www.lift-mtb.com\/wp-content\/uploads\/2022\/06\/explorer-1-600x397.jpg 600w, https:\/\/www.lift-mtb.com\/wp-content\/uploads\/2022\/06\/explorer-1-800x530.jpg 800w, https:\/\/www.lift-mtb.com\/wp-content\/uploads\/2022\/06\/explorer-1-1200x795.jpg 1200w, https:\/\/www.lift-mtb.com\/wp-content\/uploads\/2022\/06\/explorer-1-scaled.jpg 2200w\" sizes=\"(min-width: 2200px) 100vw, (min-width: 824px) 455px, (min-width: 732px) 683px, (min-width: 640px) 732px, \" \/><\/div><\/div><div style=\"padding:5px;\" class=\"fusion-grid-column fusion-gallery-column fusion-gallery-column-3 hover-type-none\"><div class=\"fusion-gallery-image\"><img decoding=\"async\" src=\"https:\/\/www.lift-mtb.com\/wp-content\/uploads\/2022\/06\/explorer-2-scaled.jpg\" width=\"2200\" height=\"1457\" alt=\"moteur electrique lift\" title=\"explorer 2\" aria-label=\"explorer 2\" class=\"img-responsive wp-image-19523\" srcset=\"https:\/\/www.lift-mtb.com\/wp-content\/uploads\/2022\/06\/explorer-2-200x132.jpg 200w, https:\/\/www.lift-mtb.com\/wp-content\/uploads\/2022\/06\/explorer-2-400x265.jpg 400w, https:\/\/www.lift-mtb.com\/wp-content\/uploads\/2022\/06\/explorer-2-600x397.jpg 600w, https:\/\/www.lift-mtb.com\/wp-content\/uploads\/2022\/06\/explorer-2-800x530.jpg 800w, https:\/\/www.lift-mtb.com\/wp-content\/uploads\/2022\/06\/explorer-2-1200x795.jpg 1200w, https:\/\/www.lift-mtb.com\/wp-content\/uploads\/2022\/06\/explorer-2-scaled.jpg 2200w\" sizes=\"(min-width: 2200px) 100vw, (min-width: 824px) 455px, (min-width: 732px) 683px, (min-width: 640px) 732px, \" \/><\/div><\/div><div class=\"clearfix\"><\/div><div style=\"padding:5px;\" class=\"fusion-grid-column fusion-gallery-column fusion-gallery-column-3 hover-type-none\"><div class=\"fusion-gallery-image\"><img decoding=\"async\" src=\"https:\/\/www.lift-mtb.com\/wp-content\/uploads\/2022\/06\/explorer-5-scaled.jpg\" width=\"2200\" height=\"1457\" alt=\"v\" title=\"explorer 5\" aria-label=\"explorer 5\" class=\"img-responsive wp-image-19538\" srcset=\"https:\/\/www.lift-mtb.com\/wp-content\/uploads\/2022\/06\/explorer-5-200x132.jpg 200w, https:\/\/www.lift-mtb.com\/wp-content\/uploads\/2022\/06\/explorer-5-400x265.jpg 400w, https:\/\/www.lift-mtb.com\/wp-content\/uploads\/2022\/06\/explorer-5-600x397.jpg 600w, https:\/\/www.lift-mtb.com\/wp-content\/uploads\/2022\/06\/explorer-5-800x530.jpg 800w, https:\/\/www.lift-mtb.com\/wp-content\/uploads\/2022\/06\/explorer-5-1200x795.jpg 1200w, https:\/\/www.lift-mtb.com\/wp-content\/uploads\/2022\/06\/explorer-5-scaled.jpg 2200w\" sizes=\"(min-width: 2200px) 100vw, (min-width: 824px) 455px, (min-width: 732px) 683px, (min-width: 640px) 732px, \" \/><\/div><\/div><div style=\"padding:5px;\" class=\"fusion-grid-column fusion-gallery-column fusion-gallery-column-3 hover-type-none\"><div class=\"fusion-gallery-image\"><img decoding=\"async\" src=\"https:\/\/www.lift-mtb.com\/wp-content\/uploads\/2022\/06\/explorer-6-scaled.jpg\" width=\"2200\" height=\"1457\" alt=\"moteur electrique lift\" title=\"explorer 6\" aria-label=\"explorer 6\" class=\"img-responsive wp-image-19543\" srcset=\"https:\/\/www.lift-mtb.com\/wp-content\/uploads\/2022\/06\/explorer-6-200x132.jpg 200w, https:\/\/www.lift-mtb.com\/wp-content\/uploads\/2022\/06\/explorer-6-400x265.jpg 400w, https:\/\/www.lift-mtb.com\/wp-content\/uploads\/2022\/06\/explorer-6-600x397.jpg 600w, https:\/\/www.lift-mtb.com\/wp-content\/uploads\/2022\/06\/explorer-6-800x530.jpg 800w, https:\/\/www.lift-mtb.com\/wp-content\/uploads\/2022\/06\/explorer-6-1200x795.jpg 1200w, https:\/\/www.lift-mtb.com\/wp-content\/uploads\/2022\/06\/explorer-6-scaled.jpg 2200w\" sizes=\"(min-width: 2200px) 100vw, (min-width: 824px) 455px, (min-width: 732px) 683px, (min-width: 640px) 732px, \" \/><\/div><\/div><div style=\"padding:5px;\" class=\"fusion-grid-column fusion-gallery-column fusion-gallery-column-3 hover-type-none\"><div class=\"fusion-gallery-image\"><img decoding=\"async\" src=\"https:\/\/www.lift-mtb.com\/wp-content\/uploads\/2022\/06\/explorer-7-scaled.jpg\" width=\"2200\" height=\"1457\" alt=\"moteur electrique lift\" title=\"explorer 7\" aria-label=\"explorer 7\" class=\"img-responsive wp-image-19548\" srcset=\"https:\/\/www.lift-mtb.com\/wp-content\/uploads\/2022\/06\/explorer-7-200x132.jpg 200w, https:\/\/www.lift-mtb.com\/wp-content\/uploads\/2022\/06\/explorer-7-400x265.jpg 400w, https:\/\/www.lift-mtb.com\/wp-content\/uploads\/2022\/06\/explorer-7-600x397.jpg 600w, https:\/\/www.lift-mtb.com\/wp-content\/uploads\/2022\/06\/explorer-7-800x530.jpg 800w, https:\/\/www.lift-mtb.com\/wp-content\/uploads\/2022\/06\/explorer-7-1200x795.jpg 1200w, https:\/\/www.lift-mtb.com\/wp-content\/uploads\/2022\/06\/explorer-7-scaled.jpg 2200w\" sizes=\"(min-width: 2200px) 100vw, (min-width: 824px) 455px, (min-width: 732px) 683px, (min-width: 640px) 732px, \" \/><\/div><\/div><div class=\"clearfix\"><\/div><div style=\"padding:5px;\" class=\"fusion-grid-column fusion-gallery-column fusion-gallery-column-3 hover-type-none\"><div class=\"fusion-gallery-image\"><img decoding=\"async\" src=\"https:\/\/www.lift-mtb.com\/wp-content\/uploads\/2022\/06\/explorer-8-scaled.jpg\" width=\"2200\" height=\"1457\" alt=\"v\" title=\"explorer 8\" aria-label=\"explorer 8\" class=\"img-responsive wp-image-19553\" srcset=\"https:\/\/www.lift-mtb.com\/wp-content\/uploads\/2022\/06\/explorer-8-200x132.jpg 200w, https:\/\/www.lift-mtb.com\/wp-content\/uploads\/2022\/06\/explorer-8-400x265.jpg 400w, https:\/\/www.lift-mtb.com\/wp-content\/uploads\/2022\/06\/explorer-8-600x397.jpg 600w, https:\/\/www.lift-mtb.com\/wp-content\/uploads\/2022\/06\/explorer-8-800x530.jpg 800w, https:\/\/www.lift-mtb.com\/wp-content\/uploads\/2022\/06\/explorer-8-1200x795.jpg 1200w, https:\/\/www.lift-mtb.com\/wp-content\/uploads\/2022\/06\/explorer-8-scaled.jpg 2200w\" sizes=\"(min-width: 2200px) 100vw, (min-width: 824px) 455px, (min-width: 732px) 683px, (min-width: 640px) 732px, \" \/><\/div><\/div><div style=\"padding:5px;\" class=\"fusion-grid-column fusion-gallery-column fusion-gallery-column-3 hover-type-none\"><div class=\"fusion-gallery-image\"><img decoding=\"async\" src=\"https:\/\/www.lift-mtb.com\/wp-content\/uploads\/2022\/06\/explorer-9-scaled.jpg\" width=\"2200\" height=\"1457\" alt=\"moteur electrique lift\" title=\"explorer 9\" aria-label=\"explorer 9\" class=\"img-responsive wp-image-19558\" srcset=\"https:\/\/www.lift-mtb.com\/wp-content\/uploads\/2022\/06\/explorer-9-200x132.jpg 200w, https:\/\/www.lift-mtb.com\/wp-content\/uploads\/2022\/06\/explorer-9-400x265.jpg 400w, https:\/\/www.lift-mtb.com\/wp-content\/uploads\/2022\/06\/explorer-9-600x397.jpg 600w, https:\/\/www.lift-mtb.com\/wp-content\/uploads\/2022\/06\/explorer-9-800x530.jpg 800w, https:\/\/www.lift-mtb.com\/wp-content\/uploads\/2022\/06\/explorer-9-1200x795.jpg 1200w, https:\/\/www.lift-mtb.com\/wp-content\/uploads\/2022\/06\/explorer-9-scaled.jpg 2200w\" sizes=\"(min-width: 2200px) 100vw, (min-width: 824px) 455px, (min-width: 732px) 683px, (min-width: 640px) 732px, \" \/><\/div><\/div><\/div><\/div><\/div><\/div><\/div><\/div><\/p>\n","protected":false},"excerpt":{"rendered":"","protected":false},"author":3,"featured_media":6150,"comment_status":"open","ping_status":"open","sticky":false,"template":"","format":"standard","meta":{"footnotes":""},"categories":[905],"tags":[],"class_list":["post-37041","post","type-post","status-publish","format-standard","has-post-thumbnail","hentry","category-preguntas-mas-frecuentes"],"yoast_head":"<!-- This site is optimized with the Yoast SEO plugin v26.9 - https:\/\/yoast.com\/product\/yoast-seo-wordpress\/ -->\n<title>- Bicicleta para discapacitados Transformaci\u00f3n de una handibike en una el\u00e9ctrica<\/title>\n<meta name=\"description\" content=\"Descubra nuestros soportes de motor el\u00e9ctrico para convertir f\u00e1cilmente su bicicleta para discapacitados en una handi bike el\u00e9ctrica - \/ kit de conversi\u00f3n.\" \/>\n<meta name=\"robots\" content=\"index, follow, max-snippet:-1, max-image-preview:large, max-video-preview:-1\" \/>\n<link rel=\"canonical\" href=\"https:\/\/www.lift-mtb.com\/es\/montajes-especiales\/\" \/>\n<meta property=\"og:locale\" content=\"es_ES\" \/>\n<meta property=\"og:type\" content=\"article\" \/>\n<meta property=\"og:title\" content=\"- Bicicleta para discapacitados Transformaci\u00f3n de una handibike en una el\u00e9ctrica\" \/>\n<meta property=\"og:description\" content=\"Descubra nuestros soportes de motor el\u00e9ctrico para convertir f\u00e1cilmente su bicicleta para discapacitados en una handi bike el\u00e9ctrica - \/ kit de conversi\u00f3n.\" \/>\n<meta property=\"og:url\" content=\"https:\/\/www.lift-mtb.com\/es\/montajes-especiales\/\" \/>\n<meta property=\"og:site_name\" content=\"LIFT-MTB\" \/>\n<meta property=\"article:published_time\" content=\"2003-01-01T09:48:03+00:00\" \/>\n<meta property=\"article:modified_time\" content=\"2023-01-22T19:04:24+00:00\" \/>\n<meta property=\"og:image\" content=\"https:\/\/www.lift-mtb.com\/wp-content\/uploads\/2022\/01\/explorer-4.jpg\" \/>\n\t<meta property=\"og:image:width\" content=\"4928\" \/>\n\t<meta property=\"og:image:height\" content=\"3264\" \/>\n\t<meta property=\"og:image:type\" content=\"image\/jpeg\" \/>\n<meta name=\"author\" content=\"Robin -\" \/>\n<meta name=\"twitter:card\" content=\"summary_large_image\" \/>\n<meta name=\"twitter:label1\" content=\"Escrito por\" \/>\n\t<meta name=\"twitter:data1\" content=\"Robin -\" \/>\n\t<meta name=\"twitter:label2\" content=\"Tiempo de lectura\" \/>\n\t<meta name=\"twitter:data2\" content=\"7 minutos\" \/>\n<script type=\"application\/ld+json\" class=\"yoast-schema-graph\">{\"@context\":\"https:\/\/schema.org\",\"@graph\":[{\"@type\":\"Article\",\"@id\":\"https:\/\/www.lift-mtb.com\/es\/montajes-especiales\/#article\",\"isPartOf\":{\"@id\":\"https:\/\/www.lift-mtb.com\/es\/montajes-especiales\/\"},\"author\":{\"name\":\"Robin -\",\"@id\":\"https:\/\/www.lift-mtb.com\/es\/#\/schema\/person\/fa547f8da54a4bb4059e88ea494d5e8d\"},\"headline\":\"Montajes especiales\",\"datePublished\":\"2003-01-01T09:48:03+00:00\",\"dateModified\":\"2023-01-22T19:04:24+00:00\",\"mainEntityOfPage\":{\"@id\":\"https:\/\/www.lift-mtb.com\/es\/montajes-especiales\/\"},\"wordCount\":4201,\"commentCount\":0,\"publisher\":{\"@id\":\"https:\/\/www.lift-mtb.com\/es\/#organization\"},\"image\":{\"@id\":\"https:\/\/www.lift-mtb.com\/es\/montajes-especiales\/#primaryimage\"},\"thumbnailUrl\":\"https:\/\/www.lift-mtb.com\/wp-content\/uploads\/2022\/01\/explorer-4.jpg\",\"articleSection\":[\"Preguntas m\u00e1s frecuentes\"],\"inLanguage\":\"es\",\"potentialAction\":[{\"@type\":\"CommentAction\",\"name\":\"Comment\",\"target\":[\"https:\/\/www.lift-mtb.com\/es\/montajes-especiales\/#respond\"]}]},{\"@type\":\"WebPage\",\"@id\":\"https:\/\/www.lift-mtb.com\/es\/montajes-especiales\/\",\"url\":\"https:\/\/www.lift-mtb.com\/es\/montajes-especiales\/\",\"name\":\"- Bicicleta para discapacitados Transformaci\u00f3n de una handibike en una el\u00e9ctrica\",\"isPartOf\":{\"@id\":\"https:\/\/www.lift-mtb.com\/es\/#website\"},\"primaryImageOfPage\":{\"@id\":\"https:\/\/www.lift-mtb.com\/es\/montajes-especiales\/#primaryimage\"},\"image\":{\"@id\":\"https:\/\/www.lift-mtb.com\/es\/montajes-especiales\/#primaryimage\"},\"thumbnailUrl\":\"https:\/\/www.lift-mtb.com\/wp-content\/uploads\/2022\/01\/explorer-4.jpg\",\"datePublished\":\"2003-01-01T09:48:03+00:00\",\"dateModified\":\"2023-01-22T19:04:24+00:00\",\"description\":\"Descubra nuestros soportes de motor el\u00e9ctrico para convertir f\u00e1cilmente su bicicleta para discapacitados en una handi bike el\u00e9ctrica - \/ kit de conversi\u00f3n.\",\"breadcrumb\":{\"@id\":\"https:\/\/www.lift-mtb.com\/es\/montajes-especiales\/#breadcrumb\"},\"inLanguage\":\"es\",\"potentialAction\":[{\"@type\":\"ReadAction\",\"target\":[\"https:\/\/www.lift-mtb.com\/es\/montajes-especiales\/\"]}]},{\"@type\":\"ImageObject\",\"inLanguage\":\"es\",\"@id\":\"https:\/\/www.lift-mtb.com\/es\/montajes-especiales\/#primaryimage\",\"url\":\"https:\/\/www.lift-mtb.com\/wp-content\/uploads\/2022\/01\/explorer-4.jpg\",\"contentUrl\":\"https:\/\/www.lift-mtb.com\/wp-content\/uploads\/2022\/01\/explorer-4.jpg\",\"width\":4928,\"height\":3264,\"caption\":\"V\u00e9lo handicap\u00e9 \u00e9lectrique batterie & BAFANG\"},{\"@type\":\"BreadcrumbList\",\"@id\":\"https:\/\/www.lift-mtb.com\/es\/montajes-especiales\/#breadcrumb\",\"itemListElement\":[{\"@type\":\"ListItem\",\"position\":1,\"name\":\"Accueil\",\"item\":\"https:\/\/www.lift-mtb.com\/es\/\"},{\"@type\":\"ListItem\",\"position\":2,\"name\":\"Preguntas m\u00e1s frecuentes\",\"item\":\"https:\/\/www.lift-mtb.com\/es\/categoria\/preguntas-mas-frecuentes\/\"},{\"@type\":\"ListItem\",\"position\":3,\"name\":\"Montajes especiales\"}]},{\"@type\":\"WebSite\",\"@id\":\"https:\/\/www.lift-mtb.com\/es\/#website\",\"url\":\"https:\/\/www.lift-mtb.com\/es\/\",\"name\":\"LIFT-MTB\",\"description\":\"Transformer son v\u00e9lo en \u00e9lectrique rapidement !\",\"publisher\":{\"@id\":\"https:\/\/www.lift-mtb.com\/es\/#organization\"},\"potentialAction\":[{\"@type\":\"SearchAction\",\"target\":{\"@type\":\"EntryPoint\",\"urlTemplate\":\"https:\/\/www.lift-mtb.com\/es\/?s={search_term_string}\"},\"query-input\":{\"@type\":\"PropertyValueSpecification\",\"valueRequired\":true,\"valueName\":\"search_term_string\"}}],\"inLanguage\":\"es\"},{\"@type\":\"Organization\",\"@id\":\"https:\/\/www.lift-mtb.com\/es\/#organization\",\"name\":\"LIFT-MTB\",\"url\":\"https:\/\/www.lift-mtb.com\/es\/\",\"logo\":{\"@type\":\"ImageObject\",\"inLanguage\":\"es\",\"@id\":\"https:\/\/www.lift-mtb.com\/es\/#\/schema\/logo\/image\/\",\"url\":\"https:\/\/www.lift-mtb.com\/wp-content\/uploads\/2022\/01\/electric-kit-for-bike-1.jpg\",\"contentUrl\":\"https:\/\/www.lift-mtb.com\/wp-content\/uploads\/2022\/01\/electric-kit-for-bike-1.jpg\",\"width\":1223,\"height\":560,\"caption\":\"LIFT-MTB\"},\"image\":{\"@id\":\"https:\/\/www.lift-mtb.com\/es\/#\/schema\/logo\/image\/\"}},{\"@type\":\"Person\",\"@id\":\"https:\/\/www.lift-mtb.com\/es\/#\/schema\/person\/fa547f8da54a4bb4059e88ea494d5e8d\",\"name\":\"Robin -\",\"image\":{\"@type\":\"ImageObject\",\"inLanguage\":\"es\",\"@id\":\"https:\/\/www.lift-mtb.com\/es\/#\/schema\/person\/image\/\",\"url\":\"https:\/\/secure.gravatar.com\/avatar\/ad17ef1ae460efcfc5fd4d654f62ac183df0b61c43a75291f31e0e5f374eb791?s=96&d=mm&r=g\",\"contentUrl\":\"https:\/\/secure.gravatar.com\/avatar\/ad17ef1ae460efcfc5fd4d654f62ac183df0b61c43a75291f31e0e5f374eb791?s=96&d=mm&r=g\",\"caption\":\"Robin -\"},\"url\":\"https:\/\/www.lift-mtb.com\"}]}<\/script>\n<!-- \/ Yoast SEO plugin. -->","yoast_head_json":{"title":"- Bicicleta para discapacitados Transformaci\u00f3n de una handibike en una el\u00e9ctrica","description":"Descubra nuestros soportes de motor el\u00e9ctrico para convertir f\u00e1cilmente su bicicleta para discapacitados en una handi bike el\u00e9ctrica - \/ kit de conversi\u00f3n.","robots":{"index":"index","follow":"follow","max-snippet":"max-snippet:-1","max-image-preview":"max-image-preview:large","max-video-preview":"max-video-preview:-1"},"canonical":"https:\/\/www.lift-mtb.com\/es\/montajes-especiales\/","og_locale":"es_ES","og_type":"article","og_title":"- Bicicleta para discapacitados Transformaci\u00f3n de una handibike en una el\u00e9ctrica","og_description":"Descubra nuestros soportes de motor el\u00e9ctrico para convertir f\u00e1cilmente su bicicleta para discapacitados en una handi bike el\u00e9ctrica - \/ kit de conversi\u00f3n.","og_url":"https:\/\/www.lift-mtb.com\/es\/montajes-especiales\/","og_site_name":"LIFT-MTB","article_published_time":"2003-01-01T09:48:03+00:00","article_modified_time":"2023-01-22T19:04:24+00:00","og_image":[{"width":4928,"height":3264,"url":"https:\/\/www.lift-mtb.com\/wp-content\/uploads\/2022\/01\/explorer-4.jpg","type":"image\/jpeg"}],"author":"Robin -","twitter_card":"summary_large_image","twitter_misc":{"Escrito por":"Robin -","Tiempo de lectura":"7 minutos"},"schema":{"@context":"https:\/\/schema.org","@graph":[{"@type":"Article","@id":"https:\/\/www.lift-mtb.com\/es\/montajes-especiales\/#article","isPartOf":{"@id":"https:\/\/www.lift-mtb.com\/es\/montajes-especiales\/"},"author":{"name":"Robin -","@id":"https:\/\/www.lift-mtb.com\/es\/#\/schema\/person\/fa547f8da54a4bb4059e88ea494d5e8d"},"headline":"Montajes especiales","datePublished":"2003-01-01T09:48:03+00:00","dateModified":"2023-01-22T19:04:24+00:00","mainEntityOfPage":{"@id":"https:\/\/www.lift-mtb.com\/es\/montajes-especiales\/"},"wordCount":4201,"commentCount":0,"publisher":{"@id":"https:\/\/www.lift-mtb.com\/es\/#organization"},"image":{"@id":"https:\/\/www.lift-mtb.com\/es\/montajes-especiales\/#primaryimage"},"thumbnailUrl":"https:\/\/www.lift-mtb.com\/wp-content\/uploads\/2022\/01\/explorer-4.jpg","articleSection":["Preguntas m\u00e1s frecuentes"],"inLanguage":"es","potentialAction":[{"@type":"CommentAction","name":"Comment","target":["https:\/\/www.lift-mtb.com\/es\/montajes-especiales\/#respond"]}]},{"@type":"WebPage","@id":"https:\/\/www.lift-mtb.com\/es\/montajes-especiales\/","url":"https:\/\/www.lift-mtb.com\/es\/montajes-especiales\/","name":"- Bicicleta para discapacitados Transformaci\u00f3n de una handibike en una el\u00e9ctrica","isPartOf":{"@id":"https:\/\/www.lift-mtb.com\/es\/#website"},"primaryImageOfPage":{"@id":"https:\/\/www.lift-mtb.com\/es\/montajes-especiales\/#primaryimage"},"image":{"@id":"https:\/\/www.lift-mtb.com\/es\/montajes-especiales\/#primaryimage"},"thumbnailUrl":"https:\/\/www.lift-mtb.com\/wp-content\/uploads\/2022\/01\/explorer-4.jpg","datePublished":"2003-01-01T09:48:03+00:00","dateModified":"2023-01-22T19:04:24+00:00","description":"Descubra nuestros soportes de motor el\u00e9ctrico para convertir f\u00e1cilmente su bicicleta para discapacitados en una handi bike el\u00e9ctrica - \/ kit de conversi\u00f3n.","breadcrumb":{"@id":"https:\/\/www.lift-mtb.com\/es\/montajes-especiales\/#breadcrumb"},"inLanguage":"es","potentialAction":[{"@type":"ReadAction","target":["https:\/\/www.lift-mtb.com\/es\/montajes-especiales\/"]}]},{"@type":"ImageObject","inLanguage":"es","@id":"https:\/\/www.lift-mtb.com\/es\/montajes-especiales\/#primaryimage","url":"https:\/\/www.lift-mtb.com\/wp-content\/uploads\/2022\/01\/explorer-4.jpg","contentUrl":"https:\/\/www.lift-mtb.com\/wp-content\/uploads\/2022\/01\/explorer-4.jpg","width":4928,"height":3264,"caption":"V\u00e9lo handicap\u00e9 \u00e9lectrique batterie & BAFANG"},{"@type":"BreadcrumbList","@id":"https:\/\/www.lift-mtb.com\/es\/montajes-especiales\/#breadcrumb","itemListElement":[{"@type":"ListItem","position":1,"name":"Accueil","item":"https:\/\/www.lift-mtb.com\/es\/"},{"@type":"ListItem","position":2,"name":"Preguntas m\u00e1s frecuentes","item":"https:\/\/www.lift-mtb.com\/es\/categoria\/preguntas-mas-frecuentes\/"},{"@type":"ListItem","position":3,"name":"Montajes especiales"}]},{"@type":"WebSite","@id":"https:\/\/www.lift-mtb.com\/es\/#website","url":"https:\/\/www.lift-mtb.com\/es\/","name":"LIFT-MTB","description":"Transformer son v\u00e9lo en \u00e9lectrique rapidement !","publisher":{"@id":"https:\/\/www.lift-mtb.com\/es\/#organization"},"potentialAction":[{"@type":"SearchAction","target":{"@type":"EntryPoint","urlTemplate":"https:\/\/www.lift-mtb.com\/es\/?s={search_term_string}"},"query-input":{"@type":"PropertyValueSpecification","valueRequired":true,"valueName":"search_term_string"}}],"inLanguage":"es"},{"@type":"Organization","@id":"https:\/\/www.lift-mtb.com\/es\/#organization","name":"LIFT-MTB","url":"https:\/\/www.lift-mtb.com\/es\/","logo":{"@type":"ImageObject","inLanguage":"es","@id":"https:\/\/www.lift-mtb.com\/es\/#\/schema\/logo\/image\/","url":"https:\/\/www.lift-mtb.com\/wp-content\/uploads\/2022\/01\/electric-kit-for-bike-1.jpg","contentUrl":"https:\/\/www.lift-mtb.com\/wp-content\/uploads\/2022\/01\/electric-kit-for-bike-1.jpg","width":1223,"height":560,"caption":"LIFT-MTB"},"image":{"@id":"https:\/\/www.lift-mtb.com\/es\/#\/schema\/logo\/image\/"}},{"@type":"Person","@id":"https:\/\/www.lift-mtb.com\/es\/#\/schema\/person\/fa547f8da54a4bb4059e88ea494d5e8d","name":"Robin -","image":{"@type":"ImageObject","inLanguage":"es","@id":"https:\/\/www.lift-mtb.com\/es\/#\/schema\/person\/image\/","url":"https:\/\/secure.gravatar.com\/avatar\/ad17ef1ae460efcfc5fd4d654f62ac183df0b61c43a75291f31e0e5f374eb791?s=96&d=mm&r=g","contentUrl":"https:\/\/secure.gravatar.com\/avatar\/ad17ef1ae460efcfc5fd4d654f62ac183df0b61c43a75291f31e0e5f374eb791?s=96&d=mm&r=g","caption":"Robin -"},"url":"https:\/\/www.lift-mtb.com"}]}},"_links":{"self":[{"href":"https:\/\/www.lift-mtb.com\/es\/wp-json\/wp\/v2\/posts\/37041","targetHints":{"allow":["GET"]}}],"collection":[{"href":"https:\/\/www.lift-mtb.com\/es\/wp-json\/wp\/v2\/posts"}],"about":[{"href":"https:\/\/www.lift-mtb.com\/es\/wp-json\/wp\/v2\/types\/post"}],"author":[{"embeddable":true,"href":"https:\/\/www.lift-mtb.com\/es\/wp-json\/wp\/v2\/users\/3"}],"replies":[{"embeddable":true,"href":"https:\/\/www.lift-mtb.com\/es\/wp-json\/wp\/v2\/comments?post=37041"}],"version-history":[{"count":5,"href":"https:\/\/www.lift-mtb.com\/es\/wp-json\/wp\/v2\/posts\/37041\/revisions"}],"predecessor-version":[{"id":44933,"href":"https:\/\/www.lift-mtb.com\/es\/wp-json\/wp\/v2\/posts\/37041\/revisions\/44933"}],"wp:featuredmedia":[{"embeddable":true,"href":"https:\/\/www.lift-mtb.com\/es\/wp-json\/wp\/v2\/media\/6150"}],"wp:attachment":[{"href":"https:\/\/www.lift-mtb.com\/es\/wp-json\/wp\/v2\/media?parent=37041"}],"wp:term":[{"taxonomy":"category","embeddable":true,"href":"https:\/\/www.lift-mtb.com\/es\/wp-json\/wp\/v2\/categories?post=37041"},{"taxonomy":"post_tag","embeddable":true,"href":"https:\/\/www.lift-mtb.com\/es\/wp-json\/wp\/v2\/tags?post=37041"}],"curies":[{"name":"wp","href":"https:\/\/api.w.org\/{rel}","templated":true}]}}