{"id":38977,"date":"2022-06-14T11:08:40","date_gmt":"2022-06-14T09:08:40","guid":{"rendered":"https:\/comentarios-de-los-clientes\/"},"modified":"2023-01-22T19:42:58","modified_gmt":"2023-01-22T18:42:58","slug":"comentarios-de-los-clientes","status":"publish","type":"post","link":"https:\/\/www.lift-mtb.com\/es\/comentarios-de-los-clientes\/","title":{"rendered":"Comentarios de los clientes"},"content":{"rendered":"<p><div class=\"fusion-fullwidth fullwidth-box fusion-builder-row-1 fusion-flex-container nonhundred-percent-fullwidth non-hundred-percent-height-scrolling\" style=\"--awb-border-radius-top-left:0px;--awb-border-radius-top-right:0px;--awb-border-radius-bottom-right:0px;--awb-border-radius-bottom-left:0px;--awb-flex-wrap:wrap;\" ><div class=\"fusion-builder-row fusion-row fusion-flex-align-items-flex-start fusion-flex-content-wrap\" style=\"max-width:1430px;margin-left: calc(-4% \/ 2 );margin-right: calc(-4% \/ 2 );\"><div class=\"fusion-layout-column fusion_builder_column fusion-builder-column-0 fusion_builder_column_1_1 1_1 fusion-flex-column\" style=\"--awb-bg-size:cover;--awb-width-large:100%;--awb-margin-top-large:0px;--awb-spacing-right-large:1.92%;--awb-margin-bottom-large:20px;--awb-spacing-left-large:1.92%;--awb-width-medium:100%;--awb-order-medium:0;--awb-spacing-right-medium:1.92%;--awb-spacing-left-medium:1.92%;--awb-width-small:100%;--awb-order-small:0;--awb-spacing-right-small:1.92%;--awb-spacing-left-small:1.92%;\"><div class=\"fusion-column-wrapper fusion-column-has-shadow fusion-flex-justify-content-flex-start fusion-content-layout-column\"><div class=\"fusion-text fusion-text-1\"><h3 style=\"text-align: center;\">En este art\u00edculo encontrar\u00e1 varios comentarios de usuarios del kit de motor de pedal LIFT-MTB.<\/h3>\n<\/div><\/div><\/div><div class=\"fusion-layout-column fusion_builder_column fusion-builder-column-1 fusion_builder_column_1_1 1_1 fusion-flex-column\" style=\"--awb-bg-size:cover;--awb-width-large:100%;--awb-margin-top-large:0px;--awb-spacing-right-large:1.92%;--awb-margin-bottom-large:20px;--awb-spacing-left-large:1.92%;--awb-width-medium:100%;--awb-order-medium:0;--awb-spacing-right-medium:1.92%;--awb-spacing-left-medium:1.92%;--awb-width-small:100%;--awb-order-small:0;--awb-spacing-right-small:1.92%;--awb-spacing-left-small:1.92%;\"><div class=\"fusion-column-wrapper fusion-column-has-shadow fusion-flex-justify-content-flex-start fusion-content-layout-column\"><div class=\"fusion-testimonials classic awb-speech-bubble-show fusion-testimonials-1\" style=\"--awb-textcolor:#747474;--awb-backgroundcolor:#f6f6f6;--awb-testimonial-border-style:solid;--awb-testimonial-border-color:var(--awb-color3);--awb-border-top-left-radius:0px;--awb-border-top-right-radius:0px;--awb-border-bottom-left-radius:0px;--awb-border-bottom-right-radius:0px;--testimonial-border-width-top:0px;--testimonial-border-width-right:0px;--testimonial-border-width-bottom:0px;--testimonial-border-width-left:0px;\" data-random=\"0\" data-speed=\"4000\"><div class=\"reviews\"><div class=\"review active-testimonial male\"><blockquote><div class=\"awb-quote\"><div class=\"awb-quote-content\">\n<div>Como se prometi\u00f3 las fotos del Orceyrette.<\/div>\n<div><\/div>\n<div>\u00a1El kit es realmente genial! Me adapt\u00e9 muy r\u00e1pidamente. Tengo que gestionar la bater\u00eda un poco mejor. Al final de mi salida he puesto en marcha la barra roja.<\/div>\n<div><\/div>\n<div>Un peque\u00f1o punto que he notado es que necesitas una buena mochila&#8230; la m\u00eda me lacera los hombros con el peso de la bater\u00eda. Las correas no est\u00e1n acolchadas.<\/div>\n<div><\/div>\n<div>En la bajada, no cambi\u00f3 nada para mi moto, \u00a1incluso la disfrut\u00e9 m\u00e1s!<\/div>\n<div><\/div>\n<div>\u00a1Realmente genial!<\/div>\n<div><\/div>\n<div><\/div>\n<div><img decoding=\"async\" class=\"alignleft wp-image-27146\" src=\"http:\/\/lift-mtb.com\/wp-content\/uploads\/2022\/06\/image0.jpeg\" alt=\"Bicicleta de monta\u00f1a Commencal con motor el\u00e9ctrico\" width=\"666\" height=\"499\" srcset=\"https:\/\/www.lift-mtb.com\/wp-content\/uploads\/2022\/06\/image0-200x150.jpeg 200w, https:\/\/www.lift-mtb.com\/wp-content\/uploads\/2022\/06\/image0-300x225.jpeg 300w, https:\/\/www.lift-mtb.com\/wp-content\/uploads\/2022\/06\/image0-400x300.jpeg 400w, https:\/\/www.lift-mtb.com\/wp-content\/uploads\/2022\/06\/image0-500x375.jpeg 500w, https:\/\/www.lift-mtb.com\/wp-content\/uploads\/2022\/06\/image0-600x450.jpeg 600w, https:\/\/www.lift-mtb.com\/wp-content\/uploads\/2022\/06\/image0-700x525.jpeg 700w, https:\/\/www.lift-mtb.com\/wp-content\/uploads\/2022\/06\/image0-768x576.jpeg 768w, https:\/\/www.lift-mtb.com\/wp-content\/uploads\/2022\/06\/image0-800x600.jpeg 800w, https:\/\/www.lift-mtb.com\/wp-content\/uploads\/2022\/06\/image0-1024x768.jpeg 1024w, https:\/\/www.lift-mtb.com\/wp-content\/uploads\/2022\/06\/image0-1200x900.jpeg 1200w, https:\/\/www.lift-mtb.com\/wp-content\/uploads\/2022\/06\/image0.jpeg 1280w\" sizes=\"(max-width: 666px) 100vw, 666px\" \/><\/div>\n<\/div><\/div><span class=\"awb-triangle\"><\/span><\/blockquote><div class=\"author\"><span class=\"testimonial-thumbnail doe\"><\/span><span class=\"company-name\"><strong>Quentin L.<\/strong><\/span><\/div><\/div><\/div><\/div><div class=\"fusion-separator fusion-full-width-sep\" style=\"align-self: center;margin-left: auto;margin-right: auto;width:100%;\"><div class=\"fusion-separator-border sep-single sep-solid\" style=\"--awb-height:20px;--awb-amount:20px;border-color:#e0dede;border-top-width:1px;\"><\/div><\/div><\/div><\/div><\/div><\/div><div class=\"fusion-fullwidth fullwidth-box fusion-builder-row-2 fusion-flex-container nonhundred-percent-fullwidth non-hundred-percent-height-scrolling\" style=\"--awb-border-radius-top-left:0px;--awb-border-radius-top-right:0px;--awb-border-radius-bottom-right:0px;--awb-border-radius-bottom-left:0px;--awb-flex-wrap:wrap;\" ><div class=\"fusion-builder-row fusion-row fusion-flex-align-items-flex-start fusion-flex-content-wrap\" style=\"max-width:1430px;margin-left: calc(-4% \/ 2 );margin-right: calc(-4% \/ 2 );\"><div class=\"fusion-layout-column fusion_builder_column fusion-builder-column-2 fusion_builder_column_1_1 1_1 fusion-flex-column\" style=\"--awb-bg-size:cover;--awb-width-large:100%;--awb-margin-top-large:0px;--awb-spacing-right-large:1.92%;--awb-margin-bottom-large:20px;--awb-spacing-left-large:1.92%;--awb-width-medium:100%;--awb-order-medium:0;--awb-spacing-right-medium:1.92%;--awb-spacing-left-medium:1.92%;--awb-width-small:100%;--awb-order-small:0;--awb-spacing-right-small:1.92%;--awb-spacing-left-small:1.92%;\"><div class=\"fusion-column-wrapper fusion-column-has-shadow fusion-flex-justify-content-flex-start fusion-content-layout-column\"><div class=\"fusion-testimonials classic awb-speech-bubble-show fusion-testimonials-2\" style=\"--awb-textcolor:#747474;--awb-backgroundcolor:#f6f6f6;--awb-testimonial-border-style:solid;--awb-testimonial-border-color:var(--awb-color3);--awb-border-top-left-radius:0px;--awb-border-top-right-radius:0px;--awb-border-bottom-left-radius:0px;--awb-border-bottom-right-radius:0px;--testimonial-border-width-top:0px;--testimonial-border-width-right:0px;--testimonial-border-width-bottom:0px;--testimonial-border-width-left:0px;\" data-random=\"0\" data-speed=\"4000\"><div class=\"reviews\"><div class=\"review active-testimonial male\"><blockquote><div class=\"awb-quote\"><div class=\"awb-quote-content\">\n<div>\n<div>Tengo el motor mtb lift desde hace 1,5 a\u00f1os. Era para una moto de trabajo y de ciudad. Buscaba algo adaptable y robusto.<\/div>\n<div>Desde entonces, el motor se ha utilizado en tres motos. Las dos primeras eran Vtc con ruedas de 700, y por la potencia del motor tend\u00edamos a cargar con la compra y el remolque del ni\u00f1o, por lo que faltaba seguridad.<\/div>\n<div>Desde entonces me he comprado una bici de 26&#8243; basada en Surly y con bujes alfine8 en Salamandre cycles.<\/div>\n<div>Ahora tengo la bici el\u00e9ctrica que se adapta perfectamente a mis necesidades, a veces voy al lago a 15km con 2 ni\u00f1os en la bici, el tercero en el remolque y todo el cambio. Sin forzarlo.<\/div>\n<div>  Vivo en los Alpes y los tres subimos algunos puertos peque\u00f1os en la moto (120kg). S\u00f3lo hay que moler y el motor tira sin inmutarse.<\/div>\n<div>Me hice un sistema de fijaci\u00f3n en el marco con un collar de acero inoxidable. El motor es fijo y no se mueve ni un mil\u00edmetro.<\/div>\n<div>Para concluir, este motor me ha permitido probar varias configuraciones de moto y encontrar una moto \u00fanica que se adapta perfectamente a m\u00ed. Sencillez, robustez y adaptabilidad son las cualidades que me gustan de este kit.<\/div>\n<div>Me gusta meter las manos en la mec\u00e1nica pero tengo mis l\u00edmites, y Mathieu de lift mtb siempre ha estado ah\u00ed por email o por tel\u00e9fono para ayudarme con mis montajes. Esto es muy tranquilizador.<\/div>\n<\/div>\n<div><\/div>\n<div><\/div>\n<div><img decoding=\"async\" class=\"wp-image-26223 alignleft\" src=\"http:\/\/lift-mtb.com\/wp-content\/uploads\/2022\/06\/velo-cargo-electrique.jpeg\" alt=\"bicicleta de carga el\u00e9ctrica\" width=\"403\" height=\"302\" srcset=\"https:\/\/www.lift-mtb.com\/wp-content\/uploads\/2022\/06\/velo-cargo-electrique-200x150.jpeg 200w, https:\/\/www.lift-mtb.com\/wp-content\/uploads\/2022\/06\/velo-cargo-electrique-300x225.jpeg 300w, https:\/\/www.lift-mtb.com\/wp-content\/uploads\/2022\/06\/velo-cargo-electrique-400x300.jpeg 400w, https:\/\/www.lift-mtb.com\/wp-content\/uploads\/2022\/06\/velo-cargo-electrique-500x375.jpeg 500w, https:\/\/www.lift-mtb.com\/wp-content\/uploads\/2022\/06\/velo-cargo-electrique-600x450.jpeg 600w, https:\/\/www.lift-mtb.com\/wp-content\/uploads\/2022\/06\/velo-cargo-electrique-700x525.jpeg 700w, https:\/\/www.lift-mtb.com\/wp-content\/uploads\/2022\/06\/velo-cargo-electrique-768x576.jpeg 768w, https:\/\/www.lift-mtb.com\/wp-content\/uploads\/2022\/06\/velo-cargo-electrique-800x600.jpeg 800w, https:\/\/www.lift-mtb.com\/wp-content\/uploads\/2022\/06\/velo-cargo-electrique.jpeg 908w\" sizes=\"(max-width: 403px) 100vw, 403px\" \/><\/div>\n<\/div><\/div><span class=\"awb-triangle\"><\/span><\/blockquote><div class=\"author\"><span class=\"testimonial-thumbnail doe\"><\/span><span class=\"company-name\"><strong>???<\/strong><\/span><\/div><\/div><\/div><\/div><div class=\"fusion-separator fusion-full-width-sep\" style=\"align-self: center;margin-left: auto;margin-right: auto;width:100%;\"><div class=\"fusion-separator-border sep-single sep-solid\" style=\"--awb-height:20px;--awb-amount:20px;border-color:#e0dede;border-top-width:1px;\"><\/div><\/div><\/div><\/div><div class=\"fusion-layout-column fusion_builder_column fusion-builder-column-3 fusion_builder_column_1_1 1_1 fusion-flex-column\" style=\"--awb-bg-size:cover;--awb-width-large:100%;--awb-margin-top-large:0px;--awb-spacing-right-large:1.92%;--awb-margin-bottom-large:20px;--awb-spacing-left-large:1.92%;--awb-width-medium:100%;--awb-order-medium:0;--awb-spacing-right-medium:1.92%;--awb-spacing-left-medium:1.92%;--awb-width-small:100%;--awb-order-small:0;--awb-spacing-right-small:1.92%;--awb-spacing-left-small:1.92%;\"><div class=\"fusion-column-wrapper fusion-column-has-shadow fusion-flex-justify-content-flex-start fusion-content-layout-column\"><div class=\"fusion-testimonials classic awb-speech-bubble-show fusion-testimonials-3\" style=\"--awb-textcolor:#747474;--awb-backgroundcolor:#f6f6f6;--awb-testimonial-border-style:solid;--awb-testimonial-border-color:var(--awb-color3);--awb-border-top-left-radius:0px;--awb-border-top-right-radius:0px;--awb-border-bottom-left-radius:0px;--awb-border-bottom-right-radius:0px;--testimonial-border-width-top:0px;--testimonial-border-width-right:0px;--testimonial-border-width-bottom:0px;--testimonial-border-width-left:0px;\" data-random=\"0\" data-speed=\"4000\"><div class=\"reviews\"><div class=\"review active-testimonial male\"><blockquote><div class=\"awb-quote\"><div class=\"awb-quote-content\">\n<p>Hola,<br clear=\"none\"><br clear=\"none\"><b><u>Un primer retorno:<\/u><\/b><br clear=\"none\"><br clear=\"none\">Acostumbrado a rodar sin bolsa, la bater\u00eda del Camel no es mi primera opci\u00f3n para la mayor\u00eda de mis paseos. Pero tenemos que admitir que la bater\u00eda en el cuadro pesa la rueda delantera.<br clear=\"none\">He deslizado una b\u00e1scula bajo la rueda delantera y tengo casi 1kg m\u00e1s mostrado con la bater\u00eda en el cuadro. Y ayer me asust\u00e9 al pasar por un agujero en una bajada y no estuve muy bien porque levant\u00e9 la rueda delantera apenas 2 o 3 cm. Afortunadamente, una Fat es muy indulgente con el piloto, y pas\u00e9 sin problemas, pero estuvo cerca. En resumen, tendr\u00e9 que pensar en llevar la bater\u00eda en la mochila m\u00e1s a menudo.<br clear=\"none\">Todav\u00eda estoy trabajando en un soporte de la bater\u00eda en el marco para proteger la bater\u00eda de la aguanieve. En invierno, el lugar de enduro &#8220;ligero&#8221; que hay al lado de mi casa es impracticable por el barro pegajoso, y montamos a unos cuantos kil\u00f3metros, en un bosque mucho m\u00e1s &#8220;tranquilo&#8221;, pero donde el barro es &#8220;montable&#8221;.<br clear=\"none\"><br clear=\"none\"><b><u>Conclusiones y modificaciones :<\/u><\/b><\/p>\n<div><br clear=\"none\">En primer lugar, <u>la pantalla de control<\/u>.<br clear=\"none\">Es muy \u00fatil para estimar con precisi\u00f3n la bater\u00eda restante, ya que las 3 luces no son lo suficientemente relevantes, sobre todo la \u00faltima, la roja, para saber cu\u00e1nto &#8220;jugo&#8221; queda en la bater\u00eda para ajustar la asistencia y\/o la salida<u>del gatillo<\/u><\/div>\n<div>\n<p><u>El portapilas<\/u><br clear=\"none\"><br clear=\"none\">Todav\u00eda se est\u00e1 estudiando y probando. Ya tengo mi propio sistema de fijaci\u00f3n basado en los dos tornillos del portabid\u00f3n (la rasca s\u00f3lo est\u00e1 ah\u00ed para sujetar la bater\u00eda) y un gancho en la parte inferior del tubo del sill\u00edn. Tengo que a\u00f1adir un espacio para los conectores en la parte delantera y cerrarlo todo. Recib\u00ed un cable de 70 cm (repintado con plasti-dip rojo para un poco m\u00e1s de discreci\u00f3n) mucho m\u00e1s pr\u00e1ctico para conectar la pantalla a la bater\u00eda del cuadro. Tiene el tama\u00f1o justo<\/p>\n<div class=\"img-preview-wrapper\"><\/div>\n<\/div>\n<div><\/div>\n<div><u>El potenci\u00f3metro del sensor del pedal<\/u><\/div>\n<div><\/div>\n<div>Hice bien en tomarlo. Lo uso muy a menudo. Lo uso mucho. En subidas largas y poco interesantes, en carreteras asfaltadas, en los p\u00e1ramos por caminos llanos pero arenosos, etc&#8230; en fin, en todas las situaciones en las que hay que mantener el gatillo apretado durante mucho tiempo, el sensor de pedal es m\u00e1s pr\u00e1ctico.  <br clear=\"none\"><br clear=\"none\">una grasa de 20 kg, todav\u00eda tienes que traerla. Aunque sea factible (prob\u00e9 un paseo puramente muscular con el motor en su sitio y la bater\u00eda en el cuadro) sigue consumiendo energ\u00eda.<\/div>\n<div>A veces dejo el sensor del pedal activo en un valor bajo, para no agotarse demasiado r\u00e1pido.<br clear=\"none\">En las subidas m\u00e1s bonitas (con un poco de conducci\u00f3n\/t\u00e9cnica), el gatillo es mucho mejor.<br clear=\"none\"><br clear=\"none\">Para m\u00ed, los dos medios son complementarios<br clear=\"none\"><br clear=\"none\"><u>Fotos<\/u><br clear=\"none\">Una o dos fotos del animal en su entorno natural. En la configuraci\u00f3n sin mochila.<br clear=\"none\">Al no tener el portabid\u00f3n ninja pouch+ (con bolsa de sill\u00edn bajo el portabid\u00f3n) adem\u00e1s de la bolsa de sill\u00edn de 0,6L, he tenido que poner una bolsa de sill\u00edn bastante grande (tubo gordo de repuesto obliga) y buscar donde instalar el bid\u00f3n.<br clear=\"none\">La botella de agua en ese lugar no es una buena idea, cuando pongo el pie, la botella est\u00e1 peligrosamente cerca de una parte muy sensible de mi anatom\u00eda \ud83d\ude0b, y la bolsa de sill\u00edn no es genial. Todav\u00eda se necesitan algunas mejoras en esta configuraci\u00f3n Perd\u00f3n por la longitud de este correo electr\u00f3nico. Soy un hablador incorregible.<br clear=\"none\"><br clear=\"none\">Fr\u00e9d\u00e9ric<\/div>\n<\/div><\/div><span class=\"awb-triangle\"><\/span><\/blockquote><div class=\"author\"><span class=\"testimonial-thumbnail doe\"><\/span><span class=\"company-name\"><strong>Fred<\/strong><\/span><\/div><\/div><\/div><\/div><div class=\"awb-gallery-wrapper awb-gallery-wrapper-1 button-span-no\" style=\"--more-btn-alignment:center;\"><div style=\"margin:-5px;--awb-bordersize:0px;\" class=\"fusion-gallery fusion-gallery-container fusion-grid-2 fusion-columns-total-1 fusion-gallery-layout-grid fusion-gallery-1\"><div style=\"padding:5px;\" class=\"fusion-grid-column fusion-gallery-column fusion-gallery-column-2 hover-type-none\"><div class=\"fusion-gallery-image\"><a href=\"https:\/\/www.lift-mtb.com\/wp-content\/uploads\/2022\/06\/salsa-electricbike-motor-kit-scaled.jpg\" rel=\"noreferrer\" data-rel=\"iLightbox[gallery_image_1]\" class=\"fusion-lightbox\" target=\"_self\"><img decoding=\"async\" src=\"https:\/\/www.lift-mtb.com\/wp-content\/uploads\/2022\/06\/salsa-electricbike-motor-kit-scaled.jpg\" width=\"2200\" height=\"1650\" alt=\"moteur electrique lift\" title=\"salsa electricbike motor kit\" aria-label=\"salsa electricbike motor kit\" class=\"img-responsive wp-image-20652\" srcset=\"https:\/\/www.lift-mtb.com\/wp-content\/uploads\/2022\/06\/salsa-electricbike-motor-kit-200x150.jpg 200w, https:\/\/www.lift-mtb.com\/wp-content\/uploads\/2022\/06\/salsa-electricbike-motor-kit-400x300.jpg 400w, https:\/\/www.lift-mtb.com\/wp-content\/uploads\/2022\/06\/salsa-electricbike-motor-kit-600x450.jpg 600w, https:\/\/www.lift-mtb.com\/wp-content\/uploads\/2022\/06\/salsa-electricbike-motor-kit-800x600.jpg 800w, https:\/\/www.lift-mtb.com\/wp-content\/uploads\/2022\/06\/salsa-electricbike-motor-kit-1200x900.jpg 1200w, https:\/\/www.lift-mtb.com\/wp-content\/uploads\/2022\/06\/salsa-electricbike-motor-kit-scaled.jpg 2200w\" sizes=\"(min-width: 2200px) 100vw, (min-width: 732px) 685px, (min-width: 640px) 732px, \" \/><\/a><\/div><\/div><\/div><\/div><div class=\"fusion-separator fusion-full-width-sep\" style=\"align-self: center;margin-left: auto;margin-right: auto;margin-top:20px;width:100%;\"><div class=\"fusion-separator-border sep-single sep-solid\" style=\"--awb-height:20px;--awb-amount:20px;border-color:#e0dede;border-top-width:1px;\"><\/div><\/div><\/div><\/div><div class=\"fusion-layout-column fusion_builder_column fusion-builder-column-4 fusion_builder_column_1_1 1_1 fusion-flex-column\" style=\"--awb-bg-size:cover;--awb-width-large:100%;--awb-margin-top-large:0px;--awb-spacing-right-large:1.92%;--awb-margin-bottom-large:20px;--awb-spacing-left-large:1.92%;--awb-width-medium:100%;--awb-order-medium:0;--awb-spacing-right-medium:1.92%;--awb-spacing-left-medium:1.92%;--awb-width-small:100%;--awb-order-small:0;--awb-spacing-right-small:1.92%;--awb-spacing-left-small:1.92%;\"><div class=\"fusion-column-wrapper fusion-column-has-shadow fusion-flex-justify-content-flex-start fusion-content-layout-column\"><div class=\"fusion-testimonials classic awb-speech-bubble-show fusion-testimonials-4\" style=\"--awb-textcolor:#747474;--awb-backgroundcolor:#f6f6f6;--awb-testimonial-border-style:solid;--awb-testimonial-border-color:var(--awb-color3);--awb-border-top-left-radius:0px;--awb-border-top-right-radius:0px;--awb-border-bottom-left-radius:0px;--awb-border-bottom-right-radius:0px;--testimonial-border-width-top:0px;--testimonial-border-width-right:0px;--testimonial-border-width-bottom:0px;--testimonial-border-width-left:0px;\" data-random=\"0\" data-speed=\"4000\"><div class=\"reviews\"><div class=\"review active-testimonial male\"><blockquote><div class=\"awb-quote\"><div class=\"awb-quote-content\">\n<div>Hola Matthieu.<\/div>\n<div>Simplemente perfecto.<\/div>\n<div>  Peso de la bicicleta de DH 24,100 kg&#8230; \u00a1seamos tolerantes con este viejo descensor de marzo de 2006! (yeti 303 dh)<\/div>\n<div>Entonces, el ciclista que soy ha engordado mucho para un peso de 3 cifras, \u00a1a ra\u00edz de mi accidente en un bikepark!<\/div>\n<div>Dicho esto, \u00a1el kit Lift-Mtb va muy bien! En mi lugar habitual de la zona, al subir para bajar, pedale\u00e9 unas 3\/4 partes del tiempo (o m\u00e1s) en lugar de quiz\u00e1s la mitad del tiempo sin el kit.<\/div>\n<div>\u00a1Lo que motiva cuando puedes empujar los pedales a pesar de la asistencia el\u00e9ctrica!<\/div>\n<div>\u00a1Como resultado, una salida de 2,5 horas que me alegr\u00f3 de subir sin &#8220;arruinarme&#8221; una vez que llegu\u00e9 a la cima! \u00a1Y a &#8220;soltar el freno&#8221; en la bajada!<\/div>\n<div><\/div>\n<div>\u00a1Ahora s\u00f3lo tengo que volver a bajar mi peso por debajo de los 2 d\u00edgitos y recuperar la confianza en mis t\u00e9cnicas de descenso y freeride porque despu\u00e9s de mi accidente el &#8220;flip&#8221; sigue muy presente!<\/div>\n<div>4 fracturas de tibia y 1 de peron\u00e9 me han calmado. En aquel momento ten\u00eda 44 a\u00f1os, ahora 48. Llevo practicando el ciclismo de monta\u00f1a desde la adolescencia, incluyendo los \u00faltimos 15 a\u00f1os en dh y fr, \u00a1para un placer personal sin igual en los bike parks y los lugares locales!<\/div>\n<div>Deportivamente.<\/div>\n<div>Patrick<\/div>\n<div>Ps: si quieres m\u00e1s fotos h\u00e1zmelo saber?<\/div>\n<div>La \u00faltima foto es para divertirse&#8230; \u00a1Adoro a mi DH Yeti!<\/div>\n<div><\/div>\n<div><\/div>\n<div><\/div>\n<div><\/div>\n<\/div><\/div><span class=\"awb-triangle\"><\/span><\/blockquote><div class=\"author\"><span class=\"testimonial-thumbnail doe\"><\/span><span class=\"company-name\"><strong>Navidad<\/strong><\/span><\/div><\/div><\/div><\/div><div class=\"awb-gallery-wrapper awb-gallery-wrapper-2 button-span-no\"><div style=\"margin:-5px;--awb-bordersize:0px;\" class=\"fusion-gallery fusion-gallery-container fusion-grid-2 fusion-columns-total-2 fusion-gallery-layout-grid fusion-gallery-2\"><div style=\"padding:5px;\" class=\"fusion-grid-column fusion-gallery-column fusion-gallery-column-2 hover-type-none\"><div class=\"fusion-gallery-image\"><a href=\"https:\/\/www.lift-mtb.com\/wp-content\/uploads\/2022\/06\/tedi-303dh-1.jpg\" rel=\"noreferrer\" data-rel=\"iLightbox[gallery_image_2]\" class=\"fusion-lightbox\" target=\"_self\"><img decoding=\"async\" src=\"https:\/\/www.lift-mtb.com\/wp-content\/uploads\/2022\/06\/tedi-303dh-1.jpg\" width=\"1080\" height=\"511\" alt=\"yedi 303dh electric\" title=\"yedi 303dh\" aria-label=\"yedi 303dh\" class=\"img-responsive wp-image-26561\" srcset=\"https:\/\/www.lift-mtb.com\/wp-content\/uploads\/2022\/06\/tedi-303dh-1-200x95.jpg 200w, https:\/\/www.lift-mtb.com\/wp-content\/uploads\/2022\/06\/tedi-303dh-1-400x189.jpg 400w, https:\/\/www.lift-mtb.com\/wp-content\/uploads\/2022\/06\/tedi-303dh-1-600x284.jpg 600w, https:\/\/www.lift-mtb.com\/wp-content\/uploads\/2022\/06\/tedi-303dh-1-800x379.jpg 800w, https:\/\/www.lift-mtb.com\/wp-content\/uploads\/2022\/06\/tedi-303dh-1.jpg 1080w\" sizes=\"(min-width: 2200px) 100vw, (min-width: 732px) 685px, (min-width: 640px) 732px, \" \/><\/a><\/div><\/div><div class=\"clearfix\"><\/div><div style=\"padding:5px;\" class=\"fusion-grid-column fusion-gallery-column fusion-gallery-column-2 hover-type-none\"><div class=\"fusion-gallery-image\"><a href=\"https:\/\/www.lift-mtb.com\/wp-content\/uploads\/2022\/06\/sans-titre-4.png\" rel=\"noreferrer\" data-rel=\"iLightbox[gallery_image_2]\" class=\"fusion-lightbox\" target=\"_self\"><img decoding=\"async\" src=\"https:\/\/www.lift-mtb.com\/wp-content\/uploads\/2022\/06\/sans-titre-4.png\" width=\"683\" height=\"324\" alt=\"moteur electrique kit vtt electrique\" title=\"Sin t\u00edtulo (4)\" aria-label=\"Sin t\u00edtulo (4)\" class=\"img-responsive wp-image-26586\" srcset=\"https:\/\/www.lift-mtb.com\/wp-content\/uploads\/2022\/06\/sans-titre-4-200x95.png 200w, https:\/\/www.lift-mtb.com\/wp-content\/uploads\/2022\/06\/sans-titre-4-400x190.png 400w, https:\/\/www.lift-mtb.com\/wp-content\/uploads\/2022\/06\/sans-titre-4-600x285.png 600w, https:\/\/www.lift-mtb.com\/wp-content\/uploads\/2022\/06\/sans-titre-4.png 683w\" sizes=\"(min-width: 2200px) 100vw, (min-width: 732px) 685px, (min-width: 640px) 732px, \" \/><\/a><\/div><\/div><\/div><\/div><div class=\"fusion-separator fusion-full-width-sep\" style=\"align-self: center;margin-left: auto;margin-right: auto;margin-top:20px;width:100%;\"><div class=\"fusion-separator-border sep-single sep-solid\" style=\"--awb-height:20px;--awb-amount:20px;border-color:#e0dede;border-top-width:1px;\"><\/div><\/div><\/div><\/div><div class=\"fusion-layout-column fusion_builder_column fusion-builder-column-5 fusion_builder_column_1_1 1_1 fusion-flex-column\" style=\"--awb-bg-size:cover;--awb-width-large:100%;--awb-margin-top-large:0px;--awb-spacing-right-large:1.92%;--awb-margin-bottom-large:20px;--awb-spacing-left-large:1.92%;--awb-width-medium:100%;--awb-order-medium:0;--awb-spacing-right-medium:1.92%;--awb-spacing-left-medium:1.92%;--awb-width-small:100%;--awb-order-small:0;--awb-spacing-right-small:1.92%;--awb-spacing-left-small:1.92%;\"><div class=\"fusion-column-wrapper fusion-column-has-shadow fusion-flex-justify-content-flex-start fusion-content-layout-column\"><div class=\"fusion-testimonials classic awb-speech-bubble-show fusion-testimonials-5\" style=\"--awb-textcolor:#747474;--awb-backgroundcolor:#f6f6f6;--awb-testimonial-border-style:solid;--awb-testimonial-border-color:var(--awb-color3);--awb-border-top-left-radius:0px;--awb-border-top-right-radius:0px;--awb-border-bottom-left-radius:0px;--awb-border-bottom-right-radius:0px;--testimonial-border-width-top:0px;--testimonial-border-width-right:0px;--testimonial-border-width-bottom:0px;--testimonial-border-width-left:0px;\" data-random=\"0\" data-speed=\"4000\"><div class=\"reviews\"><div class=\"review active-testimonial male\"><blockquote><div class=\"awb-quote\"><div class=\"awb-quote-content\">\n<p style=\"font-weight: 400;\">Hola Matthew,<\/p>\n<p style=\"font-weight: 400;\">Me he tomado la libertad de hacer una devoluci\u00f3n despu\u00e9s de mis dos primeras salidas cortas: una muy corta anoche para cogerle el tranquillo y esta ma\u00f1ana antes del trabajo para intentar agotar la bater\u00eda.<\/p>\n<p style=\"font-weight: 400;\">En primer lugar quiero decir que estoy muy contento con el sistema, sigo teniendo mi moto y eso es muy importante y las primeras sensaciones son buenas;<\/p>\n<p style=\"font-weight: 400;\">En primer lugar, debes saber que actualmente peso 95 kilos, que no es mi peso ideal, y que no he montado en bicicleta desde hace un mes y medio, as\u00ed que estoy fuera de forma.<\/p>\n<p style=\"font-weight: 400;\">Ayer hice una prueba que me s\u00e9 de memoria para tantear el terreno con una bater\u00eda peque\u00f1a; efectivamente no se siente en absoluto, la moto sigue siendo casi la misma e incluso comprob\u00e9 que en algunas situaciones era una ventaja: peque\u00f1os saltos, curvas elevadas&#8230; Muy saludable.<\/p>\n<p style=\"font-weight: 400;\">\u00a1Esta ma\u00f1ana he llevado las dos bater\u00edas de 8,7ah a bordo &#8220;esperando&#8221; vaciar una &#8230;28 km y 715 metros d+ despu\u00e9s no he conseguido vaciar la primera.Genial!<\/p>\n<p style=\"font-weight: 400;\">  &#8230;comparo mis recorridos en strava, como haces t\u00fa en tu web, y me doy cuenta de que voy muy bien (incluso he pillado alg\u00fan KOM)<\/p>\n<p style=\"font-weight: 400;\">\u00a1Gracias por leer y estoy muy, muy contento con LIFT!<\/p>\n<\/div><\/div><span class=\"awb-triangle\"><\/span><\/blockquote><div class=\"author\"><span class=\"testimonial-thumbnail doe\"><\/span><span class=\"company-name\"><strong>Pascal<\/strong><\/span><\/div><\/div><\/div><\/div><div class=\"awb-gallery-wrapper awb-gallery-wrapper-3 button-span-no\"><div style=\"margin:-5px;--awb-bordersize:0px;\" class=\"fusion-gallery fusion-gallery-container fusion-grid-3 fusion-columns-total-3 fusion-gallery-layout-grid fusion-gallery-3\"><div style=\"padding:5px;\" class=\"fusion-grid-column fusion-gallery-column fusion-gallery-column-3 hover-type-none\"><div class=\"fusion-gallery-image\"><a href=\"https:\/\/www.lift-mtb.com\/wp-content\/uploads\/2022\/06\/norco-e-bike-lift-mtb-v3-01-1-scaled.jpg\" rel=\"noreferrer\" data-rel=\"iLightbox[gallery_image_3]\" class=\"fusion-lightbox\" target=\"_self\"><img decoding=\"async\" src=\"https:\/\/www.lift-mtb.com\/wp-content\/uploads\/2022\/06\/norco-e-bike-lift-mtb-v3-01-1-scaled.jpg\" width=\"2200\" height=\"1469\" alt=\"moteur electrique kit vtt electrique\" title=\"norco e-bike lift-mtb v3 01\" aria-label=\"norco e-bike lift-mtb v3 01\" class=\"img-responsive wp-image-26607\" srcset=\"https:\/\/www.lift-mtb.com\/wp-content\/uploads\/2022\/06\/norco-e-bike-lift-mtb-v3-01-1-200x134.jpg 200w, https:\/\/www.lift-mtb.com\/wp-content\/uploads\/2022\/06\/norco-e-bike-lift-mtb-v3-01-1-400x267.jpg 400w, https:\/\/www.lift-mtb.com\/wp-content\/uploads\/2022\/06\/norco-e-bike-lift-mtb-v3-01-1-600x401.jpg 600w, https:\/\/www.lift-mtb.com\/wp-content\/uploads\/2022\/06\/norco-e-bike-lift-mtb-v3-01-1-800x534.jpg 800w, https:\/\/www.lift-mtb.com\/wp-content\/uploads\/2022\/06\/norco-e-bike-lift-mtb-v3-01-1-1200x801.jpg 1200w, https:\/\/www.lift-mtb.com\/wp-content\/uploads\/2022\/06\/norco-e-bike-lift-mtb-v3-01-1-scaled.jpg 2200w\" sizes=\"(min-width: 2200px) 100vw, (min-width: 824px) 455px, (min-width: 732px) 683px, (min-width: 640px) 732px, \" \/><\/a><\/div><\/div><div style=\"padding:5px;\" class=\"fusion-grid-column fusion-gallery-column fusion-gallery-column-3 hover-type-none\"><div class=\"fusion-gallery-image\"><a href=\"https:\/\/www.lift-mtb.com\/wp-content\/uploads\/2022\/06\/norco-e-bike-lift-mtb-v3-11-1-scaled.jpg\" rel=\"noreferrer\" data-rel=\"iLightbox[gallery_image_3]\" class=\"fusion-lightbox\" target=\"_self\"><img decoding=\"async\" src=\"https:\/\/www.lift-mtb.com\/wp-content\/uploads\/2022\/06\/norco-e-bike-lift-mtb-v3-11-1-scaled.jpg\" width=\"2200\" height=\"1469\" alt=\"moteur electrique kit vtt electrique\" title=\"norco e-bike lift-mtb v3 11\" aria-label=\"norco e-bike lift-mtb v3 11\" class=\"img-responsive wp-image-26602\" srcset=\"https:\/\/www.lift-mtb.com\/wp-content\/uploads\/2022\/06\/norco-e-bike-lift-mtb-v3-11-1-200x134.jpg 200w, https:\/\/www.lift-mtb.com\/wp-content\/uploads\/2022\/06\/norco-e-bike-lift-mtb-v3-11-1-400x267.jpg 400w, https:\/\/www.lift-mtb.com\/wp-content\/uploads\/2022\/06\/norco-e-bike-lift-mtb-v3-11-1-600x401.jpg 600w, https:\/\/www.lift-mtb.com\/wp-content\/uploads\/2022\/06\/norco-e-bike-lift-mtb-v3-11-1-800x534.jpg 800w, https:\/\/www.lift-mtb.com\/wp-content\/uploads\/2022\/06\/norco-e-bike-lift-mtb-v3-11-1-1200x801.jpg 1200w, https:\/\/www.lift-mtb.com\/wp-content\/uploads\/2022\/06\/norco-e-bike-lift-mtb-v3-11-1-scaled.jpg 2200w\" sizes=\"(min-width: 2200px) 100vw, (min-width: 824px) 455px, (min-width: 732px) 683px, (min-width: 640px) 732px, \" \/><\/a><\/div><\/div><div style=\"padding:5px;\" class=\"fusion-grid-column fusion-gallery-column fusion-gallery-column-3 hover-type-none\"><div class=\"fusion-gallery-image\"><a href=\"https:\/\/www.lift-mtb.com\/wp-content\/uploads\/2022\/06\/norco-e-bike-lift-mtb-v3-17-2-scaled.jpg\" rel=\"noreferrer\" data-rel=\"iLightbox[gallery_image_3]\" class=\"fusion-lightbox\" target=\"_self\"><img decoding=\"async\" src=\"https:\/\/www.lift-mtb.com\/wp-content\/uploads\/2022\/06\/norco-e-bike-lift-mtb-v3-17-2-scaled.jpg\" width=\"2200\" height=\"1469\" alt=\"moteur electrique kit vtt electrique\" title=\"norco e-bike lift-mtb v3 17\" aria-label=\"norco e-bike lift-mtb v3 17\" class=\"img-responsive wp-image-26597\" srcset=\"https:\/\/www.lift-mtb.com\/wp-content\/uploads\/2022\/06\/norco-e-bike-lift-mtb-v3-17-2-200x134.jpg 200w, https:\/\/www.lift-mtb.com\/wp-content\/uploads\/2022\/06\/norco-e-bike-lift-mtb-v3-17-2-400x267.jpg 400w, https:\/\/www.lift-mtb.com\/wp-content\/uploads\/2022\/06\/norco-e-bike-lift-mtb-v3-17-2-600x401.jpg 600w, https:\/\/www.lift-mtb.com\/wp-content\/uploads\/2022\/06\/norco-e-bike-lift-mtb-v3-17-2-800x534.jpg 800w, https:\/\/www.lift-mtb.com\/wp-content\/uploads\/2022\/06\/norco-e-bike-lift-mtb-v3-17-2-1200x801.jpg 1200w, https:\/\/www.lift-mtb.com\/wp-content\/uploads\/2022\/06\/norco-e-bike-lift-mtb-v3-17-2-scaled.jpg 2200w\" sizes=\"(min-width: 2200px) 100vw, (min-width: 824px) 455px, (min-width: 732px) 683px, (min-width: 640px) 732px, \" \/><\/a><\/div><\/div><div class=\"clearfix\"><\/div><\/div><\/div><div class=\"fusion-separator fusion-full-width-sep\" style=\"align-self: center;margin-left: auto;margin-right: auto;margin-top:20px;width:100%;\"><div class=\"fusion-separator-border sep-single sep-solid\" style=\"--awb-height:20px;--awb-amount:20px;border-color:#e0dede;border-top-width:1px;\"><\/div><\/div><\/div><\/div><div class=\"fusion-layout-column fusion_builder_column fusion-builder-column-6 fusion_builder_column_1_1 1_1 fusion-flex-column\" style=\"--awb-bg-size:cover;--awb-width-large:100%;--awb-margin-top-large:0px;--awb-spacing-right-large:1.92%;--awb-margin-bottom-large:20px;--awb-spacing-left-large:1.92%;--awb-width-medium:100%;--awb-order-medium:0;--awb-spacing-right-medium:1.92%;--awb-spacing-left-medium:1.92%;--awb-width-small:100%;--awb-order-small:0;--awb-spacing-right-small:1.92%;--awb-spacing-left-small:1.92%;\"><div class=\"fusion-column-wrapper fusion-column-has-shadow fusion-flex-justify-content-flex-start fusion-content-layout-column\"><div class=\"fusion-testimonials classic awb-speech-bubble-show fusion-testimonials-6\" style=\"--awb-textcolor:#747474;--awb-backgroundcolor:#f6f6f6;--awb-testimonial-border-style:solid;--awb-testimonial-border-color:var(--awb-color3);--awb-border-top-left-radius:0px;--awb-border-top-right-radius:0px;--awb-border-bottom-left-radius:0px;--awb-border-bottom-right-radius:0px;--testimonial-border-width-top:0px;--testimonial-border-width-right:0px;--testimonial-border-width-bottom:0px;--testimonial-border-width-left:0px;\" data-random=\"0\" data-speed=\"4000\"><div class=\"reviews\"><div class=\"review active-testimonial male\"><blockquote><div class=\"awb-quote\"><div class=\"awb-quote-content\">\n<p>Hola,<\/p>\n<p>Algunas noticias tras tres d\u00edas de incursi\u00f3n con amigos en el Macizo Central y m\u00e1s concretamente en las Combrailles (al noroeste de<br \/>\nClermont-Ferrand).<br \/>\nEl terreno estaba bastante mojado e incluso empapado en algunos puntos, pero tuvimos toda la suerte posible: unas pocas gotas de lluvia al final, por lo dem\u00e1s, un sol y un calor estupendos.<br \/>\nEl objetivo para m\u00ed era acompa\u00f1ar a mis amigos que est\u00e1n mucho mejor entrenados que yo, pero aqu\u00ed ten\u00eda mi propio entrenador personal: LIFT-MTB.<br \/>\nNo oculto el hecho de que ten\u00eda miedo de ser un poco corto&#8230; Adem\u00e1s, nos prestaron una bicicleta de monta\u00f1a AE para probarla (una SUNN Finest),<br \/>\n\u00a1En resumen, me sent\u00eda confiado despu\u00e9s de las primeras pruebas en los alrededores de mi casa, s\u00f3lo ten\u00eda un temor sobre la autonom\u00eda porque hab\u00edan previsto 65 kms con 1850 m de D+ para empezar!<\/p>\n<p>Pues todo ha ido muy bien, la bater\u00eda de 11,6Ah ha aguantado los 70 kms con 1800 m de D+ sin inmutarse y le quedaba un 25% aproximadamente.<br \/>\nSin embargo, hab\u00eda utilizado el motor en todas las subidas y bajadas empinadas para salvar mis m\u00fasculos.<br \/>\nY las colinas eran salvajes, se fueron al 25% &#8230; Pas\u00e9 por todas partes, incluso en los largos falsos pisos de barro donde todos pusieron el pie en el suelo.<br \/>\n\u00a1tierra!<\/p>\n<p>Yo digo Bravo y Gracias. Los enga\u00f1amos a\u00fan m\u00e1s, ya que el SUNN abandon\u00f3 a los 54 kms en el mismo circuito.<br \/>\nPara el uso que quer\u00eda darle, es una verdadera ayuda en las malas cuestas y para poder pedalear muscularmente en las cuestas y falsos llanos no muy empinados y al final hacer los mismos circuitos que<br \/>\nlos compa\u00f1eros s\u00faper entrenados sin ser enjuagados con calambres al final.<br \/>\nAl d\u00eda siguiente hicimos 50 kms con 1400 m de D+ sin problemas.<br \/>\nLuego tuvimos otros 70 kms con 1600 m de D+ y ah\u00ed quise<br \/>\njugar para ver hasta d\u00f3nde llegaba&#8230; s\u00ed, soy un jugador.<br \/>\nEmpuj\u00e9 a un compa\u00f1ero en una colina muy desagradable que tambi\u00e9n tuve que usar<br \/>\nel motor a bajas revoluciones, tambi\u00e9n me hice el tonto y esprint\u00e9<br \/>\ncon dos desvanecimientos en el mayor desarrollo con motor en un extremo<br \/>\nde falsa &#8230; terminamos a los 35 kms y hay uno que logr\u00f3 retenerme<br \/>\n\u00a1pero se ha volado durante los siguientes 10 km!<br \/>\nAl final sent\u00ed que la potencia bajaba y que ten\u00eda que apretar un poco m\u00e1s los pedales en las \u00faltimas y desagradables espaldas.<br \/>\nSe supon\u00eda que me quedaba un 10-15%, pero puedes sentir claramente que est\u00e1s en la mitad de la carrera.<br \/>\nen la reserva, realmente hay que llegar al fondo del gatillo en los \u00faltimos mm.<br \/>\nAqu\u00ed est\u00e1n los resultados de mis pruebas en vivo en un terreno muy exigente. sus gr\u00e1ficos de bater\u00edas son, por tanto, muy realistas para<br \/>\ndimensionar la bater\u00eda en funci\u00f3n de sus necesidades.<\/p>\n<p>Por lo dem\u00e1s, pas\u00e9 bastantes veces en vados altos o bajos, una de ellas al l\u00edmite, pero hab\u00eda cortado el motor.<br \/>\nEl sistema no es herm\u00e9tico, pero parece estar suficientemente protegido para ser regado de vez en cuando.<br \/>\nTerminar\u00e9 mi informe diciendo una vez m\u00e1s BRAVO por haber podido finalizar su sistema.<\/p>\n<p>Deportivamente,<\/p>\n<\/div><\/div><span class=\"awb-triangle\"><\/span><\/blockquote><div class=\"author\"><span class=\"testimonial-thumbnail doe\"><\/span><span class=\"company-name\"><strong>??<\/strong><\/span><\/div><\/div><\/div><\/div><div class=\"awb-gallery-wrapper awb-gallery-wrapper-4 button-span-no\"><div style=\"margin:-5px;--awb-bordersize:0px;\" class=\"fusion-gallery fusion-gallery-container fusion-grid-3 fusion-columns-total-3 fusion-gallery-layout-grid fusion-gallery-4\"><div style=\"padding:5px;\" class=\"fusion-grid-column fusion-gallery-column fusion-gallery-column-3 hover-type-none\"><div class=\"fusion-gallery-image\"><a href=\"https:\/\/www.lift-mtb.com\/wp-content\/uploads\/2022\/06\/vtt-electrique-sunn-1-sur-1-1-scaled.jpg\" rel=\"noreferrer\" data-rel=\"iLightbox[gallery_image_4]\" class=\"fusion-lightbox\" target=\"_self\"><img decoding=\"async\" src=\"https:\/\/www.lift-mtb.com\/wp-content\/uploads\/2022\/06\/vtt-electrique-sunn-1-sur-1-1-scaled.jpg\" width=\"2200\" height=\"1457\" alt=\"moteur electrique kit vtt electrique\" title=\"bicicleta el\u00e9ctrica de monta\u00f1a sunn (1 de 1)\" aria-label=\"bicicleta el\u00e9ctrica de monta\u00f1a sunn (1 de 1)\" class=\"img-responsive wp-image-26622\" srcset=\"https:\/\/www.lift-mtb.com\/wp-content\/uploads\/2022\/06\/vtt-electrique-sunn-1-sur-1-1-200x132.jpg 200w, https:\/\/www.lift-mtb.com\/wp-content\/uploads\/2022\/06\/vtt-electrique-sunn-1-sur-1-1-400x265.jpg 400w, https:\/\/www.lift-mtb.com\/wp-content\/uploads\/2022\/06\/vtt-electrique-sunn-1-sur-1-1-600x397.jpg 600w, https:\/\/www.lift-mtb.com\/wp-content\/uploads\/2022\/06\/vtt-electrique-sunn-1-sur-1-1-800x530.jpg 800w, https:\/\/www.lift-mtb.com\/wp-content\/uploads\/2022\/06\/vtt-electrique-sunn-1-sur-1-1-1200x795.jpg 1200w, https:\/\/www.lift-mtb.com\/wp-content\/uploads\/2022\/06\/vtt-electrique-sunn-1-sur-1-1-scaled.jpg 2200w\" sizes=\"(min-width: 2200px) 100vw, (min-width: 824px) 455px, (min-width: 732px) 683px, (min-width: 640px) 732px, \" \/><\/a><\/div><\/div><div style=\"padding:5px;\" class=\"fusion-grid-column fusion-gallery-column fusion-gallery-column-3 hover-type-none\"><div class=\"fusion-gallery-image\"><a href=\"https:\/\/www.lift-mtb.com\/wp-content\/uploads\/2022\/06\/kit-vtt-electrique-sunn-1-sur-1-1-scaled.jpg\" rel=\"noreferrer\" data-rel=\"iLightbox[gallery_image_4]\" class=\"fusion-lightbox\" target=\"_self\"><img decoding=\"async\" src=\"https:\/\/www.lift-mtb.com\/wp-content\/uploads\/2022\/06\/kit-vtt-electrique-sunn-1-sur-1-1-scaled.jpg\" width=\"2200\" height=\"1457\" alt=\"moteur electrique kit vtt electrique\" title=\"kit de bicicleta de monta\u00f1a el\u00e9ctrica sunn (1 de 1)\" aria-label=\"kit de bicicleta de monta\u00f1a el\u00e9ctrica sunn (1 de 1)\" class=\"img-responsive wp-image-26612\" srcset=\"https:\/\/www.lift-mtb.com\/wp-content\/uploads\/2022\/06\/kit-vtt-electrique-sunn-1-sur-1-1-200x132.jpg 200w, https:\/\/www.lift-mtb.com\/wp-content\/uploads\/2022\/06\/kit-vtt-electrique-sunn-1-sur-1-1-400x265.jpg 400w, https:\/\/www.lift-mtb.com\/wp-content\/uploads\/2022\/06\/kit-vtt-electrique-sunn-1-sur-1-1-600x397.jpg 600w, https:\/\/www.lift-mtb.com\/wp-content\/uploads\/2022\/06\/kit-vtt-electrique-sunn-1-sur-1-1-800x530.jpg 800w, https:\/\/www.lift-mtb.com\/wp-content\/uploads\/2022\/06\/kit-vtt-electrique-sunn-1-sur-1-1-1200x795.jpg 1200w, https:\/\/www.lift-mtb.com\/wp-content\/uploads\/2022\/06\/kit-vtt-electrique-sunn-1-sur-1-1-scaled.jpg 2200w\" sizes=\"(min-width: 2200px) 100vw, (min-width: 824px) 455px, (min-width: 732px) 683px, (min-width: 640px) 732px, \" \/><\/a><\/div><\/div><div style=\"padding:5px;\" class=\"fusion-grid-column fusion-gallery-column fusion-gallery-column-3 hover-type-none\"><div class=\"fusion-gallery-image\"><a href=\"https:\/\/www.lift-mtb.com\/wp-content\/uploads\/2022\/06\/sunn-e-bike-1-sur-1-scaled.jpg\" rel=\"noreferrer\" data-rel=\"iLightbox[gallery_image_4]\" class=\"fusion-lightbox\" target=\"_self\"><img decoding=\"async\" src=\"https:\/\/www.lift-mtb.com\/wp-content\/uploads\/2022\/06\/sunn-e-bike-1-sur-1-scaled.jpg\" width=\"2200\" height=\"1457\" alt=\"moteur electrique kit vtt electrique\" title=\"sunn e-bike (1 de 1)\" aria-label=\"sunn e-bike (1 de 1)\" class=\"img-responsive wp-image-26617\" srcset=\"https:\/\/www.lift-mtb.com\/wp-content\/uploads\/2022\/06\/sunn-e-bike-1-sur-1-200x132.jpg 200w, https:\/\/www.lift-mtb.com\/wp-content\/uploads\/2022\/06\/sunn-e-bike-1-sur-1-400x265.jpg 400w, https:\/\/www.lift-mtb.com\/wp-content\/uploads\/2022\/06\/sunn-e-bike-1-sur-1-600x397.jpg 600w, https:\/\/www.lift-mtb.com\/wp-content\/uploads\/2022\/06\/sunn-e-bike-1-sur-1-800x530.jpg 800w, https:\/\/www.lift-mtb.com\/wp-content\/uploads\/2022\/06\/sunn-e-bike-1-sur-1-1200x795.jpg 1200w, https:\/\/www.lift-mtb.com\/wp-content\/uploads\/2022\/06\/sunn-e-bike-1-sur-1-scaled.jpg 2200w\" sizes=\"(min-width: 2200px) 100vw, (min-width: 824px) 455px, (min-width: 732px) 683px, (min-width: 640px) 732px, \" \/><\/a><\/div><\/div><div class=\"clearfix\"><\/div><\/div><\/div><div class=\"fusion-separator fusion-full-width-sep\" style=\"align-self: center;margin-left: auto;margin-right: auto;width:100%;\"><div class=\"fusion-separator-border sep-single sep-solid\" style=\"--awb-height:20px;--awb-amount:20px;border-color:#e0dede;border-top-width:1px;\"><\/div><\/div><\/div><\/div><div class=\"fusion-layout-column fusion_builder_column fusion-builder-column-7 fusion_builder_column_1_1 1_1 fusion-flex-column\" style=\"--awb-bg-size:cover;--awb-width-large:100%;--awb-margin-top-large:0px;--awb-spacing-right-large:1.92%;--awb-margin-bottom-large:20px;--awb-spacing-left-large:1.92%;--awb-width-medium:100%;--awb-order-medium:0;--awb-spacing-right-medium:1.92%;--awb-spacing-left-medium:1.92%;--awb-width-small:100%;--awb-order-small:0;--awb-spacing-right-small:1.92%;--awb-spacing-left-small:1.92%;\"><div class=\"fusion-column-wrapper fusion-column-has-shadow fusion-flex-justify-content-flex-start fusion-content-layout-column\"><div class=\"fusion-testimonials classic awb-speech-bubble-show fusion-testimonials-7\" style=\"--awb-textcolor:#747474;--awb-backgroundcolor:#f6f6f6;--awb-testimonial-border-style:solid;--awb-testimonial-border-color:var(--awb-color3);--awb-border-top-left-radius:0px;--awb-border-top-right-radius:0px;--awb-border-bottom-left-radius:0px;--awb-border-bottom-right-radius:0px;--testimonial-border-width-top:0px;--testimonial-border-width-right:0px;--testimonial-border-width-bottom:0px;--testimonial-border-width-left:0px;\" data-random=\"0\" data-speed=\"4000\"><div class=\"reviews\"><div class=\"review active-testimonial male\"><blockquote><div class=\"awb-quote\"><div class=\"awb-quote-content\">\n<p>Hola,<\/p>\n<p>Te doy un poco de informaci\u00f3n despu\u00e9s de recibir el material.<\/p>\n<div>Al principio me cost\u00f3 un poco la presentaci\u00f3n del motor, pero luego todo fue muy r\u00e1pido, incluso la alineaci\u00f3n del plato con los pi\u00f1ones fue sin problemas.<\/div>\n<div>No se han encontrado problemas, un apriete, pero realmente nada. He recorrido m\u00e1s de un centenar de kil\u00f3metros y nunca he bajado del 50% del nivel de la bater\u00eda al mismo tiempo que no he hecho un bucle de m\u00e1s de 30 km, as\u00ed que ahora estoy ansioso por conocer las posibilidades en t\u00e9rminos de autonom\u00eda.<\/div>\n<div>En cuanto a la velocidad, es muy honrada y si se aprieta un poco, el motor ya no se solicita, creo que es genial: 35 km\/h y 39 km\/h si se aprietan los pedales a fondo.<\/div>\n<div>El motor no se calienta demasiado, tengo un consumo en Ah de 5Ah a 8Ah que es bastante correcto seg\u00fan la estad\u00edstica y que se corresponde bien con el diagrama de consumo.<\/div>\n<div>Mi tipo de parque infantil es el sendero del sotobosque y la senda costera.<\/div>\n<div>En resumen, una bomba que me encanta, \u00a1es incre\u00edble!<\/div>\n<\/div><\/div><span class=\"awb-triangle\"><\/span><\/blockquote><div class=\"author\"><span class=\"testimonial-thumbnail doe\"><\/span><span class=\"company-name\"><strong>??<\/strong><\/span><\/div><\/div><\/div><\/div><div class=\"fusion-separator fusion-full-width-sep\" style=\"align-self: center;margin-left: auto;margin-right: auto;width:100%;\"><div class=\"fusion-separator-border sep-single sep-solid\" style=\"--awb-height:20px;--awb-amount:20px;border-color:#e0dede;border-top-width:1px;\"><\/div><\/div><\/div><\/div><div class=\"fusion-layout-column fusion_builder_column fusion-builder-column-8 fusion_builder_column_1_1 1_1 fusion-flex-column\" style=\"--awb-bg-size:cover;--awb-width-large:100%;--awb-margin-top-large:0px;--awb-spacing-right-large:1.92%;--awb-margin-bottom-large:20px;--awb-spacing-left-large:1.92%;--awb-width-medium:100%;--awb-order-medium:0;--awb-spacing-right-medium:1.92%;--awb-spacing-left-medium:1.92%;--awb-width-small:100%;--awb-order-small:0;--awb-spacing-right-small:1.92%;--awb-spacing-left-small:1.92%;\"><div class=\"fusion-column-wrapper fusion-column-has-shadow fusion-flex-justify-content-flex-start fusion-content-layout-column\"><div class=\"fusion-testimonials classic awb-speech-bubble-show fusion-testimonials-8\" style=\"--awb-textcolor:#747474;--awb-backgroundcolor:#f6f6f6;--awb-testimonial-border-style:solid;--awb-testimonial-border-color:var(--awb-color3);--awb-border-top-left-radius:0px;--awb-border-top-right-radius:0px;--awb-border-bottom-left-radius:0px;--awb-border-bottom-right-radius:0px;--testimonial-border-width-top:0px;--testimonial-border-width-right:0px;--testimonial-border-width-bottom:0px;--testimonial-border-width-left:0px;\" data-random=\"0\" data-speed=\"4000\"><div class=\"reviews\"><div class=\"review active-testimonial male\"><blockquote><div class=\"awb-quote\"><div class=\"awb-quote-content\">\n<p>Hola<\/p>\n<p>Ya son m\u00e1s de 3 a\u00f1os sin tomarlo con calma en una bici trance x4 gigante. Sin mantenimiento especial.<\/p>\n<p>Cambio los casetes traseros y las cadenas pero nada en el motor.<\/p>\n<p>Gracias a ti. Yo monto en bicicleta de monta\u00f1a y en bicicleta de carretera. La bicicleta de monta\u00f1a con bicicletas de m\u00e1s de 5000\u20ac y todos est\u00e1n sorprendidos por la potencia y la autonom\u00eda. Sin esfuerzo al pedalear.<\/p>\n<p>Con el acelerador de pulgar, puedes superar los obst\u00e1culos rocosos m\u00e1s f\u00e1cilmente sin tener que pedalear y colgar los pedales.<\/p>\n<p>As\u00ed es su publicidad.<\/p>\n<p>No hay problema en que se pruebe el kit y se vea.<\/p>\n<\/div><\/div><span class=\"awb-triangle\"><\/span><\/blockquote><div class=\"author\"><span class=\"testimonial-thumbnail doe\"><\/span><span class=\"company-name\"><strong>Pascal<\/strong><\/span><\/div><\/div><\/div><\/div><div class=\"fusion-separator fusion-full-width-sep\" style=\"align-self: center;margin-left: auto;margin-right: auto;width:100%;\"><div class=\"fusion-separator-border sep-single sep-solid\" style=\"--awb-height:20px;--awb-amount:20px;border-color:#e0dede;border-top-width:1px;\"><\/div><\/div><\/div><\/div><div class=\"fusion-layout-column fusion_builder_column fusion-builder-column-9 fusion_builder_column_1_1 1_1 fusion-flex-column\" style=\"--awb-bg-size:cover;--awb-width-large:100%;--awb-margin-top-large:0px;--awb-spacing-right-large:1.92%;--awb-margin-bottom-large:20px;--awb-spacing-left-large:1.92%;--awb-width-medium:100%;--awb-order-medium:0;--awb-spacing-right-medium:1.92%;--awb-spacing-left-medium:1.92%;--awb-width-small:100%;--awb-order-small:0;--awb-spacing-right-small:1.92%;--awb-spacing-left-small:1.92%;\"><div class=\"fusion-column-wrapper fusion-column-has-shadow fusion-flex-justify-content-flex-start fusion-content-layout-column\"><div class=\"fusion-testimonials classic awb-speech-bubble-show fusion-testimonials-9\" style=\"--awb-textcolor:#747474;--awb-backgroundcolor:#f6f6f6;--awb-testimonial-border-style:solid;--awb-testimonial-border-color:var(--awb-color3);--awb-border-top-left-radius:0px;--awb-border-top-right-radius:0px;--awb-border-bottom-left-radius:0px;--awb-border-bottom-right-radius:0px;--testimonial-border-width-top:0px;--testimonial-border-width-right:0px;--testimonial-border-width-bottom:0px;--testimonial-border-width-left:0px;\" data-random=\"0\" data-speed=\"4000\"><div class=\"reviews\"><div class=\"review active-testimonial male\"><blockquote><div class=\"awb-quote\"><div class=\"awb-quote-content\">\n<p>Hola<\/p>\n<p>Ya son m\u00e1s de 3 a\u00f1os sin tomarlo con calma en una bici trance x4 gigante. Sin mantenimiento especial.<\/p>\n<p>Cambio los casetes traseros y las cadenas pero nada en el motor.<\/p>\n<p>Gracias a ti. Yo monto en bicicleta de monta\u00f1a y en bicicleta de carretera. La bicicleta de monta\u00f1a con bicicletas de m\u00e1s de 5000\u20ac y todos est\u00e1n sorprendidos por la potencia y la autonom\u00eda. Sin esfuerzo al pedalear.<\/p>\n<p>Con el acelerador de pulgar, puedes superar los obst\u00e1culos rocosos m\u00e1s f\u00e1cilmente sin tener que pedalear y colgar los pedales.<\/p>\n<p>As\u00ed es su publicidad.<\/p>\n<p>No hay problema en que se pruebe el kit y se vea.<\/p>\n<\/div><\/div><span class=\"awb-triangle\"><\/span><\/blockquote><div class=\"author\"><span class=\"testimonial-thumbnail doe\"><\/span><span class=\"company-name\"><strong>Pascal<\/strong><\/span><\/div><\/div><\/div><\/div><div class=\"fusion-separator fusion-full-width-sep\" style=\"align-self: center;margin-left: auto;margin-right: auto;width:100%;\"><div class=\"fusion-separator-border sep-single sep-solid\" style=\"--awb-height:20px;--awb-amount:20px;border-color:#e0dede;border-top-width:1px;\"><\/div><\/div><\/div><\/div><div class=\"fusion-layout-column fusion_builder_column fusion-builder-column-10 fusion_builder_column_1_1 1_1 fusion-flex-column\" style=\"--awb-bg-size:cover;--awb-width-large:100%;--awb-margin-top-large:0px;--awb-spacing-right-large:1.92%;--awb-margin-bottom-large:20px;--awb-spacing-left-large:1.92%;--awb-width-medium:100%;--awb-order-medium:0;--awb-spacing-right-medium:1.92%;--awb-spacing-left-medium:1.92%;--awb-width-small:100%;--awb-order-small:0;--awb-spacing-right-small:1.92%;--awb-spacing-left-small:1.92%;\"><div class=\"fusion-column-wrapper fusion-column-has-shadow fusion-flex-justify-content-flex-start fusion-content-layout-column\"><div class=\"fusion-testimonials classic awb-speech-bubble-show fusion-testimonials-10\" style=\"--awb-textcolor:#747474;--awb-backgroundcolor:#f6f6f6;--awb-testimonial-border-style:solid;--awb-testimonial-border-color:var(--awb-color3);--awb-border-top-left-radius:0px;--awb-border-top-right-radius:0px;--awb-border-bottom-left-radius:0px;--awb-border-bottom-right-radius:0px;--testimonial-border-width-top:0px;--testimonial-border-width-right:0px;--testimonial-border-width-bottom:0px;--testimonial-border-width-left:0px;\" data-random=\"0\" data-speed=\"4000\"><div class=\"reviews\"><div class=\"review active-testimonial male\"><blockquote><div class=\"awb-quote\"><div class=\"awb-quote-content\">\n<p style=\"font-weight: 400;\">Buenas noches Matthieu<\/p>\n<p style=\"font-weight: 400;\">Adjunto algunas fotos del montaje del kit en mi moto.<\/p>\n<p style=\"font-weight: 400;\">Me llev\u00f3 un tiempo, pero quer\u00eda hacerlo bien.<\/p>\n<p style=\"font-weight: 400;\">Mantuve el desviador y el mando en el manillar, pod\u00eda poner el acelerador a la izquierda sin que el mando del desviador estorbara, y mont\u00e9 la parte que se enrosca en el gatillo, es m\u00e1s pr\u00e1ctico en mi opini\u00f3n&#8230; Lo prob\u00e9 en una subida, funciona, la bater\u00eda no se siente en la mochila&#8230;.<\/p>\n<p style=\"font-weight: 400;\">Puedes pedalear tranquilamente sin asistencia al subir, y tambi\u00e9n no pedalear al acelerar, genial&#8230;la bici de monta\u00f1a es un poco m\u00e1s pesada pero se lleva bien, es mejor que una bici de monta\u00f1a el\u00e9ctrica comercial que pesa demasiado&#8230;Podr\u00e9 ir en lugares id\u00e9nticos a los que estoy acostumbrado a hacer, donde a veces hay portes cortos o largos&#8230; Tengo adem\u00e1s un sistema de portes que debe poder ponerse todav\u00eda (PeakRider), que no debe obstruir y el centro de gravedad no tuvo que evolucionar con este montaje<\/p>\n<p style=\"font-weight: 400;\">Eso es todo en cuanto a informaci\u00f3n.<\/p>\n<p style=\"font-weight: 400;\">Buenas noches y gracias por este bonito kit<\/p>\n<p style=\"font-weight: 400;\"><img decoding=\"async\" class=\" wp-image-26233 alignleft\" src=\"http:\/\/lift-mtb.com\/wp-content\/uploads\/2022\/06\/vtt-lapierre-avec-kit-electrique.jpeg\" alt=\"\" width=\"490\" height=\"368\" srcset=\"https:\/\/www.lift-mtb.com\/wp-content\/uploads\/2022\/06\/vtt-lapierre-avec-kit-electrique-200x150.jpeg 200w, https:\/\/www.lift-mtb.com\/wp-content\/uploads\/2022\/06\/vtt-lapierre-avec-kit-electrique-300x225.jpeg 300w, https:\/\/www.lift-mtb.com\/wp-content\/uploads\/2022\/06\/vtt-lapierre-avec-kit-electrique-400x300.jpeg 400w, https:\/\/www.lift-mtb.com\/wp-content\/uploads\/2022\/06\/vtt-lapierre-avec-kit-electrique-500x375.jpeg 500w, https:\/\/www.lift-mtb.com\/wp-content\/uploads\/2022\/06\/vtt-lapierre-avec-kit-electrique-600x450.jpeg 600w, https:\/\/www.lift-mtb.com\/wp-content\/uploads\/2022\/06\/vtt-lapierre-avec-kit-electrique-700x525.jpeg 700w, https:\/\/www.lift-mtb.com\/wp-content\/uploads\/2022\/06\/vtt-lapierre-avec-kit-electrique-768x576.jpeg 768w, https:\/\/www.lift-mtb.com\/wp-content\/uploads\/2022\/06\/vtt-lapierre-avec-kit-electrique-800x600.jpeg 800w, https:\/\/www.lift-mtb.com\/wp-content\/uploads\/2022\/06\/vtt-lapierre-avec-kit-electrique.jpeg 910w\" sizes=\"(max-width: 490px) 100vw, 490px\" \/><\/p>\n<\/div><\/div><span class=\"awb-triangle\"><\/span><\/blockquote><div class=\"author\"><span class=\"testimonial-thumbnail doe\"><\/span><span class=\"company-name\"><strong>Pierre<\/strong><\/span><\/div><\/div><\/div><\/div><div class=\"fusion-separator fusion-full-width-sep\" style=\"align-self: center;margin-left: auto;margin-right: auto;width:100%;\"><div class=\"fusion-separator-border sep-single sep-solid\" style=\"--awb-height:20px;--awb-amount:20px;border-color:#e0dede;border-top-width:1px;\"><\/div><\/div><\/div><\/div><div class=\"fusion-layout-column fusion_builder_column fusion-builder-column-11 fusion_builder_column_1_1 1_1 fusion-flex-column\" style=\"--awb-bg-size:cover;--awb-width-large:100%;--awb-margin-top-large:0px;--awb-spacing-right-large:1.92%;--awb-margin-bottom-large:20px;--awb-spacing-left-large:1.92%;--awb-width-medium:100%;--awb-order-medium:0;--awb-spacing-right-medium:1.92%;--awb-spacing-left-medium:1.92%;--awb-width-small:100%;--awb-order-small:0;--awb-spacing-right-small:1.92%;--awb-spacing-left-small:1.92%;\"><div class=\"fusion-column-wrapper fusion-column-has-shadow fusion-flex-justify-content-flex-start fusion-content-layout-column\"><div class=\"fusion-testimonials classic awb-speech-bubble-show fusion-testimonials-11\" style=\"--awb-textcolor:#747474;--awb-backgroundcolor:#f6f6f6;--awb-testimonial-border-style:solid;--awb-testimonial-border-color:var(--awb-color3);--awb-border-top-left-radius:0px;--awb-border-top-right-radius:0px;--awb-border-bottom-left-radius:0px;--awb-border-bottom-right-radius:0px;--testimonial-border-width-top:0px;--testimonial-border-width-right:0px;--testimonial-border-width-bottom:0px;--testimonial-border-width-left:0px;\" data-random=\"0\" data-speed=\"4000\"><div class=\"reviews\"><div class=\"review active-testimonial male\"><blockquote><div class=\"awb-quote\"><div class=\"awb-quote-content\">\n<p>Su motor ha ridiculizado hoy a una Lapierre, a una Haibike y a una especizializada de m\u00e1s de 40 kms.<\/p>\n<p><img decoding=\"async\" class=\" wp-image-26238 alignleft\" src=\"http:\/\/lift-mtb.com\/wp-content\/uploads\/2022\/06\/avis-lift-v2-intense-tracer-576x1024.png\" alt=\"\" width=\"239\" height=\"425\" srcset=\"https:\/\/www.lift-mtb.com\/wp-content\/uploads\/2022\/06\/avis-lift-v2-intense-tracer-169x300.png 169w, https:\/\/www.lift-mtb.com\/wp-content\/uploads\/2022\/06\/avis-lift-v2-intense-tracer-200x355.png 200w, https:\/\/www.lift-mtb.com\/wp-content\/uploads\/2022\/06\/avis-lift-v2-intense-tracer-400x711.png 400w, https:\/\/www.lift-mtb.com\/wp-content\/uploads\/2022\/06\/avis-lift-v2-intense-tracer-500x889.png 500w, https:\/\/www.lift-mtb.com\/wp-content\/uploads\/2022\/06\/avis-lift-v2-intense-tracer-576x1024.png 576w, https:\/\/www.lift-mtb.com\/wp-content\/uploads\/2022\/06\/avis-lift-v2-intense-tracer-600x1066.png 600w, https:\/\/www.lift-mtb.com\/wp-content\/uploads\/2022\/06\/avis-lift-v2-intense-tracer-700x1244.png 700w, https:\/\/www.lift-mtb.com\/wp-content\/uploads\/2022\/06\/avis-lift-v2-intense-tracer.png 718w\" sizes=\"(max-width: 239px) 100vw, 239px\" \/><\/p>\n<\/div><\/div><span class=\"awb-triangle\"><\/span><\/blockquote><div class=\"author\"><span class=\"testimonial-thumbnail doe\"><\/span><span class=\"company-name\"><strong>Bruno<\/strong><\/span><\/div><\/div><\/div><\/div><div class=\"fusion-separator fusion-full-width-sep\" style=\"align-self: center;margin-left: auto;margin-right: auto;width:100%;\"><div class=\"fusion-separator-border sep-single sep-solid\" style=\"--awb-height:20px;--awb-amount:20px;border-color:#e0dede;border-top-width:1px;\"><\/div><\/div><\/div><\/div><div class=\"fusion-layout-column fusion_builder_column fusion-builder-column-12 fusion_builder_column_1_1 1_1 fusion-flex-column\" style=\"--awb-bg-size:cover;--awb-width-large:100%;--awb-margin-top-large:0px;--awb-spacing-right-large:1.92%;--awb-margin-bottom-large:20px;--awb-spacing-left-large:1.92%;--awb-width-medium:100%;--awb-order-medium:0;--awb-spacing-right-medium:1.92%;--awb-spacing-left-medium:1.92%;--awb-width-small:100%;--awb-order-small:0;--awb-spacing-right-small:1.92%;--awb-spacing-left-small:1.92%;\"><div class=\"fusion-column-wrapper fusion-column-has-shadow fusion-flex-justify-content-flex-start fusion-content-layout-column\"><div class=\"fusion-testimonials classic awb-speech-bubble-show fusion-testimonials-12\" style=\"--awb-textcolor:#747474;--awb-backgroundcolor:#f6f6f6;--awb-testimonial-border-style:solid;--awb-testimonial-border-color:var(--awb-color3);--awb-border-top-left-radius:0px;--awb-border-top-right-radius:0px;--awb-border-bottom-left-radius:0px;--awb-border-bottom-right-radius:0px;--testimonial-border-width-top:0px;--testimonial-border-width-right:0px;--testimonial-border-width-bottom:0px;--testimonial-border-width-left:0px;\" data-random=\"0\" data-speed=\"4000\"><div class=\"reviews\"><div class=\"review active-testimonial male\"><blockquote><div class=\"awb-quote\"><div class=\"awb-quote-content\">\n<p>Hace m\u00e1s de dos a\u00f1os y medio que lo utilizo en Essonne con cualquier tiempo y en cualquier terreno. Lo instalo o lo quito seg\u00fan el tipo de arrugas que tenga y el nivel de mis compa\u00f1eros de viaje. \u00a1\ud83d\udc4d !<\/p>\n<p><img decoding=\"async\" class=\"alignright size-full wp-image-26243\" src=\"http:\/\/lift-mtb.com\/wp-content\/uploads\/2022\/06\/instagram-test-lift-mtb.jpeg\" alt=\"instagram-test-lift-mtb\" width=\"880\" height=\"473\" srcset=\"https:\/\/www.lift-mtb.com\/wp-content\/uploads\/2022\/06\/instagram-test-lift-mtb-200x108.jpeg 200w, https:\/\/www.lift-mtb.com\/wp-content\/uploads\/2022\/06\/instagram-test-lift-mtb-300x161.jpeg 300w, https:\/\/www.lift-mtb.com\/wp-content\/uploads\/2022\/06\/instagram-test-lift-mtb-400x215.jpeg 400w, https:\/\/www.lift-mtb.com\/wp-content\/uploads\/2022\/06\/instagram-test-lift-mtb-500x269.jpeg 500w, https:\/\/www.lift-mtb.com\/wp-content\/uploads\/2022\/06\/instagram-test-lift-mtb-600x323.jpeg 600w, https:\/\/www.lift-mtb.com\/wp-content\/uploads\/2022\/06\/instagram-test-lift-mtb-700x376.jpeg 700w, https:\/\/www.lift-mtb.com\/wp-content\/uploads\/2022\/06\/instagram-test-lift-mtb-768x413.jpeg 768w, https:\/\/www.lift-mtb.com\/wp-content\/uploads\/2022\/06\/instagram-test-lift-mtb-800x430.jpeg 800w, https:\/\/www.lift-mtb.com\/wp-content\/uploads\/2022\/06\/instagram-test-lift-mtb.jpeg 880w\" sizes=\"(max-width: 880px) 100vw, 880px\" \/><\/p>\n<\/div><\/div><span class=\"awb-triangle\"><\/span><\/blockquote><div class=\"author\"><span class=\"testimonial-thumbnail doe\"><\/span><span class=\"company-name\"><strong>Manu<\/strong><\/span><\/div><\/div><\/div><\/div><div class=\"fusion-separator fusion-full-width-sep\" style=\"align-self: center;margin-left: auto;margin-right: auto;width:100%;\"><div class=\"fusion-separator-border sep-single sep-solid\" style=\"--awb-height:20px;--awb-amount:20px;border-color:#e0dede;border-top-width:1px;\"><\/div><\/div><\/div><\/div><div class=\"fusion-layout-column fusion_builder_column fusion-builder-column-13 fusion_builder_column_1_1 1_1 fusion-flex-column\" style=\"--awb-bg-size:cover;--awb-width-large:100%;--awb-margin-top-large:0px;--awb-spacing-right-large:1.92%;--awb-margin-bottom-large:20px;--awb-spacing-left-large:1.92%;--awb-width-medium:100%;--awb-order-medium:0;--awb-spacing-right-medium:1.92%;--awb-spacing-left-medium:1.92%;--awb-width-small:100%;--awb-order-small:0;--awb-spacing-right-small:1.92%;--awb-spacing-left-small:1.92%;\"><div class=\"fusion-column-wrapper fusion-column-has-shadow fusion-flex-justify-content-flex-start fusion-content-layout-column\"><div class=\"fusion-testimonials classic awb-speech-bubble-show fusion-testimonials-13\" style=\"--awb-textcolor:#747474;--awb-backgroundcolor:#f6f6f6;--awb-testimonial-border-style:solid;--awb-testimonial-border-color:var(--awb-color3);--awb-border-top-left-radius:0px;--awb-border-top-right-radius:0px;--awb-border-bottom-left-radius:0px;--awb-border-bottom-right-radius:0px;--testimonial-border-width-top:0px;--testimonial-border-width-right:0px;--testimonial-border-width-bottom:0px;--testimonial-border-width-left:0px;\" data-random=\"0\" data-speed=\"4000\"><div class=\"reviews\"><div class=\"review active-testimonial male\"><blockquote><div class=\"awb-quote\"><div class=\"awb-quote-content\">\n<p>Llevo m\u00e1s de un a\u00f1o us\u00e1ndolo&#8230; y a diferencia de un vae, tambi\u00e9n es el placer de rodar libremente sin tener necesariamente asistencia continua, sino s\u00f3lo cuando la necesito \ud83d\ude0a<\/p>\n<p><img decoding=\"async\" class=\" wp-image-26248 alignleft\" src=\"http:\/\/lift-mtb.com\/wp-content\/uploads\/2022\/06\/test-lift-mtb.jpeg\" alt=\"\" width=\"391\" height=\"218\" srcset=\"https:\/\/www.lift-mtb.com\/wp-content\/uploads\/2022\/06\/test-lift-mtb-200x111.jpeg 200w, https:\/\/www.lift-mtb.com\/wp-content\/uploads\/2022\/06\/test-lift-mtb-300x167.jpeg 300w, https:\/\/www.lift-mtb.com\/wp-content\/uploads\/2022\/06\/test-lift-mtb-400x223.jpeg 400w, https:\/\/www.lift-mtb.com\/wp-content\/uploads\/2022\/06\/test-lift-mtb-500x279.jpeg 500w, https:\/\/www.lift-mtb.com\/wp-content\/uploads\/2022\/06\/test-lift-mtb-600x334.jpeg 600w, https:\/\/www.lift-mtb.com\/wp-content\/uploads\/2022\/06\/test-lift-mtb-700x390.jpeg 700w, https:\/\/www.lift-mtb.com\/wp-content\/uploads\/2022\/06\/test-lift-mtb-768x428.jpeg 768w, https:\/\/www.lift-mtb.com\/wp-content\/uploads\/2022\/06\/test-lift-mtb-800x446.jpeg 800w, https:\/\/www.lift-mtb.com\/wp-content\/uploads\/2022\/06\/test-lift-mtb.jpeg 858w\" sizes=\"(max-width: 391px) 100vw, 391px\" \/><\/p>\n<\/div><\/div><span class=\"awb-triangle\"><\/span><\/blockquote><div class=\"author\"><span class=\"testimonial-thumbnail doe\"><\/span><span class=\"company-name\"><strong>Pascal<\/strong><\/span><\/div><\/div><\/div><\/div><div class=\"fusion-separator fusion-full-width-sep\" style=\"align-self: center;margin-left: auto;margin-right: auto;width:100%;\"><div class=\"fusion-separator-border sep-single sep-solid\" style=\"--awb-height:20px;--awb-amount:20px;border-color:#e0dede;border-top-width:1px;\"><\/div><\/div><\/div><\/div><div class=\"fusion-layout-column fusion_builder_column fusion-builder-column-14 fusion_builder_column_1_1 1_1 fusion-flex-column\" style=\"--awb-bg-size:cover;--awb-width-large:100%;--awb-margin-top-large:0px;--awb-spacing-right-large:1.92%;--awb-margin-bottom-large:20px;--awb-spacing-left-large:1.92%;--awb-width-medium:100%;--awb-order-medium:0;--awb-spacing-right-medium:1.92%;--awb-spacing-left-medium:1.92%;--awb-width-small:100%;--awb-order-small:0;--awb-spacing-right-small:1.92%;--awb-spacing-left-small:1.92%;\"><div class=\"fusion-column-wrapper fusion-column-has-shadow fusion-flex-justify-content-flex-start fusion-content-layout-column\"><div class=\"fusion-testimonials classic awb-speech-bubble-show fusion-testimonials-14\" style=\"--awb-textcolor:#747474;--awb-backgroundcolor:#f6f6f6;--awb-testimonial-border-style:solid;--awb-testimonial-border-color:var(--awb-color3);--awb-border-top-left-radius:0px;--awb-border-top-right-radius:0px;--awb-border-bottom-left-radius:0px;--awb-border-bottom-right-radius:0px;--testimonial-border-width-top:0px;--testimonial-border-width-right:0px;--testimonial-border-width-bottom:0px;--testimonial-border-width-left:0px;\" data-random=\"0\" data-speed=\"4000\"><div class=\"reviews\"><div class=\"review active-testimonial male\"><blockquote><div class=\"awb-quote\"><div class=\"awb-quote-content\">\n<p>Hola Matthieu y todo el equipo de LIFT MTB; me gustar\u00eda compartir con vosotros mis impresiones sobre vuestro producto y vuestra empresa. Bueno, \u00a1estoy encantado! \u00a1El KIT de bastidor delantero instalado en mi Lapierre Spicy 516 de 2009 me da plena satisfacci\u00f3n! Qu\u00e9 placer es tomar los caminos en una aventura sabiendo que tendr\u00e1s lo suficiente para superar todas las dificultades, para volver atr\u00e1s si es necesario, para aumentar el kilometraje de la salida si es necesario. Todo ello mientras utilizas tu moto de musculaci\u00f3n todo lo que quieras (\u00bfo puedas?). Este kit es realmente un gran concepto. Tambi\u00e9n me gustar\u00eda agradecerles su amabilidad y disponibilidad durante el proceso de pedido, as\u00ed como los detalles proporcionados durante el montaje. Todo fue perfecto. Le deseo buena suerte. Y \u00a1viva el LIFT MTB!<\/p>\n<\/div><\/div><span class=\"awb-triangle\"><\/span><\/blockquote><div class=\"author\"><span class=\"testimonial-thumbnail doe\"><\/span><span class=\"company-name\"><strong>Jacques S.<\/strong><\/span><\/div><\/div><\/div><\/div><div class=\"fusion-separator fusion-full-width-sep\" style=\"align-self: center;margin-left: auto;margin-right: auto;width:100%;\"><div class=\"fusion-separator-border sep-single sep-solid\" style=\"--awb-height:20px;--awb-amount:20px;border-color:#e0dede;border-top-width:1px;\"><\/div><\/div><\/div><\/div><div class=\"fusion-layout-column fusion_builder_column fusion-builder-column-15 fusion_builder_column_1_1 1_1 fusion-flex-column\" style=\"--awb-bg-size:cover;--awb-width-large:100%;--awb-margin-top-large:0px;--awb-spacing-right-large:1.92%;--awb-margin-bottom-large:20px;--awb-spacing-left-large:1.92%;--awb-width-medium:100%;--awb-order-medium:0;--awb-spacing-right-medium:1.92%;--awb-spacing-left-medium:1.92%;--awb-width-small:100%;--awb-order-small:0;--awb-spacing-right-small:1.92%;--awb-spacing-left-small:1.92%;\"><div class=\"fusion-column-wrapper fusion-column-has-shadow fusion-flex-justify-content-flex-start fusion-content-layout-column\"><div class=\"fusion-testimonials classic awb-speech-bubble-show fusion-testimonials-15\" style=\"--awb-textcolor:#747474;--awb-backgroundcolor:#f6f6f6;--awb-testimonial-border-style:solid;--awb-testimonial-border-color:var(--awb-color3);--awb-border-top-left-radius:0px;--awb-border-top-right-radius:0px;--awb-border-bottom-left-radius:0px;--awb-border-bottom-right-radius:0px;--testimonial-border-width-top:0px;--testimonial-border-width-right:0px;--testimonial-border-width-bottom:0px;--testimonial-border-width-left:0px;\" data-random=\"0\" data-speed=\"4000\"><div class=\"reviews\"><div class=\"review active-testimonial male\"><blockquote><div class=\"awb-quote\"><div class=\"awb-quote-content\">\n<p>Excelente producto. Muy buenos materiales, funciona muy bien, asistencia muy r\u00e1pida y siempre muy disponible en caso de duda. \u00a1Superguay!<\/p>\n<p><img decoding=\"async\" class=\" wp-image-26253 alignleft\" src=\"http:\/\/lift-mtb.com\/wp-content\/uploads\/2022\/06\/kit-moteur-pour-velo.png\" alt=\"\" width=\"242\" height=\"399\" srcset=\"https:\/\/www.lift-mtb.com\/wp-content\/uploads\/2022\/06\/kit-moteur-pour-velo-182x300.png 182w, https:\/\/www.lift-mtb.com\/wp-content\/uploads\/2022\/06\/kit-moteur-pour-velo-200x330.png 200w, https:\/\/www.lift-mtb.com\/wp-content\/uploads\/2022\/06\/kit-moteur-pour-velo-400x659.png 400w, https:\/\/www.lift-mtb.com\/wp-content\/uploads\/2022\/06\/kit-moteur-pour-velo.png 421w\" sizes=\"(max-width: 242px) 100vw, 242px\" \/><\/p>\n<\/div><\/div><span class=\"awb-triangle\"><\/span><\/blockquote><div class=\"author\"><span class=\"testimonial-thumbnail doe\"><\/span><span class=\"company-name\"><strong>Loris S.<\/strong><\/span><\/div><\/div><\/div><\/div><div class=\"fusion-separator fusion-full-width-sep\" style=\"align-self: center;margin-left: auto;margin-right: auto;width:100%;\"><div class=\"fusion-separator-border sep-single sep-solid\" style=\"--awb-height:20px;--awb-amount:20px;border-color:#e0dede;border-top-width:1px;\"><\/div><\/div><\/div><\/div><div class=\"fusion-layout-column fusion_builder_column fusion-builder-column-16 fusion_builder_column_1_1 1_1 fusion-flex-column\" style=\"--awb-bg-size:cover;--awb-width-large:100%;--awb-margin-top-large:0px;--awb-spacing-right-large:1.92%;--awb-margin-bottom-large:20px;--awb-spacing-left-large:1.92%;--awb-width-medium:100%;--awb-order-medium:0;--awb-spacing-right-medium:1.92%;--awb-spacing-left-medium:1.92%;--awb-width-small:100%;--awb-order-small:0;--awb-spacing-right-small:1.92%;--awb-spacing-left-small:1.92%;\"><div class=\"fusion-column-wrapper fusion-column-has-shadow fusion-flex-justify-content-flex-start fusion-content-layout-column\"><div class=\"fusion-testimonials classic awb-speech-bubble-show fusion-testimonials-16\" style=\"--awb-textcolor:#747474;--awb-backgroundcolor:#f6f6f6;--awb-testimonial-border-style:solid;--awb-testimonial-border-color:var(--awb-color3);--awb-border-top-left-radius:0px;--awb-border-top-right-radius:0px;--awb-border-bottom-left-radius:0px;--awb-border-bottom-right-radius:0px;--testimonial-border-width-top:0px;--testimonial-border-width-right:0px;--testimonial-border-width-bottom:0px;--testimonial-border-width-left:0px;\" data-random=\"0\" data-speed=\"4000\"><div class=\"reviews\"><div class=\"review active-testimonial male\"><blockquote><div class=\"awb-quote\"><div class=\"awb-quote-content\">\n<p><img decoding=\"async\" class=\"wp-image-26258 aligncenter\" src=\"http:\/\/lift-mtb.com\/wp-content\/uploads\/2022\/06\/moteur-de-vtt.jpeg\" alt=\"\" width=\"483\" height=\"212\" srcset=\"https:\/\/www.lift-mtb.com\/wp-content\/uploads\/2022\/06\/moteur-de-vtt-200x88.jpeg 200w, https:\/\/www.lift-mtb.com\/wp-content\/uploads\/2022\/06\/moteur-de-vtt-300x132.jpeg 300w, https:\/\/www.lift-mtb.com\/wp-content\/uploads\/2022\/06\/moteur-de-vtt-400x176.jpeg 400w, https:\/\/www.lift-mtb.com\/wp-content\/uploads\/2022\/06\/moteur-de-vtt-500x220.jpeg 500w, https:\/\/www.lift-mtb.com\/wp-content\/uploads\/2022\/06\/moteur-de-vtt-600x263.jpeg 600w, https:\/\/www.lift-mtb.com\/wp-content\/uploads\/2022\/06\/moteur-de-vtt.jpeg 681w\" sizes=\"(max-width: 483px) 100vw, 483px\" \/>Lo mejor es que ya no pod\u00eda ir en bicicleta de monta\u00f1a, pero con el motor puedo ir a todas partes, gracias al LIFT-MTB.<\/p>\n<\/div><\/div><span class=\"awb-triangle\"><\/span><\/blockquote><div class=\"author\"><span class=\"testimonial-thumbnail doe\"><\/span><span class=\"company-name\"><strong>Yvan L.<\/strong><\/span><\/div><\/div><\/div><\/div><div class=\"fusion-separator fusion-full-width-sep\" style=\"align-self: center;margin-left: auto;margin-right: auto;width:100%;\"><div class=\"fusion-separator-border sep-single sep-solid\" style=\"--awb-height:20px;--awb-amount:20px;border-color:#e0dede;border-top-width:1px;\"><\/div><\/div><\/div><\/div><div class=\"fusion-layout-column fusion_builder_column fusion-builder-column-17 fusion_builder_column_1_1 1_1 fusion-flex-column\" style=\"--awb-bg-size:cover;--awb-width-large:100%;--awb-margin-top-large:0px;--awb-spacing-right-large:1.92%;--awb-margin-bottom-large:20px;--awb-spacing-left-large:1.92%;--awb-width-medium:100%;--awb-order-medium:0;--awb-spacing-right-medium:1.92%;--awb-spacing-left-medium:1.92%;--awb-width-small:100%;--awb-order-small:0;--awb-spacing-right-small:1.92%;--awb-spacing-left-small:1.92%;\"><div class=\"fusion-column-wrapper fusion-column-has-shadow fusion-flex-justify-content-flex-start fusion-content-layout-column\"><div class=\"fusion-testimonials classic awb-speech-bubble-show fusion-testimonials-17\" style=\"--awb-textcolor:#747474;--awb-backgroundcolor:#f6f6f6;--awb-testimonial-border-style:solid;--awb-testimonial-border-color:var(--awb-color3);--awb-border-top-left-radius:0px;--awb-border-top-right-radius:0px;--awb-border-bottom-left-radius:0px;--awb-border-bottom-right-radius:0px;--testimonial-border-width-top:0px;--testimonial-border-width-right:0px;--testimonial-border-width-bottom:0px;--testimonial-border-width-left:0px;\" data-random=\"0\" data-speed=\"4000\"><div class=\"reviews\"><div class=\"review active-testimonial male\"><blockquote><div class=\"awb-quote\"><div class=\"awb-quote-content\">\n<p><img decoding=\"async\" class=\"alignright wp-image-26268\" src=\"http:\/\/lift-mtb.com\/wp-content\/uploads\/2022\/06\/1602079710.png\" alt=\"\" width=\"275\" height=\"453\" srcset=\"https:\/\/www.lift-mtb.com\/wp-content\/uploads\/2022\/06\/1602079710-182x300.png 182w, https:\/\/www.lift-mtb.com\/wp-content\/uploads\/2022\/06\/1602079710-200x330.png 200w, https:\/\/www.lift-mtb.com\/wp-content\/uploads\/2022\/06\/1602079710-400x659.png 400w, https:\/\/www.lift-mtb.com\/wp-content\/uploads\/2022\/06\/1602079710.png 421w\" sizes=\"(max-width: 275px) 100vw, 275px\" \/>&#8220;Excelente producto. materiales muy cuidados. funciona muy bien. soporte muy r\u00e1pido. siempre muy disponible en caso de duda. Super super cool&#8221;<\/p>\n<\/div><\/div><span class=\"awb-triangle\"><\/span><\/blockquote><div class=\"author\"><span class=\"testimonial-thumbnail doe\"><\/span><span class=\"company-name\"><strong>Loris S.<\/strong><\/span><\/div><\/div><\/div><\/div><div class=\"fusion-separator fusion-full-width-sep\" style=\"align-self: center;margin-left: auto;margin-right: auto;width:100%;\"><div class=\"fusion-separator-border sep-single sep-solid\" style=\"--awb-height:20px;--awb-amount:20px;border-color:#e0dede;border-top-width:1px;\"><\/div><\/div><\/div><\/div><div class=\"fusion-layout-column fusion_builder_column fusion-builder-column-18 fusion_builder_column_1_1 1_1 fusion-flex-column\" style=\"--awb-bg-size:cover;--awb-width-large:100%;--awb-margin-top-large:0px;--awb-spacing-right-large:1.92%;--awb-margin-bottom-large:20px;--awb-spacing-left-large:1.92%;--awb-width-medium:100%;--awb-order-medium:0;--awb-spacing-right-medium:1.92%;--awb-spacing-left-medium:1.92%;--awb-width-small:100%;--awb-order-small:0;--awb-spacing-right-small:1.92%;--awb-spacing-left-small:1.92%;\"><div class=\"fusion-column-wrapper fusion-column-has-shadow fusion-flex-justify-content-flex-start fusion-content-layout-column\"><div class=\"fusion-testimonials classic awb-speech-bubble-show fusion-testimonials-18\" style=\"--awb-textcolor:#747474;--awb-backgroundcolor:#f6f6f6;--awb-testimonial-border-style:solid;--awb-testimonial-border-color:var(--awb-color3);--awb-border-top-left-radius:0px;--awb-border-top-right-radius:0px;--awb-border-bottom-left-radius:0px;--awb-border-bottom-right-radius:0px;--testimonial-border-width-top:0px;--testimonial-border-width-right:0px;--testimonial-border-width-bottom:0px;--testimonial-border-width-left:0px;\" data-random=\"0\" data-speed=\"4000\"><div class=\"reviews\"><div class=\"review active-testimonial male\"><blockquote><div class=\"awb-quote\"><div class=\"awb-quote-content\">\n<p>\u00bfPor qu\u00e9 5 estrellas? Sistema muy bien dise\u00f1ado y potente. Bien integrado en la bicicleta y f\u00e1cilmente adaptable a mi Orbea Loki H10 que sigue siendo un gran jugador a pesar de la adici\u00f3n del motor. Muy receptivo a las preguntas y respuestas. \u00bfPor qu\u00e9 esta elecci\u00f3n? Estoy en una regi\u00f3n donde las subidas son dignas de la alta monta\u00f1a por lo que los paseos son demasiado t\u00e9cnicos y f\u00edsicos para mi nivel y ah\u00ed es 100% placer las grandes subidas se convierten en falsos llanos pero no vayas<\/p>\n<p>\u00a1creer que todav\u00eda es deporte! Gracias Matthieu por este hermoso juguete.<img decoding=\"async\" class=\"wp-image-26263 aligncenter\" src=\"http:\/\/lift-mtb.com\/wp-content\/uploads\/2022\/06\/1543840682.jpeg\" alt=\"\" width=\"481\" height=\"496\" srcset=\"https:\/\/www.lift-mtb.com\/wp-content\/uploads\/2022\/06\/1543840682-200x206.jpeg 200w, https:\/\/www.lift-mtb.com\/wp-content\/uploads\/2022\/06\/1543840682-291x300.jpeg 291w, https:\/\/www.lift-mtb.com\/wp-content\/uploads\/2022\/06\/1543840682-400x412.jpeg 400w, https:\/\/www.lift-mtb.com\/wp-content\/uploads\/2022\/06\/1543840682-500x515.jpeg 500w, https:\/\/www.lift-mtb.com\/wp-content\/uploads\/2022\/06\/1543840682-600x619.jpeg 600w, https:\/\/www.lift-mtb.com\/wp-content\/uploads\/2022\/06\/1543840682.jpeg 678w\" sizes=\"(max-width: 481px) 100vw, 481px\" \/><\/p>\n<\/div><\/div><span class=\"awb-triangle\"><\/span><\/blockquote><div class=\"author\"><span class=\"testimonial-thumbnail doe\"><\/span><span class=\"company-name\"><strong>Pierre V.<\/strong><\/span><\/div><\/div><\/div><\/div><div class=\"fusion-separator fusion-full-width-sep\" style=\"align-self: center;margin-left: auto;margin-right: auto;width:100%;\"><div class=\"fusion-separator-border sep-single sep-solid\" style=\"--awb-height:20px;--awb-amount:20px;border-color:#e0dede;border-top-width:1px;\"><\/div><\/div><\/div><\/div><div class=\"fusion-layout-column fusion_builder_column fusion-builder-column-19 fusion_builder_column_1_1 1_1 fusion-flex-column\" style=\"--awb-bg-size:cover;--awb-width-large:100%;--awb-margin-top-large:0px;--awb-spacing-right-large:1.92%;--awb-margin-bottom-large:20px;--awb-spacing-left-large:1.92%;--awb-width-medium:100%;--awb-order-medium:0;--awb-spacing-right-medium:1.92%;--awb-spacing-left-medium:1.92%;--awb-width-small:100%;--awb-order-small:0;--awb-spacing-right-small:1.92%;--awb-spacing-left-small:1.92%;\"><div class=\"fusion-column-wrapper fusion-column-has-shadow fusion-flex-justify-content-flex-start fusion-content-layout-column\"><div class=\"fusion-testimonials classic awb-speech-bubble-show fusion-testimonials-19\" style=\"--awb-textcolor:#747474;--awb-backgroundcolor:#f6f6f6;--awb-testimonial-border-style:solid;--awb-testimonial-border-color:var(--awb-color3);--awb-border-top-left-radius:0px;--awb-border-top-right-radius:0px;--awb-border-bottom-left-radius:0px;--awb-border-bottom-right-radius:0px;--testimonial-border-width-top:0px;--testimonial-border-width-right:0px;--testimonial-border-width-bottom:0px;--testimonial-border-width-left:0px;\" data-random=\"0\" data-speed=\"4000\"><div class=\"reviews\"><div class=\"review active-testimonial male\"><blockquote><div class=\"awb-quote\"><div class=\"awb-quote-content\">\n<p>Llevo m\u00e1s de 3 a\u00f1os utilizando el kit sin ning\u00fan problema. Me ha permitido subir innumerables cuestas sin problemas, \u00a1y bajar otras tantas!<\/p>\n<p><img decoding=\"async\" class=\"size-full wp-image-26273 alignleft\" src=\"http:\/\/lift-mtb.com\/wp-content\/uploads\/2022\/06\/1602079883.png\" alt=\"\" width=\"411\" height=\"217\" srcset=\"https:\/\/www.lift-mtb.com\/wp-content\/uploads\/2022\/06\/1602079883-200x106.png 200w, https:\/\/www.lift-mtb.com\/wp-content\/uploads\/2022\/06\/1602079883-300x158.png 300w, https:\/\/www.lift-mtb.com\/wp-content\/uploads\/2022\/06\/1602079883-400x211.png 400w, https:\/\/www.lift-mtb.com\/wp-content\/uploads\/2022\/06\/1602079883.png 411w\" sizes=\"(max-width: 411px) 100vw, 411px\" \/><\/p>\n<\/div><\/div><span class=\"awb-triangle\"><\/span><\/blockquote><div class=\"author\"><span class=\"testimonial-thumbnail doe\"><\/span><span class=\"company-name\"><strong>V. Jm<\/strong><\/span><\/div><\/div><\/div><\/div><div class=\"fusion-separator fusion-full-width-sep\" style=\"align-self: center;margin-left: auto;margin-right: auto;width:100%;\"><div class=\"fusion-separator-border sep-single sep-solid\" style=\"--awb-height:20px;--awb-amount:20px;border-color:#e0dede;border-top-width:1px;\"><\/div><\/div><\/div><\/div><div class=\"fusion-layout-column fusion_builder_column fusion-builder-column-20 fusion_builder_column_1_1 1_1 fusion-flex-column\" style=\"--awb-bg-size:cover;--awb-width-large:100%;--awb-margin-top-large:0px;--awb-spacing-right-large:1.92%;--awb-margin-bottom-large:20px;--awb-spacing-left-large:1.92%;--awb-width-medium:100%;--awb-order-medium:0;--awb-spacing-right-medium:1.92%;--awb-spacing-left-medium:1.92%;--awb-width-small:100%;--awb-order-small:0;--awb-spacing-right-small:1.92%;--awb-spacing-left-small:1.92%;\"><div class=\"fusion-column-wrapper fusion-column-has-shadow fusion-flex-justify-content-flex-start fusion-content-layout-column\"><div class=\"fusion-testimonials classic awb-speech-bubble-show fusion-testimonials-20\" style=\"--awb-textcolor:#747474;--awb-backgroundcolor:#f6f6f6;--awb-testimonial-border-style:solid;--awb-testimonial-border-color:var(--awb-color3);--awb-border-top-left-radius:0px;--awb-border-top-right-radius:0px;--awb-border-bottom-left-radius:0px;--awb-border-bottom-right-radius:0px;--testimonial-border-width-top:0px;--testimonial-border-width-right:0px;--testimonial-border-width-bottom:0px;--testimonial-border-width-left:0px;\" data-random=\"0\" data-speed=\"4000\"><div class=\"reviews\"><div class=\"review active-testimonial male\"><blockquote><div class=\"awb-quote\"><div class=\"awb-quote-content\">\n<p><img decoding=\"async\" class=\"alignright size-full wp-image-26278\" src=\"http:\/\/lift-mtb.com\/wp-content\/uploads\/2022\/06\/1543840673.jpeg\" alt=\"\" width=\"680\" height=\"537\" srcset=\"https:\/\/www.lift-mtb.com\/wp-content\/uploads\/2022\/06\/1543840673-200x158.jpeg 200w, https:\/\/www.lift-mtb.com\/wp-content\/uploads\/2022\/06\/1543840673-300x237.jpeg 300w, https:\/\/www.lift-mtb.com\/wp-content\/uploads\/2022\/06\/1543840673-400x316.jpeg 400w, https:\/\/www.lift-mtb.com\/wp-content\/uploads\/2022\/06\/1543840673-500x395.jpeg 500w, https:\/\/www.lift-mtb.com\/wp-content\/uploads\/2022\/06\/1543840673-600x474.jpeg 600w, https:\/\/www.lift-mtb.com\/wp-content\/uploads\/2022\/06\/1543840673.jpeg 680w\" sizes=\"(max-width: 680px) 100vw, 680px\" \/><\/p>\n<\/div><\/div><span class=\"awb-triangle\"><\/span><\/blockquote><div class=\"author\"><span class=\"testimonial-thumbnail doe\"><\/span><span class=\"company-name\"><strong>David D.<\/strong><\/span><\/div><\/div><\/div><\/div><div class=\"fusion-separator fusion-full-width-sep\" style=\"align-self: center;margin-left: auto;margin-right: auto;width:100%;\"><div class=\"fusion-separator-border sep-single sep-solid\" style=\"--awb-height:20px;--awb-amount:20px;border-color:#e0dede;border-top-width:1px;\"><\/div><\/div><\/div><\/div><div class=\"fusion-layout-column fusion_builder_column fusion-builder-column-21 fusion_builder_column_1_1 1_1 fusion-flex-column\" style=\"--awb-bg-size:cover;--awb-width-large:100%;--awb-margin-top-large:0px;--awb-spacing-right-large:1.92%;--awb-margin-bottom-large:20px;--awb-spacing-left-large:1.92%;--awb-width-medium:100%;--awb-order-medium:0;--awb-spacing-right-medium:1.92%;--awb-spacing-left-medium:1.92%;--awb-width-small:100%;--awb-order-small:0;--awb-spacing-right-small:1.92%;--awb-spacing-left-small:1.92%;\"><div class=\"fusion-column-wrapper fusion-column-has-shadow fusion-flex-justify-content-flex-start fusion-content-layout-column\"><div class=\"fusion-testimonials classic awb-speech-bubble-show fusion-testimonials-21\" style=\"--awb-textcolor:#747474;--awb-backgroundcolor:#f6f6f6;--awb-testimonial-border-style:solid;--awb-testimonial-border-color:var(--awb-color3);--awb-border-top-left-radius:0px;--awb-border-top-right-radius:0px;--awb-border-bottom-left-radius:0px;--awb-border-bottom-right-radius:0px;--testimonial-border-width-top:0px;--testimonial-border-width-right:0px;--testimonial-border-width-bottom:0px;--testimonial-border-width-left:0px;\" data-random=\"0\" data-speed=\"4000\"><div class=\"reviews\"><div class=\"review active-testimonial male\"><blockquote><div class=\"awb-quote\"><div class=\"awb-quote-content\">\n<p>Hola.<\/p>\n<p>Adjunto una foto del montaje del motor en una bicicleta de monta\u00f1a LAPIERRE ZESTY 314.<\/p>\n<p>Estoy muy contento con la eficiencia del motor.<\/p>\n<p><img decoding=\"async\" class=\" wp-image-26283 alignleft\" src=\"http:\/\/lift-mtb.com\/wp-content\/uploads\/2022\/06\/zesty.jpeg\" alt=\"\" width=\"397\" height=\"298\" srcset=\"https:\/\/www.lift-mtb.com\/wp-content\/uploads\/2022\/06\/zesty-200x150.jpeg 200w, https:\/\/www.lift-mtb.com\/wp-content\/uploads\/2022\/06\/zesty-300x225.jpeg 300w, https:\/\/www.lift-mtb.com\/wp-content\/uploads\/2022\/06\/zesty-400x300.jpeg 400w, https:\/\/www.lift-mtb.com\/wp-content\/uploads\/2022\/06\/zesty-500x375.jpeg 500w, https:\/\/www.lift-mtb.com\/wp-content\/uploads\/2022\/06\/zesty-600x450.jpeg 600w, https:\/\/www.lift-mtb.com\/wp-content\/uploads\/2022\/06\/zesty-700x525.jpeg 700w, https:\/\/www.lift-mtb.com\/wp-content\/uploads\/2022\/06\/zesty.jpeg 768w\" sizes=\"(max-width: 397px) 100vw, 397px\" \/><\/p>\n<\/div><\/div><span class=\"awb-triangle\"><\/span><\/blockquote><div class=\"author\"><span class=\"testimonial-thumbnail doe\"><\/span><span class=\"company-name\"><\/span><\/div><\/div><\/div><\/div><div class=\"fusion-separator fusion-full-width-sep\" style=\"align-self: center;margin-left: auto;margin-right: auto;width:100%;\"><div class=\"fusion-separator-border sep-single sep-solid\" style=\"--awb-height:20px;--awb-amount:20px;border-color:#e0dede;border-top-width:1px;\"><\/div><\/div><\/div><\/div><div class=\"fusion-layout-column fusion_builder_column fusion-builder-column-22 fusion_builder_column_1_1 1_1 fusion-flex-column\" style=\"--awb-bg-size:cover;--awb-width-large:100%;--awb-margin-top-large:0px;--awb-spacing-right-large:1.92%;--awb-margin-bottom-large:20px;--awb-spacing-left-large:1.92%;--awb-width-medium:100%;--awb-order-medium:0;--awb-spacing-right-medium:1.92%;--awb-spacing-left-medium:1.92%;--awb-width-small:100%;--awb-order-small:0;--awb-spacing-right-small:1.92%;--awb-spacing-left-small:1.92%;\"><div class=\"fusion-column-wrapper fusion-column-has-shadow fusion-flex-justify-content-flex-start fusion-content-layout-column\"><div class=\"fusion-testimonials classic awb-speech-bubble-show fusion-testimonials-22\" style=\"--awb-textcolor:#747474;--awb-backgroundcolor:#f6f6f6;--awb-testimonial-border-style:solid;--awb-testimonial-border-color:var(--awb-color3);--awb-border-top-left-radius:0px;--awb-border-top-right-radius:0px;--awb-border-bottom-left-radius:0px;--awb-border-bottom-right-radius:0px;--testimonial-border-width-top:0px;--testimonial-border-width-right:0px;--testimonial-border-width-bottom:0px;--testimonial-border-width-left:0px;\" data-random=\"0\" data-speed=\"4000\"><div class=\"reviews\"><div class=\"review active-testimonial male\"><blockquote><div class=\"awb-quote\"><div class=\"awb-quote-content\">\n<p>Hola,<\/p>\n<div>Recib\u00ed su paquete el viernes, el kit se puede montar sin problemas siguiendo sus detalladas instrucciones.<\/div>\n<div>Esta ma\u00f1ana hemos salido a dar un paseo en bicicleta de monta\u00f1a y mi mujer est\u00e1 muy satisfecha, despu\u00e9s de 32 km de bosque con zonas muy arenosas y muy poco desnivel (250 m) la bater\u00eda de 11,2 AH s\u00f3lo ha perdido un 20 por ciento. Creo que s\u00f3lo condujo el 50 por ciento del tiempo con la asistencia, ese es el punto de su sistema, conducir vac\u00edo y plano es tan f\u00e1cil como antes a pesar del ligero peso extra<\/div>\n<div>Fue f\u00e1cil acostumbrarse.<\/div>\n<div><\/div>\n<div>Tendremos que probarlo pronto en pendientes m\u00e1s pronunciadas, la peque\u00f1a subida que probamos no supuso ninguna dificultad, as\u00ed que deber\u00eda ir bien.<\/div>\n<div>Enhorabuena por su trabajo y por la calidad de los materiales utilizados.<\/div>\n<div><\/div>\n<div><img decoding=\"async\" class=\"size-full wp-image-26289 aligncenter\" src=\"http:\/\/lift-mtb.com\/wp-content\/uploads\/2022\/06\/image-16.jpeg\" alt=\"\" width=\"910\" height=\"683\" srcset=\"https:\/\/www.lift-mtb.com\/wp-content\/uploads\/2022\/06\/image-16-200x150.jpeg 200w, https:\/\/www.lift-mtb.com\/wp-content\/uploads\/2022\/06\/image-16-300x225.jpeg 300w, https:\/\/www.lift-mtb.com\/wp-content\/uploads\/2022\/06\/image-16-400x300.jpeg 400w, https:\/\/www.lift-mtb.com\/wp-content\/uploads\/2022\/06\/image-16-500x375.jpeg 500w, https:\/\/www.lift-mtb.com\/wp-content\/uploads\/2022\/06\/image-16-600x450.jpeg 600w, https:\/\/www.lift-mtb.com\/wp-content\/uploads\/2022\/06\/image-16-700x525.jpeg 700w, https:\/\/www.lift-mtb.com\/wp-content\/uploads\/2022\/06\/image-16-768x576.jpeg 768w, https:\/\/www.lift-mtb.com\/wp-content\/uploads\/2022\/06\/image-16-800x600.jpeg 800w, https:\/\/www.lift-mtb.com\/wp-content\/uploads\/2022\/06\/image-16.jpeg 910w\" sizes=\"(max-width: 910px) 100vw, 910px\" \/><\/div>\n<\/div><\/div><span class=\"awb-triangle\"><\/span><\/blockquote><div class=\"author\"><span class=\"testimonial-thumbnail doe\"><\/span><span class=\"company-name\"><\/span><\/div><\/div><\/div><\/div><div class=\"fusion-separator fusion-full-width-sep\" style=\"align-self: center;margin-left: auto;margin-right: auto;width:100%;\"><div class=\"fusion-separator-border sep-single sep-solid\" style=\"--awb-height:20px;--awb-amount:20px;border-color:#e0dede;border-top-width:1px;\"><\/div><\/div><\/div><\/div><div class=\"fusion-layout-column fusion_builder_column fusion-builder-column-23 fusion_builder_column_1_1 1_1 fusion-flex-column\" style=\"--awb-bg-size:cover;--awb-width-large:100%;--awb-margin-top-large:0px;--awb-spacing-right-large:1.92%;--awb-margin-bottom-large:20px;--awb-spacing-left-large:1.92%;--awb-width-medium:100%;--awb-order-medium:0;--awb-spacing-right-medium:1.92%;--awb-spacing-left-medium:1.92%;--awb-width-small:100%;--awb-order-small:0;--awb-spacing-right-small:1.92%;--awb-spacing-left-small:1.92%;\"><div class=\"fusion-column-wrapper fusion-column-has-shadow fusion-flex-justify-content-flex-start fusion-content-layout-column\"><div class=\"fusion-testimonials classic awb-speech-bubble-show fusion-testimonials-23\" style=\"--awb-textcolor:#747474;--awb-backgroundcolor:#f6f6f6;--awb-testimonial-border-style:solid;--awb-testimonial-border-color:var(--awb-color3);--awb-border-top-left-radius:0px;--awb-border-top-right-radius:0px;--awb-border-bottom-left-radius:0px;--awb-border-bottom-right-radius:0px;--testimonial-border-width-top:0px;--testimonial-border-width-right:0px;--testimonial-border-width-bottom:0px;--testimonial-border-width-left:0px;\" data-random=\"0\" data-speed=\"4000\"><div class=\"reviews\"><div class=\"review active-testimonial male\"><blockquote><div class=\"awb-quote\"><div class=\"awb-quote-content\">\n<p>Hola ,<\/p>\n<p>Esta es mi opini\u00f3n despu\u00e9s de 100 km de pr\u00e1ctica:<\/p>\n<p>Es realmente agradable de usar, y el hecho de que s\u00f3lo se pueda utilizar la asistencia a la carta es una verdadera ventaja.<br \/>\nSe acabaron las grandes y largas subidas que te ponen en rojo, el esfuerzo se &#8220;suaviza&#8221;, dejando algo de reserva para disfrutar de los descensos.<br \/>\nEl cardio se vuelve mucho m\u00e1s estable, los paseos son m\u00e1s agradables. Las diferencias de altitud se tragan como una piedra y las subidas ultra empinadas siguen siendo empinadas, pero mucho menos dif\u00edciles.<br \/>\nNo hace falta que te pongas a machacar para volver a la carretera, \u00a1puedes divertirte a 35 km\/h con las motos de carretera!<\/p>\n<p>En cuanto a la autonom\u00eda, la bater\u00eda de 14Ah me parece inagotable, habr\u00e1 que aumentar la DH y, o la distancia.<\/p>\n<p>He probado la bater\u00eda en el cuadro (en una alforja) =&gt; bicicleta pesada, poco manejable, se mueve y no es muy waf.<br \/>\nluego me cambi\u00e9 a la bolsa =&gt; es un poco m\u00e1s pesada en la espalda pero es casi transparente para alguien que suele ir con una bolsa (2l de agua + herramientas).<\/p>\n<p>Me sorprendi\u00f3 encontrarme con dos ascensores en un mes, los usuarios est\u00e1n encantados con \u00e9l y no han experimentado ning\u00fan problema en particular (alrededor de 1,5 a\u00f1os de uso). El kit es un \u00e9xito entre los espectadores, que a menudo se sorprenden por la calidad del acabado.<\/p>\n<p>Estoy deseando salir con otros VTTAE &#8220;est\u00e1ndar&#8221; para poder comparar.<\/p>\n<p>Gracias por este excelente producto, \u00a1espero ver m\u00e1s y m\u00e1s de ellos!<\/p>\n<p><img decoding=\"async\" class=\" wp-image-26294 alignleft\" src=\"http:\/\/lift-mtb.com\/wp-content\/uploads\/2022\/06\/test-clients-lift-mtb.jpeg\" alt=\"\" width=\"525\" height=\"394\" srcset=\"https:\/\/www.lift-mtb.com\/wp-content\/uploads\/2022\/06\/test-clients-lift-mtb-200x150.jpeg 200w, https:\/\/www.lift-mtb.com\/wp-content\/uploads\/2022\/06\/test-clients-lift-mtb-300x225.jpeg 300w, https:\/\/www.lift-mtb.com\/wp-content\/uploads\/2022\/06\/test-clients-lift-mtb-400x300.jpeg 400w, https:\/\/www.lift-mtb.com\/wp-content\/uploads\/2022\/06\/test-clients-lift-mtb-500x375.jpeg 500w, https:\/\/www.lift-mtb.com\/wp-content\/uploads\/2022\/06\/test-clients-lift-mtb-600x450.jpeg 600w, https:\/\/www.lift-mtb.com\/wp-content\/uploads\/2022\/06\/test-clients-lift-mtb-700x525.jpeg 700w, https:\/\/www.lift-mtb.com\/wp-content\/uploads\/2022\/06\/test-clients-lift-mtb-768x576.jpeg 768w, https:\/\/www.lift-mtb.com\/wp-content\/uploads\/2022\/06\/test-clients-lift-mtb-800x600.jpeg 800w, https:\/\/www.lift-mtb.com\/wp-content\/uploads\/2022\/06\/test-clients-lift-mtb.jpeg 910w\" sizes=\"(max-width: 525px) 100vw, 525px\" \/><\/p>\n<\/div><\/div><span class=\"awb-triangle\"><\/span><\/blockquote><div class=\"author\"><span class=\"testimonial-thumbnail doe\"><\/span><span class=\"company-name\"><strong>Francois<\/strong><\/span><\/div><\/div><\/div><\/div><div class=\"fusion-separator fusion-full-width-sep\" style=\"align-self: center;margin-left: auto;margin-right: auto;width:100%;\"><div class=\"fusion-separator-border sep-single sep-solid\" style=\"--awb-height:20px;--awb-amount:20px;border-color:#e0dede;border-top-width:1px;\"><\/div><\/div><\/div><\/div><div class=\"fusion-layout-column fusion_builder_column fusion-builder-column-24 fusion_builder_column_1_1 1_1 fusion-flex-column\" style=\"--awb-bg-size:cover;--awb-width-large:100%;--awb-margin-top-large:0px;--awb-spacing-right-large:1.92%;--awb-margin-bottom-large:20px;--awb-spacing-left-large:1.92%;--awb-width-medium:100%;--awb-order-medium:0;--awb-spacing-right-medium:1.92%;--awb-spacing-left-medium:1.92%;--awb-width-small:100%;--awb-order-small:0;--awb-spacing-right-small:1.92%;--awb-spacing-left-small:1.92%;\"><div class=\"fusion-column-wrapper fusion-column-has-shadow fusion-flex-justify-content-flex-start fusion-content-layout-column\"><div class=\"fusion-testimonials classic awb-speech-bubble-show fusion-testimonials-24\" style=\"--awb-textcolor:#747474;--awb-backgroundcolor:#f6f6f6;--awb-testimonial-border-style:solid;--awb-testimonial-border-color:var(--awb-color3);--awb-border-top-left-radius:0px;--awb-border-top-right-radius:0px;--awb-border-bottom-left-radius:0px;--awb-border-bottom-right-radius:0px;--testimonial-border-width-top:0px;--testimonial-border-width-right:0px;--testimonial-border-width-bottom:0px;--testimonial-border-width-left:0px;\" data-random=\"0\" data-speed=\"4000\"><div class=\"reviews\"><div class=\"review active-testimonial male\"><blockquote><div class=\"awb-quote\"><div class=\"awb-quote-content\">\n<div>Opiniones sobre el kit LIFT-MTB V3 en la Specialized FSR Comp Carbon 29 Stumpjumper de 2014<\/div>\n<div><\/div>\n<div>Kit pedido el lunes 14 de octubre de 2019, recibido y montado el martes 22 de octubre de 2019.<\/div>\n<div><\/div>\n<div><\/div>\n<div>1\u00aa salida s\u00e1bado 26\/10 (20km 575mD+, 7Ah)<br clear=\"none\">2\u00aa salida Domingo 27\/10 (29km, 740mD+, 9Ah)<\/div>\n<div><\/div>\n<div>Algunos cambios despu\u00e9s de la primera versi\u00f3n:<br clear=\"none\">Instalaci\u00f3n de un collar\u00edn Serflex (como se describe en la p\u00e1gina 6 de las instrucciones de montaje), ya que el motor se hab\u00eda desplazado ligeramente hacia atr\u00e1s.<br clear=\"none\">Apriete los 3 tornillos BTR en los pernos ISCG. (desmonte el juego de bielas para hacerlo).<\/div>\n<div>Ning\u00fan problema con las cadenas, ning\u00fan descarrilamiento. Apriete los tornillos de la abrazadera de la manivela como se recomienda.<\/div>\n<div><\/div>\n<div>En cuanto a la instalaci\u00f3n del plato, tuve que poner una abrazadera en el lado derecho adem\u00e1s de las arandelas, para que el eje del plato quede perfectamente centrado.<br clear=\"none\">No hay fricci\u00f3n. La segunda abrazadera de la izquierda, como se muestra en las instrucciones.<\/div>\n<div><\/div>\n<div>La parte que m\u00e1s tiempo requiere es el ajuste de la alineaci\u00f3n del pi\u00f1\u00f3n del motor con el plato, pero las instrucciones son perfectamente claras al respecto.<\/div>\n<div><\/div>\n<div>Lo m\u00e1s tedioso es la definici\u00f3n del n\u00famero de arandelas necesarias para el tensor, hay que repasarlo varias veces, no es pr\u00e1ctico.<br clear=\"none\"><br clear=\"none\">Tenga en cuenta que no pude poner una almohadilla de apoyo a la derecha, no hab\u00eda espacio.<br clear=\"none\">He colocado una almohadilla de espuma autoadhesiva suministrada en el kit entre la placa y el tubo inferior del bastidor.<\/div>\n<div><\/div>\n<div>He probado las dos posiciones del acelerador. Mi elecci\u00f3n final no est\u00e1 hecha. En las subidas largas y rectas me pregunto si el control de crucero (Pedelec) no ser\u00eda adecuado.<br clear=\"none\">En cuanto est\u00e9 disponible creo que se lo comprar\u00e9 (caso PF30).<\/div>\n<div><\/div>\n<div>La pantalla de control (opcional) me parece muy \u00fatil pero, si no me equivoco, no hay copia de seguridad de los datos.<br clear=\"none\">Es una pena, porque en cuanto desconecto, y con la bater\u00eda en la mochila esto ocurre regularmente, pierdo la informaci\u00f3n del consumo medio.<\/div>\n<div><\/div>\n<div>La bicicleta de monta\u00f1a est\u00e1 equipada con un peque\u00f1o casete trasero de 11\/36 10 velocidades (hab\u00eda 2 platos delanteros, Sram S-1250 22 x 36).<br clear=\"none\">Probablemente me tentar\u00e9 con un SUNRACE CSMS3 11\/46 como se sugiere en el sitio.<br clear=\"none\"><br clear=\"none\">Despu\u00e9s de 2 paseos estoy sorprendido por el bajo consumo de energ\u00eda. Salidas con la bater\u00eda de 17,4 Ah en la mochila.<br clear=\"none\">1\u00aa salida 20 km, quedan 10 Ah<br clear=\"none\">2\u00aa salida 29 km, quedan 8 Ah.<br clear=\"none\">No soy deportista (61 a\u00f1os 85kg)<\/div>\n<div><\/div>\n<div>Gracias por su producto, que sin duda recomendar\u00e9 a mis amigos.<\/div>\n<div><\/div>\n<div>Sinceramente.<\/div>\n<div><img decoding=\"async\" class=\" wp-image-26299 alignleft\" src=\"http:\/\/lift-mtb.com\/wp-content\/uploads\/2022\/06\/street-jumper-avec-moteur-pedalier.jpeg\" alt=\"\" width=\"576\" height=\"265\" srcset=\"https:\/\/www.lift-mtb.com\/wp-content\/uploads\/2022\/06\/street-jumper-avec-moteur-pedalier-200x92.jpeg 200w, https:\/\/www.lift-mtb.com\/wp-content\/uploads\/2022\/06\/street-jumper-avec-moteur-pedalier-300x138.jpeg 300w, https:\/\/www.lift-mtb.com\/wp-content\/uploads\/2022\/06\/street-jumper-avec-moteur-pedalier-400x184.jpeg 400w, https:\/\/www.lift-mtb.com\/wp-content\/uploads\/2022\/06\/street-jumper-avec-moteur-pedalier-500x230.jpeg 500w, https:\/\/www.lift-mtb.com\/wp-content\/uploads\/2022\/06\/street-jumper-avec-moteur-pedalier-600x276.jpeg 600w, https:\/\/www.lift-mtb.com\/wp-content\/uploads\/2022\/06\/street-jumper-avec-moteur-pedalier-700x322.jpeg 700w, https:\/\/www.lift-mtb.com\/wp-content\/uploads\/2022\/06\/street-jumper-avec-moteur-pedalier-768x354.jpeg 768w, https:\/\/www.lift-mtb.com\/wp-content\/uploads\/2022\/06\/street-jumper-avec-moteur-pedalier-800x368.jpeg 800w, https:\/\/www.lift-mtb.com\/wp-content\/uploads\/2022\/06\/street-jumper-avec-moteur-pedalier.jpeg 910w\" sizes=\"(max-width: 576px) 100vw, 576px\" \/><\/div>\n<\/div><\/div><span class=\"awb-triangle\"><\/span><\/blockquote><div class=\"author\"><span class=\"testimonial-thumbnail doe\"><\/span><span class=\"company-name\"><strong>??<\/strong><\/span><\/div><\/div><\/div><\/div><div class=\"fusion-separator fusion-full-width-sep\" style=\"align-self: center;margin-left: auto;margin-right: auto;width:100%;\"><div class=\"fusion-separator-border sep-single sep-solid\" style=\"--awb-height:20px;--awb-amount:20px;border-color:#e0dede;border-top-width:1px;\"><\/div><\/div><\/div><\/div><div class=\"fusion-layout-column fusion_builder_column fusion-builder-column-25 fusion_builder_column_1_1 1_1 fusion-flex-column\" style=\"--awb-bg-size:cover;--awb-width-large:100%;--awb-margin-top-large:0px;--awb-spacing-right-large:1.92%;--awb-margin-bottom-large:20px;--awb-spacing-left-large:1.92%;--awb-width-medium:100%;--awb-order-medium:0;--awb-spacing-right-medium:1.92%;--awb-spacing-left-medium:1.92%;--awb-width-small:100%;--awb-order-small:0;--awb-spacing-right-small:1.92%;--awb-spacing-left-small:1.92%;\"><div class=\"fusion-column-wrapper fusion-column-has-shadow fusion-flex-justify-content-flex-start fusion-content-layout-column\"><div class=\"fusion-testimonials classic awb-speech-bubble-show fusion-testimonials-25\" style=\"--awb-textcolor:#747474;--awb-backgroundcolor:#f6f6f6;--awb-testimonial-border-style:solid;--awb-testimonial-border-color:var(--awb-color3);--awb-border-top-left-radius:0px;--awb-border-top-right-radius:0px;--awb-border-bottom-left-radius:0px;--awb-border-bottom-right-radius:0px;--testimonial-border-width-top:0px;--testimonial-border-width-right:0px;--testimonial-border-width-bottom:0px;--testimonial-border-width-left:0px;\" data-random=\"0\" data-speed=\"4000\"><div class=\"reviews\"><div class=\"review active-testimonial male\"><blockquote><div class=\"awb-quote\"><div class=\"awb-quote-content\">\n<p>Pascal, un cliente satisfecho con la instalaci\u00f3n del motor v3 en un BMC TRAILFOX<\/p>\n<p><img decoding=\"async\" class=\" wp-image-26304 alignleft\" src=\"http:\/\/lift-mtb.com\/wp-content\/uploads\/2022\/06\/avis-client-bmc-trailfox-avec-un-kit-v3.jpeg\" alt=\"\" width=\"436\" height=\"327\" srcset=\"https:\/\/www.lift-mtb.com\/wp-content\/uploads\/2022\/06\/avis-client-bmc-trailfox-avec-un-kit-v3-200x150.jpeg 200w, https:\/\/www.lift-mtb.com\/wp-content\/uploads\/2022\/06\/avis-client-bmc-trailfox-avec-un-kit-v3-300x225.jpeg 300w, https:\/\/www.lift-mtb.com\/wp-content\/uploads\/2022\/06\/avis-client-bmc-trailfox-avec-un-kit-v3-400x300.jpeg 400w, https:\/\/www.lift-mtb.com\/wp-content\/uploads\/2022\/06\/avis-client-bmc-trailfox-avec-un-kit-v3-500x375.jpeg 500w, https:\/\/www.lift-mtb.com\/wp-content\/uploads\/2022\/06\/avis-client-bmc-trailfox-avec-un-kit-v3-600x450.jpeg 600w, https:\/\/www.lift-mtb.com\/wp-content\/uploads\/2022\/06\/avis-client-bmc-trailfox-avec-un-kit-v3.jpeg 604w\" sizes=\"(max-width: 436px) 100vw, 436px\" \/><\/p>\n<\/div><\/div><span class=\"awb-triangle\"><\/span><\/blockquote><div class=\"author\"><span class=\"testimonial-thumbnail doe\"><\/span><span class=\"company-name\"><\/span><\/div><\/div><\/div><\/div><div class=\"fusion-separator fusion-full-width-sep\" style=\"align-self: center;margin-left: auto;margin-right: auto;width:100%;\"><div class=\"fusion-separator-border sep-single sep-solid\" style=\"--awb-height:20px;--awb-amount:20px;border-color:#e0dede;border-top-width:1px;\"><\/div><\/div><\/div><\/div><div class=\"fusion-layout-column fusion_builder_column fusion-builder-column-26 fusion_builder_column_1_1 1_1 fusion-flex-column\" style=\"--awb-bg-size:cover;--awb-width-large:100%;--awb-margin-top-large:0px;--awb-spacing-right-large:1.92%;--awb-margin-bottom-large:20px;--awb-spacing-left-large:1.92%;--awb-width-medium:100%;--awb-order-medium:0;--awb-spacing-right-medium:1.92%;--awb-spacing-left-medium:1.92%;--awb-width-small:100%;--awb-order-small:0;--awb-spacing-right-small:1.92%;--awb-spacing-left-small:1.92%;\"><div class=\"fusion-column-wrapper fusion-column-has-shadow fusion-flex-justify-content-flex-start fusion-content-layout-column\"><div class=\"fusion-testimonials classic awb-speech-bubble-show fusion-testimonials-26\" style=\"--awb-textcolor:#747474;--awb-backgroundcolor:#f6f6f6;--awb-testimonial-border-style:solid;--awb-testimonial-border-color:var(--awb-color3);--awb-border-top-left-radius:0px;--awb-border-top-right-radius:0px;--awb-border-bottom-left-radius:0px;--awb-border-bottom-right-radius:0px;--testimonial-border-width-top:0px;--testimonial-border-width-right:0px;--testimonial-border-width-bottom:0px;--testimonial-border-width-left:0px;\" data-random=\"0\" data-speed=\"4000\"><div class=\"reviews\"><div class=\"review active-testimonial male\"><blockquote><div class=\"awb-quote\"><div class=\"awb-quote-content\">\n<p>Hola Mathieu<\/p>\n<div>Hoy he hecho mi primera salida y ha ido muy bien y la potencia del motor est\u00e1 bien adaptada, pero aun as\u00ed he utilizado el 30% de la capacidad de la bater\u00eda de 11,6ah en 20 km con 350 metros de desnivel y eso sin tener el sensor de pedaleo.<\/div>\n<div><\/div>\n<div><img decoding=\"async\" class=\" wp-image-26309 alignleft\" src=\"http:\/\/lift-mtb.com\/wp-content\/uploads\/2022\/06\/vtt-bafang.jpeg\" alt=\"\" width=\"511\" height=\"242\" srcset=\"https:\/\/www.lift-mtb.com\/wp-content\/uploads\/2022\/06\/vtt-bafang-200x95.jpeg 200w, https:\/\/www.lift-mtb.com\/wp-content\/uploads\/2022\/06\/vtt-bafang-300x142.jpeg 300w, https:\/\/www.lift-mtb.com\/wp-content\/uploads\/2022\/06\/vtt-bafang-400x189.jpeg 400w, https:\/\/www.lift-mtb.com\/wp-content\/uploads\/2022\/06\/vtt-bafang-500x237.jpeg 500w, https:\/\/www.lift-mtb.com\/wp-content\/uploads\/2022\/06\/vtt-bafang-600x284.jpeg 600w, https:\/\/www.lift-mtb.com\/wp-content\/uploads\/2022\/06\/vtt-bafang-700x332.jpeg 700w, https:\/\/www.lift-mtb.com\/wp-content\/uploads\/2022\/06\/vtt-bafang-768x364.jpeg 768w, https:\/\/www.lift-mtb.com\/wp-content\/uploads\/2022\/06\/vtt-bafang-800x379.jpeg 800w, https:\/\/www.lift-mtb.com\/wp-content\/uploads\/2022\/06\/vtt-bafang.jpeg 910w\" sizes=\"(max-width: 511px) 100vw, 511px\" \/><\/div>\n<div><\/div>\n<\/div><\/div><span class=\"awb-triangle\"><\/span><\/blockquote><div class=\"author\"><span class=\"testimonial-thumbnail doe\"><\/span><span class=\"company-name\"><strong>Christophe B.<\/strong><\/span><\/div><\/div><\/div><\/div><div class=\"fusion-separator fusion-full-width-sep\" style=\"align-self: center;margin-left: auto;margin-right: auto;width:100%;\"><div class=\"fusion-separator-border sep-single sep-solid\" style=\"--awb-height:20px;--awb-amount:20px;border-color:#e0dede;border-top-width:1px;\"><\/div><\/div><\/div><\/div><div class=\"fusion-layout-column fusion_builder_column fusion-builder-column-27 fusion_builder_column_1_1 1_1 fusion-flex-column\" style=\"--awb-bg-size:cover;--awb-width-large:100%;--awb-margin-top-large:0px;--awb-spacing-right-large:1.92%;--awb-margin-bottom-large:20px;--awb-spacing-left-large:1.92%;--awb-width-medium:100%;--awb-order-medium:0;--awb-spacing-right-medium:1.92%;--awb-spacing-left-medium:1.92%;--awb-width-small:100%;--awb-order-small:0;--awb-spacing-right-small:1.92%;--awb-spacing-left-small:1.92%;\"><div class=\"fusion-column-wrapper fusion-column-has-shadow fusion-flex-justify-content-flex-start fusion-content-layout-column\"><div class=\"fusion-testimonials classic awb-speech-bubble-show fusion-testimonials-27\" style=\"--awb-textcolor:#747474;--awb-backgroundcolor:#f6f6f6;--awb-testimonial-border-style:solid;--awb-testimonial-border-color:var(--awb-color3);--awb-border-top-left-radius:0px;--awb-border-top-right-radius:0px;--awb-border-bottom-left-radius:0px;--awb-border-bottom-right-radius:0px;--testimonial-border-width-top:0px;--testimonial-border-width-right:0px;--testimonial-border-width-bottom:0px;--testimonial-border-width-left:0px;\" data-random=\"0\" data-speed=\"4000\"><div class=\"reviews\"><div class=\"review active-testimonial male\"><blockquote><div class=\"awb-quote\"><div class=\"awb-quote-content\">\n<p><img decoding=\"async\" class=\" wp-image-26314 alignleft\" src=\"http:\/\/lift-mtb.com\/wp-content\/uploads\/2022\/06\/avis-moteur-cyc.jpeg\" alt=\"\" width=\"588\" height=\"298\" srcset=\"https:\/\/www.lift-mtb.com\/wp-content\/uploads\/2022\/06\/avis-moteur-cyc-200x101.jpeg 200w, https:\/\/www.lift-mtb.com\/wp-content\/uploads\/2022\/06\/avis-moteur-cyc-300x152.jpeg 300w, https:\/\/www.lift-mtb.com\/wp-content\/uploads\/2022\/06\/avis-moteur-cyc-400x203.jpeg 400w, https:\/\/www.lift-mtb.com\/wp-content\/uploads\/2022\/06\/avis-moteur-cyc-500x254.jpeg 500w, https:\/\/www.lift-mtb.com\/wp-content\/uploads\/2022\/06\/avis-moteur-cyc-600x304.jpeg 600w, https:\/\/www.lift-mtb.com\/wp-content\/uploads\/2022\/06\/avis-moteur-cyc-700x355.jpeg 700w, https:\/\/www.lift-mtb.com\/wp-content\/uploads\/2022\/06\/avis-moteur-cyc-768x389.jpeg 768w, https:\/\/www.lift-mtb.com\/wp-content\/uploads\/2022\/06\/avis-moteur-cyc-800x406.jpeg 800w, https:\/\/www.lift-mtb.com\/wp-content\/uploads\/2022\/06\/avis-moteur-cyc.jpeg 838w\" sizes=\"(max-width: 588px) 100vw, 588px\" \/><\/p>\n<\/div><\/div><span class=\"awb-triangle\"><\/span><\/blockquote><div class=\"author\"><span class=\"testimonial-thumbnail doe\"><\/span><span class=\"company-name\"><strong>Sebastien<\/strong><\/span><\/div><\/div><\/div><\/div><div class=\"fusion-separator fusion-full-width-sep\" style=\"align-self: center;margin-left: auto;margin-right: auto;width:100%;\"><div class=\"fusion-separator-border sep-single sep-solid\" style=\"--awb-height:20px;--awb-amount:20px;border-color:#e0dede;border-top-width:1px;\"><\/div><\/div><\/div><\/div><div class=\"fusion-layout-column fusion_builder_column fusion-builder-column-28 fusion_builder_column_1_1 1_1 fusion-flex-column\" style=\"--awb-bg-size:cover;--awb-width-large:100%;--awb-margin-top-large:0px;--awb-spacing-right-large:1.92%;--awb-margin-bottom-large:20px;--awb-spacing-left-large:1.92%;--awb-width-medium:100%;--awb-order-medium:0;--awb-spacing-right-medium:1.92%;--awb-spacing-left-medium:1.92%;--awb-width-small:100%;--awb-order-small:0;--awb-spacing-right-small:1.92%;--awb-spacing-left-small:1.92%;\"><div class=\"fusion-column-wrapper fusion-column-has-shadow fusion-flex-justify-content-flex-start fusion-content-layout-column\"><div class=\"fusion-testimonials classic awb-speech-bubble-show fusion-testimonials-28\" style=\"--awb-textcolor:#747474;--awb-backgroundcolor:#f6f6f6;--awb-testimonial-border-style:solid;--awb-testimonial-border-color:var(--awb-color3);--awb-border-top-left-radius:0px;--awb-border-top-right-radius:0px;--awb-border-bottom-left-radius:0px;--awb-border-bottom-right-radius:0px;--testimonial-border-width-top:0px;--testimonial-border-width-right:0px;--testimonial-border-width-bottom:0px;--testimonial-border-width-left:0px;\" data-random=\"0\" data-speed=\"4000\"><div class=\"reviews\"><div class=\"review active-testimonial male\"><blockquote><div class=\"awb-quote\"><div class=\"awb-quote-content\">\n<p>Hola Matthieu.<\/p>\n<p>Estoy muy contento de ser uno de sus clientes de LIFT-MTB, gracias por su paciencia, gracias por compartir sus conocimientos profesionales.<\/p>\n<p>Esto me ha permitido visitar su carrera deportiva profesional, digo bravo.<\/p>\n<p>Te enviar\u00e9 fotos y comentarios muy positivos, estoy muy contento con el kit de motor LIFT-MTB montado en mi KONA HEI TRAIL ,o puedo marcar la diferencia con el kit de motor BAFANG 48V 750w montado en mi TOMAC 98 pro.<\/p>\n<p>Le saluda atentamente<\/p>\n<p>Jean Pierre<\/p>\n<\/div><\/div><span class=\"awb-triangle\"><\/span><\/blockquote><div class=\"author\"><span class=\"testimonial-thumbnail doe\"><\/span><span class=\"company-name\"><strong>Jean Pierre<\/strong><\/span><\/div><\/div><\/div><\/div><div class=\"fusion-separator fusion-full-width-sep\" style=\"align-self: center;margin-left: auto;margin-right: auto;width:100%;\"><div class=\"fusion-separator-border sep-single sep-solid\" style=\"--awb-height:20px;--awb-amount:20px;border-color:#e0dede;border-top-width:1px;\"><\/div><\/div><\/div><\/div><div class=\"fusion-layout-column fusion_builder_column fusion-builder-column-29 fusion_builder_column_1_1 1_1 fusion-flex-column\" style=\"--awb-bg-size:cover;--awb-width-large:100%;--awb-margin-top-large:0px;--awb-spacing-right-large:1.92%;--awb-margin-bottom-large:20px;--awb-spacing-left-large:1.92%;--awb-width-medium:100%;--awb-order-medium:0;--awb-spacing-right-medium:1.92%;--awb-spacing-left-medium:1.92%;--awb-width-small:100%;--awb-order-small:0;--awb-spacing-right-small:1.92%;--awb-spacing-left-small:1.92%;\"><div class=\"fusion-column-wrapper fusion-column-has-shadow fusion-flex-justify-content-flex-start fusion-content-layout-column\"><div class=\"fusion-testimonials classic awb-speech-bubble-show fusion-testimonials-29\" style=\"--awb-textcolor:#747474;--awb-backgroundcolor:#f6f6f6;--awb-testimonial-border-style:solid;--awb-testimonial-border-color:var(--awb-color3);--awb-border-top-left-radius:0px;--awb-border-top-right-radius:0px;--awb-border-bottom-left-radius:0px;--awb-border-bottom-right-radius:0px;--testimonial-border-width-top:0px;--testimonial-border-width-right:0px;--testimonial-border-width-bottom:0px;--testimonial-border-width-left:0px;\" data-random=\"0\" data-speed=\"4000\"><div class=\"reviews\"><div class=\"review active-testimonial male\"><blockquote><div class=\"awb-quote\"><div class=\"awb-quote-content\">\n<p><img decoding=\"async\" class=\"alignright size-large wp-image-26324\" src=\"http:\/\/lift-mtb.com\/wp-content\/uploads\/2022\/06\/capture-decran-2022-07-07-a-16-54-27-1024x245.png\" alt=\"\" width=\"1024\" height=\"245\" srcset=\"https:\/\/www.lift-mtb.com\/wp-content\/uploads\/2022\/06\/capture-decran-2022-07-07-a-16-54-27-200x48.png 200w, https:\/\/www.lift-mtb.com\/wp-content\/uploads\/2022\/06\/capture-decran-2022-07-07-a-16-54-27-300x72.png 300w, https:\/\/www.lift-mtb.com\/wp-content\/uploads\/2022\/06\/capture-decran-2022-07-07-a-16-54-27-400x96.png 400w, https:\/\/www.lift-mtb.com\/wp-content\/uploads\/2022\/06\/capture-decran-2022-07-07-a-16-54-27-500x120.png 500w, https:\/\/www.lift-mtb.com\/wp-content\/uploads\/2022\/06\/capture-decran-2022-07-07-a-16-54-27-600x143.png 600w, https:\/\/www.lift-mtb.com\/wp-content\/uploads\/2022\/06\/capture-decran-2022-07-07-a-16-54-27-700x167.png 700w, https:\/\/www.lift-mtb.com\/wp-content\/uploads\/2022\/06\/capture-decran-2022-07-07-a-16-54-27-768x184.png 768w, https:\/\/www.lift-mtb.com\/wp-content\/uploads\/2022\/06\/capture-decran-2022-07-07-a-16-54-27-800x191.png 800w, https:\/\/www.lift-mtb.com\/wp-content\/uploads\/2022\/06\/capture-decran-2022-07-07-a-16-54-27-1024x245.png 1024w, https:\/\/www.lift-mtb.com\/wp-content\/uploads\/2022\/06\/capture-decran-2022-07-07-a-16-54-27-1200x287.png 1200w, https:\/\/www.lift-mtb.com\/wp-content\/uploads\/2022\/06\/capture-decran-2022-07-07-a-16-54-27-1536x367.png 1536w, https:\/\/www.lift-mtb.com\/wp-content\/uploads\/2022\/06\/capture-decran-2022-07-07-a-16-54-27.png 1824w\" sizes=\"(max-width: 1024px) 100vw, 1024px\" \/><\/p>\n<p><img decoding=\"async\" class=\"size-full wp-image-26319 alignleft\" src=\"http:\/\/lift-mtb.com\/wp-content\/uploads\/2022\/06\/test-bafang.jpeg\" alt=\"\" width=\"787\" height=\"439\" srcset=\"https:\/\/www.lift-mtb.com\/wp-content\/uploads\/2022\/06\/test-bafang-200x112.jpeg 200w, https:\/\/www.lift-mtb.com\/wp-content\/uploads\/2022\/06\/test-bafang-300x167.jpeg 300w, https:\/\/www.lift-mtb.com\/wp-content\/uploads\/2022\/06\/test-bafang-400x223.jpeg 400w, https:\/\/www.lift-mtb.com\/wp-content\/uploads\/2022\/06\/test-bafang-500x279.jpeg 500w, https:\/\/www.lift-mtb.com\/wp-content\/uploads\/2022\/06\/test-bafang-600x335.jpeg 600w, https:\/\/www.lift-mtb.com\/wp-content\/uploads\/2022\/06\/test-bafang-700x390.jpeg 700w, https:\/\/www.lift-mtb.com\/wp-content\/uploads\/2022\/06\/test-bafang-768x428.jpeg 768w, https:\/\/www.lift-mtb.com\/wp-content\/uploads\/2022\/06\/test-bafang.jpeg 787w\" sizes=\"(max-width: 787px) 100vw, 787px\" \/><\/p>\n<\/div><\/div><span class=\"awb-triangle\"><\/span><\/blockquote><div class=\"author\"><span class=\"testimonial-thumbnail doe\"><\/span><span class=\"company-name\"><strong>??<\/strong><\/span><\/div><\/div><\/div><\/div><div class=\"fusion-separator fusion-full-width-sep\" style=\"align-self: center;margin-left: auto;margin-right: auto;width:100%;\"><div class=\"fusion-separator-border sep-single sep-solid\" style=\"--awb-height:20px;--awb-amount:20px;border-color:#e0dede;border-top-width:1px;\"><\/div><\/div><\/div><\/div><div class=\"fusion-layout-column fusion_builder_column fusion-builder-column-30 fusion_builder_column_1_1 1_1 fusion-flex-column\" style=\"--awb-bg-size:cover;--awb-width-large:100%;--awb-margin-top-large:0px;--awb-spacing-right-large:1.92%;--awb-margin-bottom-large:20px;--awb-spacing-left-large:1.92%;--awb-width-medium:100%;--awb-order-medium:0;--awb-spacing-right-medium:1.92%;--awb-spacing-left-medium:1.92%;--awb-width-small:100%;--awb-order-small:0;--awb-spacing-right-small:1.92%;--awb-spacing-left-small:1.92%;\"><div class=\"fusion-column-wrapper fusion-column-has-shadow fusion-flex-justify-content-flex-start fusion-content-layout-column\"><div class=\"fusion-testimonials classic awb-speech-bubble-show fusion-testimonials-30\" style=\"--awb-textcolor:#747474;--awb-backgroundcolor:#f6f6f6;--awb-testimonial-border-style:solid;--awb-testimonial-border-color:var(--awb-color3);--awb-border-top-left-radius:0px;--awb-border-top-right-radius:0px;--awb-border-bottom-left-radius:0px;--awb-border-bottom-right-radius:0px;--testimonial-border-width-top:0px;--testimonial-border-width-right:0px;--testimonial-border-width-bottom:0px;--testimonial-border-width-left:0px;\" data-random=\"0\" data-speed=\"4000\"><div class=\"reviews\"><div class=\"review active-testimonial male\"><blockquote><div class=\"awb-quote\"><div class=\"awb-quote-content\">\n<div class=\"gs\">\n<div class=\"\">\n<div id=\":1in\" class=\"ii gt\">\n<div id=\":1im\" class=\"a3s aiL \">Hola, el motor se instal\u00f3 el fin de semana pasado. Adjunto algunas fotos. Bastante f\u00e1cil de montar, ahora estoy deseando probarlo en cuanto suban un poco las temperaturas&#8230; Es un material muy bonito.<\/div>\n<\/div>\n<\/div>\n<\/div>\n<\/div><\/div><span class=\"awb-triangle\"><\/span><\/blockquote><div class=\"author\"><span class=\"testimonial-thumbnail doe\"><\/span><span class=\"company-name\"><strong>Benoit<\/strong><\/span><\/div><\/div><\/div><\/div><div class=\"fusion-separator fusion-full-width-sep\" style=\"align-self: center;margin-left: auto;margin-right: auto;width:100%;\"><div class=\"fusion-separator-border sep-single sep-solid\" style=\"--awb-height:20px;--awb-amount:20px;border-color:#e0dede;border-top-width:1px;\"><\/div><\/div><\/div><\/div><div class=\"fusion-layout-column fusion_builder_column fusion-builder-column-31 fusion_builder_column_1_1 1_1 fusion-flex-column\" style=\"--awb-bg-size:cover;--awb-width-large:100%;--awb-margin-top-large:0px;--awb-spacing-right-large:1.92%;--awb-margin-bottom-large:20px;--awb-spacing-left-large:1.92%;--awb-width-medium:100%;--awb-order-medium:0;--awb-spacing-right-medium:1.92%;--awb-spacing-left-medium:1.92%;--awb-width-small:100%;--awb-order-small:0;--awb-spacing-right-small:1.92%;--awb-spacing-left-small:1.92%;\"><div class=\"fusion-column-wrapper fusion-column-has-shadow fusion-flex-justify-content-flex-start fusion-content-layout-column\"><div class=\"fusion-testimonials classic awb-speech-bubble-show fusion-testimonials-31\" style=\"--awb-textcolor:#747474;--awb-backgroundcolor:#f6f6f6;--awb-testimonial-border-style:solid;--awb-testimonial-border-color:var(--awb-color3);--awb-border-top-left-radius:0px;--awb-border-top-right-radius:0px;--awb-border-bottom-left-radius:0px;--awb-border-bottom-right-radius:0px;--testimonial-border-width-top:0px;--testimonial-border-width-right:0px;--testimonial-border-width-bottom:0px;--testimonial-border-width-left:0px;\" data-random=\"0\" data-speed=\"4000\"><div class=\"reviews\"><div class=\"review active-testimonial male\"><blockquote><div class=\"awb-quote\"><div class=\"awb-quote-content\">\n<div class=\"gs\">\n<div class=\"\">\n<div id=\":up\" class=\"ii gt\">\n<div id=\":ng\" class=\"a3s aiL \">Hola Matthieu, estoy aqu\u00ed para darte algunas noticias sobre el montaje y el uso del kit de motor. Adjunto algunas fotos de mi bicicleta de monta\u00f1a equipada. Me operaron de la rodilla (menisco) hace casi 2 meses; la asistencia del motor me permite forzar menos en las cuestas y me alivia porque siempre en rehabilitaci\u00f3n&#8230; super. que de felicidad&#8230;<\/div>\n<\/div>\n<\/div>\n<\/div>\n<\/div><\/div><span class=\"awb-triangle\"><\/span><\/blockquote><div class=\"author\"><span class=\"testimonial-thumbnail doe\"><\/span><span class=\"company-name\"><strong>??<\/strong><\/span><\/div><\/div><\/div><\/div><div class=\"fusion-separator fusion-full-width-sep\" style=\"align-self: center;margin-left: auto;margin-right: auto;width:100%;\"><div class=\"fusion-separator-border sep-single sep-solid\" style=\"--awb-height:20px;--awb-amount:20px;border-color:#e0dede;border-top-width:1px;\"><\/div><\/div><\/div><\/div><div class=\"fusion-layout-column fusion_builder_column fusion-builder-column-32 fusion_builder_column_1_1 1_1 fusion-flex-column\" style=\"--awb-bg-size:cover;--awb-width-large:100%;--awb-margin-top-large:0px;--awb-spacing-right-large:1.92%;--awb-margin-bottom-large:20px;--awb-spacing-left-large:1.92%;--awb-width-medium:100%;--awb-order-medium:0;--awb-spacing-right-medium:1.92%;--awb-spacing-left-medium:1.92%;--awb-width-small:100%;--awb-order-small:0;--awb-spacing-right-small:1.92%;--awb-spacing-left-small:1.92%;\"><div class=\"fusion-column-wrapper fusion-column-has-shadow fusion-flex-justify-content-flex-start fusion-content-layout-column\"><div class=\"fusion-testimonials classic awb-speech-bubble-show fusion-testimonials-32\" style=\"--awb-textcolor:#747474;--awb-backgroundcolor:#f6f6f6;--awb-testimonial-border-style:solid;--awb-testimonial-border-color:var(--awb-color3);--awb-border-top-left-radius:0px;--awb-border-top-right-radius:0px;--awb-border-bottom-left-radius:0px;--awb-border-bottom-right-radius:0px;--testimonial-border-width-top:0px;--testimonial-border-width-right:0px;--testimonial-border-width-bottom:0px;--testimonial-border-width-left:0px;\" data-random=\"0\" data-speed=\"4000\"><div class=\"reviews\"><div class=\"review active-testimonial male\"><blockquote><div class=\"awb-quote\"><div class=\"awb-quote-content\">\n<p>Buenas noches,<\/p>\n<p>Me gustar\u00eda ponerme en contacto con usted para hacerle una breve evaluaci\u00f3n despu\u00e9s de una semana de uso del LIFT MTB.<\/p>\n<p>Empezar\u00e9 por lo negativo, \u00a1porque s\u00f3lo hay uno!<\/p>\n<p>El acelerador es ligeramente menos progresivo al final del recorrido.<\/p>\n<p>Pero creo que es una inyecci\u00f3n de \u00e1nimo.<\/p>\n<p>\u00a1\u00a1\u00a1\u00a1\u00a1\u00a1Por lo dem\u00e1s, todo es bueno !!!!!!<\/p>\n<p>Dosificaci\u00f3n f\u00e1cil del acelerador en los 3 primeros trimestres.<\/p>\n<p>Potencia disponible Flexibilidad Gama de locos.<\/p>\n<p>No estoy en gran forma, pero con una bater\u00eda de 16000 mha y mis 123 kg he conseguido recorrer m\u00e1s de 60 kms y 1500 metros de desnivel positivo.<\/p>\n<p>\u00daltimo punto. Su respuesta tan r\u00e1pida a cada uno de mis correos electr\u00f3nicos.<\/p>\n<p>Gracias de nuevo, y cuenta con que te har\u00e9 una buena publicidad.<\/p>\n<p>Olivier<\/p>\n<\/div><\/div><span class=\"awb-triangle\"><\/span><\/blockquote><div class=\"author\"><span class=\"testimonial-thumbnail doe\"><\/span><span class=\"company-name\"><strong>Olivier<\/strong><\/span><\/div><\/div><\/div><\/div><div class=\"fusion-separator fusion-full-width-sep\" style=\"align-self: center;margin-left: auto;margin-right: auto;width:100%;\"><div class=\"fusion-separator-border sep-single sep-solid\" style=\"--awb-height:20px;--awb-amount:20px;border-color:#e0dede;border-top-width:1px;\"><\/div><\/div><\/div><\/div><div class=\"fusion-layout-column fusion_builder_column fusion-builder-column-33 fusion_builder_column_1_1 1_1 fusion-flex-column\" style=\"--awb-bg-size:cover;--awb-width-large:100%;--awb-margin-top-large:0px;--awb-spacing-right-large:1.92%;--awb-margin-bottom-large:20px;--awb-spacing-left-large:1.92%;--awb-width-medium:100%;--awb-order-medium:0;--awb-spacing-right-medium:1.92%;--awb-spacing-left-medium:1.92%;--awb-width-small:100%;--awb-order-small:0;--awb-spacing-right-small:1.92%;--awb-spacing-left-small:1.92%;\"><div class=\"fusion-column-wrapper fusion-column-has-shadow fusion-flex-justify-content-flex-start fusion-content-layout-column\"><div class=\"fusion-testimonials classic awb-speech-bubble-show fusion-testimonials-33\" style=\"--awb-textcolor:#747474;--awb-backgroundcolor:#f6f6f6;--awb-testimonial-border-style:solid;--awb-testimonial-border-color:var(--awb-color3);--awb-border-top-left-radius:0px;--awb-border-top-right-radius:0px;--awb-border-bottom-left-radius:0px;--awb-border-bottom-right-radius:0px;--testimonial-border-width-top:0px;--testimonial-border-width-right:0px;--testimonial-border-width-bottom:0px;--testimonial-border-width-left:0px;\" data-random=\"0\" data-speed=\"4000\"><div class=\"reviews\"><div class=\"review active-testimonial male\"><blockquote><div class=\"awb-quote\"><div class=\"awb-quote-content\">\n<div>Hola Matthew,<\/div>\n<div>\n<p>Disculpe mi retraso en la respuesta.<\/p>\n<p>-1- Nombre: CLEMENT<\/p>\n<p>-2- Peso \/ altura : 30 a\u00f1os, 1m87, 85kg &#8211;<\/p>\n<p>-3- Bicicleta: Commencal meta V4 race 2016<\/p>\n<p>-4 &#8211; Tipo de bater\u00eda: 14,5Ah \/ 522W \/ 2,5Kg &#8211;<\/p>\n<p>5- Rendimiento generalmente alcanzado por la producci\u00f3n. (km\/d+): Hago 25\/30kms por salida para 800 a 1200 de D+ dependiendo del sector.<\/p>\n<p>-6- Comentarios \/ opiniones<\/p>\n<p>Como antiguo piloto de enduro en moto, vuelvo a practicar el ciclismo m\u00e1s acorde con las limitaciones a las que todos nos enfrentamos hoy en d\u00eda.<\/p>\n<p>\u00a1Y qu\u00e9 gran descubrimiento es este sistema de elevaci\u00f3n de MTB! Tras una prueba con un amigo que ya hab\u00eda equipado su moto, me puse en contacto con Matthieu, que siempre est\u00e1 disponible para recibirte y me confirm\u00f3 mi primera impresi\u00f3n.<\/p>\n<p>\u00a1Qu\u00e9 placer es poder lanzarse a los singles y descubrir nuevas pistas sin tener que preocuparse de volver a subir, el campo de juego se ampl\u00eda considerablemente y las subidas se convierten en un simple tr\u00e1mite!<\/p>\n<p>Llega el verano, no hay problema, 10 minutos y vuelvo a mi meta original para las estaciones.<\/p>\n<p>El sistema de elevaci\u00f3n MTB le permite tener dos bicicletas en una.<\/p>\n<\/div>\n<\/div><\/div><span class=\"awb-triangle\"><\/span><\/blockquote><div class=\"author\"><span class=\"testimonial-thumbnail doe\"><\/span><span class=\"company-name\"><strong>Cl\u00e9ment<\/strong><\/span><\/div><\/div><\/div><\/div><div class=\"fusion-separator fusion-full-width-sep\" style=\"align-self: center;margin-left: auto;margin-right: auto;width:100%;\"><div class=\"fusion-separator-border sep-single sep-solid\" style=\"--awb-height:20px;--awb-amount:20px;border-color:#e0dede;border-top-width:1px;\"><\/div><\/div><\/div><\/div><div class=\"fusion-layout-column fusion_builder_column fusion-builder-column-34 fusion_builder_column_1_1 1_1 fusion-flex-column\" style=\"--awb-bg-size:cover;--awb-width-large:100%;--awb-margin-top-large:0px;--awb-spacing-right-large:1.92%;--awb-margin-bottom-large:20px;--awb-spacing-left-large:1.92%;--awb-width-medium:100%;--awb-order-medium:0;--awb-spacing-right-medium:1.92%;--awb-spacing-left-medium:1.92%;--awb-width-small:100%;--awb-order-small:0;--awb-spacing-right-small:1.92%;--awb-spacing-left-small:1.92%;\"><div class=\"fusion-column-wrapper fusion-column-has-shadow fusion-flex-justify-content-flex-start fusion-content-layout-column\"><div class=\"fusion-testimonials classic awb-speech-bubble-show fusion-testimonials-34\" style=\"--awb-textcolor:#747474;--awb-backgroundcolor:#f6f6f6;--awb-testimonial-border-style:solid;--awb-testimonial-border-color:var(--awb-color3);--awb-border-top-left-radius:0px;--awb-border-top-right-radius:0px;--awb-border-bottom-left-radius:0px;--awb-border-bottom-right-radius:0px;--testimonial-border-width-top:0px;--testimonial-border-width-right:0px;--testimonial-border-width-bottom:0px;--testimonial-border-width-left:0px;\" data-random=\"0\" data-speed=\"4000\"><div class=\"reviews\"><div class=\"review active-testimonial male\"><blockquote><div class=\"awb-quote\"><div class=\"awb-quote-content\">\n<p>Un cliente parisino muy contento con el <strong>kit el\u00e9ctrico<\/strong> lift-mtb<\/p>\n<p>&#8220;Adjunto fotos de mi bicicleta Specialized Stumpjumper FSR de 29&#8242; equipada con su Kit.<br \/>\nActualmente, en las dif\u00edciles condiciones de la Essonne en invierno, mis paseos tienen una media de 40 km para 500m d+ y apenas consumo el 20% de la capacidad de mi bater\u00eda (8,5 Ah). Lo cargo cada cuatro salidas m\u00e1s o menos.<\/p>\n<p>Te deseo unas felices vacaciones&#8221;.<\/p>\n<p>as\u00ed que 160 km y 2000 metros de D+ con una bater\u00eda de 1,5 kg<\/p>\n<\/div><\/div><span class=\"awb-triangle\"><\/span><\/blockquote><div class=\"author\"><span class=\"testimonial-thumbnail doe\"><\/span><span class=\"company-name\"><strong>??<\/strong><\/span><\/div><\/div><\/div><\/div><div class=\"fusion-separator fusion-full-width-sep\" style=\"align-self: center;margin-left: auto;margin-right: auto;width:100%;\"><div class=\"fusion-separator-border sep-single sep-solid\" style=\"--awb-height:20px;--awb-amount:20px;border-color:#e0dede;border-top-width:1px;\"><\/div><\/div><\/div><\/div><div class=\"fusion-layout-column fusion_builder_column fusion-builder-column-35 fusion_builder_column_1_1 1_1 fusion-flex-column\" style=\"--awb-bg-size:cover;--awb-width-large:100%;--awb-margin-top-large:0px;--awb-spacing-right-large:1.92%;--awb-margin-bottom-large:20px;--awb-spacing-left-large:1.92%;--awb-width-medium:100%;--awb-order-medium:0;--awb-spacing-right-medium:1.92%;--awb-spacing-left-medium:1.92%;--awb-width-small:100%;--awb-order-small:0;--awb-spacing-right-small:1.92%;--awb-spacing-left-small:1.92%;\"><div class=\"fusion-column-wrapper fusion-column-has-shadow fusion-flex-justify-content-flex-start fusion-content-layout-column\"><div class=\"fusion-testimonials classic awb-speech-bubble-show fusion-testimonials-35\" style=\"--awb-textcolor:#747474;--awb-backgroundcolor:#f6f6f6;--awb-testimonial-border-style:solid;--awb-testimonial-border-color:var(--awb-color3);--awb-border-top-left-radius:0px;--awb-border-top-right-radius:0px;--awb-border-bottom-left-radius:0px;--awb-border-bottom-right-radius:0px;--testimonial-border-width-top:0px;--testimonial-border-width-right:0px;--testimonial-border-width-bottom:0px;--testimonial-border-width-left:0px;\" data-random=\"0\" data-speed=\"4000\"><div class=\"reviews\"><div class=\"review active-testimonial male\"><blockquote><div class=\"awb-quote\"><div class=\"awb-quote-content\">\n<div class=\"cc-m-hgrid-column last\">\n<div id=\"cc-matrix-4334374524\">\n<div id=\"cc-m-14804750624\" class=\"j-module n j-text \">\n<p>Vengo a dar noticias. (Specialized Enduro 2016) un poco decepcionado al principio por la falta de potencia (me imaginaba sustituyendo mi bici)<\/p>\n<p>Para el uso, al principio quer\u00eda subir hasta el final, pero incluso sin forzar, gira demasiado r\u00e1pido para m\u00ed. Me quedaba sin aliento y me deten\u00eda para recuperarme. Iba r\u00e1pido pero agot\u00e9 la bater\u00eda.<\/p>\n<p>Por lo tanto, intent\u00e9 consumir lo menos posible y fue entonces cuando vi el inter\u00e9s del motor.<\/p>\n<p>Estoy un poco por encima de mi velocidad normal pero puedo montar cualquier cosa y llego a la cima sinti\u00e9ndome muerto.<\/p>\n<p>Aunque pensaba que pod\u00eda escalar las paredes con m\u00e1s facilidad que esto, puedo escalarlas y luego tengo que cagar un poco.<\/p>\n<p>As\u00ed que voy a subir como se indica en su tabla. 1200 metros de escalada (bater\u00eda de 11,6ah) para un fumador que empuja todo lo que puede. Adem\u00e1s, voy a subir por el camino<\/p>\n<p>Estoy muy satisfecho con mi compra.<\/p>\n<\/div>\n<\/div>\n<\/div>\n<\/div><\/div><span class=\"awb-triangle\"><\/span><\/blockquote><div class=\"author\"><span class=\"testimonial-thumbnail doe\"><\/span><span class=\"company-name\"><strong>??<\/strong><\/span><\/div><\/div><\/div><\/div><div class=\"fusion-separator fusion-full-width-sep\" style=\"align-self: center;margin-left: auto;margin-right: auto;width:100%;\"><div class=\"fusion-separator-border sep-single sep-solid\" style=\"--awb-height:20px;--awb-amount:20px;border-color:#e0dede;border-top-width:1px;\"><\/div><\/div><\/div><\/div><div class=\"fusion-layout-column fusion_builder_column fusion-builder-column-36 fusion_builder_column_1_1 1_1 fusion-flex-column\" style=\"--awb-bg-size:cover;--awb-width-large:100%;--awb-margin-top-large:0px;--awb-spacing-right-large:1.92%;--awb-margin-bottom-large:20px;--awb-spacing-left-large:1.92%;--awb-width-medium:100%;--awb-order-medium:0;--awb-spacing-right-medium:1.92%;--awb-spacing-left-medium:1.92%;--awb-width-small:100%;--awb-order-small:0;--awb-spacing-right-small:1.92%;--awb-spacing-left-small:1.92%;\"><div class=\"fusion-column-wrapper fusion-column-has-shadow fusion-flex-justify-content-flex-start fusion-content-layout-column\"><div class=\"fusion-testimonials classic awb-speech-bubble-show fusion-testimonials-36\" style=\"--awb-textcolor:#747474;--awb-backgroundcolor:#f6f6f6;--awb-testimonial-border-style:solid;--awb-testimonial-border-color:var(--awb-color3);--awb-border-top-left-radius:0px;--awb-border-top-right-radius:0px;--awb-border-bottom-left-radius:0px;--awb-border-bottom-right-radius:0px;--testimonial-border-width-top:0px;--testimonial-border-width-right:0px;--testimonial-border-width-bottom:0px;--testimonial-border-width-left:0px;\" data-random=\"0\" data-speed=\"4000\"><div class=\"reviews\"><div class=\"review active-testimonial male\"><blockquote><div class=\"awb-quote\"><div class=\"awb-quote-content\">\n<div class=\"gs\">\n<div class=\"\">\n<div id=\":mb\" class=\"ii gt\">\n<div id=\":mc\" class=\"a3s aiL \">Hola, he estado rodando mucho en grasa \u00faltimamente. La capacidad de la bater\u00eda (14,5ah) parece suficiente para mi uso. Con el barro, descargu\u00e9 un par de veces en la bajada, ver\u00e9 con condiciones m\u00e1s secas para confirmar si necesito a\u00f1adir una gu\u00eda superior. Hab\u00eda un poco de barro y hojas alrededor de las bandejas, tal vez por eso&#8230; En general, estoy muy contento con el motor, la autonom\u00eda, la potencia es suficiente. De momento, no me arrepiento de haber cogido un plato de 34T y se notar\u00e1 m\u00e1s cuando pueda rodar por carreteras secas ;)<\/div>\n<div class=\"yj6qo\"><\/div>\n<\/div>\n<\/div>\n<\/div>\n<\/div><\/div><span class=\"awb-triangle\"><\/span><\/blockquote><div class=\"author\"><span class=\"testimonial-thumbnail doe\"><\/span><span class=\"company-name\"><strong>Joel<\/strong><\/span><\/div><\/div><\/div><\/div><div class=\"fusion-separator fusion-full-width-sep\" style=\"align-self: center;margin-left: auto;margin-right: auto;width:100%;\"><div class=\"fusion-separator-border sep-single sep-solid\" style=\"--awb-height:20px;--awb-amount:20px;border-color:#e0dede;border-top-width:1px;\"><\/div><\/div><\/div><\/div><div class=\"fusion-layout-column fusion_builder_column fusion-builder-column-37 fusion_builder_column_1_1 1_1 fusion-flex-column\" style=\"--awb-bg-size:cover;--awb-width-large:100%;--awb-margin-top-large:0px;--awb-spacing-right-large:1.92%;--awb-margin-bottom-large:20px;--awb-spacing-left-large:1.92%;--awb-width-medium:100%;--awb-order-medium:0;--awb-spacing-right-medium:1.92%;--awb-spacing-left-medium:1.92%;--awb-width-small:100%;--awb-order-small:0;--awb-spacing-right-small:1.92%;--awb-spacing-left-small:1.92%;\"><div class=\"fusion-column-wrapper fusion-column-has-shadow fusion-flex-justify-content-flex-start fusion-content-layout-column\"><div class=\"fusion-testimonials classic awb-speech-bubble-show fusion-testimonials-37\" style=\"--awb-textcolor:#747474;--awb-backgroundcolor:#f6f6f6;--awb-testimonial-border-style:solid;--awb-testimonial-border-color:var(--awb-color3);--awb-border-top-left-radius:0px;--awb-border-top-right-radius:0px;--awb-border-bottom-left-radius:0px;--awb-border-bottom-right-radius:0px;--testimonial-border-width-top:0px;--testimonial-border-width-right:0px;--testimonial-border-width-bottom:0px;--testimonial-border-width-left:0px;\" data-random=\"0\" data-speed=\"4000\"><div class=\"reviews\"><div class=\"review active-testimonial male\"><blockquote><div class=\"awb-quote\"><div class=\"awb-quote-content\">\n<div class=\"gs\">\n<div class=\"\">\n<div id=\":oe\" class=\"ii gt\">\n<div id=\":od\" class=\"a3s aiL \">Buenas tardes, Despu\u00e9s de unos cuantos paseos en bicicleta de monta\u00f1a, quer\u00eda hacerles saber que estaba contento con mi compra. Tambi\u00e9n pude compararlo con otros kits que he instalado para varios miembros de mi familia y para necesidades muy diferentes. Te doy un poco de informaci\u00f3n ;-) &#8211; un kit OZO de 750W con una bater\u00eda de rueda trasera de enduro de 500Wh en una semirr\u00edgida de 26&#8243; para un uso 90% en carretera y 10% en trail. Mi acompa\u00f1ante deseando pedalear en el vac\u00edo ^^ =&gt; precio realmente interesante (1200\u20ac), autonom\u00eda aceptable (85km aproximadamente), pero peso ultra elevado (+12kilo) &#8211; desde hace poco un kit Cycloboost BBS02 750w con bater\u00eda de 700wh ^^ para uso 50\/ 50 en una suspensi\u00f3n completa. Mi padre est\u00e1 encantado con esta compra, est\u00e1 volviendo a practicar el ciclismo ;-) =&gt; alta velocidad, buen acabado, silencioso, bien equipado, pero distancia al suelo demasiado baja + peso aceptable (+4,5Kilo + bater\u00eda). Buena relaci\u00f3n calidad-precio (1500\u20ac) &#8211; y finalmente su kit (versi\u00f3n 2) con una bater\u00eda de 522Wh para un 70% de senderismo \/ 30% de carretera\/trail. Estoy muy satisfecho con esta compra, buscaba un kit que me permitiera seguir a los dem\u00e1s sin ayuda y cuando se utiliza durante pasajes dif\u00edciles o cuando me siento flojo, me permite superar mis l\u00edmites.<\/div>\n<\/div>\n<\/div>\n<\/div>\n<\/div><\/div><span class=\"awb-triangle\"><\/span><\/blockquote><div class=\"author\"><span class=\"testimonial-thumbnail doe\"><\/span><span class=\"company-name\"><strong>Laurent<\/strong><\/span><\/div><\/div><\/div><\/div><\/div><\/div><\/div><\/div><\/p>\n","protected":false},"excerpt":{"rendered":"","protected":false},"author":3,"featured_media":41788,"comment_status":"open","ping_status":"open","sticky":false,"template":"","format":"standard","meta":{"footnotes":""},"categories":[919],"tags":[],"class_list":["post-38977","post","type-post","status-publish","format-standard","has-post-thumbnail","hentry","category-prensa-y-comentarios-de-los-clientes"],"yoast_head":"<!-- This site is optimized with the Yoast SEO plugin v26.9 - https:\/\/yoast.com\/product\/yoast-seo-wordpress\/ -->\n<title>Comentarios de los clientes - LIFT-MTB<\/title>\n<meta name=\"robots\" content=\"index, follow, max-snippet:-1, max-image-preview:large, max-video-preview:-1\" \/>\n<link rel=\"canonical\" href=\"https:\/\/www.lift-mtb.com\/es\/comentarios-de-los-clientes\/\" \/>\n<meta property=\"og:locale\" content=\"es_ES\" \/>\n<meta property=\"og:type\" content=\"article\" \/>\n<meta property=\"og:title\" content=\"Comentarios de los clientes - LIFT-MTB\" \/>\n<meta property=\"og:url\" content=\"https:\/\/www.lift-mtb.com\/es\/comentarios-de-los-clientes\/\" \/>\n<meta property=\"og:site_name\" content=\"LIFT-MTB\" \/>\n<meta property=\"article:published_time\" content=\"2022-06-14T09:08:40+00:00\" \/>\n<meta property=\"article:modified_time\" content=\"2023-01-22T18:42:58+00:00\" \/>\n<meta property=\"og:image\" content=\"https:\/\/www.lift-mtb.com\/wp-content\/uploads\/2022\/06\/kit-electrique-vtt-enduro-2-scaled.jpg\" \/>\n\t<meta property=\"og:image:width\" content=\"2560\" \/>\n\t<meta property=\"og:image:height\" content=\"1696\" \/>\n\t<meta property=\"og:image:type\" content=\"image\/jpeg\" \/>\n<meta name=\"author\" content=\"Robin -\" \/>\n<meta name=\"twitter:card\" content=\"summary_large_image\" \/>\n<meta name=\"twitter:label1\" content=\"Escrito por\" \/>\n\t<meta name=\"twitter:data1\" content=\"Robin -\" \/>\n\t<meta name=\"twitter:label2\" content=\"Tiempo de lectura\" \/>\n\t<meta name=\"twitter:data2\" content=\"84 minutos\" \/>\n<script type=\"application\/ld+json\" class=\"yoast-schema-graph\">{\"@context\":\"https:\/\/schema.org\",\"@graph\":[{\"@type\":\"Article\",\"@id\":\"https:\/\/www.lift-mtb.com\/es\/comentarios-de-los-clientes\/#article\",\"isPartOf\":{\"@id\":\"https:\/\/www.lift-mtb.com\/es\/comentarios-de-los-clientes\/\"},\"author\":{\"name\":\"Robin -\",\"@id\":\"https:\/\/www.lift-mtb.com\/es\/#\/schema\/person\/fa547f8da54a4bb4059e88ea494d5e8d\"},\"headline\":\"Comentarios de los clientes\",\"datePublished\":\"2022-06-14T09:08:40+00:00\",\"dateModified\":\"2023-01-22T18:42:58+00:00\",\"mainEntityOfPage\":{\"@id\":\"https:\/\/www.lift-mtb.com\/es\/comentarios-de-los-clientes\/\"},\"wordCount\":16859,\"commentCount\":0,\"publisher\":{\"@id\":\"https:\/\/www.lift-mtb.com\/es\/#organization\"},\"image\":{\"@id\":\"https:\/\/www.lift-mtb.com\/es\/comentarios-de-los-clientes\/#primaryimage\"},\"thumbnailUrl\":\"https:\/\/www.lift-mtb.com\/wp-content\/uploads\/2022\/06\/kit-electrique-vtt-enduro-2-scaled.jpg\",\"articleSection\":[\"Prensa y comentarios de los clientes\"],\"inLanguage\":\"es\",\"potentialAction\":[{\"@type\":\"CommentAction\",\"name\":\"Comment\",\"target\":[\"https:\/\/www.lift-mtb.com\/es\/comentarios-de-los-clientes\/#respond\"]}]},{\"@type\":\"WebPage\",\"@id\":\"https:\/\/www.lift-mtb.com\/es\/comentarios-de-los-clientes\/\",\"url\":\"https:\/\/www.lift-mtb.com\/es\/comentarios-de-los-clientes\/\",\"name\":\"Comentarios de los clientes - LIFT-MTB\",\"isPartOf\":{\"@id\":\"https:\/\/www.lift-mtb.com\/es\/#website\"},\"primaryImageOfPage\":{\"@id\":\"https:\/\/www.lift-mtb.com\/es\/comentarios-de-los-clientes\/#primaryimage\"},\"image\":{\"@id\":\"https:\/\/www.lift-mtb.com\/es\/comentarios-de-los-clientes\/#primaryimage\"},\"thumbnailUrl\":\"https:\/\/www.lift-mtb.com\/wp-content\/uploads\/2022\/06\/kit-electrique-vtt-enduro-2-scaled.jpg\",\"datePublished\":\"2022-06-14T09:08:40+00:00\",\"dateModified\":\"2023-01-22T18:42:58+00:00\",\"breadcrumb\":{\"@id\":\"https:\/\/www.lift-mtb.com\/es\/comentarios-de-los-clientes\/#breadcrumb\"},\"inLanguage\":\"es\",\"potentialAction\":[{\"@type\":\"ReadAction\",\"target\":[\"https:\/\/www.lift-mtb.com\/es\/comentarios-de-los-clientes\/\"]}]},{\"@type\":\"ImageObject\",\"inLanguage\":\"es\",\"@id\":\"https:\/\/www.lift-mtb.com\/es\/comentarios-de-los-clientes\/#primaryimage\",\"url\":\"https:\/\/www.lift-mtb.com\/wp-content\/uploads\/2022\/06\/kit-electrique-vtt-enduro-2-scaled.jpg\",\"contentUrl\":\"https:\/\/www.lift-mtb.com\/wp-content\/uploads\/2022\/06\/kit-electrique-vtt-enduro-2-scaled.jpg\",\"width\":2560,\"height\":1696,\"caption\":\"DIY motor bike kit\"},{\"@type\":\"BreadcrumbList\",\"@id\":\"https:\/\/www.lift-mtb.com\/es\/comentarios-de-los-clientes\/#breadcrumb\",\"itemListElement\":[{\"@type\":\"ListItem\",\"position\":1,\"name\":\"Accueil\",\"item\":\"https:\/\/www.lift-mtb.com\/es\/\"},{\"@type\":\"ListItem\",\"position\":2,\"name\":\"Preguntas m\u00e1s frecuentes\",\"item\":\"https:\/\/www.lift-mtb.com\/es\/categoria\/preguntas-mas-frecuentes\/\"},{\"@type\":\"ListItem\",\"position\":3,\"name\":\"Prensa y comentarios de los clientes\",\"item\":\"https:\/\/www.lift-mtb.com\/es\/categoria\/preguntas-mas-frecuentes\/prensa-y-comentarios-de-los-clientes\/\"},{\"@type\":\"ListItem\",\"position\":4,\"name\":\"Comentarios de los clientes\"}]},{\"@type\":\"WebSite\",\"@id\":\"https:\/\/www.lift-mtb.com\/es\/#website\",\"url\":\"https:\/\/www.lift-mtb.com\/es\/\",\"name\":\"LIFT-MTB\",\"description\":\"Transformer son v\u00e9lo en \u00e9lectrique rapidement !\",\"publisher\":{\"@id\":\"https:\/\/www.lift-mtb.com\/es\/#organization\"},\"potentialAction\":[{\"@type\":\"SearchAction\",\"target\":{\"@type\":\"EntryPoint\",\"urlTemplate\":\"https:\/\/www.lift-mtb.com\/es\/?s={search_term_string}\"},\"query-input\":{\"@type\":\"PropertyValueSpecification\",\"valueRequired\":true,\"valueName\":\"search_term_string\"}}],\"inLanguage\":\"es\"},{\"@type\":\"Organization\",\"@id\":\"https:\/\/www.lift-mtb.com\/es\/#organization\",\"name\":\"LIFT-MTB\",\"url\":\"https:\/\/www.lift-mtb.com\/es\/\",\"logo\":{\"@type\":\"ImageObject\",\"inLanguage\":\"es\",\"@id\":\"https:\/\/www.lift-mtb.com\/es\/#\/schema\/logo\/image\/\",\"url\":\"https:\/\/www.lift-mtb.com\/wp-content\/uploads\/2022\/01\/electric-kit-for-bike-1.jpg\",\"contentUrl\":\"https:\/\/www.lift-mtb.com\/wp-content\/uploads\/2022\/01\/electric-kit-for-bike-1.jpg\",\"width\":1223,\"height\":560,\"caption\":\"LIFT-MTB\"},\"image\":{\"@id\":\"https:\/\/www.lift-mtb.com\/es\/#\/schema\/logo\/image\/\"}},{\"@type\":\"Person\",\"@id\":\"https:\/\/www.lift-mtb.com\/es\/#\/schema\/person\/fa547f8da54a4bb4059e88ea494d5e8d\",\"name\":\"Robin -\",\"image\":{\"@type\":\"ImageObject\",\"inLanguage\":\"es\",\"@id\":\"https:\/\/www.lift-mtb.com\/es\/#\/schema\/person\/image\/\",\"url\":\"https:\/\/secure.gravatar.com\/avatar\/ad17ef1ae460efcfc5fd4d654f62ac183df0b61c43a75291f31e0e5f374eb791?s=96&d=mm&r=g\",\"contentUrl\":\"https:\/\/secure.gravatar.com\/avatar\/ad17ef1ae460efcfc5fd4d654f62ac183df0b61c43a75291f31e0e5f374eb791?s=96&d=mm&r=g\",\"caption\":\"Robin -\"},\"url\":\"https:\/\/www.lift-mtb.com\"}]}<\/script>\n<!-- \/ Yoast SEO plugin. -->","yoast_head_json":{"title":"Comentarios de los clientes - LIFT-MTB","robots":{"index":"index","follow":"follow","max-snippet":"max-snippet:-1","max-image-preview":"max-image-preview:large","max-video-preview":"max-video-preview:-1"},"canonical":"https:\/\/www.lift-mtb.com\/es\/comentarios-de-los-clientes\/","og_locale":"es_ES","og_type":"article","og_title":"Comentarios de los clientes - LIFT-MTB","og_url":"https:\/\/www.lift-mtb.com\/es\/comentarios-de-los-clientes\/","og_site_name":"LIFT-MTB","article_published_time":"2022-06-14T09:08:40+00:00","article_modified_time":"2023-01-22T18:42:58+00:00","og_image":[{"width":2560,"height":1696,"url":"https:\/\/www.lift-mtb.com\/wp-content\/uploads\/2022\/06\/kit-electrique-vtt-enduro-2-scaled.jpg","type":"image\/jpeg"}],"author":"Robin -","twitter_card":"summary_large_image","twitter_misc":{"Escrito por":"Robin -","Tiempo de lectura":"84 minutos"},"schema":{"@context":"https:\/\/schema.org","@graph":[{"@type":"Article","@id":"https:\/\/www.lift-mtb.com\/es\/comentarios-de-los-clientes\/#article","isPartOf":{"@id":"https:\/\/www.lift-mtb.com\/es\/comentarios-de-los-clientes\/"},"author":{"name":"Robin -","@id":"https:\/\/www.lift-mtb.com\/es\/#\/schema\/person\/fa547f8da54a4bb4059e88ea494d5e8d"},"headline":"Comentarios de los clientes","datePublished":"2022-06-14T09:08:40+00:00","dateModified":"2023-01-22T18:42:58+00:00","mainEntityOfPage":{"@id":"https:\/\/www.lift-mtb.com\/es\/comentarios-de-los-clientes\/"},"wordCount":16859,"commentCount":0,"publisher":{"@id":"https:\/\/www.lift-mtb.com\/es\/#organization"},"image":{"@id":"https:\/\/www.lift-mtb.com\/es\/comentarios-de-los-clientes\/#primaryimage"},"thumbnailUrl":"https:\/\/www.lift-mtb.com\/wp-content\/uploads\/2022\/06\/kit-electrique-vtt-enduro-2-scaled.jpg","articleSection":["Prensa y comentarios de los clientes"],"inLanguage":"es","potentialAction":[{"@type":"CommentAction","name":"Comment","target":["https:\/\/www.lift-mtb.com\/es\/comentarios-de-los-clientes\/#respond"]}]},{"@type":"WebPage","@id":"https:\/\/www.lift-mtb.com\/es\/comentarios-de-los-clientes\/","url":"https:\/\/www.lift-mtb.com\/es\/comentarios-de-los-clientes\/","name":"Comentarios de los clientes - LIFT-MTB","isPartOf":{"@id":"https:\/\/www.lift-mtb.com\/es\/#website"},"primaryImageOfPage":{"@id":"https:\/\/www.lift-mtb.com\/es\/comentarios-de-los-clientes\/#primaryimage"},"image":{"@id":"https:\/\/www.lift-mtb.com\/es\/comentarios-de-los-clientes\/#primaryimage"},"thumbnailUrl":"https:\/\/www.lift-mtb.com\/wp-content\/uploads\/2022\/06\/kit-electrique-vtt-enduro-2-scaled.jpg","datePublished":"2022-06-14T09:08:40+00:00","dateModified":"2023-01-22T18:42:58+00:00","breadcrumb":{"@id":"https:\/\/www.lift-mtb.com\/es\/comentarios-de-los-clientes\/#breadcrumb"},"inLanguage":"es","potentialAction":[{"@type":"ReadAction","target":["https:\/\/www.lift-mtb.com\/es\/comentarios-de-los-clientes\/"]}]},{"@type":"ImageObject","inLanguage":"es","@id":"https:\/\/www.lift-mtb.com\/es\/comentarios-de-los-clientes\/#primaryimage","url":"https:\/\/www.lift-mtb.com\/wp-content\/uploads\/2022\/06\/kit-electrique-vtt-enduro-2-scaled.jpg","contentUrl":"https:\/\/www.lift-mtb.com\/wp-content\/uploads\/2022\/06\/kit-electrique-vtt-enduro-2-scaled.jpg","width":2560,"height":1696,"caption":"DIY motor bike kit"},{"@type":"BreadcrumbList","@id":"https:\/\/www.lift-mtb.com\/es\/comentarios-de-los-clientes\/#breadcrumb","itemListElement":[{"@type":"ListItem","position":1,"name":"Accueil","item":"https:\/\/www.lift-mtb.com\/es\/"},{"@type":"ListItem","position":2,"name":"Preguntas m\u00e1s frecuentes","item":"https:\/\/www.lift-mtb.com\/es\/categoria\/preguntas-mas-frecuentes\/"},{"@type":"ListItem","position":3,"name":"Prensa y comentarios de los clientes","item":"https:\/\/www.lift-mtb.com\/es\/categoria\/preguntas-mas-frecuentes\/prensa-y-comentarios-de-los-clientes\/"},{"@type":"ListItem","position":4,"name":"Comentarios de los clientes"}]},{"@type":"WebSite","@id":"https:\/\/www.lift-mtb.com\/es\/#website","url":"https:\/\/www.lift-mtb.com\/es\/","name":"LIFT-MTB","description":"Transformer son v\u00e9lo en \u00e9lectrique rapidement !","publisher":{"@id":"https:\/\/www.lift-mtb.com\/es\/#organization"},"potentialAction":[{"@type":"SearchAction","target":{"@type":"EntryPoint","urlTemplate":"https:\/\/www.lift-mtb.com\/es\/?s={search_term_string}"},"query-input":{"@type":"PropertyValueSpecification","valueRequired":true,"valueName":"search_term_string"}}],"inLanguage":"es"},{"@type":"Organization","@id":"https:\/\/www.lift-mtb.com\/es\/#organization","name":"LIFT-MTB","url":"https:\/\/www.lift-mtb.com\/es\/","logo":{"@type":"ImageObject","inLanguage":"es","@id":"https:\/\/www.lift-mtb.com\/es\/#\/schema\/logo\/image\/","url":"https:\/\/www.lift-mtb.com\/wp-content\/uploads\/2022\/01\/electric-kit-for-bike-1.jpg","contentUrl":"https:\/\/www.lift-mtb.com\/wp-content\/uploads\/2022\/01\/electric-kit-for-bike-1.jpg","width":1223,"height":560,"caption":"LIFT-MTB"},"image":{"@id":"https:\/\/www.lift-mtb.com\/es\/#\/schema\/logo\/image\/"}},{"@type":"Person","@id":"https:\/\/www.lift-mtb.com\/es\/#\/schema\/person\/fa547f8da54a4bb4059e88ea494d5e8d","name":"Robin -","image":{"@type":"ImageObject","inLanguage":"es","@id":"https:\/\/www.lift-mtb.com\/es\/#\/schema\/person\/image\/","url":"https:\/\/secure.gravatar.com\/avatar\/ad17ef1ae460efcfc5fd4d654f62ac183df0b61c43a75291f31e0e5f374eb791?s=96&d=mm&r=g","contentUrl":"https:\/\/secure.gravatar.com\/avatar\/ad17ef1ae460efcfc5fd4d654f62ac183df0b61c43a75291f31e0e5f374eb791?s=96&d=mm&r=g","caption":"Robin -"},"url":"https:\/\/www.lift-mtb.com"}]}},"_links":{"self":[{"href":"https:\/\/www.lift-mtb.com\/es\/wp-json\/wp\/v2\/posts\/38977","targetHints":{"allow":["GET"]}}],"collection":[{"href":"https:\/\/www.lift-mtb.com\/es\/wp-json\/wp\/v2\/posts"}],"about":[{"href":"https:\/\/www.lift-mtb.com\/es\/wp-json\/wp\/v2\/types\/post"}],"author":[{"embeddable":true,"href":"https:\/\/www.lift-mtb.com\/es\/wp-json\/wp\/v2\/users\/3"}],"replies":[{"embeddable":true,"href":"https:\/\/www.lift-mtb.com\/es\/wp-json\/wp\/v2\/comments?post=38977"}],"version-history":[{"count":5,"href":"https:\/\/www.lift-mtb.com\/es\/wp-json\/wp\/v2\/posts\/38977\/revisions"}],"predecessor-version":[{"id":44733,"href":"https:\/\/www.lift-mtb.com\/es\/wp-json\/wp\/v2\/posts\/38977\/revisions\/44733"}],"wp:featuredmedia":[{"embeddable":true,"href":"https:\/\/www.lift-mtb.com\/es\/wp-json\/wp\/v2\/media\/41788"}],"wp:attachment":[{"href":"https:\/\/www.lift-mtb.com\/es\/wp-json\/wp\/v2\/media?parent=38977"}],"wp:term":[{"taxonomy":"category","embeddable":true,"href":"https:\/\/www.lift-mtb.com\/es\/wp-json\/wp\/v2\/categories?post=38977"},{"taxonomy":"post_tag","embeddable":true,"href":"https:\/\/www.lift-mtb.com\/es\/wp-json\/wp\/v2\/tags?post=38977"}],"curies":[{"name":"wp","href":"https:\/\/api.w.org\/{rel}","templated":true}]}}