{"id":36541,"date":"2022-07-05T15:31:29","date_gmt":"2022-07-05T13:31:29","guid":{"rendered":"https:\/come-scegliere-una-batteria-per-bicicletta-elettrica\/"},"modified":"2023-01-22T19:14:56","modified_gmt":"2023-01-22T18:14:56","slug":"come-scegliere-una-batteria-per-bicicletta-elettrica","status":"publish","type":"post","link":"https:\/\/www.lift-mtb.com\/it\/come-scegliere-una-batteria-per-bicicletta-elettrica\/","title":{"rendered":"Come scegliere una batteria per bicicletta elettrica?"},"content":{"rendered":"<p><div class=\"fusion-fullwidth fullwidth-box fusion-builder-row-1 fusion-flex-container nonhundred-percent-fullwidth non-hundred-percent-height-scrolling\" style=\"--awb-border-radius-top-left:0px;--awb-border-radius-top-right:0px;--awb-border-radius-bottom-right:0px;--awb-border-radius-bottom-left:0px;--awb-flex-wrap:wrap;\" ><div class=\"fusion-builder-row fusion-row fusion-flex-align-items-flex-start fusion-flex-content-wrap\" style=\"max-width:1430px;margin-left: calc(-4% \/ 2 );margin-right: calc(-4% \/ 2 );\"><div class=\"fusion-layout-column fusion_builder_column fusion-builder-column-0 fusion_builder_column_1_1 1_1 fusion-flex-column\" style=\"--awb-bg-size:cover;--awb-width-large:100%;--awb-margin-top-large:0px;--awb-spacing-right-large:1.92%;--awb-margin-bottom-large:0px;--awb-spacing-left-large:1.92%;--awb-width-medium:100%;--awb-order-medium:0;--awb-spacing-right-medium:1.92%;--awb-spacing-left-medium:1.92%;--awb-width-small:100%;--awb-order-small:0;--awb-spacing-right-small:0%;--awb-margin-bottom-small:0px;--awb-spacing-left-small:0%;\"><div class=\"fusion-column-wrapper fusion-column-has-shadow fusion-flex-justify-content-flex-start fusion-content-layout-column\"><progress class=\"fusion-scroll-progress fusion-scroll-progress-1 fusion-fixed-top\" max=\"100\" style=\"--awb-height:10px;--awb-border-size:0px;--awb-background-color:#f2f3f5;--awb-progress-color:var(--awb-color7);--awb-border-color:#ffffff;\"><\/progress><div class=\"fusion-title title fusion-title-1 fusion-title-center fusion-title-text fusion-title-size-one\"><div class=\"title-sep-container title-sep-container-left\"><div class=\"title-sep sep- sep-solid\" style=\"border-color:#e2e2e2;\"><\/div><\/div><span class=\"awb-title-spacer\"><\/span><h1 class=\"fusion-title-heading title-heading-center fusion-responsive-typography-calculated\" style=\"margin:0;--fontSize:48;line-height:1.14;\"><h2 style=\"text-align: center;\">Autonomia delle biciclette elettriche: come scegliere la batteria?<\/h2><\/h1><span class=\"awb-title-spacer\"><\/span><div class=\"title-sep-container title-sep-container-right\"><div class=\"title-sep sep- sep-solid\" style=\"border-color:#e2e2e2;\"><\/div><\/div><\/div><\/div><\/div><\/div><\/div><div class=\"fusion-fullwidth fullwidth-box fusion-builder-row-2 fusion-flex-container nonhundred-percent-fullwidth non-hundred-percent-height-scrolling fusion-no-medium-visibility fusion-no-large-visibility\" style=\"--awb-border-radius-top-left:0px;--awb-border-radius-top-right:0px;--awb-border-radius-bottom-right:0px;--awb-border-radius-bottom-left:0px;--awb-padding-right:10px;--awb-padding-left:10px;--awb-flex-wrap:wrap;\" ><div class=\"fusion-builder-row fusion-row fusion-flex-align-items-center fusion-flex-content-wrap\" style=\"max-width:1430px;margin-left: calc(-4% \/ 2 );margin-right: calc(-4% \/ 2 );\"><div class=\"fusion-layout-column fusion_builder_column fusion-builder-column-1 fusion_builder_column_1_1 1_1 fusion-flex-column\" style=\"--awb-bg-size:cover;--awb-width-large:100%;--awb-margin-top-large:0px;--awb-spacing-right-large:1.92%;--awb-margin-bottom-large:20px;--awb-spacing-left-large:1.92%;--awb-width-medium:100%;--awb-order-medium:0;--awb-spacing-right-medium:1.92%;--awb-spacing-left-medium:1.92%;--awb-width-small:100%;--awb-order-small:0;--awb-spacing-right-small:1.92%;--awb-margin-bottom-small:0px;--awb-spacing-left-small:1.92%;\"><div class=\"fusion-column-wrapper fusion-column-has-shadow fusion-flex-justify-content-flex-start fusion-content-layout-column\"><div class=\"fusion-text fusion-text-1\"><p>Cos\u00ec come il serbatoio di un&#8217;auto contiene un volume di carburante espresso in <strong>litri<\/strong>, la <strong>batteria di una bicicletta elettrica<\/strong> contiene una quantit\u00e0 di energia espressa in <strong>Ampere\/ora<\/strong> o <strong>Watt\/ora<\/strong>.<\/p>\n<\/div><div class=\"fusion-image-element \" style=\"text-align:center;--awb-margin-top:10px;--awb-margin-bottom:20px;--awb-caption-title-font-family:var(--h2_typography-font-family);--awb-caption-title-font-weight:var(--h2_typography-font-weight);--awb-caption-title-font-style:var(--h2_typography-font-style);--awb-caption-title-size:var(--h2_typography-font-size);--awb-caption-title-transform:var(--h2_typography-text-transform);--awb-caption-title-line-height:var(--h2_typography-line-height);--awb-caption-title-letter-spacing:var(--h2_typography-letter-spacing);\"><span class=\" fusion-imageframe imageframe-none imageframe-1 hover-type-none\"><img decoding=\"async\" width=\"4710\" height=\"3120\" alt=\"batterie vtt lift mtb 11.6ah\" title=\"batteria vttae lift mtb 8.7ah 11.6ah + borsa\" src=\"http:\/\/lift-mtb.com\/wp-content\/uploads\/2022\/02\/batterie-vttae-lift-mtb-8-7ah-11-6ah-bag.jpg\" class=\"img-responsive wp-image-8417\"\/><\/span><\/div><div class=\"fusion-text fusion-text-2\"><p>Quindi, come un serbatoio, maggiore \u00e8 la capacit\u00e0 di una batteria (in Ampere\/ora o Watt\/ora), maggiore \u00e8 l&#8217;energia che pu\u00f2 immagazzinare, in modo da poter pedalare pi\u00f9 a lungo.<\/p>\n<p>La potenza del motore a pedali <strong>rimarr\u00e0 invariata <\/strong>indipendentemente dalla capacit\u00e0 della <strong>batteria della bicicletta elettrica<\/strong> scelta.<\/p>\n<\/div><div class=\"fusion-text fusion-text-3\"><p>Per semplificare le cose, abbiamo sviluppato una tabella di stima che tiene conto dello sforzo compiuto dal ciclista e che consente di determinare facilmente la capacit\u00e0 della batteria della bicicletta elettrica che fa al caso vostro. La tabella dei consumi \u00e8 stata realizzata nel modo pi\u00f9 obiettivo e onesto possibile, affinch\u00e9 i clienti siano soddisfatti dei loro acquisti.<\/p>\n<\/div><\/div><\/div><div class=\"fusion-layout-column fusion_builder_column fusion-builder-column-2 fusion_builder_column_1_1 1_1 fusion-flex-column\" style=\"--awb-bg-size:cover;--awb-width-large:100%;--awb-margin-top-large:0px;--awb-spacing-right-large:1.92%;--awb-margin-bottom-large:20px;--awb-spacing-left-large:1.92%;--awb-width-medium:100%;--awb-order-medium:0;--awb-spacing-right-medium:1.92%;--awb-spacing-left-medium:1.92%;--awb-width-small:100%;--awb-order-small:0;--awb-spacing-right-small:1.92%;--awb-spacing-left-small:1.92%;\"><div class=\"fusion-column-wrapper fusion-column-has-shadow fusion-flex-justify-content-flex-start fusion-content-layout-column\"><div class=\"fusion-image-element \" style=\"text-align:center;--awb-caption-title-font-family:var(--h2_typography-font-family);--awb-caption-title-font-weight:var(--h2_typography-font-weight);--awb-caption-title-font-style:var(--h2_typography-font-style);--awb-caption-title-size:var(--h2_typography-font-size);--awb-caption-title-transform:var(--h2_typography-text-transform);--awb-caption-title-line-height:var(--h2_typography-line-height);--awb-caption-title-letter-spacing:var(--h2_typography-letter-spacing);\"><span class=\" fusion-imageframe imageframe-none imageframe-2 hover-type-none\"><img decoding=\"async\" width=\"1323\" height=\"595\" alt=\"tableau perf batterie \" title=\"Tabella dei consumi INT\" src=\"http:\/\/lift-mtb.com\/wp-content\/uploads\/2022\/01\/tableau-de-consomation-int.jpg\" class=\"img-responsive wp-image-29271\" srcset=\"https:\/\/www.lift-mtb.com\/wp-content\/uploads\/2022\/01\/tableau-de-consomation-int-200x90.jpg 200w, https:\/\/www.lift-mtb.com\/wp-content\/uploads\/2022\/01\/tableau-de-consomation-int-400x180.jpg 400w, https:\/\/www.lift-mtb.com\/wp-content\/uploads\/2022\/01\/tableau-de-consomation-int-600x270.jpg 600w, https:\/\/www.lift-mtb.com\/wp-content\/uploads\/2022\/01\/tableau-de-consomation-int-800x360.jpg 800w, https:\/\/www.lift-mtb.com\/wp-content\/uploads\/2022\/01\/tableau-de-consomation-int-1200x540.jpg 1200w, https:\/\/www.lift-mtb.com\/wp-content\/uploads\/2022\/01\/tableau-de-consomation-int.jpg 1323w\" sizes=\"(max-width: 1024px) 100vw, (max-width: 640px) 100vw, 1323px\" \/><\/span><\/div><\/div><\/div><div class=\"fusion-layout-column fusion_builder_column fusion-builder-column-3 fusion_builder_column_1_1 1_1 fusion-flex-column\" style=\"--awb-bg-size:cover;--awb-width-large:100%;--awb-margin-top-large:0px;--awb-spacing-right-large:1.92%;--awb-margin-bottom-large:20px;--awb-spacing-left-large:1.92%;--awb-width-medium:100%;--awb-order-medium:0;--awb-spacing-right-medium:1.92%;--awb-spacing-left-medium:1.92%;--awb-width-small:100%;--awb-order-small:0;--awb-spacing-right-small:1.92%;--awb-spacing-left-small:1.92%;\"><div class=\"fusion-column-wrapper fusion-column-has-shadow fusion-flex-justify-content-flex-start fusion-content-layout-column\"><div class=\"fusion-image-element \" style=\"--awb-caption-title-font-family:var(--h2_typography-font-family);--awb-caption-title-font-weight:var(--h2_typography-font-weight);--awb-caption-title-font-style:var(--h2_typography-font-style);--awb-caption-title-size:var(--h2_typography-font-size);--awb-caption-title-transform:var(--h2_typography-text-transform);--awb-caption-title-line-height:var(--h2_typography-line-height);--awb-caption-title-letter-spacing:var(--h2_typography-letter-spacing);\"><span class=\" fusion-imageframe imageframe-none imageframe-3 hover-type-none\"><img decoding=\"async\" width=\"1024\" height=\"392\" alt=\"tarifs batterie lift\" title=\"Schermata 2022-07-06 alle 11.00.25\" src=\"http:\/\/lift-mtb.com\/wp-content\/uploads\/2020\/01\/capture-decran-2022-07-06-a-11-00-25-1024x392.png\" class=\"img-responsive wp-image-26001\" srcset=\"https:\/\/www.lift-mtb.com\/wp-content\/uploads\/2020\/01\/capture-decran-2022-07-06-a-11-00-25-200x76.png 200w, https:\/\/www.lift-mtb.com\/wp-content\/uploads\/2020\/01\/capture-decran-2022-07-06-a-11-00-25-400x153.png 400w, https:\/\/www.lift-mtb.com\/wp-content\/uploads\/2020\/01\/capture-decran-2022-07-06-a-11-00-25-600x229.png 600w, https:\/\/www.lift-mtb.com\/wp-content\/uploads\/2020\/01\/capture-decran-2022-07-06-a-11-00-25-800x306.png 800w, https:\/\/www.lift-mtb.com\/wp-content\/uploads\/2020\/01\/capture-decran-2022-07-06-a-11-00-25-1200x459.png 1200w, https:\/\/www.lift-mtb.com\/wp-content\/uploads\/2020\/01\/capture-decran-2022-07-06-a-11-00-25.png 2772w\" sizes=\"(max-width: 1024px) 100vw, (max-width: 640px) 100vw, 1024px\" \/><\/span><\/div><\/div><\/div><div class=\"fusion-layout-column fusion_builder_column fusion-builder-column-4 fusion_builder_column_1_1 1_1 fusion-flex-column\" style=\"--awb-bg-size:cover;--awb-width-large:100%;--awb-margin-top-large:0px;--awb-spacing-right-large:1.92%;--awb-margin-bottom-large:20px;--awb-spacing-left-large:1.92%;--awb-width-medium:100%;--awb-order-medium:0;--awb-spacing-right-medium:1.92%;--awb-spacing-left-medium:1.92%;--awb-width-small:100%;--awb-order-small:0;--awb-spacing-right-small:1.92%;--awb-spacing-left-small:1.92%;\"><div class=\"fusion-column-wrapper fusion-column-has-shadow fusion-flex-justify-content-flex-start fusion-content-layout-column\"><div class=\"fusion-text fusion-text-4\"><p style=\"text-align: justify;\">Il timore di esaurire la batteria per un utente inesperto \u00e8 la preoccupazione principale, quindi la scelta della giusta batteria per <strong>bici elettrica<\/strong> \u00e8 fondamentale.<\/p>\n<p style=\"text-align: justify;\">Molti vogliono batterie enormi per paura di rimanere a secco.<\/p>\n<p>Questo ragionamento pu\u00f2 sembrare comprensibile, ma non sempre ha senso, perch\u00e9 a differenza di alcuni motori BOSCH o di altri che rimangono bloccati se la batteria \u00e8 scarica <strong><br \/>\n  <span style=\"text-decoration: underline;\">i<\/span><br \/>\n  <span style=\"text-decoration: underline;\">\u00e8 possibile tornare a casa in bicicletta!<\/span><br \/>\n<\/strong><\/p>\n<p>Soprattutto perch\u00e9 il <strong>motore a pedale<\/strong> <strong><br \/>\n  <span style=\"color: hsl(0, 100%, 50%);\">LIFT-MTB<\/span><br \/>\n<\/strong> \u00e8 molto leggero e permette di pedalare senza attrito anche senza l&#8217;aiuto del motore.<\/p>\n<p>I principianti pensano di avere una bicicletta inutilizzabile senza assistenza, ma non \u00e8 affatto cos\u00ec! Rimarrete sorpresi quando proverete&#8230;<\/p>\n<p><strong>Un esempio semplice:<\/strong> prendete la bicicletta di un amico che \u00e8 pi\u00f9 pesante della vostra, pensate che sia impossibile percorrere qualche chilometro?<\/p>\n<p>Con gli indicatori di carica sul manubrio, sarete abbastanza attenti a gestire la batteria e a non trovarvi lontani da casa con la batteria scarica.<\/p>\n<p>Quando la batteria \u00e8 carica, si accendono le spie verde, arancione e rossa.<\/p>\n<p>Dopo qualche chilometro, la luce verde si spegner\u00e0 gradualmente, poi sar\u00e0 la volta della luce arancione a spegnersi, quando rimarr\u00e0 solo la luce rossa, il BMS regoler\u00e0 e taglier\u00e0 la batteria; non resta che ricaricarla.<\/p>\n<p style=\"text-align: center;\">Entrano in gioco molti parametri.<\/p>\n<p style=\"text-align: center;\"><span style=\"color: hsl(0, 100%, 50%); font-size: 18px;\"><strong>Secondo i nostri test, da un individuo all&#8217;altro sullo stesso percorso, l&#8217;autonomia pu\u00f2 variare da semplice a tripla!<\/strong><\/span><\/p>\n<\/div><div class=\"fusion-text fusion-text-5\"><p>Vi proponiamo quindi di scegliere la batteria che vi sembra pi\u00f9 adatta alla vostra pratica, se dopo alcuni utilizzi ritenete di aver bisogno di una batteria diversa, potrete rispedirci la vostra batteria per sostituirla con un altro modello della nostra gamma* (in Francia metropolitana, solo sotto i 20 giorni, condizioni globali su richiesta).<\/p>\n<\/div><\/div><\/div><\/div><\/div><div class=\"fusion-fullwidth fullwidth-box fusion-builder-row-3 has-pattern-background has-mask-background nonhundred-percent-fullwidth non-hundred-percent-height-scrolling fusion-no-medium-visibility fusion-no-large-visibility\" style=\"--awb-border-radius-top-left:0px;--awb-border-radius-top-right:0px;--awb-border-radius-bottom-right:0px;--awb-border-radius-bottom-left:0px;--awb-flex-wrap:wrap;\" ><div class=\"fusion-builder-row fusion-row\"><div class=\"fusion-layout-column fusion_builder_column fusion-builder-column-5 fusion_builder_column_1_1 1_1 fusion-one-full fusion-column-first fusion-column-last\" style=\"--awb-bg-size:cover;\"><div class=\"fusion-column-wrapper fusion-column-has-shadow fusion-flex-column-wrapper-legacy\"><div class=\"fusion-column-content-centered\"><div class=\"fusion-column-content\"><div class=\"fusion-image-element fusion-image-align-center in-legacy-container\" style=\"text-align:center;--awb-caption-title-font-family:var(--h2_typography-font-family);--awb-caption-title-font-weight:var(--h2_typography-font-weight);--awb-caption-title-font-style:var(--h2_typography-font-style);--awb-caption-title-size:var(--h2_typography-font-size);--awb-caption-title-transform:var(--h2_typography-text-transform);--awb-caption-title-line-height:var(--h2_typography-line-height);--awb-caption-title-letter-spacing:var(--h2_typography-letter-spacing);\"><div class=\"imageframe-align-center\"><span class=\" fusion-imageframe imageframe-none imageframe-4 hover-type-none\"><img decoding=\"async\" width=\"1979\" height=\"556\" alt=\"Video LIFT-MTB\" title=\"Video LIFT MTB\" src=\"http:\/\/lift-mtb.com\/wp-content\/uploads\/2017\/12\/lift-mtb-video.jpg\" class=\"img-responsive wp-image-4809\"\/><\/span><\/div><\/div><div class=\"fusion-text fusion-text-6\" style=\"--awb-content-alignment:center;--awb-font-size:var(--awb-typography5-font-size);--awb-line-height:var(--awb-typography5-line-height);--awb-letter-spacing:var(--awb-typography5-letter-spacing);--awb-text-transform:var(--awb-typography5-text-transform);--awb-text-font-family:var(--awb-typography5-font-family);--awb-text-font-weight:var(--awb-typography5-font-weight);--awb-text-font-style:var(--awb-typography5-font-style);\"><p>Di seguito un video che spiega come scegliere la batteria di una bicicletta elettrica<\/p>\n<\/div><\/div><\/div><div class=\"fusion-clearfix\"><\/div><\/div><\/div><div class=\"fusion-layout-column fusion_builder_column fusion-builder-column-6 fusion_builder_column_1_1 1_1 fusion-one-full fusion-column-first fusion-column-last\" style=\"--awb-bg-size:cover;\"><div class=\"fusion-column-wrapper fusion-column-has-shadow fusion-flex-column-wrapper-legacy\"><div class=\"fusion-column-content-centered\"><div class=\"fusion-column-content\"><div class=\"fusion-video fusion-youtube\" style=\"--awb-max-width:600px;--awb-max-height:360px;\"><div class=\"video-shortcode\"><div class=\"fluid-width-video-wrapper\" style=\"padding-top:60%;\" ><iframe title=\"YouTube video player 1\" src=\"https:\/\/www.youtube.com\/embed\/4lZmxDP_WwU?wmode=transparent&autoplay=0\" width=\"600\" height=\"360\" allowfullscreen allow=\"autoplay; clipboard-write; encrypted-media; gyroscope; picture-in-picture;\"><\/iframe><\/div><\/div><\/div><\/div><\/div><div class=\"fusion-clearfix\"><\/div><\/div><\/div><\/div><\/div><div class=\"fusion-fullwidth fullwidth-box fusion-builder-row-4 fusion-flex-container nonhundred-percent-fullwidth non-hundred-percent-height-scrolling fusion-no-small-visibility\" style=\"--awb-border-radius-top-left:0px;--awb-border-radius-top-right:0px;--awb-border-radius-bottom-right:0px;--awb-border-radius-bottom-left:0px;--awb-padding-right:10px;--awb-padding-left:10px;--awb-flex-wrap:wrap;\" ><div class=\"fusion-builder-row fusion-row fusion-flex-align-items-center fusion-flex-content-wrap\" style=\"max-width:1430px;margin-left: calc(-4% \/ 2 );margin-right: calc(-4% \/ 2 );\"><div class=\"fusion-layout-column fusion_builder_column fusion-builder-column-7 fusion_builder_column_3_5 3_5 fusion-flex-column\" style=\"--awb-bg-size:cover;--awb-width-large:60%;--awb-margin-top-large:0px;--awb-spacing-right-large:3.2%;--awb-margin-bottom-large:20px;--awb-spacing-left-large:3.2%;--awb-width-medium:100%;--awb-order-medium:0;--awb-spacing-right-medium:1.92%;--awb-spacing-left-medium:1.92%;--awb-width-small:100%;--awb-order-small:0;--awb-spacing-right-small:1.92%;--awb-spacing-left-small:1.92%;\"><div class=\"fusion-column-wrapper fusion-column-has-shadow fusion-flex-justify-content-flex-start fusion-content-layout-column\"><div class=\"fusion-text fusion-text-7\" style=\"--awb-text-transform:none;\"><p>Cos\u00ec come il serbatoio di un&#8217;auto contiene un volume di carburante espresso in <strong>litri<\/strong>, la <strong>batteria di una bicicletta elettrica<\/strong> contiene una quantit\u00e0 di energia espressa in <strong>Ampere\/ora<\/strong> o <strong>Watt\/ora<\/strong>.<\/p>\n<p>Quindi, come nel caso del serbatoio di un&#8217;auto, maggiore \u00e8 la capacit\u00e0 di una batteria (in Ampere\/ora o Watt\/ora), maggiore \u00e8 l&#8217;energia che pu\u00f2 immagazzinare, per poter fare viaggi pi\u00f9 lunghi.<\/p>\n<p>La potenza del motore a pedali <strong>rimarr\u00e0 invariata <\/strong>indipendentemente dalla capacit\u00e0 della <strong>batteria della bicicletta elettrica<\/strong> scelta.<\/p>\n<\/div><\/div><\/div><div class=\"fusion-layout-column fusion_builder_column fusion-builder-column-8 fusion_builder_column_2_5 2_5 fusion-flex-column fusion-flex-align-self-center\" style=\"--awb-padding-bottom-small:0px;--awb-bg-size:cover;--awb-width-large:40%;--awb-margin-top-large:0px;--awb-spacing-right-large:4.8%;--awb-margin-bottom-large:20px;--awb-spacing-left-large:4.8%;--awb-width-medium:100%;--awb-order-medium:0;--awb-spacing-right-medium:1.92%;--awb-spacing-left-medium:1.92%;--awb-width-small:100%;--awb-order-small:0;--awb-spacing-right-small:1.92%;--awb-margin-bottom-small:0px;--awb-spacing-left-small:1.92%;\"><div class=\"fusion-column-wrapper fusion-column-has-shadow fusion-flex-justify-content-flex-start fusion-content-layout-column\"><div class=\"fusion-image-element sm-text-align-center\" style=\"--awb-max-width:400px;--awb-caption-title-font-family:var(--h2_typography-font-family);--awb-caption-title-font-weight:var(--h2_typography-font-weight);--awb-caption-title-font-style:var(--h2_typography-font-style);--awb-caption-title-size:var(--h2_typography-font-size);--awb-caption-title-transform:var(--h2_typography-text-transform);--awb-caption-title-line-height:var(--h2_typography-line-height);--awb-caption-title-letter-spacing:var(--h2_typography-letter-spacing);\"><span class=\" fusion-imageframe imageframe-none imageframe-5 hover-type-none\"><img decoding=\"async\" width=\"2200\" height=\"1457\" alt=\"ELECTRIC BIKE KIT\" src=\"http:\/\/lift-mtb.com\/wp-content\/uploads\/2022\/01\/nuke-proof-lift-mtb-2022-9-top-1-sur-1.jpg\" class=\"img-responsive wp-image-25494\" srcset=\"https:\/\/www.lift-mtb.com\/wp-content\/uploads\/2022\/01\/nuke-proof-lift-mtb-2022-9-top-1-sur-1-200x132.jpg 200w, https:\/\/www.lift-mtb.com\/wp-content\/uploads\/2022\/01\/nuke-proof-lift-mtb-2022-9-top-1-sur-1-400x265.jpg 400w, https:\/\/www.lift-mtb.com\/wp-content\/uploads\/2022\/01\/nuke-proof-lift-mtb-2022-9-top-1-sur-1-600x397.jpg 600w, https:\/\/www.lift-mtb.com\/wp-content\/uploads\/2022\/01\/nuke-proof-lift-mtb-2022-9-top-1-sur-1-800x530.jpg 800w, https:\/\/www.lift-mtb.com\/wp-content\/uploads\/2022\/01\/nuke-proof-lift-mtb-2022-9-top-1-sur-1-1200x795.jpg 1200w, https:\/\/www.lift-mtb.com\/wp-content\/uploads\/2022\/01\/nuke-proof-lift-mtb-2022-9-top-1-sur-1.jpg 2200w\" sizes=\"(max-width: 1024px) 100vw, (max-width: 640px) 100vw, 600px\" \/><\/span><\/div><\/div><\/div><\/div><\/div><div class=\"fusion-fullwidth fullwidth-box fusion-builder-row-5 fusion-flex-container has-pattern-background has-mask-background nonhundred-percent-fullwidth non-hundred-percent-height-scrolling fusion-no-small-visibility\" style=\"--awb-border-radius-top-left:0px;--awb-border-radius-top-right:0px;--awb-border-radius-bottom-right:0px;--awb-border-radius-bottom-left:0px;--awb-flex-wrap:wrap;\" ><div class=\"fusion-builder-row fusion-row fusion-flex-align-items-flex-start fusion-flex-content-wrap\" style=\"max-width:1430px;margin-left: calc(-4% \/ 2 );margin-right: calc(-4% \/ 2 );\"><div class=\"fusion-layout-column fusion_builder_column fusion-builder-column-9 fusion_builder_column_1_1 1_1 fusion-flex-column\" style=\"--awb-padding-top:6px;--awb-bg-blend:overlay;--awb-bg-size:cover;--awb-width-large:100%;--awb-margin-top-large:0px;--awb-spacing-right-large:1.92%;--awb-margin-bottom-large:0px;--awb-spacing-left-large:1.92%;--awb-width-medium:100%;--awb-spacing-right-medium:1.92%;--awb-spacing-left-medium:1.92%;--awb-width-small:100%;--awb-spacing-right-small:1.92%;--awb-spacing-left-small:1.92%;\"><div class=\"fusion-column-wrapper fusion-flex-justify-content-flex-start fusion-content-layout-column\"><div class=\"fusion-separator fusion-full-width-sep\" style=\"align-self: center;margin-left: auto;margin-right: auto;margin-top:20px;margin-bottom:20px;width:100%;\"><div class=\"fusion-separator-border sep-single sep-solid\" style=\"--awb-height:20px;--awb-amount:20px;border-color:#e0dede;border-top-width:1px;\"><\/div><\/div><div class=\"fusion-text fusion-text-8\"><p>Per semplificare le cose, abbiamo sviluppato una tabella di stima che tiene conto dello sforzo compiuto dal ciclista e che consente di determinare facilmente la capacit\u00e0 della batteria della bicicletta elettrica che fa al caso vostro.<\/p>\n<p>La tabella dei consumi \u00e8 stata realizzata nel modo pi\u00f9 obiettivo e onesto possibile, affinch\u00e9 i clienti siano soddisfatti dei loro acquisti.<\/p>\n<\/div><div class=\"fusion-separator fusion-full-width-sep\" style=\"align-self: center;margin-left: auto;margin-right: auto;margin-top:20px;margin-bottom:20px;width:100%;\"><div class=\"fusion-separator-border sep-single sep-solid\" style=\"--awb-height:20px;--awb-amount:20px;border-color:#e0dede;border-top-width:1px;\"><\/div><\/div><div class=\"fusion-image-element \" style=\"text-align:center;--awb-max-width:1000px;--awb-caption-title-font-family:var(--h2_typography-font-family);--awb-caption-title-font-weight:var(--h2_typography-font-weight);--awb-caption-title-font-style:var(--h2_typography-font-style);--awb-caption-title-size:var(--h2_typography-font-size);--awb-caption-title-transform:var(--h2_typography-text-transform);--awb-caption-title-line-height:var(--h2_typography-line-height);--awb-caption-title-letter-spacing:var(--h2_typography-letter-spacing);\"><span class=\" fusion-imageframe imageframe-none imageframe-6 hover-type-none\"><img decoding=\"async\" width=\"1190\" height=\"588\" alt=\"tabella di consumo delle biciclette elettriche\" title=\"tabella dei consumi-int-1\" src=\"http:\/\/lift-mtb.com\/wp-content\/uploads\/2022\/01\/tableau-de-consomation-int-1.jpg\" class=\"img-responsive wp-image-10661\"\/><\/span><\/div><div class=\"fusion-separator fusion-full-width-sep\" style=\"align-self: center;margin-left: auto;margin-right: auto;margin-top:20px;margin-bottom:20px;width:100%;\"><div class=\"fusion-separator-border sep-single sep-solid\" style=\"--awb-height:20px;--awb-amount:20px;border-color:#e0dede;border-top-width:1px;\"><\/div><\/div><\/div><\/div><div class=\"fusion-layout-column fusion_builder_column fusion-builder-column-10 fusion_builder_column_2_3 2_3 fusion-flex-column\" style=\"--awb-bg-size:cover;--awb-width-large:66.666666666667%;--awb-margin-top-large:0px;--awb-spacing-right-large:2.88%;--awb-margin-bottom-large:20px;--awb-spacing-left-large:2.88%;--awb-width-medium:100%;--awb-order-medium:0;--awb-spacing-right-medium:1.92%;--awb-spacing-left-medium:1.92%;--awb-width-small:100%;--awb-order-small:0;--awb-spacing-right-small:1.92%;--awb-spacing-left-small:1.92%;\"><div class=\"fusion-column-wrapper fusion-column-has-shadow fusion-flex-justify-content-flex-start fusion-content-layout-column\"><div class=\"fusion-text fusion-text-9\"><p style=\"text-align: justify;\">Il timore di esaurire la batteria per un utente inesperto \u00e8 la preoccupazione principale, quindi la scelta della giusta batteria per <strong>bici elettrica<\/strong> \u00e8 fondamentale.<\/p>\n<p style=\"text-align: justify;\">Molti vogliono batterie enormi per paura di rimanere a secco.<\/p>\n<p>Questo ragionamento pu\u00f2 sembrare comprensibile, ma non sempre ha senso, perch\u00e9 a differenza di alcuni motori BOSCH o di altri che rimangono bloccati se la batteria \u00e8 scarica <strong><br \/>\n  <span style=\"text-decoration: underline;\">i<\/span><br \/>\n  <span style=\"text-decoration: underline;\">\u00e8 possibile tornare a casa in bicicletta!<\/span><br \/>\n<\/strong><\/p>\n<p>Soprattutto perch\u00e9 il <strong>motore a pedale<\/strong> <strong><br \/>\n  <span style=\"color: hsl(0, 100%, 50%);\">LIFT-MTB<\/span><br \/>\n<\/strong> \u00e8 molto leggero e permette di pedalare senza attrito anche senza l&#8217;aiuto del motore.<\/p>\n<p>I principianti pensano di avere una bicicletta inutilizzabile senza assistenza, ma non \u00e8 affatto cos\u00ec! Rimarrete sorpresi quando proverete&#8230;<\/p>\n<p><strong>Un esempio semplice:<\/strong> prendete la bicicletta di un amico che \u00e8 pi\u00f9 pesante della vostra, pensate che sia impossibile percorrere qualche chilometro?<\/p>\n<p>Con gli indicatori di carica sul manubrio, sarete abbastanza attenti a gestire la batteria e a non trovarvi lontani da casa con la batteria scarica.<\/p>\n<p>Quando la batteria \u00e8 carica, si accendono le spie verde, arancione e rossa.<\/p>\n<p>Dopo qualche chilometro, la luce verde si spegner\u00e0 gradualmente, poi sar\u00e0 la volta della luce arancione a spegnersi, quando rimarr\u00e0 solo la luce rossa, il BMS regoler\u00e0 e taglier\u00e0 la batteria; non resta che ricaricarla.<\/p>\n<p style=\"text-align: center;\"><a href=\"https:\/\/www.youtube.com\/watch?v=gtG8FQJIpqc\">Entrano in gioco molti parametri.<\/a><\/p>\n<p style=\"text-align: center;\"><span style=\"color: hsl(0, 100%, 50%); font-size: 18px;\"><strong>Secondo i nostri test, da un individuo all&#8217;altro sullo stesso percorso, l&#8217;autonomia pu\u00f2 variare da semplice a tripla!<\/strong><\/span><\/p>\n<\/div><\/div><\/div><div class=\"fusion-layout-column fusion_builder_column fusion-builder-column-11 fusion_builder_column_1_3 1_3 fusion-flex-column\" style=\"--awb-bg-size:cover;--awb-width-large:33.333333333333%;--awb-margin-top-large:0px;--awb-spacing-right-large:5.76%;--awb-margin-bottom-large:20px;--awb-spacing-left-large:5.76%;--awb-width-medium:100%;--awb-order-medium:0;--awb-spacing-right-medium:1.92%;--awb-spacing-left-medium:1.92%;--awb-width-small:100%;--awb-order-small:0;--awb-spacing-right-small:1.92%;--awb-spacing-left-small:1.92%;\"><div class=\"fusion-column-wrapper fusion-column-has-shadow fusion-flex-justify-content-flex-start fusion-content-layout-column\"><div class=\"fusion-image-element \" style=\"--awb-caption-title-font-family:var(--h2_typography-font-family);--awb-caption-title-font-weight:var(--h2_typography-font-weight);--awb-caption-title-font-style:var(--h2_typography-font-style);--awb-caption-title-size:var(--h2_typography-font-size);--awb-caption-title-transform:var(--h2_typography-text-transform);--awb-caption-title-line-height:var(--h2_typography-line-height);--awb-caption-title-letter-spacing:var(--h2_typography-letter-spacing);\"><span class=\" fusion-imageframe imageframe-none imageframe-7 hover-type-none\"><img decoding=\"async\" width=\"2560\" height=\"1695\" alt=\"comment choisir sa batterie \" title=\"salita in bicicletta elettrica\" src=\"http:\/\/lift-mtb.com\/wp-content\/uploads\/2022\/07\/tof-6-1-sur-1-scaled.jpg\" class=\"img-responsive wp-image-35588\" srcset=\"https:\/\/www.lift-mtb.com\/wp-content\/uploads\/2022\/07\/tof-6-1-sur-1-200x132.jpg 200w, https:\/\/www.lift-mtb.com\/wp-content\/uploads\/2022\/07\/tof-6-1-sur-1-400x265.jpg 400w, https:\/\/www.lift-mtb.com\/wp-content\/uploads\/2022\/07\/tof-6-1-sur-1-600x397.jpg 600w, https:\/\/www.lift-mtb.com\/wp-content\/uploads\/2022\/07\/tof-6-1-sur-1-800x530.jpg 800w, https:\/\/www.lift-mtb.com\/wp-content\/uploads\/2022\/07\/tof-6-1-sur-1-1200x795.jpg 1200w, https:\/\/www.lift-mtb.com\/wp-content\/uploads\/2022\/07\/tof-6-1-sur-1-scaled.jpg 2560w\" sizes=\"(max-width: 1024px) 100vw, (max-width: 640px) 100vw, 600px\" \/><\/span><\/div><\/div><\/div><div class=\"fusion-layout-column fusion_builder_column fusion-builder-column-12 fusion_builder_column_1_1 1_1 fusion-flex-column\" style=\"--awb-bg-size:cover;--awb-width-large:100%;--awb-margin-top-large:0px;--awb-spacing-right-large:1.92%;--awb-margin-bottom-large:20px;--awb-spacing-left-large:1.92%;--awb-width-medium:100%;--awb-order-medium:0;--awb-spacing-right-medium:1.92%;--awb-spacing-left-medium:1.92%;--awb-width-small:100%;--awb-order-small:0;--awb-spacing-right-small:1.92%;--awb-spacing-left-small:1.92%;\"><div class=\"fusion-column-wrapper fusion-column-has-shadow fusion-flex-justify-content-center fusion-content-layout-column\"><div class=\"fusion-separator fusion-full-width-sep\" style=\"align-self: center;margin-left: auto;margin-right: auto;margin-bottom:10px;width:100%;\"><\/div><div class=\"fusion-text fusion-text-10\" style=\"--awb-font-size:16px;--awb-line-height:var(--awb-typography4-line-height);--awb-letter-spacing:var(--awb-typography4-letter-spacing);--awb-text-transform:var(--awb-typography4-text-transform);\"><p><img decoding=\"async\" class=\"alignright wp-image-4811\" src=\"http:\/\/lift-mtb.com\/wp-content\/uploads\/2017\/12\/satisfait-ou-remplace.jpg\" alt=\"\" width=\"210\" height=\"191\" srcset=\"https:\/\/www.lift-mtb.com\/wp-content\/uploads\/2017\/12\/satisfait-ou-remplace-200x181.jpg 200w, https:\/\/www.lift-mtb.com\/wp-content\/uploads\/2017\/12\/satisfait-ou-remplace-300x272.jpg 300w, https:\/\/www.lift-mtb.com\/wp-content\/uploads\/2017\/12\/satisfait-ou-remplace-400x363.jpg 400w, https:\/\/www.lift-mtb.com\/wp-content\/uploads\/2017\/12\/satisfait-ou-remplace.jpg 441w\" sizes=\"(max-width: 210px) 100vw, 210px\" \/><\/p>\n<p>In generale, suggeriamo di scegliere la batteria che ritenete pi\u00f9 adatta alla vostra pratica utilizzando la tabella.<\/p>\n<p>Se dopo alcuni utilizzi ritenete di aver bisogno di una batteria diversa, potete rispedirci la vostra batteria per sostituirla con un altro modello della nostra gamma (entro 20 giorni, in Francia, contattateci per le condizioni complete).<\/p>\n<\/div><style type='text\/css'>\n\t\t\t\t.pricing-table-1.fusion-pricing-table .panel-container, .pricing-table-1.fusion-pricing-table .standout .panel-container,\n\t\t\t\t.pricing-table-1.full-boxed-pricing.fusion-pricing-table {background-color:#f8f8f8;}\n\t\t\t\t.pricing-table-1.fusion-pricing-table .list-group .list-group-item,\n\t\t\t\t.pricing-table-1.fusion-pricing-table .list-group .list-group-item:last-child{background-color:#ffffff; border-color:#ededed;}\n\t\t\t\t.pricing-table-1.full-boxed-pricing.fusion-pricing-table .panel-wrapper:hover .panel-heading,\n\t\t\t\t.pricing-table-1.fusion-pricing-table .panel-wrapper:hover .list-group-item {background-color:#f8f8f8;}\n\t\t\t\t.pricing-table-1.full-boxed-pricing.fusion-pricing-table .panel-heading{background-color:#ffffff;}\n\t\t\t\t.pricing-table-1.fusion-pricing-table .fusion-panel, .pricing-table-1 .panel-wrapper:last-child .fusion-panel,\n\t\t\t\t.pricing-table-1.fusion-pricing-table .standout .fusion-panel, .pricing-table-1.fusion-pricing-table  .panel-heading,\n\t\t\t\t.pricing-table-1.fusion-pricing-table .panel-body, .pricing-table-1.fusion-pricing-table .panel-footer{border-color:#ededed;}\n\t\t\t\t.pricing-table-1.fusion-pricing-table .panel-body, .pricing-table-1.fusion-pricing-table .panel-footer{background-color:#f8f8f8;}\n\t\t\t\t.pricing-table-1.sep-boxed-pricing.fusion-pricing-table .panel-heading h3{color:#333333;}\n\t\t\t\t.pricing-table-1.full-boxed-pricing.fusion-pricing-table .panel-heading h3{color:#333333;}\n\t\t\t\t.pricing-table-1.fusion-pricing-table .panel-body .price .decimal-part{color:var(--awb-color7);}\n\t\t\t\t.pricing-table-1.fusion-pricing-table .panel-body .price .integer-part{color:var(--awb-color7);}\n\t\t\t\t.pricing-table-1.fusion-pricing-table ul.list-group li{color:var(--awb-color8);}\n\t\t\t\t<\/style><div class=\"fusion-pricing-table pricing-table-1 full-boxed-pricing row fusion-columns-6 columns-6 fusion-clearfix\" style=\"margin-top:40px;margin-right:40px;margin-bottom:40px;margin-left:40px;\"><div class=\"panel-wrapper fusion-column column col-lg-2 col-md-2 col-sm-2 fusion-pricingtable-column\"><div class=\"panel-container\"><div class=\"fusion-panel\"><div class=\"panel-heading\"><h3 class=\"title-row\">Capacit\u00e0<\/h3><\/div><div class=\"panel-body pricing-row\"><div class=\"price \"><span class=\"currency\"><\/span><span class=\"integer-part\">Tariffa<\/span><\/div><\/div><ul class=\"list-group\"><li class=\"list-group-item normal-row\">Capacit\u00e0<\/li><li class=\"list-group-item normal-row\">Dimensione<\/li><li class=\"list-group-item normal-row\">Peso<\/li><li class=\"list-group-item normal-row\">Autonomia media<\/li><li class=\"list-group-item normal-row\">Descrizione<\/li><\/ul><\/div><\/div><\/div><div class=\"panel-wrapper fusion-column column col-lg-2 col-md-2 col-sm-2 fusion-pricingtable-column\"><div class=\"panel-container\"><div class=\"fusion-panel\"><div class=\"panel-heading\"><h3 class=\"title-row\">  300 Wh<\/h3><\/div><div class=\"panel-body pricing-row\"><div class=\"price \"><span class=\"currency\">\u20ac<\/span><span class=\"integer-part\">400<\/span><\/div><\/div><ul class=\"list-group\"><li class=\"list-group-item normal-row\"> 300 Wh \/ 8,7ah<\/li><li class=\"list-group-item normal-row\"> 6 x 20 x 8 cm<\/li><li class=\"list-group-item normal-row\">1,6 Kg<\/li><li class=\"list-group-item normal-row\">870 M D+ \/ 34 Km<\/li><li class=\"list-group-item normal-row\">Compatto e molto leggero, per l&#8217;uso nello zaino, compatibile con il portabatterie quadrato montato sul telaio. Modello molto popolare. Ideale per le vostre uscite sportive!<\/li><\/ul><div class=\"panel-footer footer-row\"><div class=\"fusion-button-wrapper\"><a class=\"fusion-button button-flat fusion-button-default-size button-default fusion-button-default button-1 fusion-button-default-span fusion-button-default-type\" target=\"_self\" href=\"https:\/produit\/batterie-electrique-300-wh-pour-velo\/\"><span class=\"fusion-button-text awb-button__text awb-button__text--default\">+ maggiori informazioni<\/span><\/a><\/div><\/div><\/div><\/div><\/div><div class=\"panel-wrapper fusion-column column col-lg-2 col-md-2 col-sm-2 fusion-pricingtable-column\"><div class=\"panel-container\"><div class=\"fusion-panel\"><div class=\"panel-heading\"><h3 class=\"title-row\">400 Wh<\/h3><\/div><div class=\"panel-body pricing-row\"><div class=\"price \"><span class=\"currency\">\u20ac<\/span><span class=\"integer-part\">475<\/span><\/div><\/div><ul class=\"list-group\"><li class=\"list-group-item normal-row\"> 400 Wh \/ 11,6ah<\/li><li class=\"list-group-item normal-row\">8 x 20 x 8 cm<\/li><li class=\"list-group-item normal-row\">2,1 Kg<\/li><li class=\"list-group-item normal-row\">870 M D+ \/ 34 Km<\/li><li class=\"list-group-item normal-row\">Modello molto versatile e leggero, utilizzabile a zaino e compatibile con la montatura in alluminio. Ottimo rapporto peso\/gamma.<\/li><\/ul><div class=\"panel-footer footer-row\"><div class=\"fusion-button-wrapper\"><a class=\"fusion-button button-flat fusion-button-default-size button-default fusion-button-default button-2 fusion-button-default-span fusion-button-default-type\" target=\"_self\" href=\"https:\/produit\/batterie-electrique-400-wh-pour-velo\/\"><span class=\"fusion-button-text awb-button__text awb-button__text--default\">+ maggiori informazioni<\/span><\/a><\/div><\/div><\/div><\/div><\/div><div class=\"panel-wrapper fusion-column column col-lg-2 col-md-2 col-sm-2 fusion-pricingtable-column\"><div class=\"panel-container\"><div class=\"fusion-panel\"><div class=\"panel-heading\"><h3 class=\"title-row\">500 Wh<\/h3><\/div><div class=\"panel-body pricing-row\"><div class=\"price \"><span class=\"currency\">\u20ac<\/span><span class=\"integer-part\">575<\/span><\/div><\/div><ul class=\"list-group\"><li class=\"list-group-item normal-row\"> 500 Wh \/ 14ah<\/li><li class=\"list-group-item normal-row\">8 x 20 x 8 cm<\/li><li class=\"list-group-item normal-row\">2,1 Kg<\/li><li class=\"list-group-item normal-row\">870 M D+ \/ 34 Km<\/li><li class=\"list-group-item normal-row\">Batteria piatta per zaini, che consente un comfort ideale nella posizione della borsa e una buona autonomia. Un bestseller, che consente un&#8217;ottima autonomia.<\/li><\/ul><div class=\"panel-footer footer-row\"><div class=\"fusion-button-wrapper\"><a class=\"fusion-button button-flat fusion-button-default-size button-default fusion-button-default button-3 fusion-button-default-span fusion-button-default-type\" target=\"_self\" href=\"https:\/it\/produit\/batteria-elettrica-carrello-500wh-per-bici-elettrica\/\"><span class=\"fusion-button-text awb-button__text awb-button__text--default\">+ maggiori informazioni<\/span><\/a><\/div><\/div><\/div><\/div><\/div><div class=\"panel-wrapper fusion-column column col-lg-2 col-md-2 col-sm-2 fusion-pricingtable-column\"><div class=\"panel-container\"><div class=\"fusion-panel\"><div class=\"panel-heading\"><h3 class=\"title-row\">600 Wh<\/h3><\/div><div class=\"panel-body pricing-row\"><div class=\"price \"><span class=\"currency\">\u20ac<\/span><span class=\"integer-part\">675<\/span><\/div><\/div><ul class=\"list-group\"><li class=\"list-group-item normal-row\"> 600 Wh 17,5ah<\/li><li class=\"list-group-item normal-row\">6 x 20 x 8 cm<\/li><li class=\"list-group-item normal-row\">3,1 Kg<\/li><li class=\"list-group-item normal-row\">870 M D+ \/ 34 Km<\/li><li class=\"list-group-item normal-row\">Batteria piatta per zaino, che consente un comfort ideale, una grande autonomia per affrontare qualsiasi uscita. Ideale per i lunghi viaggi.<\/li><\/ul><div class=\"panel-footer footer-row\"><div class=\"fusion-button-wrapper\"><a class=\"fusion-button button-flat fusion-button-default-size button-default fusion-button-default button-4 fusion-button-default-span fusion-button-default-type\" target=\"_self\" href=\"https:\/produit\/batterie-electrique-600-wh-pour-velo\/\"><span class=\"fusion-button-text awb-button__text awb-button__text--default\">+ maggiori informazioni<\/span><\/a><\/div><\/div><\/div><\/div><\/div><div class=\"panel-wrapper fusion-column column col-lg-2 col-md-2 col-sm-2 fusion-pricingtable-column\"><div class=\"panel-container\"><div class=\"fusion-panel\"><div class=\"panel-heading\"><h3 class=\"title-row\">x2 \/ 300 Wh<\/h3><\/div><div class=\"panel-body pricing-row\"><div class=\"price \"><span class=\"currency\">\u20ac<\/span><span class=\"integer-part\">750<\/span><\/div><\/div><ul class=\"list-group\"><li class=\"list-group-item normal-row\">2 batterie 300 Wh \/ 8,7ah<\/li><li class=\"list-group-item normal-row\">6 x 20 x 8 cm<\/li><li class=\"list-group-item normal-row\">3,2 Kg<\/li><li class=\"list-group-item normal-row\">870 M D+ \/ 34 Km<\/li><li class=\"list-group-item normal-row\">Confezione da 2 batterie, da utilizzare nello zaino o sul telaio con il portabatterie in alluminio. Perfetto mix tra versatilit\u00e0 d&#8217;uso e grande capacit\u00e0.<\/li><\/ul><div class=\"panel-footer footer-row\"><div class=\"fusion-button-wrapper\"><a class=\"fusion-button button-flat fusion-button-default-size button-default fusion-button-default button-5 fusion-button-default-span fusion-button-default-type\" target=\"_self\" href=\"https:\/produit\/set-de-deux-batteries-36-v-8-7ah-600-wh\/\"><span class=\"fusion-button-text awb-button__text awb-button__text--default\">+ maggiori informazioni<\/span><\/a><\/div><\/div><\/div><\/div><\/div><\/div><\/div><\/div><\/div><\/div><div class=\"fusion-fullwidth fullwidth-box fusion-builder-row-6 fusion-flex-container has-pattern-background has-mask-background nonhundred-percent-fullwidth non-hundred-percent-height-scrolling fusion-no-small-visibility\" style=\"--awb-border-radius-top-left:0px;--awb-border-radius-top-right:0px;--awb-border-radius-bottom-right:0px;--awb-border-radius-bottom-left:0px;--awb-flex-wrap:wrap;\" ><div class=\"fusion-builder-row fusion-row fusion-flex-align-items-center fusion-flex-content-wrap\" style=\"max-width:1430px;margin-left: calc(-4% \/ 2 );margin-right: calc(-4% \/ 2 );\"><div class=\"fusion-layout-column fusion_builder_column fusion-builder-column-13 fusion_builder_column_1_2 1_2 fusion-flex-column\" style=\"--awb-bg-size:cover;--awb-width-large:50%;--awb-margin-top-large:0px;--awb-spacing-right-large:3.84%;--awb-margin-bottom-large:20px;--awb-spacing-left-large:3.84%;--awb-width-medium:100%;--awb-order-medium:0;--awb-spacing-right-medium:1.92%;--awb-spacing-left-medium:1.92%;--awb-width-small:100%;--awb-order-small:0;--awb-spacing-right-small:1.92%;--awb-spacing-left-small:1.92%;\"><div class=\"fusion-column-wrapper fusion-column-has-shadow fusion-flex-justify-content-flex-start fusion-content-layout-column\"><div class=\"fusion-image-element \" style=\"text-align:center;--awb-caption-title-font-family:var(--h2_typography-font-family);--awb-caption-title-font-weight:var(--h2_typography-font-weight);--awb-caption-title-font-style:var(--h2_typography-font-style);--awb-caption-title-size:var(--h2_typography-font-size);--awb-caption-title-transform:var(--h2_typography-text-transform);--awb-caption-title-line-height:var(--h2_typography-line-height);--awb-caption-title-letter-spacing:var(--h2_typography-letter-spacing);\"><span class=\" fusion-imageframe imageframe-none imageframe-8 hover-type-none\"><img decoding=\"async\" width=\"1979\" height=\"556\" alt=\"Video LIFT-MTB\" title=\"Video LIFT MTB\" src=\"http:\/\/lift-mtb.com\/wp-content\/uploads\/2017\/12\/lift-mtb-video.jpg\" class=\"img-responsive wp-image-4809\"\/><\/span><\/div><div class=\"fusion-separator fusion-full-width-sep\" style=\"align-self: center;margin-left: auto;margin-right: auto;margin-top:20px;width:100%;\"><\/div><div class=\"fusion-text fusion-text-11\" style=\"--awb-content-alignment:center;--awb-font-size:var(--awb-typography4-font-size);--awb-line-height:var(--awb-typography4-line-height);--awb-letter-spacing:var(--awb-typography4-letter-spacing);--awb-text-transform:var(--awb-typography4-text-transform);--awb-text-font-family:var(--awb-typography4-font-family);--awb-text-font-weight:var(--awb-typography4-font-weight);--awb-text-font-style:var(--awb-typography4-font-style);\"><p>A fianco un video che spiega la scelta della batteria della bicicletta elettrica<\/p>\n<\/div><\/div><\/div><div class=\"fusion-layout-column fusion_builder_column fusion-builder-column-14 fusion_builder_column_1_2 1_2 fusion-flex-column\" style=\"--awb-bg-size:cover;--awb-width-large:50%;--awb-margin-top-large:0px;--awb-spacing-right-large:3.84%;--awb-margin-bottom-large:20px;--awb-spacing-left-large:3.84%;--awb-width-medium:100%;--awb-order-medium:0;--awb-spacing-right-medium:1.92%;--awb-spacing-left-medium:1.92%;--awb-width-small:100%;--awb-order-small:0;--awb-spacing-right-small:1.92%;--awb-spacing-left-small:1.92%;\"><div class=\"fusion-column-wrapper fusion-column-has-shadow fusion-flex-justify-content-flex-start fusion-content-layout-column\"><div class=\"fusion-video fusion-youtube\" style=\"--awb-max-width:600px;--awb-max-height:360px;\"><div class=\"video-shortcode\"><div class=\"fluid-width-video-wrapper\" style=\"padding-top:60%;\" ><iframe title=\"YouTube video player 2\" src=\"https:\/\/www.youtube.com\/embed\/4lZmxDP_WwU?wmode=transparent&autoplay=0\" width=\"600\" height=\"360\" allowfullscreen allow=\"autoplay; clipboard-write; encrypted-media; gyroscope; picture-in-picture;\"><\/iframe><\/div><\/div><\/div><\/div><\/div><\/div><\/div><div class=\"fusion-fullwidth fullwidth-box fusion-builder-row-7 fusion-flex-container nonhundred-percent-fullwidth non-hundred-percent-height-scrolling\" style=\"--awb-border-radius-top-left:0px;--awb-border-radius-top-right:0px;--awb-border-radius-bottom-right:0px;--awb-border-radius-bottom-left:0px;--awb-flex-wrap:wrap;\" ><div class=\"fusion-builder-row fusion-row fusion-flex-align-items-flex-start fusion-flex-content-wrap\" style=\"max-width:1430px;margin-left: calc(-4% \/ 2 );margin-right: calc(-4% \/ 2 );\"><div class=\"fusion-layout-column fusion_builder_column fusion-builder-column-15 fusion_builder_column_1_1 1_1 fusion-flex-column\" style=\"--awb-bg-size:cover;--awb-width-large:100%;--awb-margin-top-large:0px;--awb-spacing-right-large:1.92%;--awb-margin-bottom-large:20px;--awb-spacing-left-large:1.92%;--awb-width-medium:100%;--awb-order-medium:0;--awb-spacing-right-medium:1.92%;--awb-spacing-left-medium:1.92%;--awb-width-small:100%;--awb-order-small:0;--awb-spacing-right-small:1.92%;--awb-spacing-left-small:1.92%;\"><div class=\"fusion-column-wrapper fusion-column-has-shadow fusion-flex-justify-content-flex-start fusion-content-layout-column\"><\/div><\/div><\/div><\/div><\/p>\n","protected":false},"excerpt":{"rendered":"","protected":false},"author":1,"featured_media":4768,"comment_status":"open","ping_status":"open","sticky":false,"template":"","format":"standard","meta":{"footnotes":""},"categories":[904],"tags":[],"class_list":["post-36541","post","type-post","status-publish","format-standard","has-post-thumbnail","hentry","category-domande-frequenti"],"yoast_head":"<!-- This site is optimized with the Yoast SEO plugin v26.9 - https:\/\/yoast.com\/product\/yoast-seo-wordpress\/ -->\n<title>Come scegliere una batteria per bicicletta elettrica? Autonomia e capacit\u00e0.<\/title>\n<meta name=\"description\" content=\"Scegliere la capacit\u00e0 della batteria di una bicicletta elettrica? Composizione di una batteria LITHUIM, autonomia, numero di Ampereora e Wattora.\" \/>\n<meta name=\"robots\" content=\"index, follow, max-snippet:-1, max-image-preview:large, max-video-preview:-1\" \/>\n<link rel=\"canonical\" href=\"https:\/\/www.lift-mtb.com\/it\/come-scegliere-una-batteria-per-bicicletta-elettrica\/\" \/>\n<meta property=\"og:locale\" content=\"it_IT\" \/>\n<meta property=\"og:type\" content=\"article\" \/>\n<meta property=\"og:title\" content=\"Come scegliere una batteria per bicicletta elettrica? Autonomia e capacit\u00e0.\" \/>\n<meta property=\"og:description\" content=\"Scegliere la capacit\u00e0 della batteria di una bicicletta elettrica? Composizione di una batteria LITHUIM, autonomia, numero di Ampereora e Wattora.\" \/>\n<meta property=\"og:url\" content=\"https:\/\/www.lift-mtb.com\/it\/come-scegliere-una-batteria-per-bicicletta-elettrica\/\" \/>\n<meta property=\"og:site_name\" content=\"LIFT-MTB\" \/>\n<meta property=\"article:published_time\" content=\"2022-07-05T13:31:29+00:00\" \/>\n<meta property=\"article:modified_time\" content=\"2023-01-22T18:14:56+00:00\" \/>\n<meta property=\"og:image\" content=\"https:\/\/www.lift-mtb.com\/wp-content\/uploads\/2017\/12\/battery-14ah-17ah-2021-scaled.jpg\" \/>\n\t<meta property=\"og:image:width\" content=\"4427\" \/>\n\t<meta property=\"og:image:height\" content=\"2932\" \/>\n\t<meta property=\"og:image:type\" content=\"image\/jpeg\" \/>\n<meta name=\"author\" content=\"dhenri\" \/>\n<meta name=\"twitter:card\" content=\"summary_large_image\" \/>\n<meta name=\"twitter:label1\" content=\"Scritto da\" \/>\n\t<meta name=\"twitter:data1\" content=\"dhenri\" \/>\n\t<meta name=\"twitter:label2\" content=\"Tempo di lettura stimato\" \/>\n\t<meta name=\"twitter:data2\" content=\"24 minuti\" \/>\n<script type=\"application\/ld+json\" class=\"yoast-schema-graph\">{\"@context\":\"https:\/\/schema.org\",\"@graph\":[{\"@type\":\"Article\",\"@id\":\"https:\/\/www.lift-mtb.com\/it\/come-scegliere-una-batteria-per-bicicletta-elettrica\/#article\",\"isPartOf\":{\"@id\":\"https:\/\/www.lift-mtb.com\/it\/come-scegliere-una-batteria-per-bicicletta-elettrica\/\"},\"author\":{\"name\":\"dhenri\",\"@id\":\"https:\/\/www.lift-mtb.com\/it\/#\/schema\/person\/8bd366e8eb44e9b934208ed106f84b14\"},\"headline\":\"Come scegliere una batteria per bicicletta elettrica?\",\"datePublished\":\"2022-07-05T13:31:29+00:00\",\"dateModified\":\"2023-01-22T18:14:56+00:00\",\"mainEntityOfPage\":{\"@id\":\"https:\/\/www.lift-mtb.com\/it\/come-scegliere-una-batteria-per-bicicletta-elettrica\/\"},\"wordCount\":10950,\"commentCount\":0,\"publisher\":{\"@id\":\"https:\/\/www.lift-mtb.com\/it\/#organization\"},\"image\":{\"@id\":\"https:\/\/www.lift-mtb.com\/it\/come-scegliere-una-batteria-per-bicicletta-elettrica\/#primaryimage\"},\"thumbnailUrl\":\"https:\/\/www.lift-mtb.com\/wp-content\/uploads\/2017\/12\/battery-14ah-17ah-2021-scaled.jpg\",\"articleSection\":[\"Domande frequenti\"],\"inLanguage\":\"it-IT\",\"potentialAction\":[{\"@type\":\"CommentAction\",\"name\":\"Comment\",\"target\":[\"https:\/\/www.lift-mtb.com\/it\/come-scegliere-una-batteria-per-bicicletta-elettrica\/#respond\"]}]},{\"@type\":\"WebPage\",\"@id\":\"https:\/\/www.lift-mtb.com\/it\/come-scegliere-una-batteria-per-bicicletta-elettrica\/\",\"url\":\"https:\/\/www.lift-mtb.com\/it\/come-scegliere-una-batteria-per-bicicletta-elettrica\/\",\"name\":\"Come scegliere una batteria per bicicletta elettrica? Autonomia e capacit\u00e0.\",\"isPartOf\":{\"@id\":\"https:\/\/www.lift-mtb.com\/it\/#website\"},\"primaryImageOfPage\":{\"@id\":\"https:\/\/www.lift-mtb.com\/it\/come-scegliere-una-batteria-per-bicicletta-elettrica\/#primaryimage\"},\"image\":{\"@id\":\"https:\/\/www.lift-mtb.com\/it\/come-scegliere-una-batteria-per-bicicletta-elettrica\/#primaryimage\"},\"thumbnailUrl\":\"https:\/\/www.lift-mtb.com\/wp-content\/uploads\/2017\/12\/battery-14ah-17ah-2021-scaled.jpg\",\"datePublished\":\"2022-07-05T13:31:29+00:00\",\"dateModified\":\"2023-01-22T18:14:56+00:00\",\"description\":\"Scegliere la capacit\u00e0 della batteria di una bicicletta elettrica? Composizione di una batteria LITHUIM, autonomia, numero di Ampereora e Wattora.\",\"breadcrumb\":{\"@id\":\"https:\/\/www.lift-mtb.com\/it\/come-scegliere-una-batteria-per-bicicletta-elettrica\/#breadcrumb\"},\"inLanguage\":\"it-IT\",\"potentialAction\":[{\"@type\":\"ReadAction\",\"target\":[\"https:\/\/www.lift-mtb.com\/it\/come-scegliere-una-batteria-per-bicicletta-elettrica\/\"]}]},{\"@type\":\"ImageObject\",\"inLanguage\":\"it-IT\",\"@id\":\"https:\/\/www.lift-mtb.com\/it\/come-scegliere-una-batteria-per-bicicletta-elettrica\/#primaryimage\",\"url\":\"https:\/\/www.lift-mtb.com\/wp-content\/uploads\/2017\/12\/battery-14ah-17ah-2021-scaled.jpg\",\"contentUrl\":\"https:\/\/www.lift-mtb.com\/wp-content\/uploads\/2017\/12\/battery-14ah-17ah-2021-scaled.jpg\",\"width\":4427,\"height\":2932,\"caption\":\"comparaison battery 14ah-17ah 2021\"},{\"@type\":\"BreadcrumbList\",\"@id\":\"https:\/\/www.lift-mtb.com\/it\/come-scegliere-una-batteria-per-bicicletta-elettrica\/#breadcrumb\",\"itemListElement\":[{\"@type\":\"ListItem\",\"position\":1,\"name\":\"Accueil\",\"item\":\"https:\/\/www.lift-mtb.com\/it\/\"},{\"@type\":\"ListItem\",\"position\":2,\"name\":\"Domande frequenti\",\"item\":\"https:\/\/www.lift-mtb.com\/it\/categoria\/domande-frequenti\/\"},{\"@type\":\"ListItem\",\"position\":3,\"name\":\"Come scegliere una batteria per bicicletta elettrica?\"}]},{\"@type\":\"WebSite\",\"@id\":\"https:\/\/www.lift-mtb.com\/it\/#website\",\"url\":\"https:\/\/www.lift-mtb.com\/it\/\",\"name\":\"LIFT-MTB\",\"description\":\"Transformer son v\u00e9lo en \u00e9lectrique rapidement !\",\"publisher\":{\"@id\":\"https:\/\/www.lift-mtb.com\/it\/#organization\"},\"potentialAction\":[{\"@type\":\"SearchAction\",\"target\":{\"@type\":\"EntryPoint\",\"urlTemplate\":\"https:\/\/www.lift-mtb.com\/it\/?s={search_term_string}\"},\"query-input\":{\"@type\":\"PropertyValueSpecification\",\"valueRequired\":true,\"valueName\":\"search_term_string\"}}],\"inLanguage\":\"it-IT\"},{\"@type\":\"Organization\",\"@id\":\"https:\/\/www.lift-mtb.com\/it\/#organization\",\"name\":\"LIFT-MTB\",\"url\":\"https:\/\/www.lift-mtb.com\/it\/\",\"logo\":{\"@type\":\"ImageObject\",\"inLanguage\":\"it-IT\",\"@id\":\"https:\/\/www.lift-mtb.com\/it\/#\/schema\/logo\/image\/\",\"url\":\"https:\/\/www.lift-mtb.com\/wp-content\/uploads\/2022\/01\/electric-kit-for-bike-1.jpg\",\"contentUrl\":\"https:\/\/www.lift-mtb.com\/wp-content\/uploads\/2022\/01\/electric-kit-for-bike-1.jpg\",\"width\":1223,\"height\":560,\"caption\":\"LIFT-MTB\"},\"image\":{\"@id\":\"https:\/\/www.lift-mtb.com\/it\/#\/schema\/logo\/image\/\"}},{\"@type\":\"Person\",\"@id\":\"https:\/\/www.lift-mtb.com\/it\/#\/schema\/person\/8bd366e8eb44e9b934208ed106f84b14\",\"name\":\"dhenri\",\"image\":{\"@type\":\"ImageObject\",\"inLanguage\":\"it-IT\",\"@id\":\"https:\/\/www.lift-mtb.com\/it\/#\/schema\/person\/image\/\",\"url\":\"https:\/\/secure.gravatar.com\/avatar\/f1c37fd2b696c08b3fa38a35d57f31a6ac4def018a90fa66bee289758debac3c?s=96&d=mm&r=g\",\"contentUrl\":\"https:\/\/secure.gravatar.com\/avatar\/f1c37fd2b696c08b3fa38a35d57f31a6ac4def018a90fa66bee289758debac3c?s=96&d=mm&r=g\",\"caption\":\"dhenri\"},\"url\":\"https:\/\/www.lift-mtb.com\"}]}<\/script>\n<!-- \/ Yoast SEO plugin. -->","yoast_head_json":{"title":"Come scegliere una batteria per bicicletta elettrica? Autonomia e capacit\u00e0.","description":"Scegliere la capacit\u00e0 della batteria di una bicicletta elettrica? Composizione di una batteria LITHUIM, autonomia, numero di Ampereora e Wattora.","robots":{"index":"index","follow":"follow","max-snippet":"max-snippet:-1","max-image-preview":"max-image-preview:large","max-video-preview":"max-video-preview:-1"},"canonical":"https:\/\/www.lift-mtb.com\/it\/come-scegliere-una-batteria-per-bicicletta-elettrica\/","og_locale":"it_IT","og_type":"article","og_title":"Come scegliere una batteria per bicicletta elettrica? Autonomia e capacit\u00e0.","og_description":"Scegliere la capacit\u00e0 della batteria di una bicicletta elettrica? Composizione di una batteria LITHUIM, autonomia, numero di Ampereora e Wattora.","og_url":"https:\/\/www.lift-mtb.com\/it\/come-scegliere-una-batteria-per-bicicletta-elettrica\/","og_site_name":"LIFT-MTB","article_published_time":"2022-07-05T13:31:29+00:00","article_modified_time":"2023-01-22T18:14:56+00:00","og_image":[{"width":4427,"height":2932,"url":"https:\/\/www.lift-mtb.com\/wp-content\/uploads\/2017\/12\/battery-14ah-17ah-2021-scaled.jpg","type":"image\/jpeg"}],"author":"dhenri","twitter_card":"summary_large_image","twitter_misc":{"Scritto da":"dhenri","Tempo di lettura stimato":"24 minuti"},"schema":{"@context":"https:\/\/schema.org","@graph":[{"@type":"Article","@id":"https:\/\/www.lift-mtb.com\/it\/come-scegliere-una-batteria-per-bicicletta-elettrica\/#article","isPartOf":{"@id":"https:\/\/www.lift-mtb.com\/it\/come-scegliere-una-batteria-per-bicicletta-elettrica\/"},"author":{"name":"dhenri","@id":"https:\/\/www.lift-mtb.com\/it\/#\/schema\/person\/8bd366e8eb44e9b934208ed106f84b14"},"headline":"Come scegliere una batteria per bicicletta elettrica?","datePublished":"2022-07-05T13:31:29+00:00","dateModified":"2023-01-22T18:14:56+00:00","mainEntityOfPage":{"@id":"https:\/\/www.lift-mtb.com\/it\/come-scegliere-una-batteria-per-bicicletta-elettrica\/"},"wordCount":10950,"commentCount":0,"publisher":{"@id":"https:\/\/www.lift-mtb.com\/it\/#organization"},"image":{"@id":"https:\/\/www.lift-mtb.com\/it\/come-scegliere-una-batteria-per-bicicletta-elettrica\/#primaryimage"},"thumbnailUrl":"https:\/\/www.lift-mtb.com\/wp-content\/uploads\/2017\/12\/battery-14ah-17ah-2021-scaled.jpg","articleSection":["Domande frequenti"],"inLanguage":"it-IT","potentialAction":[{"@type":"CommentAction","name":"Comment","target":["https:\/\/www.lift-mtb.com\/it\/come-scegliere-una-batteria-per-bicicletta-elettrica\/#respond"]}]},{"@type":"WebPage","@id":"https:\/\/www.lift-mtb.com\/it\/come-scegliere-una-batteria-per-bicicletta-elettrica\/","url":"https:\/\/www.lift-mtb.com\/it\/come-scegliere-una-batteria-per-bicicletta-elettrica\/","name":"Come scegliere una batteria per bicicletta elettrica? Autonomia e capacit\u00e0.","isPartOf":{"@id":"https:\/\/www.lift-mtb.com\/it\/#website"},"primaryImageOfPage":{"@id":"https:\/\/www.lift-mtb.com\/it\/come-scegliere-una-batteria-per-bicicletta-elettrica\/#primaryimage"},"image":{"@id":"https:\/\/www.lift-mtb.com\/it\/come-scegliere-una-batteria-per-bicicletta-elettrica\/#primaryimage"},"thumbnailUrl":"https:\/\/www.lift-mtb.com\/wp-content\/uploads\/2017\/12\/battery-14ah-17ah-2021-scaled.jpg","datePublished":"2022-07-05T13:31:29+00:00","dateModified":"2023-01-22T18:14:56+00:00","description":"Scegliere la capacit\u00e0 della batteria di una bicicletta elettrica? Composizione di una batteria LITHUIM, autonomia, numero di Ampereora e Wattora.","breadcrumb":{"@id":"https:\/\/www.lift-mtb.com\/it\/come-scegliere-una-batteria-per-bicicletta-elettrica\/#breadcrumb"},"inLanguage":"it-IT","potentialAction":[{"@type":"ReadAction","target":["https:\/\/www.lift-mtb.com\/it\/come-scegliere-una-batteria-per-bicicletta-elettrica\/"]}]},{"@type":"ImageObject","inLanguage":"it-IT","@id":"https:\/\/www.lift-mtb.com\/it\/come-scegliere-una-batteria-per-bicicletta-elettrica\/#primaryimage","url":"https:\/\/www.lift-mtb.com\/wp-content\/uploads\/2017\/12\/battery-14ah-17ah-2021-scaled.jpg","contentUrl":"https:\/\/www.lift-mtb.com\/wp-content\/uploads\/2017\/12\/battery-14ah-17ah-2021-scaled.jpg","width":4427,"height":2932,"caption":"comparaison battery 14ah-17ah 2021"},{"@type":"BreadcrumbList","@id":"https:\/\/www.lift-mtb.com\/it\/come-scegliere-una-batteria-per-bicicletta-elettrica\/#breadcrumb","itemListElement":[{"@type":"ListItem","position":1,"name":"Accueil","item":"https:\/\/www.lift-mtb.com\/it\/"},{"@type":"ListItem","position":2,"name":"Domande frequenti","item":"https:\/\/www.lift-mtb.com\/it\/categoria\/domande-frequenti\/"},{"@type":"ListItem","position":3,"name":"Come scegliere una batteria per bicicletta elettrica?"}]},{"@type":"WebSite","@id":"https:\/\/www.lift-mtb.com\/it\/#website","url":"https:\/\/www.lift-mtb.com\/it\/","name":"LIFT-MTB","description":"Transformer son v\u00e9lo en \u00e9lectrique rapidement !","publisher":{"@id":"https:\/\/www.lift-mtb.com\/it\/#organization"},"potentialAction":[{"@type":"SearchAction","target":{"@type":"EntryPoint","urlTemplate":"https:\/\/www.lift-mtb.com\/it\/?s={search_term_string}"},"query-input":{"@type":"PropertyValueSpecification","valueRequired":true,"valueName":"search_term_string"}}],"inLanguage":"it-IT"},{"@type":"Organization","@id":"https:\/\/www.lift-mtb.com\/it\/#organization","name":"LIFT-MTB","url":"https:\/\/www.lift-mtb.com\/it\/","logo":{"@type":"ImageObject","inLanguage":"it-IT","@id":"https:\/\/www.lift-mtb.com\/it\/#\/schema\/logo\/image\/","url":"https:\/\/www.lift-mtb.com\/wp-content\/uploads\/2022\/01\/electric-kit-for-bike-1.jpg","contentUrl":"https:\/\/www.lift-mtb.com\/wp-content\/uploads\/2022\/01\/electric-kit-for-bike-1.jpg","width":1223,"height":560,"caption":"LIFT-MTB"},"image":{"@id":"https:\/\/www.lift-mtb.com\/it\/#\/schema\/logo\/image\/"}},{"@type":"Person","@id":"https:\/\/www.lift-mtb.com\/it\/#\/schema\/person\/8bd366e8eb44e9b934208ed106f84b14","name":"dhenri","image":{"@type":"ImageObject","inLanguage":"it-IT","@id":"https:\/\/www.lift-mtb.com\/it\/#\/schema\/person\/image\/","url":"https:\/\/secure.gravatar.com\/avatar\/f1c37fd2b696c08b3fa38a35d57f31a6ac4def018a90fa66bee289758debac3c?s=96&d=mm&r=g","contentUrl":"https:\/\/secure.gravatar.com\/avatar\/f1c37fd2b696c08b3fa38a35d57f31a6ac4def018a90fa66bee289758debac3c?s=96&d=mm&r=g","caption":"dhenri"},"url":"https:\/\/www.lift-mtb.com"}]}},"_links":{"self":[{"href":"https:\/\/www.lift-mtb.com\/it\/wp-json\/wp\/v2\/posts\/36541","targetHints":{"allow":["GET"]}}],"collection":[{"href":"https:\/\/www.lift-mtb.com\/it\/wp-json\/wp\/v2\/posts"}],"about":[{"href":"https:\/\/www.lift-mtb.com\/it\/wp-json\/wp\/v2\/types\/post"}],"author":[{"embeddable":true,"href":"https:\/\/www.lift-mtb.com\/it\/wp-json\/wp\/v2\/users\/1"}],"replies":[{"embeddable":true,"href":"https:\/\/www.lift-mtb.com\/it\/wp-json\/wp\/v2\/comments?post=36541"}],"version-history":[{"count":5,"href":"https:\/\/www.lift-mtb.com\/it\/wp-json\/wp\/v2\/posts\/36541\/revisions"}],"predecessor-version":[{"id":44481,"href":"https:\/\/www.lift-mtb.com\/it\/wp-json\/wp\/v2\/posts\/36541\/revisions\/44481"}],"wp:featuredmedia":[{"embeddable":true,"href":"https:\/\/www.lift-mtb.com\/it\/wp-json\/wp\/v2\/media\/4768"}],"wp:attachment":[{"href":"https:\/\/www.lift-mtb.com\/it\/wp-json\/wp\/v2\/media?parent=36541"}],"wp:term":[{"taxonomy":"category","embeddable":true,"href":"https:\/\/www.lift-mtb.com\/it\/wp-json\/wp\/v2\/categories?post=36541"},{"taxonomy":"post_tag","embeddable":true,"href":"https:\/\/www.lift-mtb.com\/it\/wp-json\/wp\/v2\/tags?post=36541"}],"curies":[{"name":"wp","href":"https:\/\/api.w.org\/{rel}","templated":true}]}}