{"id":38980,"date":"2022-06-14T11:08:40","date_gmt":"2022-06-14T09:08:40","guid":{"rendered":"https:\/recensioni-dei-clienti\/"},"modified":"2023-01-22T19:42:58","modified_gmt":"2023-01-22T18:42:58","slug":"recensioni-dei-clienti","status":"publish","type":"post","link":"https:\/\/www.lift-mtb.com\/it\/recensioni-dei-clienti\/","title":{"rendered":"Recensioni dei clienti"},"content":{"rendered":"<p><div class=\"fusion-fullwidth fullwidth-box fusion-builder-row-1 fusion-flex-container nonhundred-percent-fullwidth non-hundred-percent-height-scrolling\" style=\"--awb-border-radius-top-left:0px;--awb-border-radius-top-right:0px;--awb-border-radius-bottom-right:0px;--awb-border-radius-bottom-left:0px;--awb-flex-wrap:wrap;\" ><div class=\"fusion-builder-row fusion-row fusion-flex-align-items-flex-start fusion-flex-content-wrap\" style=\"max-width:1430px;margin-left: calc(-4% \/ 2 );margin-right: calc(-4% \/ 2 );\"><div class=\"fusion-layout-column fusion_builder_column fusion-builder-column-0 fusion_builder_column_1_1 1_1 fusion-flex-column\" style=\"--awb-bg-size:cover;--awb-width-large:100%;--awb-margin-top-large:0px;--awb-spacing-right-large:1.92%;--awb-margin-bottom-large:20px;--awb-spacing-left-large:1.92%;--awb-width-medium:100%;--awb-order-medium:0;--awb-spacing-right-medium:1.92%;--awb-spacing-left-medium:1.92%;--awb-width-small:100%;--awb-order-small:0;--awb-spacing-right-small:1.92%;--awb-spacing-left-small:1.92%;\"><div class=\"fusion-column-wrapper fusion-column-has-shadow fusion-flex-justify-content-flex-start fusion-content-layout-column\"><div class=\"fusion-text fusion-text-1\"><h3 style=\"text-align: center;\">In questo articolo troverete diversi feedback di utenti del kit motore a pedali LIFT-MTB.<\/h3>\n<\/div><\/div><\/div><div class=\"fusion-layout-column fusion_builder_column fusion-builder-column-1 fusion_builder_column_1_1 1_1 fusion-flex-column\" style=\"--awb-bg-size:cover;--awb-width-large:100%;--awb-margin-top-large:0px;--awb-spacing-right-large:1.92%;--awb-margin-bottom-large:20px;--awb-spacing-left-large:1.92%;--awb-width-medium:100%;--awb-order-medium:0;--awb-spacing-right-medium:1.92%;--awb-spacing-left-medium:1.92%;--awb-width-small:100%;--awb-order-small:0;--awb-spacing-right-small:1.92%;--awb-spacing-left-small:1.92%;\"><div class=\"fusion-column-wrapper fusion-column-has-shadow fusion-flex-justify-content-flex-start fusion-content-layout-column\"><div class=\"fusion-testimonials classic awb-speech-bubble-show fusion-testimonials-1\" style=\"--awb-textcolor:#747474;--awb-backgroundcolor:#f6f6f6;--awb-testimonial-border-style:solid;--awb-testimonial-border-color:var(--awb-color3);--awb-border-top-left-radius:0px;--awb-border-top-right-radius:0px;--awb-border-bottom-left-radius:0px;--awb-border-bottom-right-radius:0px;--testimonial-border-width-top:0px;--testimonial-border-width-right:0px;--testimonial-border-width-bottom:0px;--testimonial-border-width-left:0px;\" data-random=\"0\" data-speed=\"4000\"><div class=\"reviews\"><div class=\"review active-testimonial male\"><blockquote><div class=\"awb-quote\"><div class=\"awb-quote-content\">\n<div>Come promesso, le foto dell&#8217;Orceyrette.<\/div>\n<div><\/div>\n<div>Il kit \u00e8 davvero fantastico! Mi sono adattato molto rapidamente. Devo gestire meglio la batteria. Alla fine della mia uscita ho avviato la barra rossa.<\/div>\n<div><\/div>\n<div>Un piccolo punto che ho notato \u00e8 che \u00e8 necessario un buon zaino&#8230; il mio mi lacera le spalle con il peso della batteria. Le cinghie non sono imbottite.<\/div>\n<div><\/div>\n<div>In discesa non \u00e8 cambiato nulla per la mia bici, anzi mi sono divertito di pi\u00f9!<\/div>\n<div><\/div>\n<div>Davvero fantastico!<\/div>\n<div><\/div>\n<div><\/div>\n<div><img decoding=\"async\" class=\"alignleft wp-image-27146\" src=\"http:\/\/lift-mtb.com\/wp-content\/uploads\/2022\/06\/image0.jpeg\" alt=\"Mountain bike Commencal con motore elettrico\" width=\"666\" height=\"499\" srcset=\"https:\/\/www.lift-mtb.com\/wp-content\/uploads\/2022\/06\/image0-200x150.jpeg 200w, https:\/\/www.lift-mtb.com\/wp-content\/uploads\/2022\/06\/image0-300x225.jpeg 300w, https:\/\/www.lift-mtb.com\/wp-content\/uploads\/2022\/06\/image0-400x300.jpeg 400w, https:\/\/www.lift-mtb.com\/wp-content\/uploads\/2022\/06\/image0-500x375.jpeg 500w, https:\/\/www.lift-mtb.com\/wp-content\/uploads\/2022\/06\/image0-600x450.jpeg 600w, https:\/\/www.lift-mtb.com\/wp-content\/uploads\/2022\/06\/image0-700x525.jpeg 700w, https:\/\/www.lift-mtb.com\/wp-content\/uploads\/2022\/06\/image0-768x576.jpeg 768w, https:\/\/www.lift-mtb.com\/wp-content\/uploads\/2022\/06\/image0-800x600.jpeg 800w, https:\/\/www.lift-mtb.com\/wp-content\/uploads\/2022\/06\/image0-1024x768.jpeg 1024w, https:\/\/www.lift-mtb.com\/wp-content\/uploads\/2022\/06\/image0-1200x900.jpeg 1200w, https:\/\/www.lift-mtb.com\/wp-content\/uploads\/2022\/06\/image0.jpeg 1280w\" sizes=\"(max-width: 666px) 100vw, 666px\" \/><\/div>\n<\/div><\/div><span class=\"awb-triangle\"><\/span><\/blockquote><div class=\"author\"><span class=\"testimonial-thumbnail doe\"><\/span><span class=\"company-name\"><strong>Quentin L.<\/strong><\/span><\/div><\/div><\/div><\/div><div class=\"fusion-separator fusion-full-width-sep\" style=\"align-self: center;margin-left: auto;margin-right: auto;width:100%;\"><div class=\"fusion-separator-border sep-single sep-solid\" style=\"--awb-height:20px;--awb-amount:20px;border-color:#e0dede;border-top-width:1px;\"><\/div><\/div><\/div><\/div><\/div><\/div><div class=\"fusion-fullwidth fullwidth-box fusion-builder-row-2 fusion-flex-container nonhundred-percent-fullwidth non-hundred-percent-height-scrolling\" style=\"--awb-border-radius-top-left:0px;--awb-border-radius-top-right:0px;--awb-border-radius-bottom-right:0px;--awb-border-radius-bottom-left:0px;--awb-flex-wrap:wrap;\" ><div class=\"fusion-builder-row fusion-row fusion-flex-align-items-flex-start fusion-flex-content-wrap\" style=\"max-width:1430px;margin-left: calc(-4% \/ 2 );margin-right: calc(-4% \/ 2 );\"><div class=\"fusion-layout-column fusion_builder_column fusion-builder-column-2 fusion_builder_column_1_1 1_1 fusion-flex-column\" style=\"--awb-bg-size:cover;--awb-width-large:100%;--awb-margin-top-large:0px;--awb-spacing-right-large:1.92%;--awb-margin-bottom-large:20px;--awb-spacing-left-large:1.92%;--awb-width-medium:100%;--awb-order-medium:0;--awb-spacing-right-medium:1.92%;--awb-spacing-left-medium:1.92%;--awb-width-small:100%;--awb-order-small:0;--awb-spacing-right-small:1.92%;--awb-spacing-left-small:1.92%;\"><div class=\"fusion-column-wrapper fusion-column-has-shadow fusion-flex-justify-content-flex-start fusion-content-layout-column\"><div class=\"fusion-testimonials classic awb-speech-bubble-show fusion-testimonials-2\" style=\"--awb-textcolor:#747474;--awb-backgroundcolor:#f6f6f6;--awb-testimonial-border-style:solid;--awb-testimonial-border-color:var(--awb-color3);--awb-border-top-left-radius:0px;--awb-border-top-right-radius:0px;--awb-border-bottom-left-radius:0px;--awb-border-bottom-right-radius:0px;--testimonial-border-width-top:0px;--testimonial-border-width-right:0px;--testimonial-border-width-bottom:0px;--testimonial-border-width-left:0px;\" data-random=\"0\" data-speed=\"4000\"><div class=\"reviews\"><div class=\"review active-testimonial male\"><blockquote><div class=\"awb-quote\"><div class=\"awb-quote-content\">\n<div>\n<div>Ho il motore mtb lift da 1,5 anni. Si trattava di una bicicletta da lavoro e da citt\u00e0. Cercavo qualcosa di adattabile e robusto.<\/div>\n<div>Da allora, il motore \u00e8 stato utilizzato su tre moto. I primi due erano Vtc con ruote da 700, e a causa della potenza del motore tendevamo a caricare la spesa e il rimorchio per bambini, per cui mancava la sicurezza.<\/div>\n<div>Da allora ho acquistato una bici semi-cargo da 26&#8243; su base Surly con mozzi alfine8 da Salamandre cycles.<\/div>\n<div>Ora ho la bici elettrica che si adatta perfettamente alle mie esigenze, a volte vado al lago a 15 km di distanza con 2 bambini sulla bici, il terzo nel rimorchio e tutti i cambi. Senza forzature!<\/div>\n<div>  Vivo nelle Alpi e in tre scaliamo alcuni piccoli passi con la bici (120 kg). Basta macinare e il motore tira senza problemi.<\/div>\n<div>Ho realizzato un sistema di fissaggio sul telaio con un collare in acciaio inox. Il motore \u00e8 fisso e non si muove di un millimetro.<\/div>\n<div>Per concludere, questo motore mi ha permesso di testare diverse configurazioni di moto e di trovare una moto unica che si adatta perfettamente a me. Semplicit\u00e0, robustezza e adattabilit\u00e0 sono le qualit\u00e0 che mi piacciono in questo kit.<\/div>\n<div>Mi piace mettere le mani nella meccanica, ma ho i miei limiti, e Mathieu di lift mtb \u00e8 sempre stato presente via e-mail o telefono per aiutarmi con i miei assemblaggi. Questo \u00e8 molto rassicurante.<\/div>\n<\/div>\n<div><\/div>\n<div><\/div>\n<div><img decoding=\"async\" class=\"wp-image-26223 alignleft\" src=\"http:\/\/lift-mtb.com\/wp-content\/uploads\/2022\/06\/velo-cargo-electrique.jpeg\" alt=\"bici da carico elettrica\" width=\"403\" height=\"302\" srcset=\"https:\/\/www.lift-mtb.com\/wp-content\/uploads\/2022\/06\/velo-cargo-electrique-200x150.jpeg 200w, https:\/\/www.lift-mtb.com\/wp-content\/uploads\/2022\/06\/velo-cargo-electrique-300x225.jpeg 300w, https:\/\/www.lift-mtb.com\/wp-content\/uploads\/2022\/06\/velo-cargo-electrique-400x300.jpeg 400w, https:\/\/www.lift-mtb.com\/wp-content\/uploads\/2022\/06\/velo-cargo-electrique-500x375.jpeg 500w, https:\/\/www.lift-mtb.com\/wp-content\/uploads\/2022\/06\/velo-cargo-electrique-600x450.jpeg 600w, https:\/\/www.lift-mtb.com\/wp-content\/uploads\/2022\/06\/velo-cargo-electrique-700x525.jpeg 700w, https:\/\/www.lift-mtb.com\/wp-content\/uploads\/2022\/06\/velo-cargo-electrique-768x576.jpeg 768w, https:\/\/www.lift-mtb.com\/wp-content\/uploads\/2022\/06\/velo-cargo-electrique-800x600.jpeg 800w, https:\/\/www.lift-mtb.com\/wp-content\/uploads\/2022\/06\/velo-cargo-electrique.jpeg 908w\" sizes=\"(max-width: 403px) 100vw, 403px\" \/><\/div>\n<\/div><\/div><span class=\"awb-triangle\"><\/span><\/blockquote><div class=\"author\"><span class=\"testimonial-thumbnail doe\"><\/span><span class=\"company-name\"><strong>???<\/strong><\/span><\/div><\/div><\/div><\/div><div class=\"fusion-separator fusion-full-width-sep\" style=\"align-self: center;margin-left: auto;margin-right: auto;width:100%;\"><div class=\"fusion-separator-border sep-single sep-solid\" style=\"--awb-height:20px;--awb-amount:20px;border-color:#e0dede;border-top-width:1px;\"><\/div><\/div><\/div><\/div><div class=\"fusion-layout-column fusion_builder_column fusion-builder-column-3 fusion_builder_column_1_1 1_1 fusion-flex-column\" style=\"--awb-bg-size:cover;--awb-width-large:100%;--awb-margin-top-large:0px;--awb-spacing-right-large:1.92%;--awb-margin-bottom-large:20px;--awb-spacing-left-large:1.92%;--awb-width-medium:100%;--awb-order-medium:0;--awb-spacing-right-medium:1.92%;--awb-spacing-left-medium:1.92%;--awb-width-small:100%;--awb-order-small:0;--awb-spacing-right-small:1.92%;--awb-spacing-left-small:1.92%;\"><div class=\"fusion-column-wrapper fusion-column-has-shadow fusion-flex-justify-content-flex-start fusion-content-layout-column\"><div class=\"fusion-testimonials classic awb-speech-bubble-show fusion-testimonials-3\" style=\"--awb-textcolor:#747474;--awb-backgroundcolor:#f6f6f6;--awb-testimonial-border-style:solid;--awb-testimonial-border-color:var(--awb-color3);--awb-border-top-left-radius:0px;--awb-border-top-right-radius:0px;--awb-border-bottom-left-radius:0px;--awb-border-bottom-right-radius:0px;--testimonial-border-width-top:0px;--testimonial-border-width-right:0px;--testimonial-border-width-bottom:0px;--testimonial-border-width-left:0px;\" data-random=\"0\" data-speed=\"4000\"><div class=\"reviews\"><div class=\"review active-testimonial male\"><blockquote><div class=\"awb-quote\"><div class=\"awb-quote-content\">\n<p>Salve,<br clear=\"none\"><br clear=\"none\"><b><u>Un primo ritorno:<\/u><\/b><br clear=\"none\"><br clear=\"none\">Abituato a pedalare senza borsa, la batteria del Camel non \u00e8 la mia prima scelta per la maggior parte delle mie uscite. Ma dobbiamo ammettere che la batteria sul telaio appesantisce la ruota anteriore.<br clear=\"none\">Ho infilato una bilancia sotto la ruota anteriore e ho visualizzato quasi 1 kg in pi\u00f9 con la batteria sul telaio. E ieri mi sono spaventato passando attraverso una buca in discesa e non sono stato molto bravo perch\u00e9 ho sollevato la ruota anteriore di soli 2 o 3 cm. Fortunatamente, una Fat \u00e8 molto tollerante nei confronti del pilota e l&#8217;ho superata senza problemi, ma c&#8217;\u00e8 mancato poco. In breve, dovr\u00f2 pensare di portare la batteria nello zaino pi\u00f9 spesso.<br clear=\"none\">Sto ancora lavorando a un supporto per la batteria sul telaio per proteggerla dalla fanghiglia. In inverno, il punto di enduro &#8220;leggero&#8221; vicino a casa mia \u00e8 impraticabile a causa dell&#8217;argilla appiccicosa, e noi andiamo a qualche chilometro di distanza, in un bosco molto pi\u00f9 &#8220;tranquillo&#8221;, ma dove il fango \u00e8 &#8220;pedalabile&#8221;.<br clear=\"none\"><br clear=\"none\"><b><u>Risultati e modifiche :<\/u><\/b><\/p>\n<div><br clear=\"none\">Prima di tutto, <u>la schermata di controllo<\/u>.<br clear=\"none\">\u00c8 molto utile stimare con precisione la batteria rimanente, perch\u00e9 le 3 luci non sono abbastanza rilevanti, soprattutto l&#8217;ultima, quella rossa, per sapere quanto &#8220;succo&#8221; \u00e8 rimasto nella batteria al fine di regolare l&#8217;assistenza e\/o l&#8217;uscita del<u>trigger<\/u>.<\/div>\n<div>\n<p><u>Il portabatterie<\/u><br clear=\"none\"><br clear=\"none\">Ancora in fase di studio e di sperimentazione. Ho gi\u00e0 il mio sistema di fissaggio basato sulle due viti del portaborraccia (il graffio serve solo a contenere la batteria) e su un gancio sul fondo del tubo sella. Devo aggiungere uno spazio per i connettori nella parte anteriore e chiudere il tutto. Ho ricevuto un cavo da 70 cm (riverniciato con plasti-dip rosso per una maggiore discrezione) molto pi\u00f9 pratico per collegare lo schermo alla batteria sul telaio. \u00c8 della misura giusta<\/p>\n<div class=\"img-preview-wrapper\"><\/div>\n<\/div>\n<div><\/div>\n<div><u>Il potenziometro del sensore del pedale<\/u><\/div>\n<div><\/div>\n<div>Ho fatto bene a prenderlo, lo uso molto spesso. Lo uso molto: su salite lunghe e poco interessanti, su strade asfaltate, nella brughiera su sentieri pianeggianti ma sabbiosi, ecc&#8230; insomma, in tutte le situazioni in cui bisogna tenere premuto il grilletto a lungo, il sensore di pedalata \u00e8 pi\u00f9 pratico.  <br clear=\"none\"><br clear=\"none\">un grasso di 20 kg, dovete comunque portarlo. Anche se \u00e8 fattibile (ho provato una corsa puramente muscolare con il motore al suo posto e la batteria sul telaio), \u00e8 comunque un consumo di energia.<\/div>\n<div>A volte lascio il sensore del pedale attivo a un valore basso, in modo da non esaurirmi troppo rapidamente.<br clear=\"none\">Sulle salite pi\u00f9 belle (con un po&#8217; di guida\/tecnica), il grilletto \u00e8 molto migliore.<br clear=\"none\"><br clear=\"none\">Per me, i due mezzi sono complementari<br clear=\"none\"><br clear=\"none\"><u>Foto<\/u><br clear=\"none\">Una o due foto dell&#8217;animale nel suo ambiente naturale. In configurazione senza zaino.<br clear=\"none\">Non avendo il portaborraccia ninja pouch+ (con borsa da sella sotto il portaborraccia) oltre alla borsa da 0,6L, ho dovuto mettere una borsa da sella piuttosto grande (il tubo di scorta grasso obbliga) e trovare dove installare la bottiglia.<br clear=\"none\">La borraccia in quel posto non \u00e8 una buona idea, quando appoggio il piede la borraccia \u00e8 pericolosamente vicina a una parte molto sensibile della mia anatomia \ud83d\ude0b , e la borsa da sella non \u00e8 il massimo. Sono ancora necessari alcuni miglioramenti in questa configurazione. Sono un incorreggibile chiacchierone.<br clear=\"none\"><br clear=\"none\">Fr\u00e9d\u00e9ric<\/div>\n<\/div><\/div><span class=\"awb-triangle\"><\/span><\/blockquote><div class=\"author\"><span class=\"testimonial-thumbnail doe\"><\/span><span class=\"company-name\"><strong>Fred<\/strong><\/span><\/div><\/div><\/div><\/div><div class=\"awb-gallery-wrapper awb-gallery-wrapper-1 button-span-no\" style=\"--more-btn-alignment:center;\"><div style=\"margin:-5px;--awb-bordersize:0px;\" class=\"fusion-gallery fusion-gallery-container fusion-grid-2 fusion-columns-total-1 fusion-gallery-layout-grid fusion-gallery-1\"><div style=\"padding:5px;\" class=\"fusion-grid-column fusion-gallery-column fusion-gallery-column-2 hover-type-none\"><div class=\"fusion-gallery-image\"><a href=\"https:\/\/www.lift-mtb.com\/wp-content\/uploads\/2022\/06\/salsa-electricbike-motor-kit-scaled.jpg\" rel=\"noreferrer\" data-rel=\"iLightbox[gallery_image_1]\" class=\"fusion-lightbox\" target=\"_self\"><img decoding=\"async\" src=\"https:\/\/www.lift-mtb.com\/wp-content\/uploads\/2022\/06\/salsa-electricbike-motor-kit-scaled.jpg\" width=\"2200\" height=\"1650\" alt=\"moteur electrique lift\" title=\"salsa electricbike motor kit\" aria-label=\"salsa electricbike motor kit\" class=\"img-responsive wp-image-20652\" srcset=\"https:\/\/www.lift-mtb.com\/wp-content\/uploads\/2022\/06\/salsa-electricbike-motor-kit-200x150.jpg 200w, https:\/\/www.lift-mtb.com\/wp-content\/uploads\/2022\/06\/salsa-electricbike-motor-kit-400x300.jpg 400w, https:\/\/www.lift-mtb.com\/wp-content\/uploads\/2022\/06\/salsa-electricbike-motor-kit-600x450.jpg 600w, https:\/\/www.lift-mtb.com\/wp-content\/uploads\/2022\/06\/salsa-electricbike-motor-kit-800x600.jpg 800w, https:\/\/www.lift-mtb.com\/wp-content\/uploads\/2022\/06\/salsa-electricbike-motor-kit-1200x900.jpg 1200w, https:\/\/www.lift-mtb.com\/wp-content\/uploads\/2022\/06\/salsa-electricbike-motor-kit-scaled.jpg 2200w\" sizes=\"(min-width: 2200px) 100vw, (min-width: 732px) 685px, (min-width: 640px) 732px, \" \/><\/a><\/div><\/div><\/div><\/div><div class=\"fusion-separator fusion-full-width-sep\" style=\"align-self: center;margin-left: auto;margin-right: auto;margin-top:20px;width:100%;\"><div class=\"fusion-separator-border sep-single sep-solid\" style=\"--awb-height:20px;--awb-amount:20px;border-color:#e0dede;border-top-width:1px;\"><\/div><\/div><\/div><\/div><div class=\"fusion-layout-column fusion_builder_column fusion-builder-column-4 fusion_builder_column_1_1 1_1 fusion-flex-column\" style=\"--awb-bg-size:cover;--awb-width-large:100%;--awb-margin-top-large:0px;--awb-spacing-right-large:1.92%;--awb-margin-bottom-large:20px;--awb-spacing-left-large:1.92%;--awb-width-medium:100%;--awb-order-medium:0;--awb-spacing-right-medium:1.92%;--awb-spacing-left-medium:1.92%;--awb-width-small:100%;--awb-order-small:0;--awb-spacing-right-small:1.92%;--awb-spacing-left-small:1.92%;\"><div class=\"fusion-column-wrapper fusion-column-has-shadow fusion-flex-justify-content-flex-start fusion-content-layout-column\"><div class=\"fusion-testimonials classic awb-speech-bubble-show fusion-testimonials-4\" style=\"--awb-textcolor:#747474;--awb-backgroundcolor:#f6f6f6;--awb-testimonial-border-style:solid;--awb-testimonial-border-color:var(--awb-color3);--awb-border-top-left-radius:0px;--awb-border-top-right-radius:0px;--awb-border-bottom-left-radius:0px;--awb-border-bottom-right-radius:0px;--testimonial-border-width-top:0px;--testimonial-border-width-right:0px;--testimonial-border-width-bottom:0px;--testimonial-border-width-left:0px;\" data-random=\"0\" data-speed=\"4000\"><div class=\"reviews\"><div class=\"review active-testimonial male\"><blockquote><div class=\"awb-quote\"><div class=\"awb-quote-content\">\n<div>Ciao Matthieu.<\/div>\n<div>Semplicemente perfetto!<\/div>\n<div>  Peso della bici da DH 24,100 kg &#8230; siamo tolleranti con questo vecchio discesista del marzo 2006! (yeti 303 dh)<\/div>\n<div>Poi, il ciclista che sono ha messo su un sacco di peso per un peso a 3 cifre, a seguito del mio incidente in un bikepark!<\/div>\n<div>Detto questo, il kit Lift-Mtb va benissimo! Nella mia solita zona, salendo per scendere, ho pedalato per circa 3\/4 del tempo (o pi\u00f9) invece della met\u00e0 del tempo senza il kit!<\/div>\n<div>Che motivazione quando si pu\u00f2 spingere sui pedali nonostante l&#8217;assistenza elettrica!<\/div>\n<div>Il risultato \u00e8 stato un&#8217;uscita di 2,5 ore che sono stato felice di scalare senza &#8220;rovinarmi&#8221; una volta arrivato in cima! E di &#8220;mollare i freni&#8221; durante la discesa!<\/div>\n<div><\/div>\n<div>Ora devo solo riportare il mio peso sotto le 2 cifre e riacquistare fiducia nelle mie tecniche di discesa e freeride, perch\u00e9 dopo il mio incidente il &#8220;flip&#8221; \u00e8 ancora molto presente!<\/div>\n<div>4 fratture della tibia e 1 del perone mi hanno tranquillizzato. All&#8217;epoca avevo 44 anni, ora ne ho 48. Vado in mountain bike da quando ero adolescente, di cui gli ultimi 15 anni in dh e fr, per un piacere personale senza pari nei bike park e negli spot locali!<\/div>\n<div>Sportivamente.<\/div>\n<div>Patrick<\/div>\n<div>Ps: se vuoi altre foto fammi sapere?<\/div>\n<div>L&#8217;ultima foto per divertimento&#8230; amo il mio DH Yeti !lol<\/div>\n<div><\/div>\n<div><\/div>\n<div><\/div>\n<div><\/div>\n<\/div><\/div><span class=\"awb-triangle\"><\/span><\/blockquote><div class=\"author\"><span class=\"testimonial-thumbnail doe\"><\/span><span class=\"company-name\"><strong>Natale<\/strong><\/span><\/div><\/div><\/div><\/div><div class=\"awb-gallery-wrapper awb-gallery-wrapper-2 button-span-no\"><div style=\"margin:-5px;--awb-bordersize:0px;\" class=\"fusion-gallery fusion-gallery-container fusion-grid-2 fusion-columns-total-2 fusion-gallery-layout-grid fusion-gallery-2\"><div style=\"padding:5px;\" class=\"fusion-grid-column fusion-gallery-column fusion-gallery-column-2 hover-type-none\"><div class=\"fusion-gallery-image\"><a href=\"https:\/\/www.lift-mtb.com\/wp-content\/uploads\/2022\/06\/tedi-303dh-1.jpg\" rel=\"noreferrer\" data-rel=\"iLightbox[gallery_image_2]\" class=\"fusion-lightbox\" target=\"_self\"><img decoding=\"async\" src=\"https:\/\/www.lift-mtb.com\/wp-content\/uploads\/2022\/06\/tedi-303dh-1.jpg\" width=\"1080\" height=\"511\" alt=\"yedi 303dh elettrico\" title=\"yedi 303dh\" aria-label=\"yedi 303dh\" class=\"img-responsive wp-image-26561\" srcset=\"https:\/\/www.lift-mtb.com\/wp-content\/uploads\/2022\/06\/tedi-303dh-1-200x95.jpg 200w, https:\/\/www.lift-mtb.com\/wp-content\/uploads\/2022\/06\/tedi-303dh-1-400x189.jpg 400w, https:\/\/www.lift-mtb.com\/wp-content\/uploads\/2022\/06\/tedi-303dh-1-600x284.jpg 600w, https:\/\/www.lift-mtb.com\/wp-content\/uploads\/2022\/06\/tedi-303dh-1-800x379.jpg 800w, https:\/\/www.lift-mtb.com\/wp-content\/uploads\/2022\/06\/tedi-303dh-1.jpg 1080w\" sizes=\"(min-width: 2200px) 100vw, (min-width: 732px) 685px, (min-width: 640px) 732px, \" \/><\/a><\/div><\/div><div class=\"clearfix\"><\/div><div style=\"padding:5px;\" class=\"fusion-grid-column fusion-gallery-column fusion-gallery-column-2 hover-type-none\"><div class=\"fusion-gallery-image\"><a href=\"https:\/\/www.lift-mtb.com\/wp-content\/uploads\/2022\/06\/sans-titre-4.png\" rel=\"noreferrer\" data-rel=\"iLightbox[gallery_image_2]\" class=\"fusion-lightbox\" target=\"_self\"><img decoding=\"async\" src=\"https:\/\/www.lift-mtb.com\/wp-content\/uploads\/2022\/06\/sans-titre-4.png\" width=\"683\" height=\"324\" alt=\"moteur electrique kit vtt electrique\" title=\"Senza titolo (4)\" aria-label=\"Senza titolo (4)\" class=\"img-responsive wp-image-26586\" srcset=\"https:\/\/www.lift-mtb.com\/wp-content\/uploads\/2022\/06\/sans-titre-4-200x95.png 200w, https:\/\/www.lift-mtb.com\/wp-content\/uploads\/2022\/06\/sans-titre-4-400x190.png 400w, https:\/\/www.lift-mtb.com\/wp-content\/uploads\/2022\/06\/sans-titre-4-600x285.png 600w, https:\/\/www.lift-mtb.com\/wp-content\/uploads\/2022\/06\/sans-titre-4.png 683w\" sizes=\"(min-width: 2200px) 100vw, (min-width: 732px) 685px, (min-width: 640px) 732px, \" \/><\/a><\/div><\/div><\/div><\/div><div class=\"fusion-separator fusion-full-width-sep\" style=\"align-self: center;margin-left: auto;margin-right: auto;margin-top:20px;width:100%;\"><div class=\"fusion-separator-border sep-single sep-solid\" style=\"--awb-height:20px;--awb-amount:20px;border-color:#e0dede;border-top-width:1px;\"><\/div><\/div><\/div><\/div><div class=\"fusion-layout-column fusion_builder_column fusion-builder-column-5 fusion_builder_column_1_1 1_1 fusion-flex-column\" style=\"--awb-bg-size:cover;--awb-width-large:100%;--awb-margin-top-large:0px;--awb-spacing-right-large:1.92%;--awb-margin-bottom-large:20px;--awb-spacing-left-large:1.92%;--awb-width-medium:100%;--awb-order-medium:0;--awb-spacing-right-medium:1.92%;--awb-spacing-left-medium:1.92%;--awb-width-small:100%;--awb-order-small:0;--awb-spacing-right-small:1.92%;--awb-spacing-left-small:1.92%;\"><div class=\"fusion-column-wrapper fusion-column-has-shadow fusion-flex-justify-content-flex-start fusion-content-layout-column\"><div class=\"fusion-testimonials classic awb-speech-bubble-show fusion-testimonials-5\" style=\"--awb-textcolor:#747474;--awb-backgroundcolor:#f6f6f6;--awb-testimonial-border-style:solid;--awb-testimonial-border-color:var(--awb-color3);--awb-border-top-left-radius:0px;--awb-border-top-right-radius:0px;--awb-border-bottom-left-radius:0px;--awb-border-bottom-right-radius:0px;--testimonial-border-width-top:0px;--testimonial-border-width-right:0px;--testimonial-border-width-bottom:0px;--testimonial-border-width-left:0px;\" data-random=\"0\" data-speed=\"4000\"><div class=\"reviews\"><div class=\"review active-testimonial male\"><blockquote><div class=\"awb-quote\"><div class=\"awb-quote-content\">\n<p style=\"font-weight: 400;\">Ciao Matthew,<\/p>\n<p style=\"font-weight: 400;\">Mi permetto di tornare dopo le mie prime due brevi uscite: una brevissima ieri sera per prendere confidenza e questa mattina prima del lavoro per cercare di scaricare la batteria.<\/p>\n<p style=\"font-weight: 400;\">Prima di tutto voglio dire che sono molto contento del sistema, ho ancora la mia moto e questo \u00e8 molto importante e le prime sensazioni sono buone;<\/p>\n<p style=\"font-weight: 400;\">Prima di tutto, dovete sapere che attualmente peso 95 chili, che non \u00e8 il mio peso ideale, e che non vado in bici da un mese e mezzo, quindi sono fuori forma.<\/p>\n<p style=\"font-weight: 400;\">Ieri ho fatto un giro di prova, che conosco a memoria, per provare con una batteria piccola; in effetti non la si sente affatto, la moto rimane quasi la stessa e ho persino scoperto che in alcune situazioni era un vantaggio: piccoli salti, curve rialzate&#8230; Molto sano.<\/p>\n<p style=\"font-weight: 400;\">Questa mattina ho portato a bordo le due batterie da 8.7ah &#8220;sperando&#8221; di svuotarne una&#8230;28 km e 715 m d+ dopo non sono riuscito a svuotare la prima&#8230;fantastico!<\/p>\n<p style=\"font-weight: 400;\">  &#8230; Confronto le mie corse su Strava, come fai tu sul tuo sito, e mi rendo conto che sto andando molto bene (ho anche preso qualche KOM).<\/p>\n<p style=\"font-weight: 400;\">Grazie per aver letto e sono molto, molto soddisfatta di LIFT!<\/p>\n<\/div><\/div><span class=\"awb-triangle\"><\/span><\/blockquote><div class=\"author\"><span class=\"testimonial-thumbnail doe\"><\/span><span class=\"company-name\"><strong>Pascal<\/strong><\/span><\/div><\/div><\/div><\/div><div class=\"awb-gallery-wrapper awb-gallery-wrapper-3 button-span-no\"><div style=\"margin:-5px;--awb-bordersize:0px;\" class=\"fusion-gallery fusion-gallery-container fusion-grid-3 fusion-columns-total-3 fusion-gallery-layout-grid fusion-gallery-3\"><div style=\"padding:5px;\" class=\"fusion-grid-column fusion-gallery-column fusion-gallery-column-3 hover-type-none\"><div class=\"fusion-gallery-image\"><a href=\"https:\/\/www.lift-mtb.com\/wp-content\/uploads\/2022\/06\/norco-e-bike-lift-mtb-v3-01-1-scaled.jpg\" rel=\"noreferrer\" data-rel=\"iLightbox[gallery_image_3]\" class=\"fusion-lightbox\" target=\"_self\"><img decoding=\"async\" src=\"https:\/\/www.lift-mtb.com\/wp-content\/uploads\/2022\/06\/norco-e-bike-lift-mtb-v3-01-1-scaled.jpg\" width=\"2200\" height=\"1469\" alt=\"moteur electrique kit vtt electrique\" title=\"norco e-bike lift-mtb v3 01\" aria-label=\"norco e-bike lift-mtb v3 01\" class=\"img-responsive wp-image-26607\" srcset=\"https:\/\/www.lift-mtb.com\/wp-content\/uploads\/2022\/06\/norco-e-bike-lift-mtb-v3-01-1-200x134.jpg 200w, https:\/\/www.lift-mtb.com\/wp-content\/uploads\/2022\/06\/norco-e-bike-lift-mtb-v3-01-1-400x267.jpg 400w, https:\/\/www.lift-mtb.com\/wp-content\/uploads\/2022\/06\/norco-e-bike-lift-mtb-v3-01-1-600x401.jpg 600w, https:\/\/www.lift-mtb.com\/wp-content\/uploads\/2022\/06\/norco-e-bike-lift-mtb-v3-01-1-800x534.jpg 800w, https:\/\/www.lift-mtb.com\/wp-content\/uploads\/2022\/06\/norco-e-bike-lift-mtb-v3-01-1-1200x801.jpg 1200w, https:\/\/www.lift-mtb.com\/wp-content\/uploads\/2022\/06\/norco-e-bike-lift-mtb-v3-01-1-scaled.jpg 2200w\" sizes=\"(min-width: 2200px) 100vw, (min-width: 824px) 455px, (min-width: 732px) 683px, (min-width: 640px) 732px, \" \/><\/a><\/div><\/div><div style=\"padding:5px;\" class=\"fusion-grid-column fusion-gallery-column fusion-gallery-column-3 hover-type-none\"><div class=\"fusion-gallery-image\"><a href=\"https:\/\/www.lift-mtb.com\/wp-content\/uploads\/2022\/06\/norco-e-bike-lift-mtb-v3-11-1-scaled.jpg\" rel=\"noreferrer\" data-rel=\"iLightbox[gallery_image_3]\" class=\"fusion-lightbox\" target=\"_self\"><img decoding=\"async\" src=\"https:\/\/www.lift-mtb.com\/wp-content\/uploads\/2022\/06\/norco-e-bike-lift-mtb-v3-11-1-scaled.jpg\" width=\"2200\" height=\"1469\" alt=\"moteur electrique kit vtt electrique\" title=\"norco e-bike lift-mtb v3 11\" aria-label=\"norco e-bike lift-mtb v3 11\" class=\"img-responsive wp-image-26602\" srcset=\"https:\/\/www.lift-mtb.com\/wp-content\/uploads\/2022\/06\/norco-e-bike-lift-mtb-v3-11-1-200x134.jpg 200w, https:\/\/www.lift-mtb.com\/wp-content\/uploads\/2022\/06\/norco-e-bike-lift-mtb-v3-11-1-400x267.jpg 400w, https:\/\/www.lift-mtb.com\/wp-content\/uploads\/2022\/06\/norco-e-bike-lift-mtb-v3-11-1-600x401.jpg 600w, https:\/\/www.lift-mtb.com\/wp-content\/uploads\/2022\/06\/norco-e-bike-lift-mtb-v3-11-1-800x534.jpg 800w, https:\/\/www.lift-mtb.com\/wp-content\/uploads\/2022\/06\/norco-e-bike-lift-mtb-v3-11-1-1200x801.jpg 1200w, https:\/\/www.lift-mtb.com\/wp-content\/uploads\/2022\/06\/norco-e-bike-lift-mtb-v3-11-1-scaled.jpg 2200w\" sizes=\"(min-width: 2200px) 100vw, (min-width: 824px) 455px, (min-width: 732px) 683px, (min-width: 640px) 732px, \" \/><\/a><\/div><\/div><div style=\"padding:5px;\" class=\"fusion-grid-column fusion-gallery-column fusion-gallery-column-3 hover-type-none\"><div class=\"fusion-gallery-image\"><a href=\"https:\/\/www.lift-mtb.com\/wp-content\/uploads\/2022\/06\/norco-e-bike-lift-mtb-v3-17-2-scaled.jpg\" rel=\"noreferrer\" data-rel=\"iLightbox[gallery_image_3]\" class=\"fusion-lightbox\" target=\"_self\"><img decoding=\"async\" src=\"https:\/\/www.lift-mtb.com\/wp-content\/uploads\/2022\/06\/norco-e-bike-lift-mtb-v3-17-2-scaled.jpg\" width=\"2200\" height=\"1469\" alt=\"moteur electrique kit vtt electrique\" title=\"norco e-bike lift-mtb v3 17\" aria-label=\"norco e-bike lift-mtb v3 17\" class=\"img-responsive wp-image-26597\" srcset=\"https:\/\/www.lift-mtb.com\/wp-content\/uploads\/2022\/06\/norco-e-bike-lift-mtb-v3-17-2-200x134.jpg 200w, https:\/\/www.lift-mtb.com\/wp-content\/uploads\/2022\/06\/norco-e-bike-lift-mtb-v3-17-2-400x267.jpg 400w, https:\/\/www.lift-mtb.com\/wp-content\/uploads\/2022\/06\/norco-e-bike-lift-mtb-v3-17-2-600x401.jpg 600w, https:\/\/www.lift-mtb.com\/wp-content\/uploads\/2022\/06\/norco-e-bike-lift-mtb-v3-17-2-800x534.jpg 800w, https:\/\/www.lift-mtb.com\/wp-content\/uploads\/2022\/06\/norco-e-bike-lift-mtb-v3-17-2-1200x801.jpg 1200w, https:\/\/www.lift-mtb.com\/wp-content\/uploads\/2022\/06\/norco-e-bike-lift-mtb-v3-17-2-scaled.jpg 2200w\" sizes=\"(min-width: 2200px) 100vw, (min-width: 824px) 455px, (min-width: 732px) 683px, (min-width: 640px) 732px, \" \/><\/a><\/div><\/div><div class=\"clearfix\"><\/div><\/div><\/div><div class=\"fusion-separator fusion-full-width-sep\" style=\"align-self: center;margin-left: auto;margin-right: auto;margin-top:20px;width:100%;\"><div class=\"fusion-separator-border sep-single sep-solid\" style=\"--awb-height:20px;--awb-amount:20px;border-color:#e0dede;border-top-width:1px;\"><\/div><\/div><\/div><\/div><div class=\"fusion-layout-column fusion_builder_column fusion-builder-column-6 fusion_builder_column_1_1 1_1 fusion-flex-column\" style=\"--awb-bg-size:cover;--awb-width-large:100%;--awb-margin-top-large:0px;--awb-spacing-right-large:1.92%;--awb-margin-bottom-large:20px;--awb-spacing-left-large:1.92%;--awb-width-medium:100%;--awb-order-medium:0;--awb-spacing-right-medium:1.92%;--awb-spacing-left-medium:1.92%;--awb-width-small:100%;--awb-order-small:0;--awb-spacing-right-small:1.92%;--awb-spacing-left-small:1.92%;\"><div class=\"fusion-column-wrapper fusion-column-has-shadow fusion-flex-justify-content-flex-start fusion-content-layout-column\"><div class=\"fusion-testimonials classic awb-speech-bubble-show fusion-testimonials-6\" style=\"--awb-textcolor:#747474;--awb-backgroundcolor:#f6f6f6;--awb-testimonial-border-style:solid;--awb-testimonial-border-color:var(--awb-color3);--awb-border-top-left-radius:0px;--awb-border-top-right-radius:0px;--awb-border-bottom-left-radius:0px;--awb-border-bottom-right-radius:0px;--testimonial-border-width-top:0px;--testimonial-border-width-right:0px;--testimonial-border-width-bottom:0px;--testimonial-border-width-left:0px;\" data-random=\"0\" data-speed=\"4000\"><div class=\"reviews\"><div class=\"review active-testimonial male\"><blockquote><div class=\"awb-quote\"><div class=\"awb-quote-content\">\n<p>Salve,<\/p>\n<p>Alcune notizie dopo tre giorni di raid con gli amici nel Massiccio Centrale e pi\u00f9 precisamente nelle Combrailles (a nord-ovest di<br \/>\nClermont-Ferrand).<br \/>\nIl terreno era piuttosto bagnato e in alcuni punti addirittura fradicio, ma siamo stati fortunati come non mai: qualche goccia di pioggia alla fine, altrimenti sole e caldo.<br \/>\nL&#8217;obiettivo per me era quello di accompagnare i miei amici che sono molto pi\u00f9 allenati di me, ma qui avevo il mio personal trainer: LIFT-MTB.<br \/>\nNon nascondo che avevo paura di essere un po&#8217; basso&#8230; Inoltre, abbiamo avuto in prestito una mountain bike AE da provare (una SUNN Finest),<br \/>\nInsomma, ero fiducioso dopo le prime prove intorno a casa mia, avevo solo un timore sull&#8217;autonomia perch\u00e9 avevano previsto 65 km con 1850 m di D+ per iniziare!<\/p>\n<p>Ebbene, tutto \u00e8 andato molto bene, la batteria da 11,6Ah ha percorso i 70 km con 1800 m di D+ senza battere ciglio e con un residuo del 25% circa.<br \/>\nTuttavia, ho usato il motore su tutte le salite e le discese ripide per risparmiare i muscoli.<br \/>\nE le colline erano selvagge, sparite al 25%&#8230; Sono passato dappertutto anche nei lunghi falsipiani fangosi dove tutti hanno messo il piede a terra.<br \/>\nterra!<\/p>\n<p>Io dico Bravo e Grazie. Li abbiamo bluffati ancora di pi\u00f9, visto che il SUNN ha dato forfait a 54 km sullo stesso circuito.<br \/>\nPer l&#8217;uso che ne volevo fare, \u00e8 un vero aiuto nelle brutte salite e per poter pedalare muscolarmente sulle salite e sui falsopiani non troppo ripidi e alla fine fare gli stessi circuiti che si fanno con la bicicletta.<br \/>\ni compagni super-allenati senza che alla fine ci si ritrovi con i crampi.<br \/>\nIl giorno successivo abbiamo fatto 50 km con 1400 m di D+ senza problemi.<br \/>\nPoi ci sono stati altri 70 km con 1600 m di D+ e l\u00ec ho voluto<br \/>\ngiocare per vedere fino a che punto sarebbe arrivato&#8230; s\u00ec, sono un giocatore.<br \/>\nHo spinto un amico in una collina molto brutta e ho dovuto usare anche lui<br \/>\nil motore a un numero di giri inferiore, mi sono anche comportato come un pazzo e ho fatto uno sprint<br \/>\ncon due dissolvenze sullo sviluppo maggiore con motore su un&#8217;estremit\u00e0<br \/>\ndi finta&#8230; abbiamo finito a 35 km e c&#8217;\u00e8 uno che \u00e8 riuscito a trattenermi<br \/>\nma \u00e8 stata gonfiata per i successivi 10 km!<br \/>\nAlla fine ho sentito che la potenza stava calando e che dovevo spingere un po&#8217; di pi\u00f9 sui pedali negli ultimi brutti giri.<br \/>\nDovevo avere ancora circa il 10-15%, ma si sente chiaramente che si \u00e8 a met\u00e0 gara.<br \/>\nsulla riserva, \u00e8 necessario arrivare in fondo all&#8217;innesco sugli ultimi mm.<br \/>\nEcco i risultati dei miei test dal vivo su un terreno molto impegnativo. I vostri grafici delle batterie sono quindi molto realistici per<br \/>\ndimensionare la batteria in base alle sue esigenze.<\/p>\n<p>Per il resto, ho superato un bel po&#8217; di volte i guadi alti o bassi, uno dei quali era al limite, ma avevo tagliato il motore.<br \/>\nIl sistema non \u00e8 a tenuta stagna, ma sembra essere sufficientemente protetto per essere innaffiato di tanto in tanto.<br \/>\nConcludo la mia relazione dicendo ancora una volta BRAVO per essere riuscito a mettere a punto il vostro sistema.<\/p>\n<p>Sportivamente,<\/p>\n<\/div><\/div><span class=\"awb-triangle\"><\/span><\/blockquote><div class=\"author\"><span class=\"testimonial-thumbnail doe\"><\/span><span class=\"company-name\"><strong>??<\/strong><\/span><\/div><\/div><\/div><\/div><div class=\"awb-gallery-wrapper awb-gallery-wrapper-4 button-span-no\"><div style=\"margin:-5px;--awb-bordersize:0px;\" class=\"fusion-gallery fusion-gallery-container fusion-grid-3 fusion-columns-total-3 fusion-gallery-layout-grid fusion-gallery-4\"><div style=\"padding:5px;\" class=\"fusion-grid-column fusion-gallery-column fusion-gallery-column-3 hover-type-none\"><div class=\"fusion-gallery-image\"><a href=\"https:\/\/www.lift-mtb.com\/wp-content\/uploads\/2022\/06\/vtt-electrique-sunn-1-sur-1-1-scaled.jpg\" rel=\"noreferrer\" data-rel=\"iLightbox[gallery_image_4]\" class=\"fusion-lightbox\" target=\"_self\"><img decoding=\"async\" src=\"https:\/\/www.lift-mtb.com\/wp-content\/uploads\/2022\/06\/vtt-electrique-sunn-1-sur-1-1-scaled.jpg\" width=\"2200\" height=\"1457\" alt=\"moteur electrique kit vtt electrique\" title=\"mountain bike elettrica sunn (1 di 1)\" aria-label=\"mountain bike elettrica sunn (1 di 1)\" class=\"img-responsive wp-image-26622\" srcset=\"https:\/\/www.lift-mtb.com\/wp-content\/uploads\/2022\/06\/vtt-electrique-sunn-1-sur-1-1-200x132.jpg 200w, https:\/\/www.lift-mtb.com\/wp-content\/uploads\/2022\/06\/vtt-electrique-sunn-1-sur-1-1-400x265.jpg 400w, https:\/\/www.lift-mtb.com\/wp-content\/uploads\/2022\/06\/vtt-electrique-sunn-1-sur-1-1-600x397.jpg 600w, https:\/\/www.lift-mtb.com\/wp-content\/uploads\/2022\/06\/vtt-electrique-sunn-1-sur-1-1-800x530.jpg 800w, https:\/\/www.lift-mtb.com\/wp-content\/uploads\/2022\/06\/vtt-electrique-sunn-1-sur-1-1-1200x795.jpg 1200w, https:\/\/www.lift-mtb.com\/wp-content\/uploads\/2022\/06\/vtt-electrique-sunn-1-sur-1-1-scaled.jpg 2200w\" sizes=\"(min-width: 2200px) 100vw, (min-width: 824px) 455px, (min-width: 732px) 683px, (min-width: 640px) 732px, \" \/><\/a><\/div><\/div><div style=\"padding:5px;\" class=\"fusion-grid-column fusion-gallery-column fusion-gallery-column-3 hover-type-none\"><div class=\"fusion-gallery-image\"><a href=\"https:\/\/www.lift-mtb.com\/wp-content\/uploads\/2022\/06\/kit-vtt-electrique-sunn-1-sur-1-1-scaled.jpg\" rel=\"noreferrer\" data-rel=\"iLightbox[gallery_image_4]\" class=\"fusion-lightbox\" target=\"_self\"><img decoding=\"async\" src=\"https:\/\/www.lift-mtb.com\/wp-content\/uploads\/2022\/06\/kit-vtt-electrique-sunn-1-sur-1-1-scaled.jpg\" width=\"2200\" height=\"1457\" alt=\"moteur electrique kit vtt electrique\" title=\"kit mountain bike elettrica sunn (1 di 1)\" aria-label=\"kit mountain bike elettrica sunn (1 di 1)\" class=\"img-responsive wp-image-26612\" srcset=\"https:\/\/www.lift-mtb.com\/wp-content\/uploads\/2022\/06\/kit-vtt-electrique-sunn-1-sur-1-1-200x132.jpg 200w, https:\/\/www.lift-mtb.com\/wp-content\/uploads\/2022\/06\/kit-vtt-electrique-sunn-1-sur-1-1-400x265.jpg 400w, https:\/\/www.lift-mtb.com\/wp-content\/uploads\/2022\/06\/kit-vtt-electrique-sunn-1-sur-1-1-600x397.jpg 600w, https:\/\/www.lift-mtb.com\/wp-content\/uploads\/2022\/06\/kit-vtt-electrique-sunn-1-sur-1-1-800x530.jpg 800w, https:\/\/www.lift-mtb.com\/wp-content\/uploads\/2022\/06\/kit-vtt-electrique-sunn-1-sur-1-1-1200x795.jpg 1200w, https:\/\/www.lift-mtb.com\/wp-content\/uploads\/2022\/06\/kit-vtt-electrique-sunn-1-sur-1-1-scaled.jpg 2200w\" sizes=\"(min-width: 2200px) 100vw, (min-width: 824px) 455px, (min-width: 732px) 683px, (min-width: 640px) 732px, \" \/><\/a><\/div><\/div><div style=\"padding:5px;\" class=\"fusion-grid-column fusion-gallery-column fusion-gallery-column-3 hover-type-none\"><div class=\"fusion-gallery-image\"><a href=\"https:\/\/www.lift-mtb.com\/wp-content\/uploads\/2022\/06\/sunn-e-bike-1-sur-1-scaled.jpg\" rel=\"noreferrer\" data-rel=\"iLightbox[gallery_image_4]\" class=\"fusion-lightbox\" target=\"_self\"><img decoding=\"async\" src=\"https:\/\/www.lift-mtb.com\/wp-content\/uploads\/2022\/06\/sunn-e-bike-1-sur-1-scaled.jpg\" width=\"2200\" height=\"1457\" alt=\"moteur electrique kit vtt electrique\" title=\"sunn e-bike (1 di 1)\" aria-label=\"sunn e-bike (1 di 1)\" class=\"img-responsive wp-image-26617\" srcset=\"https:\/\/www.lift-mtb.com\/wp-content\/uploads\/2022\/06\/sunn-e-bike-1-sur-1-200x132.jpg 200w, https:\/\/www.lift-mtb.com\/wp-content\/uploads\/2022\/06\/sunn-e-bike-1-sur-1-400x265.jpg 400w, https:\/\/www.lift-mtb.com\/wp-content\/uploads\/2022\/06\/sunn-e-bike-1-sur-1-600x397.jpg 600w, https:\/\/www.lift-mtb.com\/wp-content\/uploads\/2022\/06\/sunn-e-bike-1-sur-1-800x530.jpg 800w, https:\/\/www.lift-mtb.com\/wp-content\/uploads\/2022\/06\/sunn-e-bike-1-sur-1-1200x795.jpg 1200w, https:\/\/www.lift-mtb.com\/wp-content\/uploads\/2022\/06\/sunn-e-bike-1-sur-1-scaled.jpg 2200w\" sizes=\"(min-width: 2200px) 100vw, (min-width: 824px) 455px, (min-width: 732px) 683px, (min-width: 640px) 732px, \" \/><\/a><\/div><\/div><div class=\"clearfix\"><\/div><\/div><\/div><div class=\"fusion-separator fusion-full-width-sep\" style=\"align-self: center;margin-left: auto;margin-right: auto;width:100%;\"><div class=\"fusion-separator-border sep-single sep-solid\" style=\"--awb-height:20px;--awb-amount:20px;border-color:#e0dede;border-top-width:1px;\"><\/div><\/div><\/div><\/div><div class=\"fusion-layout-column fusion_builder_column fusion-builder-column-7 fusion_builder_column_1_1 1_1 fusion-flex-column\" style=\"--awb-bg-size:cover;--awb-width-large:100%;--awb-margin-top-large:0px;--awb-spacing-right-large:1.92%;--awb-margin-bottom-large:20px;--awb-spacing-left-large:1.92%;--awb-width-medium:100%;--awb-order-medium:0;--awb-spacing-right-medium:1.92%;--awb-spacing-left-medium:1.92%;--awb-width-small:100%;--awb-order-small:0;--awb-spacing-right-small:1.92%;--awb-spacing-left-small:1.92%;\"><div class=\"fusion-column-wrapper fusion-column-has-shadow fusion-flex-justify-content-flex-start fusion-content-layout-column\"><div class=\"fusion-testimonials classic awb-speech-bubble-show fusion-testimonials-7\" style=\"--awb-textcolor:#747474;--awb-backgroundcolor:#f6f6f6;--awb-testimonial-border-style:solid;--awb-testimonial-border-color:var(--awb-color3);--awb-border-top-left-radius:0px;--awb-border-top-right-radius:0px;--awb-border-bottom-left-radius:0px;--awb-border-bottom-right-radius:0px;--testimonial-border-width-top:0px;--testimonial-border-width-right:0px;--testimonial-border-width-bottom:0px;--testimonial-border-width-left:0px;\" data-random=\"0\" data-speed=\"4000\"><div class=\"reviews\"><div class=\"review active-testimonial male\"><blockquote><div class=\"awb-quote\"><div class=\"awb-quote-content\">\n<p>Salve,<\/p>\n<p>Vi sto dando un piccolo feedback dopo aver ricevuto il materiale.<\/p>\n<div>All&#8217;inizio ho avuto qualche problema con la presentazione del motore, ma poi tutto \u00e8 andato molto velocemente, anche l&#8217;allineamento della guarnitura con le ruote dentate \u00e8 avvenuto senza problemi.<\/div>\n<div>Nessun problema riscontrato, un irrigidimento, ma niente di che. Ho percorso pi\u00f9 di cento chilometri e non sono mai sceso sotto il 50% del livello della batteria, ma allo stesso tempo non ho fatto un giro pi\u00f9 lungo di 30 km, quindi ora sono ansioso di conoscere le possibilit\u00e0 in termini di autonomia.<\/div>\n<div>Per quanto riguarda la velocit\u00e0, \u00e8 molto onorevole e se si spinge un po&#8217;, il motore non viene pi\u00f9 sollecitato. Penso che sia ottimo: 35 km\/h e 39 km\/h se si spinge forte sui pedali.<\/div>\n<div>Il motore non si scalda troppo, ho un consumo in Ah compreso tra 5Ah e 8Ah che \u00e8 piuttosto corretto secondo lo statino e che corrisponde bene al diagramma di consumo.<\/div>\n<div>Il mio tipo di parco giochi \u00e8 il sentiero del sottobosco e il sentiero costiero.<\/div>\n<div>In breve, una bomba che adoro, \u00e8 incredibile!<\/div>\n<\/div><\/div><span class=\"awb-triangle\"><\/span><\/blockquote><div class=\"author\"><span class=\"testimonial-thumbnail doe\"><\/span><span class=\"company-name\"><strong>??<\/strong><\/span><\/div><\/div><\/div><\/div><div class=\"fusion-separator fusion-full-width-sep\" style=\"align-self: center;margin-left: auto;margin-right: auto;width:100%;\"><div class=\"fusion-separator-border sep-single sep-solid\" style=\"--awb-height:20px;--awb-amount:20px;border-color:#e0dede;border-top-width:1px;\"><\/div><\/div><\/div><\/div><div class=\"fusion-layout-column fusion_builder_column fusion-builder-column-8 fusion_builder_column_1_1 1_1 fusion-flex-column\" style=\"--awb-bg-size:cover;--awb-width-large:100%;--awb-margin-top-large:0px;--awb-spacing-right-large:1.92%;--awb-margin-bottom-large:20px;--awb-spacing-left-large:1.92%;--awb-width-medium:100%;--awb-order-medium:0;--awb-spacing-right-medium:1.92%;--awb-spacing-left-medium:1.92%;--awb-width-small:100%;--awb-order-small:0;--awb-spacing-right-small:1.92%;--awb-spacing-left-small:1.92%;\"><div class=\"fusion-column-wrapper fusion-column-has-shadow fusion-flex-justify-content-flex-start fusion-content-layout-column\"><div class=\"fusion-testimonials classic awb-speech-bubble-show fusion-testimonials-8\" style=\"--awb-textcolor:#747474;--awb-backgroundcolor:#f6f6f6;--awb-testimonial-border-style:solid;--awb-testimonial-border-color:var(--awb-color3);--awb-border-top-left-radius:0px;--awb-border-top-right-radius:0px;--awb-border-bottom-left-radius:0px;--awb-border-bottom-right-radius:0px;--testimonial-border-width-top:0px;--testimonial-border-width-right:0px;--testimonial-border-width-bottom:0px;--testimonial-border-width-left:0px;\" data-random=\"0\" data-speed=\"4000\"><div class=\"reviews\"><div class=\"review active-testimonial male\"><blockquote><div class=\"awb-quote\"><div class=\"awb-quote-content\">\n<p>Ciao<\/p>\n<p>Sono ormai pi\u00f9 di 3 anni che non mi prendo una pausa su una bici trance x4 gigante. Nessuna manutenzione speciale.<\/p>\n<p>Cambio le cassette posteriori e le catene, ma niente sul motore.<\/p>\n<p>Grazie a voi. Vado in mountain bike e in bici da corsa! La mountain bike con bici da oltre 5000\u20ac e sono tutti stupiti dalla potenza e dall&#8217;autonomia. Nessuno sforzo durante la pedalata.<\/p>\n<p>Con l&#8217;acceleratore a pollice, \u00e8 possibile superare pi\u00f9 facilmente gli ostacoli rocciosi senza dover pedalare e appendere i pedali.<\/p>\n<p>Alla faccia della pubblicit\u00e0.<\/p>\n<p>Nessun problema a far provare e vedere il kit!<\/p>\n<\/div><\/div><span class=\"awb-triangle\"><\/span><\/blockquote><div class=\"author\"><span class=\"testimonial-thumbnail doe\"><\/span><span class=\"company-name\"><strong>Pascal<\/strong><\/span><\/div><\/div><\/div><\/div><div class=\"fusion-separator fusion-full-width-sep\" style=\"align-self: center;margin-left: auto;margin-right: auto;width:100%;\"><div class=\"fusion-separator-border sep-single sep-solid\" style=\"--awb-height:20px;--awb-amount:20px;border-color:#e0dede;border-top-width:1px;\"><\/div><\/div><\/div><\/div><div class=\"fusion-layout-column fusion_builder_column fusion-builder-column-9 fusion_builder_column_1_1 1_1 fusion-flex-column\" style=\"--awb-bg-size:cover;--awb-width-large:100%;--awb-margin-top-large:0px;--awb-spacing-right-large:1.92%;--awb-margin-bottom-large:20px;--awb-spacing-left-large:1.92%;--awb-width-medium:100%;--awb-order-medium:0;--awb-spacing-right-medium:1.92%;--awb-spacing-left-medium:1.92%;--awb-width-small:100%;--awb-order-small:0;--awb-spacing-right-small:1.92%;--awb-spacing-left-small:1.92%;\"><div class=\"fusion-column-wrapper fusion-column-has-shadow fusion-flex-justify-content-flex-start fusion-content-layout-column\"><div class=\"fusion-testimonials classic awb-speech-bubble-show fusion-testimonials-9\" style=\"--awb-textcolor:#747474;--awb-backgroundcolor:#f6f6f6;--awb-testimonial-border-style:solid;--awb-testimonial-border-color:var(--awb-color3);--awb-border-top-left-radius:0px;--awb-border-top-right-radius:0px;--awb-border-bottom-left-radius:0px;--awb-border-bottom-right-radius:0px;--testimonial-border-width-top:0px;--testimonial-border-width-right:0px;--testimonial-border-width-bottom:0px;--testimonial-border-width-left:0px;\" data-random=\"0\" data-speed=\"4000\"><div class=\"reviews\"><div class=\"review active-testimonial male\"><blockquote><div class=\"awb-quote\"><div class=\"awb-quote-content\">\n<p>Ciao<\/p>\n<p>Sono ormai pi\u00f9 di 3 anni che non mi prendo una pausa su una bici trance x4 gigante. Nessuna manutenzione speciale.<\/p>\n<p>Cambio le cassette posteriori e le catene, ma niente sul motore.<\/p>\n<p>Grazie a voi. Vado in mountain bike e in bici da corsa! La mountain bike con bici da oltre 5000\u20ac e sono tutti stupiti dalla potenza e dall&#8217;autonomia. Nessuno sforzo durante la pedalata.<\/p>\n<p>Con l&#8217;acceleratore a pollice, \u00e8 possibile superare pi\u00f9 facilmente gli ostacoli rocciosi senza dover pedalare e appendere i pedali.<\/p>\n<p>Alla faccia della pubblicit\u00e0.<\/p>\n<p>Nessun problema a far provare e vedere il kit!<\/p>\n<\/div><\/div><span class=\"awb-triangle\"><\/span><\/blockquote><div class=\"author\"><span class=\"testimonial-thumbnail doe\"><\/span><span class=\"company-name\"><strong>Pascal<\/strong><\/span><\/div><\/div><\/div><\/div><div class=\"fusion-separator fusion-full-width-sep\" style=\"align-self: center;margin-left: auto;margin-right: auto;width:100%;\"><div class=\"fusion-separator-border sep-single sep-solid\" style=\"--awb-height:20px;--awb-amount:20px;border-color:#e0dede;border-top-width:1px;\"><\/div><\/div><\/div><\/div><div class=\"fusion-layout-column fusion_builder_column fusion-builder-column-10 fusion_builder_column_1_1 1_1 fusion-flex-column\" style=\"--awb-bg-size:cover;--awb-width-large:100%;--awb-margin-top-large:0px;--awb-spacing-right-large:1.92%;--awb-margin-bottom-large:20px;--awb-spacing-left-large:1.92%;--awb-width-medium:100%;--awb-order-medium:0;--awb-spacing-right-medium:1.92%;--awb-spacing-left-medium:1.92%;--awb-width-small:100%;--awb-order-small:0;--awb-spacing-right-small:1.92%;--awb-spacing-left-small:1.92%;\"><div class=\"fusion-column-wrapper fusion-column-has-shadow fusion-flex-justify-content-flex-start fusion-content-layout-column\"><div class=\"fusion-testimonials classic awb-speech-bubble-show fusion-testimonials-10\" style=\"--awb-textcolor:#747474;--awb-backgroundcolor:#f6f6f6;--awb-testimonial-border-style:solid;--awb-testimonial-border-color:var(--awb-color3);--awb-border-top-left-radius:0px;--awb-border-top-right-radius:0px;--awb-border-bottom-left-radius:0px;--awb-border-bottom-right-radius:0px;--testimonial-border-width-top:0px;--testimonial-border-width-right:0px;--testimonial-border-width-bottom:0px;--testimonial-border-width-left:0px;\" data-random=\"0\" data-speed=\"4000\"><div class=\"reviews\"><div class=\"review active-testimonial male\"><blockquote><div class=\"awb-quote\"><div class=\"awb-quote-content\">\n<p style=\"font-weight: 400;\">Buona sera Matthieu<\/p>\n<p style=\"font-weight: 400;\">In allegato alcune immagini del montaggio del kit sulla mia moto.<\/p>\n<p style=\"font-weight: 400;\">Mi ci \u00e8 voluto un po&#8217; di tempo, ma volevo farlo bene.<\/p>\n<p style=\"font-weight: 400;\">Ho mantenuto il deragliatore e il comando sul manubrio, posso mettere l&#8217;acceleratore a sinistra senza che il comando del deragliatore sia d&#8217;intralcio, e ho montato la parte che si avvita sul grilletto, secondo me \u00e8 pi\u00f9 pratico&#8230; L&#8217;ho testato su una salita, funziona, la batteria non sembra nello zaino&#8230;.<\/p>\n<p style=\"font-weight: 400;\">Si pu\u00f2 pedalare tranquillamente senza assistenza quando si sale, e anche non pedalare quando si accelera, bello&#8230; la mountain bike \u00e8 un po&#8217; pi\u00f9 pesante ma si trasporta bene, \u00e8 meglio di una mountain bike elettrica commerciale che pesa troppo&#8230;Potr\u00f2 andare in posti identici a quelli che sono abituato a fare, dove a volte c&#8217;\u00e8 un portage breve o lungo&#8230; Ho inoltre un sistema di portage che deve poter essere ancora messo (PeakRider), che non deve ostruire e il baricentro non ha dovuto evolvere con questo assemblaggio.<\/p>\n<p style=\"font-weight: 400;\">Questo \u00e8 quanto per alcune informazioni.<\/p>\n<p style=\"font-weight: 400;\">Buonasera e grazie per questo bel kit<\/p>\n<p style=\"font-weight: 400;\"><img decoding=\"async\" class=\" wp-image-26233 alignleft\" src=\"http:\/\/lift-mtb.com\/wp-content\/uploads\/2022\/06\/vtt-lapierre-avec-kit-electrique.jpeg\" alt=\"\" width=\"490\" height=\"368\" srcset=\"https:\/\/www.lift-mtb.com\/wp-content\/uploads\/2022\/06\/vtt-lapierre-avec-kit-electrique-200x150.jpeg 200w, https:\/\/www.lift-mtb.com\/wp-content\/uploads\/2022\/06\/vtt-lapierre-avec-kit-electrique-300x225.jpeg 300w, https:\/\/www.lift-mtb.com\/wp-content\/uploads\/2022\/06\/vtt-lapierre-avec-kit-electrique-400x300.jpeg 400w, https:\/\/www.lift-mtb.com\/wp-content\/uploads\/2022\/06\/vtt-lapierre-avec-kit-electrique-500x375.jpeg 500w, https:\/\/www.lift-mtb.com\/wp-content\/uploads\/2022\/06\/vtt-lapierre-avec-kit-electrique-600x450.jpeg 600w, https:\/\/www.lift-mtb.com\/wp-content\/uploads\/2022\/06\/vtt-lapierre-avec-kit-electrique-700x525.jpeg 700w, https:\/\/www.lift-mtb.com\/wp-content\/uploads\/2022\/06\/vtt-lapierre-avec-kit-electrique-768x576.jpeg 768w, https:\/\/www.lift-mtb.com\/wp-content\/uploads\/2022\/06\/vtt-lapierre-avec-kit-electrique-800x600.jpeg 800w, https:\/\/www.lift-mtb.com\/wp-content\/uploads\/2022\/06\/vtt-lapierre-avec-kit-electrique.jpeg 910w\" sizes=\"(max-width: 490px) 100vw, 490px\" \/><\/p>\n<\/div><\/div><span class=\"awb-triangle\"><\/span><\/blockquote><div class=\"author\"><span class=\"testimonial-thumbnail doe\"><\/span><span class=\"company-name\"><strong>Pierre<\/strong><\/span><\/div><\/div><\/div><\/div><div class=\"fusion-separator fusion-full-width-sep\" style=\"align-self: center;margin-left: auto;margin-right: auto;width:100%;\"><div class=\"fusion-separator-border sep-single sep-solid\" style=\"--awb-height:20px;--awb-amount:20px;border-color:#e0dede;border-top-width:1px;\"><\/div><\/div><\/div><\/div><div class=\"fusion-layout-column fusion_builder_column fusion-builder-column-11 fusion_builder_column_1_1 1_1 fusion-flex-column\" style=\"--awb-bg-size:cover;--awb-width-large:100%;--awb-margin-top-large:0px;--awb-spacing-right-large:1.92%;--awb-margin-bottom-large:20px;--awb-spacing-left-large:1.92%;--awb-width-medium:100%;--awb-order-medium:0;--awb-spacing-right-medium:1.92%;--awb-spacing-left-medium:1.92%;--awb-width-small:100%;--awb-order-small:0;--awb-spacing-right-small:1.92%;--awb-spacing-left-small:1.92%;\"><div class=\"fusion-column-wrapper fusion-column-has-shadow fusion-flex-justify-content-flex-start fusion-content-layout-column\"><div class=\"fusion-testimonials classic awb-speech-bubble-show fusion-testimonials-11\" style=\"--awb-textcolor:#747474;--awb-backgroundcolor:#f6f6f6;--awb-testimonial-border-style:solid;--awb-testimonial-border-color:var(--awb-color3);--awb-border-top-left-radius:0px;--awb-border-top-right-radius:0px;--awb-border-bottom-left-radius:0px;--awb-border-bottom-right-radius:0px;--testimonial-border-width-top:0px;--testimonial-border-width-right:0px;--testimonial-border-width-bottom:0px;--testimonial-border-width-left:0px;\" data-random=\"0\" data-speed=\"4000\"><div class=\"reviews\"><div class=\"review active-testimonial male\"><blockquote><div class=\"awb-quote\"><div class=\"awb-quote-content\">\n<p>Il vostro motore oggi ha ridicolizzato una Lapierre, una Haibike e una Specialized oltre i 40 km.<\/p>\n<p><img decoding=\"async\" class=\" wp-image-26238 alignleft\" src=\"http:\/\/lift-mtb.com\/wp-content\/uploads\/2022\/06\/avis-lift-v2-intense-tracer-576x1024.png\" alt=\"\" width=\"239\" height=\"425\" srcset=\"https:\/\/www.lift-mtb.com\/wp-content\/uploads\/2022\/06\/avis-lift-v2-intense-tracer-169x300.png 169w, https:\/\/www.lift-mtb.com\/wp-content\/uploads\/2022\/06\/avis-lift-v2-intense-tracer-200x355.png 200w, https:\/\/www.lift-mtb.com\/wp-content\/uploads\/2022\/06\/avis-lift-v2-intense-tracer-400x711.png 400w, https:\/\/www.lift-mtb.com\/wp-content\/uploads\/2022\/06\/avis-lift-v2-intense-tracer-500x889.png 500w, https:\/\/www.lift-mtb.com\/wp-content\/uploads\/2022\/06\/avis-lift-v2-intense-tracer-576x1024.png 576w, https:\/\/www.lift-mtb.com\/wp-content\/uploads\/2022\/06\/avis-lift-v2-intense-tracer-600x1066.png 600w, https:\/\/www.lift-mtb.com\/wp-content\/uploads\/2022\/06\/avis-lift-v2-intense-tracer-700x1244.png 700w, https:\/\/www.lift-mtb.com\/wp-content\/uploads\/2022\/06\/avis-lift-v2-intense-tracer.png 718w\" sizes=\"(max-width: 239px) 100vw, 239px\" \/><\/p>\n<\/div><\/div><span class=\"awb-triangle\"><\/span><\/blockquote><div class=\"author\"><span class=\"testimonial-thumbnail doe\"><\/span><span class=\"company-name\"><strong>Bruno<\/strong><\/span><\/div><\/div><\/div><\/div><div class=\"fusion-separator fusion-full-width-sep\" style=\"align-self: center;margin-left: auto;margin-right: auto;width:100%;\"><div class=\"fusion-separator-border sep-single sep-solid\" style=\"--awb-height:20px;--awb-amount:20px;border-color:#e0dede;border-top-width:1px;\"><\/div><\/div><\/div><\/div><div class=\"fusion-layout-column fusion_builder_column fusion-builder-column-12 fusion_builder_column_1_1 1_1 fusion-flex-column\" style=\"--awb-bg-size:cover;--awb-width-large:100%;--awb-margin-top-large:0px;--awb-spacing-right-large:1.92%;--awb-margin-bottom-large:20px;--awb-spacing-left-large:1.92%;--awb-width-medium:100%;--awb-order-medium:0;--awb-spacing-right-medium:1.92%;--awb-spacing-left-medium:1.92%;--awb-width-small:100%;--awb-order-small:0;--awb-spacing-right-small:1.92%;--awb-spacing-left-small:1.92%;\"><div class=\"fusion-column-wrapper fusion-column-has-shadow fusion-flex-justify-content-flex-start fusion-content-layout-column\"><div class=\"fusion-testimonials classic awb-speech-bubble-show fusion-testimonials-12\" style=\"--awb-textcolor:#747474;--awb-backgroundcolor:#f6f6f6;--awb-testimonial-border-style:solid;--awb-testimonial-border-color:var(--awb-color3);--awb-border-top-left-radius:0px;--awb-border-top-right-radius:0px;--awb-border-bottom-left-radius:0px;--awb-border-bottom-right-radius:0px;--testimonial-border-width-top:0px;--testimonial-border-width-right:0px;--testimonial-border-width-bottom:0px;--testimonial-border-width-left:0px;\" data-random=\"0\" data-speed=\"4000\"><div class=\"reviews\"><div class=\"review active-testimonial male\"><blockquote><div class=\"awb-quote\"><div class=\"awb-quote-content\">\n<p>Da pi\u00f9 di due anni e mezzo lo uso nell&#8217;Essonne con ogni tempo e su ogni terreno. Lo installo o lo rimuovo in base al tipo di rughe che ho e al livello dei miei compagni di viaggio. \ud83d\udc4d !<\/p>\n<p><img decoding=\"async\" class=\"alignright size-full wp-image-26243\" src=\"http:\/\/lift-mtb.com\/wp-content\/uploads\/2022\/06\/instagram-test-lift-mtb.jpeg\" alt=\"instagram-test-lift-mtb\" width=\"880\" height=\"473\" srcset=\"https:\/\/www.lift-mtb.com\/wp-content\/uploads\/2022\/06\/instagram-test-lift-mtb-200x108.jpeg 200w, https:\/\/www.lift-mtb.com\/wp-content\/uploads\/2022\/06\/instagram-test-lift-mtb-300x161.jpeg 300w, https:\/\/www.lift-mtb.com\/wp-content\/uploads\/2022\/06\/instagram-test-lift-mtb-400x215.jpeg 400w, https:\/\/www.lift-mtb.com\/wp-content\/uploads\/2022\/06\/instagram-test-lift-mtb-500x269.jpeg 500w, https:\/\/www.lift-mtb.com\/wp-content\/uploads\/2022\/06\/instagram-test-lift-mtb-600x323.jpeg 600w, https:\/\/www.lift-mtb.com\/wp-content\/uploads\/2022\/06\/instagram-test-lift-mtb-700x376.jpeg 700w, https:\/\/www.lift-mtb.com\/wp-content\/uploads\/2022\/06\/instagram-test-lift-mtb-768x413.jpeg 768w, https:\/\/www.lift-mtb.com\/wp-content\/uploads\/2022\/06\/instagram-test-lift-mtb-800x430.jpeg 800w, https:\/\/www.lift-mtb.com\/wp-content\/uploads\/2022\/06\/instagram-test-lift-mtb.jpeg 880w\" sizes=\"(max-width: 880px) 100vw, 880px\" \/><\/p>\n<\/div><\/div><span class=\"awb-triangle\"><\/span><\/blockquote><div class=\"author\"><span class=\"testimonial-thumbnail doe\"><\/span><span class=\"company-name\"><strong>Manu<\/strong><\/span><\/div><\/div><\/div><\/div><div class=\"fusion-separator fusion-full-width-sep\" style=\"align-self: center;margin-left: auto;margin-right: auto;width:100%;\"><div class=\"fusion-separator-border sep-single sep-solid\" style=\"--awb-height:20px;--awb-amount:20px;border-color:#e0dede;border-top-width:1px;\"><\/div><\/div><\/div><\/div><div class=\"fusion-layout-column fusion_builder_column fusion-builder-column-13 fusion_builder_column_1_1 1_1 fusion-flex-column\" style=\"--awb-bg-size:cover;--awb-width-large:100%;--awb-margin-top-large:0px;--awb-spacing-right-large:1.92%;--awb-margin-bottom-large:20px;--awb-spacing-left-large:1.92%;--awb-width-medium:100%;--awb-order-medium:0;--awb-spacing-right-medium:1.92%;--awb-spacing-left-medium:1.92%;--awb-width-small:100%;--awb-order-small:0;--awb-spacing-right-small:1.92%;--awb-spacing-left-small:1.92%;\"><div class=\"fusion-column-wrapper fusion-column-has-shadow fusion-flex-justify-content-flex-start fusion-content-layout-column\"><div class=\"fusion-testimonials classic awb-speech-bubble-show fusion-testimonials-13\" style=\"--awb-textcolor:#747474;--awb-backgroundcolor:#f6f6f6;--awb-testimonial-border-style:solid;--awb-testimonial-border-color:var(--awb-color3);--awb-border-top-left-radius:0px;--awb-border-top-right-radius:0px;--awb-border-bottom-left-radius:0px;--awb-border-bottom-right-radius:0px;--testimonial-border-width-top:0px;--testimonial-border-width-right:0px;--testimonial-border-width-bottom:0px;--testimonial-border-width-left:0px;\" data-random=\"0\" data-speed=\"4000\"><div class=\"reviews\"><div class=\"review active-testimonial male\"><blockquote><div class=\"awb-quote\"><div class=\"awb-quote-content\">\n<p>Lo uso da pi\u00f9 di un anno ormai&#8230; e a differenza di un vae, \u00e8 anche il piacere di pedalare liberamente senza avere necessariamente un&#8217;assistenza continua, ma solo quando ne ho bisogno \ud83d\ude0a<\/p>\n<p><img decoding=\"async\" class=\" wp-image-26248 alignleft\" src=\"http:\/\/lift-mtb.com\/wp-content\/uploads\/2022\/06\/test-lift-mtb.jpeg\" alt=\"\" width=\"391\" height=\"218\" srcset=\"https:\/\/www.lift-mtb.com\/wp-content\/uploads\/2022\/06\/test-lift-mtb-200x111.jpeg 200w, https:\/\/www.lift-mtb.com\/wp-content\/uploads\/2022\/06\/test-lift-mtb-300x167.jpeg 300w, https:\/\/www.lift-mtb.com\/wp-content\/uploads\/2022\/06\/test-lift-mtb-400x223.jpeg 400w, https:\/\/www.lift-mtb.com\/wp-content\/uploads\/2022\/06\/test-lift-mtb-500x279.jpeg 500w, https:\/\/www.lift-mtb.com\/wp-content\/uploads\/2022\/06\/test-lift-mtb-600x334.jpeg 600w, https:\/\/www.lift-mtb.com\/wp-content\/uploads\/2022\/06\/test-lift-mtb-700x390.jpeg 700w, https:\/\/www.lift-mtb.com\/wp-content\/uploads\/2022\/06\/test-lift-mtb-768x428.jpeg 768w, https:\/\/www.lift-mtb.com\/wp-content\/uploads\/2022\/06\/test-lift-mtb-800x446.jpeg 800w, https:\/\/www.lift-mtb.com\/wp-content\/uploads\/2022\/06\/test-lift-mtb.jpeg 858w\" sizes=\"(max-width: 391px) 100vw, 391px\" \/><\/p>\n<\/div><\/div><span class=\"awb-triangle\"><\/span><\/blockquote><div class=\"author\"><span class=\"testimonial-thumbnail doe\"><\/span><span class=\"company-name\"><strong>Pascal<\/strong><\/span><\/div><\/div><\/div><\/div><div class=\"fusion-separator fusion-full-width-sep\" style=\"align-self: center;margin-left: auto;margin-right: auto;width:100%;\"><div class=\"fusion-separator-border sep-single sep-solid\" style=\"--awb-height:20px;--awb-amount:20px;border-color:#e0dede;border-top-width:1px;\"><\/div><\/div><\/div><\/div><div class=\"fusion-layout-column fusion_builder_column fusion-builder-column-14 fusion_builder_column_1_1 1_1 fusion-flex-column\" style=\"--awb-bg-size:cover;--awb-width-large:100%;--awb-margin-top-large:0px;--awb-spacing-right-large:1.92%;--awb-margin-bottom-large:20px;--awb-spacing-left-large:1.92%;--awb-width-medium:100%;--awb-order-medium:0;--awb-spacing-right-medium:1.92%;--awb-spacing-left-medium:1.92%;--awb-width-small:100%;--awb-order-small:0;--awb-spacing-right-small:1.92%;--awb-spacing-left-small:1.92%;\"><div class=\"fusion-column-wrapper fusion-column-has-shadow fusion-flex-justify-content-flex-start fusion-content-layout-column\"><div class=\"fusion-testimonials classic awb-speech-bubble-show fusion-testimonials-14\" style=\"--awb-textcolor:#747474;--awb-backgroundcolor:#f6f6f6;--awb-testimonial-border-style:solid;--awb-testimonial-border-color:var(--awb-color3);--awb-border-top-left-radius:0px;--awb-border-top-right-radius:0px;--awb-border-bottom-left-radius:0px;--awb-border-bottom-right-radius:0px;--testimonial-border-width-top:0px;--testimonial-border-width-right:0px;--testimonial-border-width-bottom:0px;--testimonial-border-width-left:0px;\" data-random=\"0\" data-speed=\"4000\"><div class=\"reviews\"><div class=\"review active-testimonial male\"><blockquote><div class=\"awb-quote\"><div class=\"awb-quote-content\">\n<p>Ciao Matthieu e tutto il team LIFT MTB; vorrei condividere con voi le mie impressioni sul vostro prodotto e sulla vostra azienda. Beh, ne sono felice! Il KIT telaio anteriore installato sulla mia Lapierre Spicy 516 del 2009 mi d\u00e0 piena soddisfazione! Che piacere \u00e8 portare i sentieri in un&#8217;avventura sapendo che si avr\u00e0 abbastanza per superare tutte le difficolt\u00e0, per tornare indietro se necessario, per aumentare il chilometraggio della gita se necessario. Il tutto utilizzando la vostra bicicletta muscolare quanto volete (o potete?). Questo kit \u00e8 davvero un&#8217;idea geniale! Vorrei anche ringraziarvi per la vostra gentilezza e disponibilit\u00e0 durante il processo di ordinazione e per i dettagli forniti durante il montaggio. Tutto era perfetto! Vi auguro buona fortuna. E lunga vita alla LIFT MTB!<\/p>\n<\/div><\/div><span class=\"awb-triangle\"><\/span><\/blockquote><div class=\"author\"><span class=\"testimonial-thumbnail doe\"><\/span><span class=\"company-name\"><strong>Jacques S.<\/strong><\/span><\/div><\/div><\/div><\/div><div class=\"fusion-separator fusion-full-width-sep\" style=\"align-self: center;margin-left: auto;margin-right: auto;width:100%;\"><div class=\"fusion-separator-border sep-single sep-solid\" style=\"--awb-height:20px;--awb-amount:20px;border-color:#e0dede;border-top-width:1px;\"><\/div><\/div><\/div><\/div><div class=\"fusion-layout-column fusion_builder_column fusion-builder-column-15 fusion_builder_column_1_1 1_1 fusion-flex-column\" style=\"--awb-bg-size:cover;--awb-width-large:100%;--awb-margin-top-large:0px;--awb-spacing-right-large:1.92%;--awb-margin-bottom-large:20px;--awb-spacing-left-large:1.92%;--awb-width-medium:100%;--awb-order-medium:0;--awb-spacing-right-medium:1.92%;--awb-spacing-left-medium:1.92%;--awb-width-small:100%;--awb-order-small:0;--awb-spacing-right-small:1.92%;--awb-spacing-left-small:1.92%;\"><div class=\"fusion-column-wrapper fusion-column-has-shadow fusion-flex-justify-content-flex-start fusion-content-layout-column\"><div class=\"fusion-testimonials classic awb-speech-bubble-show fusion-testimonials-15\" style=\"--awb-textcolor:#747474;--awb-backgroundcolor:#f6f6f6;--awb-testimonial-border-style:solid;--awb-testimonial-border-color:var(--awb-color3);--awb-border-top-left-radius:0px;--awb-border-top-right-radius:0px;--awb-border-bottom-left-radius:0px;--awb-border-bottom-right-radius:0px;--testimonial-border-width-top:0px;--testimonial-border-width-right:0px;--testimonial-border-width-bottom:0px;--testimonial-border-width-left:0px;\" data-random=\"0\" data-speed=\"4000\"><div class=\"reviews\"><div class=\"review active-testimonial male\"><blockquote><div class=\"awb-quote\"><div class=\"awb-quote-content\">\n<p>Prodotto eccellente. Ottimi materiali, funziona molto bene, assistenza molto rapida e sempre molto disponibile in caso di dubbi. Super super cool!<\/p>\n<p><img decoding=\"async\" class=\" wp-image-26253 alignleft\" src=\"http:\/\/lift-mtb.com\/wp-content\/uploads\/2022\/06\/kit-moteur-pour-velo.png\" alt=\"\" width=\"242\" height=\"399\" srcset=\"https:\/\/www.lift-mtb.com\/wp-content\/uploads\/2022\/06\/kit-moteur-pour-velo-182x300.png 182w, https:\/\/www.lift-mtb.com\/wp-content\/uploads\/2022\/06\/kit-moteur-pour-velo-200x330.png 200w, https:\/\/www.lift-mtb.com\/wp-content\/uploads\/2022\/06\/kit-moteur-pour-velo-400x659.png 400w, https:\/\/www.lift-mtb.com\/wp-content\/uploads\/2022\/06\/kit-moteur-pour-velo.png 421w\" sizes=\"(max-width: 242px) 100vw, 242px\" \/><\/p>\n<\/div><\/div><span class=\"awb-triangle\"><\/span><\/blockquote><div class=\"author\"><span class=\"testimonial-thumbnail doe\"><\/span><span class=\"company-name\"><strong>Loris S.<\/strong><\/span><\/div><\/div><\/div><\/div><div class=\"fusion-separator fusion-full-width-sep\" style=\"align-self: center;margin-left: auto;margin-right: auto;width:100%;\"><div class=\"fusion-separator-border sep-single sep-solid\" style=\"--awb-height:20px;--awb-amount:20px;border-color:#e0dede;border-top-width:1px;\"><\/div><\/div><\/div><\/div><div class=\"fusion-layout-column fusion_builder_column fusion-builder-column-16 fusion_builder_column_1_1 1_1 fusion-flex-column\" style=\"--awb-bg-size:cover;--awb-width-large:100%;--awb-margin-top-large:0px;--awb-spacing-right-large:1.92%;--awb-margin-bottom-large:20px;--awb-spacing-left-large:1.92%;--awb-width-medium:100%;--awb-order-medium:0;--awb-spacing-right-medium:1.92%;--awb-spacing-left-medium:1.92%;--awb-width-small:100%;--awb-order-small:0;--awb-spacing-right-small:1.92%;--awb-spacing-left-small:1.92%;\"><div class=\"fusion-column-wrapper fusion-column-has-shadow fusion-flex-justify-content-flex-start fusion-content-layout-column\"><div class=\"fusion-testimonials classic awb-speech-bubble-show fusion-testimonials-16\" style=\"--awb-textcolor:#747474;--awb-backgroundcolor:#f6f6f6;--awb-testimonial-border-style:solid;--awb-testimonial-border-color:var(--awb-color3);--awb-border-top-left-radius:0px;--awb-border-top-right-radius:0px;--awb-border-bottom-left-radius:0px;--awb-border-bottom-right-radius:0px;--testimonial-border-width-top:0px;--testimonial-border-width-right:0px;--testimonial-border-width-bottom:0px;--testimonial-border-width-left:0px;\" data-random=\"0\" data-speed=\"4000\"><div class=\"reviews\"><div class=\"review active-testimonial male\"><blockquote><div class=\"awb-quote\"><div class=\"awb-quote-content\">\n<p><img decoding=\"async\" class=\"wp-image-26258 aligncenter\" src=\"http:\/\/lift-mtb.com\/wp-content\/uploads\/2022\/06\/moteur-de-vtt.jpeg\" alt=\"\" width=\"483\" height=\"212\" srcset=\"https:\/\/www.lift-mtb.com\/wp-content\/uploads\/2022\/06\/moteur-de-vtt-200x88.jpeg 200w, https:\/\/www.lift-mtb.com\/wp-content\/uploads\/2022\/06\/moteur-de-vtt-300x132.jpeg 300w, https:\/\/www.lift-mtb.com\/wp-content\/uploads\/2022\/06\/moteur-de-vtt-400x176.jpeg 400w, https:\/\/www.lift-mtb.com\/wp-content\/uploads\/2022\/06\/moteur-de-vtt-500x220.jpeg 500w, https:\/\/www.lift-mtb.com\/wp-content\/uploads\/2022\/06\/moteur-de-vtt-600x263.jpeg 600w, https:\/\/www.lift-mtb.com\/wp-content\/uploads\/2022\/06\/moteur-de-vtt.jpeg 681w\" sizes=\"(max-width: 483px) 100vw, 483px\" \/>La cosa migliore \u00e8 che non potevo pi\u00f9 andare in mountain bike, ma con il motore posso andare ovunque, grazie al LIFT-MTB.<\/p>\n<\/div><\/div><span class=\"awb-triangle\"><\/span><\/blockquote><div class=\"author\"><span class=\"testimonial-thumbnail doe\"><\/span><span class=\"company-name\"><strong>Yvan L.<\/strong><\/span><\/div><\/div><\/div><\/div><div class=\"fusion-separator fusion-full-width-sep\" style=\"align-self: center;margin-left: auto;margin-right: auto;width:100%;\"><div class=\"fusion-separator-border sep-single sep-solid\" style=\"--awb-height:20px;--awb-amount:20px;border-color:#e0dede;border-top-width:1px;\"><\/div><\/div><\/div><\/div><div class=\"fusion-layout-column fusion_builder_column fusion-builder-column-17 fusion_builder_column_1_1 1_1 fusion-flex-column\" style=\"--awb-bg-size:cover;--awb-width-large:100%;--awb-margin-top-large:0px;--awb-spacing-right-large:1.92%;--awb-margin-bottom-large:20px;--awb-spacing-left-large:1.92%;--awb-width-medium:100%;--awb-order-medium:0;--awb-spacing-right-medium:1.92%;--awb-spacing-left-medium:1.92%;--awb-width-small:100%;--awb-order-small:0;--awb-spacing-right-small:1.92%;--awb-spacing-left-small:1.92%;\"><div class=\"fusion-column-wrapper fusion-column-has-shadow fusion-flex-justify-content-flex-start fusion-content-layout-column\"><div class=\"fusion-testimonials classic awb-speech-bubble-show fusion-testimonials-17\" style=\"--awb-textcolor:#747474;--awb-backgroundcolor:#f6f6f6;--awb-testimonial-border-style:solid;--awb-testimonial-border-color:var(--awb-color3);--awb-border-top-left-radius:0px;--awb-border-top-right-radius:0px;--awb-border-bottom-left-radius:0px;--awb-border-bottom-right-radius:0px;--testimonial-border-width-top:0px;--testimonial-border-width-right:0px;--testimonial-border-width-bottom:0px;--testimonial-border-width-left:0px;\" data-random=\"0\" data-speed=\"4000\"><div class=\"reviews\"><div class=\"review active-testimonial male\"><blockquote><div class=\"awb-quote\"><div class=\"awb-quote-content\">\n<p><img decoding=\"async\" class=\"alignright wp-image-26268\" src=\"http:\/\/lift-mtb.com\/wp-content\/uploads\/2022\/06\/1602079710.png\" alt=\"\" width=\"275\" height=\"453\" srcset=\"https:\/\/www.lift-mtb.com\/wp-content\/uploads\/2022\/06\/1602079710-182x300.png 182w, https:\/\/www.lift-mtb.com\/wp-content\/uploads\/2022\/06\/1602079710-200x330.png 200w, https:\/\/www.lift-mtb.com\/wp-content\/uploads\/2022\/06\/1602079710-400x659.png 400w, https:\/\/www.lift-mtb.com\/wp-content\/uploads\/2022\/06\/1602079710.png 421w\" sizes=\"(max-width: 275px) 100vw, 275px\" \/>&#8220;Prodotto eccellente. materiali molto curati. funziona molto bene. supporto molto veloce. sempre molto disponibile in caso di dubbi. Super super cool&#8221;.<\/p>\n<\/div><\/div><span class=\"awb-triangle\"><\/span><\/blockquote><div class=\"author\"><span class=\"testimonial-thumbnail doe\"><\/span><span class=\"company-name\"><strong>Loris S.<\/strong><\/span><\/div><\/div><\/div><\/div><div class=\"fusion-separator fusion-full-width-sep\" style=\"align-self: center;margin-left: auto;margin-right: auto;width:100%;\"><div class=\"fusion-separator-border sep-single sep-solid\" style=\"--awb-height:20px;--awb-amount:20px;border-color:#e0dede;border-top-width:1px;\"><\/div><\/div><\/div><\/div><div class=\"fusion-layout-column fusion_builder_column fusion-builder-column-18 fusion_builder_column_1_1 1_1 fusion-flex-column\" style=\"--awb-bg-size:cover;--awb-width-large:100%;--awb-margin-top-large:0px;--awb-spacing-right-large:1.92%;--awb-margin-bottom-large:20px;--awb-spacing-left-large:1.92%;--awb-width-medium:100%;--awb-order-medium:0;--awb-spacing-right-medium:1.92%;--awb-spacing-left-medium:1.92%;--awb-width-small:100%;--awb-order-small:0;--awb-spacing-right-small:1.92%;--awb-spacing-left-small:1.92%;\"><div class=\"fusion-column-wrapper fusion-column-has-shadow fusion-flex-justify-content-flex-start fusion-content-layout-column\"><div class=\"fusion-testimonials classic awb-speech-bubble-show fusion-testimonials-18\" style=\"--awb-textcolor:#747474;--awb-backgroundcolor:#f6f6f6;--awb-testimonial-border-style:solid;--awb-testimonial-border-color:var(--awb-color3);--awb-border-top-left-radius:0px;--awb-border-top-right-radius:0px;--awb-border-bottom-left-radius:0px;--awb-border-bottom-right-radius:0px;--testimonial-border-width-top:0px;--testimonial-border-width-right:0px;--testimonial-border-width-bottom:0px;--testimonial-border-width-left:0px;\" data-random=\"0\" data-speed=\"4000\"><div class=\"reviews\"><div class=\"review active-testimonial male\"><blockquote><div class=\"awb-quote\"><div class=\"awb-quote-content\">\n<p>Perch\u00e9 5 stelle? Sistema molto ben progettato e potente. Ben integrato nella bicicletta e facilmente adattabile al mio Orbea Loki H10, che \u00e8 ancora un ottimo giocatore nonostante l&#8217;aggiunta del motore. Molto reattivo alle domande e alle risposte. Perch\u00e9 questa scelta? Mi trovo in una regione in cui le salite sono degne dell&#8217;alta montagna, quindi le corse sono troppo tecniche e fisiche per il mio livello e l\u00ec \u00e8 un piacere al 100%, le grandi salite si trasformano in falsi piatti, ma non andare<\/p>\n<p>credere che sia ancora sport! Grazie Matthieu per questo bellissimo giocattolo!<img decoding=\"async\" class=\"wp-image-26263 aligncenter\" src=\"http:\/\/lift-mtb.com\/wp-content\/uploads\/2022\/06\/1543840682.jpeg\" alt=\"\" width=\"481\" height=\"496\" srcset=\"https:\/\/www.lift-mtb.com\/wp-content\/uploads\/2022\/06\/1543840682-200x206.jpeg 200w, https:\/\/www.lift-mtb.com\/wp-content\/uploads\/2022\/06\/1543840682-291x300.jpeg 291w, https:\/\/www.lift-mtb.com\/wp-content\/uploads\/2022\/06\/1543840682-400x412.jpeg 400w, https:\/\/www.lift-mtb.com\/wp-content\/uploads\/2022\/06\/1543840682-500x515.jpeg 500w, https:\/\/www.lift-mtb.com\/wp-content\/uploads\/2022\/06\/1543840682-600x619.jpeg 600w, https:\/\/www.lift-mtb.com\/wp-content\/uploads\/2022\/06\/1543840682.jpeg 678w\" sizes=\"(max-width: 481px) 100vw, 481px\" \/><\/p>\n<\/div><\/div><span class=\"awb-triangle\"><\/span><\/blockquote><div class=\"author\"><span class=\"testimonial-thumbnail doe\"><\/span><span class=\"company-name\"><strong>Pierre V.<\/strong><\/span><\/div><\/div><\/div><\/div><div class=\"fusion-separator fusion-full-width-sep\" style=\"align-self: center;margin-left: auto;margin-right: auto;width:100%;\"><div class=\"fusion-separator-border sep-single sep-solid\" style=\"--awb-height:20px;--awb-amount:20px;border-color:#e0dede;border-top-width:1px;\"><\/div><\/div><\/div><\/div><div class=\"fusion-layout-column fusion_builder_column fusion-builder-column-19 fusion_builder_column_1_1 1_1 fusion-flex-column\" style=\"--awb-bg-size:cover;--awb-width-large:100%;--awb-margin-top-large:0px;--awb-spacing-right-large:1.92%;--awb-margin-bottom-large:20px;--awb-spacing-left-large:1.92%;--awb-width-medium:100%;--awb-order-medium:0;--awb-spacing-right-medium:1.92%;--awb-spacing-left-medium:1.92%;--awb-width-small:100%;--awb-order-small:0;--awb-spacing-right-small:1.92%;--awb-spacing-left-small:1.92%;\"><div class=\"fusion-column-wrapper fusion-column-has-shadow fusion-flex-justify-content-flex-start fusion-content-layout-column\"><div class=\"fusion-testimonials classic awb-speech-bubble-show fusion-testimonials-19\" style=\"--awb-textcolor:#747474;--awb-backgroundcolor:#f6f6f6;--awb-testimonial-border-style:solid;--awb-testimonial-border-color:var(--awb-color3);--awb-border-top-left-radius:0px;--awb-border-top-right-radius:0px;--awb-border-bottom-left-radius:0px;--awb-border-bottom-right-radius:0px;--testimonial-border-width-top:0px;--testimonial-border-width-right:0px;--testimonial-border-width-bottom:0px;--testimonial-border-width-left:0px;\" data-random=\"0\" data-speed=\"4000\"><div class=\"reviews\"><div class=\"review active-testimonial male\"><blockquote><div class=\"awb-quote\"><div class=\"awb-quote-content\">\n<p>Utilizzo il kit da oltre 3 anni senza alcun problema. Mi ha permesso di salire innumerevoli colline senza problemi e di scenderne altrettante!<\/p>\n<p><img decoding=\"async\" class=\"size-full wp-image-26273 alignleft\" src=\"http:\/\/lift-mtb.com\/wp-content\/uploads\/2022\/06\/1602079883.png\" alt=\"\" width=\"411\" height=\"217\" srcset=\"https:\/\/www.lift-mtb.com\/wp-content\/uploads\/2022\/06\/1602079883-200x106.png 200w, https:\/\/www.lift-mtb.com\/wp-content\/uploads\/2022\/06\/1602079883-300x158.png 300w, https:\/\/www.lift-mtb.com\/wp-content\/uploads\/2022\/06\/1602079883-400x211.png 400w, https:\/\/www.lift-mtb.com\/wp-content\/uploads\/2022\/06\/1602079883.png 411w\" sizes=\"(max-width: 411px) 100vw, 411px\" \/><\/p>\n<\/div><\/div><span class=\"awb-triangle\"><\/span><\/blockquote><div class=\"author\"><span class=\"testimonial-thumbnail doe\"><\/span><span class=\"company-name\"><strong>V. Jm<\/strong><\/span><\/div><\/div><\/div><\/div><div class=\"fusion-separator fusion-full-width-sep\" style=\"align-self: center;margin-left: auto;margin-right: auto;width:100%;\"><div class=\"fusion-separator-border sep-single sep-solid\" style=\"--awb-height:20px;--awb-amount:20px;border-color:#e0dede;border-top-width:1px;\"><\/div><\/div><\/div><\/div><div class=\"fusion-layout-column fusion_builder_column fusion-builder-column-20 fusion_builder_column_1_1 1_1 fusion-flex-column\" style=\"--awb-bg-size:cover;--awb-width-large:100%;--awb-margin-top-large:0px;--awb-spacing-right-large:1.92%;--awb-margin-bottom-large:20px;--awb-spacing-left-large:1.92%;--awb-width-medium:100%;--awb-order-medium:0;--awb-spacing-right-medium:1.92%;--awb-spacing-left-medium:1.92%;--awb-width-small:100%;--awb-order-small:0;--awb-spacing-right-small:1.92%;--awb-spacing-left-small:1.92%;\"><div class=\"fusion-column-wrapper fusion-column-has-shadow fusion-flex-justify-content-flex-start fusion-content-layout-column\"><div class=\"fusion-testimonials classic awb-speech-bubble-show fusion-testimonials-20\" style=\"--awb-textcolor:#747474;--awb-backgroundcolor:#f6f6f6;--awb-testimonial-border-style:solid;--awb-testimonial-border-color:var(--awb-color3);--awb-border-top-left-radius:0px;--awb-border-top-right-radius:0px;--awb-border-bottom-left-radius:0px;--awb-border-bottom-right-radius:0px;--testimonial-border-width-top:0px;--testimonial-border-width-right:0px;--testimonial-border-width-bottom:0px;--testimonial-border-width-left:0px;\" data-random=\"0\" data-speed=\"4000\"><div class=\"reviews\"><div class=\"review active-testimonial male\"><blockquote><div class=\"awb-quote\"><div class=\"awb-quote-content\">\n<p><img decoding=\"async\" class=\"alignright size-full wp-image-26278\" src=\"http:\/\/lift-mtb.com\/wp-content\/uploads\/2022\/06\/1543840673.jpeg\" alt=\"\" width=\"680\" height=\"537\" srcset=\"https:\/\/www.lift-mtb.com\/wp-content\/uploads\/2022\/06\/1543840673-200x158.jpeg 200w, https:\/\/www.lift-mtb.com\/wp-content\/uploads\/2022\/06\/1543840673-300x237.jpeg 300w, https:\/\/www.lift-mtb.com\/wp-content\/uploads\/2022\/06\/1543840673-400x316.jpeg 400w, https:\/\/www.lift-mtb.com\/wp-content\/uploads\/2022\/06\/1543840673-500x395.jpeg 500w, https:\/\/www.lift-mtb.com\/wp-content\/uploads\/2022\/06\/1543840673-600x474.jpeg 600w, https:\/\/www.lift-mtb.com\/wp-content\/uploads\/2022\/06\/1543840673.jpeg 680w\" sizes=\"(max-width: 680px) 100vw, 680px\" \/><\/p>\n<\/div><\/div><span class=\"awb-triangle\"><\/span><\/blockquote><div class=\"author\"><span class=\"testimonial-thumbnail doe\"><\/span><span class=\"company-name\"><strong>David D.<\/strong><\/span><\/div><\/div><\/div><\/div><div class=\"fusion-separator fusion-full-width-sep\" style=\"align-self: center;margin-left: auto;margin-right: auto;width:100%;\"><div class=\"fusion-separator-border sep-single sep-solid\" style=\"--awb-height:20px;--awb-amount:20px;border-color:#e0dede;border-top-width:1px;\"><\/div><\/div><\/div><\/div><div class=\"fusion-layout-column fusion_builder_column fusion-builder-column-21 fusion_builder_column_1_1 1_1 fusion-flex-column\" style=\"--awb-bg-size:cover;--awb-width-large:100%;--awb-margin-top-large:0px;--awb-spacing-right-large:1.92%;--awb-margin-bottom-large:20px;--awb-spacing-left-large:1.92%;--awb-width-medium:100%;--awb-order-medium:0;--awb-spacing-right-medium:1.92%;--awb-spacing-left-medium:1.92%;--awb-width-small:100%;--awb-order-small:0;--awb-spacing-right-small:1.92%;--awb-spacing-left-small:1.92%;\"><div class=\"fusion-column-wrapper fusion-column-has-shadow fusion-flex-justify-content-flex-start fusion-content-layout-column\"><div class=\"fusion-testimonials classic awb-speech-bubble-show fusion-testimonials-21\" style=\"--awb-textcolor:#747474;--awb-backgroundcolor:#f6f6f6;--awb-testimonial-border-style:solid;--awb-testimonial-border-color:var(--awb-color3);--awb-border-top-left-radius:0px;--awb-border-top-right-radius:0px;--awb-border-bottom-left-radius:0px;--awb-border-bottom-right-radius:0px;--testimonial-border-width-top:0px;--testimonial-border-width-right:0px;--testimonial-border-width-bottom:0px;--testimonial-border-width-left:0px;\" data-random=\"0\" data-speed=\"4000\"><div class=\"reviews\"><div class=\"review active-testimonial male\"><blockquote><div class=\"awb-quote\"><div class=\"awb-quote-content\">\n<p>Salve.<\/p>\n<p>Allego una foto del gruppo motore di una mountain bike LAPIERRE ZESTY 314.<\/p>\n<p>Sono molto soddisfatto dell&#8217;efficienza del motore.<\/p>\n<p><img decoding=\"async\" class=\" wp-image-26283 alignleft\" src=\"http:\/\/lift-mtb.com\/wp-content\/uploads\/2022\/06\/zesty.jpeg\" alt=\"\" width=\"397\" height=\"298\" srcset=\"https:\/\/www.lift-mtb.com\/wp-content\/uploads\/2022\/06\/zesty-200x150.jpeg 200w, https:\/\/www.lift-mtb.com\/wp-content\/uploads\/2022\/06\/zesty-300x225.jpeg 300w, https:\/\/www.lift-mtb.com\/wp-content\/uploads\/2022\/06\/zesty-400x300.jpeg 400w, https:\/\/www.lift-mtb.com\/wp-content\/uploads\/2022\/06\/zesty-500x375.jpeg 500w, https:\/\/www.lift-mtb.com\/wp-content\/uploads\/2022\/06\/zesty-600x450.jpeg 600w, https:\/\/www.lift-mtb.com\/wp-content\/uploads\/2022\/06\/zesty-700x525.jpeg 700w, https:\/\/www.lift-mtb.com\/wp-content\/uploads\/2022\/06\/zesty.jpeg 768w\" sizes=\"(max-width: 397px) 100vw, 397px\" \/><\/p>\n<\/div><\/div><span class=\"awb-triangle\"><\/span><\/blockquote><div class=\"author\"><span class=\"testimonial-thumbnail doe\"><\/span><span class=\"company-name\"><\/span><\/div><\/div><\/div><\/div><div class=\"fusion-separator fusion-full-width-sep\" style=\"align-self: center;margin-left: auto;margin-right: auto;width:100%;\"><div class=\"fusion-separator-border sep-single sep-solid\" style=\"--awb-height:20px;--awb-amount:20px;border-color:#e0dede;border-top-width:1px;\"><\/div><\/div><\/div><\/div><div class=\"fusion-layout-column fusion_builder_column fusion-builder-column-22 fusion_builder_column_1_1 1_1 fusion-flex-column\" style=\"--awb-bg-size:cover;--awb-width-large:100%;--awb-margin-top-large:0px;--awb-spacing-right-large:1.92%;--awb-margin-bottom-large:20px;--awb-spacing-left-large:1.92%;--awb-width-medium:100%;--awb-order-medium:0;--awb-spacing-right-medium:1.92%;--awb-spacing-left-medium:1.92%;--awb-width-small:100%;--awb-order-small:0;--awb-spacing-right-small:1.92%;--awb-spacing-left-small:1.92%;\"><div class=\"fusion-column-wrapper fusion-column-has-shadow fusion-flex-justify-content-flex-start fusion-content-layout-column\"><div class=\"fusion-testimonials classic awb-speech-bubble-show fusion-testimonials-22\" style=\"--awb-textcolor:#747474;--awb-backgroundcolor:#f6f6f6;--awb-testimonial-border-style:solid;--awb-testimonial-border-color:var(--awb-color3);--awb-border-top-left-radius:0px;--awb-border-top-right-radius:0px;--awb-border-bottom-left-radius:0px;--awb-border-bottom-right-radius:0px;--testimonial-border-width-top:0px;--testimonial-border-width-right:0px;--testimonial-border-width-bottom:0px;--testimonial-border-width-left:0px;\" data-random=\"0\" data-speed=\"4000\"><div class=\"reviews\"><div class=\"review active-testimonial male\"><blockquote><div class=\"awb-quote\"><div class=\"awb-quote-content\">\n<p>Salve,<\/p>\n<div>Ho ricevuto il vostro pacco venerd\u00ec, il kit pu\u00f2 essere montato senza problemi seguendo le vostre istruzioni dettagliate.<\/div>\n<div>Stamattina siamo andati a fare un giro in mountain bike e mia moglie \u00e8 molto soddisfatta, dopo 32 km di bosco con zone molto sabbiose e pochissimo dislivello (250 m) la batteria da 11,2 AH ha perso solo il 20%. Penso che abbia guidato solo per il 50% del tempo con l&#8217;assistenza, questo \u00e8 il punto del vostro sistema, guidare a vuoto e in piano \u00e8 facile come prima nonostante il leggero peso aggiuntivo.<\/div>\n<div>\u00c8 stato facile abituarsi.<\/div>\n<div><\/div>\n<div>Dovremo provarlo presto su pendii pi\u00f9 ripidi, la piccola salita che abbiamo provato non ha creato difficolt\u00e0, quindi dovrebbe andare bene.<\/div>\n<div>Complimenti per il vostro lavoro e per la qualit\u00e0 dei materiali utilizzati.<\/div>\n<div><\/div>\n<div><img decoding=\"async\" class=\"size-full wp-image-26289 aligncenter\" src=\"http:\/\/lift-mtb.com\/wp-content\/uploads\/2022\/06\/image-16.jpeg\" alt=\"\" width=\"910\" height=\"683\" srcset=\"https:\/\/www.lift-mtb.com\/wp-content\/uploads\/2022\/06\/image-16-200x150.jpeg 200w, https:\/\/www.lift-mtb.com\/wp-content\/uploads\/2022\/06\/image-16-300x225.jpeg 300w, https:\/\/www.lift-mtb.com\/wp-content\/uploads\/2022\/06\/image-16-400x300.jpeg 400w, https:\/\/www.lift-mtb.com\/wp-content\/uploads\/2022\/06\/image-16-500x375.jpeg 500w, https:\/\/www.lift-mtb.com\/wp-content\/uploads\/2022\/06\/image-16-600x450.jpeg 600w, https:\/\/www.lift-mtb.com\/wp-content\/uploads\/2022\/06\/image-16-700x525.jpeg 700w, https:\/\/www.lift-mtb.com\/wp-content\/uploads\/2022\/06\/image-16-768x576.jpeg 768w, https:\/\/www.lift-mtb.com\/wp-content\/uploads\/2022\/06\/image-16-800x600.jpeg 800w, https:\/\/www.lift-mtb.com\/wp-content\/uploads\/2022\/06\/image-16.jpeg 910w\" sizes=\"(max-width: 910px) 100vw, 910px\" \/><\/div>\n<\/div><\/div><span class=\"awb-triangle\"><\/span><\/blockquote><div class=\"author\"><span class=\"testimonial-thumbnail doe\"><\/span><span class=\"company-name\"><\/span><\/div><\/div><\/div><\/div><div class=\"fusion-separator fusion-full-width-sep\" style=\"align-self: center;margin-left: auto;margin-right: auto;width:100%;\"><div class=\"fusion-separator-border sep-single sep-solid\" style=\"--awb-height:20px;--awb-amount:20px;border-color:#e0dede;border-top-width:1px;\"><\/div><\/div><\/div><\/div><div class=\"fusion-layout-column fusion_builder_column fusion-builder-column-23 fusion_builder_column_1_1 1_1 fusion-flex-column\" style=\"--awb-bg-size:cover;--awb-width-large:100%;--awb-margin-top-large:0px;--awb-spacing-right-large:1.92%;--awb-margin-bottom-large:20px;--awb-spacing-left-large:1.92%;--awb-width-medium:100%;--awb-order-medium:0;--awb-spacing-right-medium:1.92%;--awb-spacing-left-medium:1.92%;--awb-width-small:100%;--awb-order-small:0;--awb-spacing-right-small:1.92%;--awb-spacing-left-small:1.92%;\"><div class=\"fusion-column-wrapper fusion-column-has-shadow fusion-flex-justify-content-flex-start fusion-content-layout-column\"><div class=\"fusion-testimonials classic awb-speech-bubble-show fusion-testimonials-23\" style=\"--awb-textcolor:#747474;--awb-backgroundcolor:#f6f6f6;--awb-testimonial-border-style:solid;--awb-testimonial-border-color:var(--awb-color3);--awb-border-top-left-radius:0px;--awb-border-top-right-radius:0px;--awb-border-bottom-left-radius:0px;--awb-border-bottom-right-radius:0px;--testimonial-border-width-top:0px;--testimonial-border-width-right:0px;--testimonial-border-width-bottom:0px;--testimonial-border-width-left:0px;\" data-random=\"0\" data-speed=\"4000\"><div class=\"reviews\"><div class=\"review active-testimonial male\"><blockquote><div class=\"awb-quote\"><div class=\"awb-quote-content\">\n<p>Salve ,<\/p>\n<p>Ecco il mio feedback dopo 100 km di allenamento:<\/p>\n<p>\u00c8 davvero piacevole da usare e il fatto che si possa utilizzare l&#8217;assistenza solo su richiesta \u00e8 un vero vantaggio.<br \/>\nNon ci sono pi\u00f9 grandi e lunghe salite che ti mandano in rosso, lo sforzo viene &#8220;smussato&#8221;, lasciando un po&#8217; di riserva per godersi le discese.<br \/>\nIl cardio diventa molto pi\u00f9 stabile, le corse sono pi\u00f9 piacevoli. Le differenze di altitudine vengono inghiottite come un sasso e le salite ultra-ripide rimangono ripide, ma molto meno impegnative!<br \/>\nNon c&#8217;\u00e8 bisogno di tornare a macinare strada, con le bici da corsa ci si pu\u00f2 divertire a 35 km\/h!<\/p>\n<p>Per quanto riguarda l&#8217;autonomia, la batteria da 14Ah mi sembra inesauribile, dovr\u00f2 aumentare la DH e, o la distanza.<\/p>\n<p>Ho provato la batteria sul telaio (in una borsa) =&gt; bicicletta pesante, non molto maneggevole, si muove e non \u00e8 molto waf&#8230;<br \/>\npoi sono passato alla borsa =&gt; \u00e8 un po&#8217; pi\u00f9 pesante sulla schiena, ma \u00e8 quasi trasparente per chi di solito viaggia con una borsa (2l di acqua + attrezzi).<\/p>\n<p>Sono stato sorpreso di imbattermi in due sollevatori in un mese, gli utenti ne sono entusiasti e non hanno riscontrato particolari problemi (circa 1,5 anni di utilizzo). Il kit \u00e8 un successo per gli spettatori, che spesso rimangono sorpresi dalla qualit\u00e0 delle finiture!<\/p>\n<p>Non vedo l&#8217;ora di uscire con altri VTTAE &#8220;standard&#8221; per poter fare un confronto.<\/p>\n<p>Grazie per questo eccellente prodotto, spero di vederne sempre di pi\u00f9!<\/p>\n<p><img decoding=\"async\" class=\" wp-image-26294 alignleft\" src=\"http:\/\/lift-mtb.com\/wp-content\/uploads\/2022\/06\/test-clients-lift-mtb.jpeg\" alt=\"\" width=\"525\" height=\"394\" srcset=\"https:\/\/www.lift-mtb.com\/wp-content\/uploads\/2022\/06\/test-clients-lift-mtb-200x150.jpeg 200w, https:\/\/www.lift-mtb.com\/wp-content\/uploads\/2022\/06\/test-clients-lift-mtb-300x225.jpeg 300w, https:\/\/www.lift-mtb.com\/wp-content\/uploads\/2022\/06\/test-clients-lift-mtb-400x300.jpeg 400w, https:\/\/www.lift-mtb.com\/wp-content\/uploads\/2022\/06\/test-clients-lift-mtb-500x375.jpeg 500w, https:\/\/www.lift-mtb.com\/wp-content\/uploads\/2022\/06\/test-clients-lift-mtb-600x450.jpeg 600w, https:\/\/www.lift-mtb.com\/wp-content\/uploads\/2022\/06\/test-clients-lift-mtb-700x525.jpeg 700w, https:\/\/www.lift-mtb.com\/wp-content\/uploads\/2022\/06\/test-clients-lift-mtb-768x576.jpeg 768w, https:\/\/www.lift-mtb.com\/wp-content\/uploads\/2022\/06\/test-clients-lift-mtb-800x600.jpeg 800w, https:\/\/www.lift-mtb.com\/wp-content\/uploads\/2022\/06\/test-clients-lift-mtb.jpeg 910w\" sizes=\"(max-width: 525px) 100vw, 525px\" \/><\/p>\n<\/div><\/div><span class=\"awb-triangle\"><\/span><\/blockquote><div class=\"author\"><span class=\"testimonial-thumbnail doe\"><\/span><span class=\"company-name\"><strong>Francois<\/strong><\/span><\/div><\/div><\/div><\/div><div class=\"fusion-separator fusion-full-width-sep\" style=\"align-self: center;margin-left: auto;margin-right: auto;width:100%;\"><div class=\"fusion-separator-border sep-single sep-solid\" style=\"--awb-height:20px;--awb-amount:20px;border-color:#e0dede;border-top-width:1px;\"><\/div><\/div><\/div><\/div><div class=\"fusion-layout-column fusion_builder_column fusion-builder-column-24 fusion_builder_column_1_1 1_1 fusion-flex-column\" style=\"--awb-bg-size:cover;--awb-width-large:100%;--awb-margin-top-large:0px;--awb-spacing-right-large:1.92%;--awb-margin-bottom-large:20px;--awb-spacing-left-large:1.92%;--awb-width-medium:100%;--awb-order-medium:0;--awb-spacing-right-medium:1.92%;--awb-spacing-left-medium:1.92%;--awb-width-small:100%;--awb-order-small:0;--awb-spacing-right-small:1.92%;--awb-spacing-left-small:1.92%;\"><div class=\"fusion-column-wrapper fusion-column-has-shadow fusion-flex-justify-content-flex-start fusion-content-layout-column\"><div class=\"fusion-testimonials classic awb-speech-bubble-show fusion-testimonials-24\" style=\"--awb-textcolor:#747474;--awb-backgroundcolor:#f6f6f6;--awb-testimonial-border-style:solid;--awb-testimonial-border-color:var(--awb-color3);--awb-border-top-left-radius:0px;--awb-border-top-right-radius:0px;--awb-border-bottom-left-radius:0px;--awb-border-bottom-right-radius:0px;--testimonial-border-width-top:0px;--testimonial-border-width-right:0px;--testimonial-border-width-bottom:0px;--testimonial-border-width-left:0px;\" data-random=\"0\" data-speed=\"4000\"><div class=\"reviews\"><div class=\"review active-testimonial male\"><blockquote><div class=\"awb-quote\"><div class=\"awb-quote-content\">\n<div>Feedback sul kit LIFT-MTB V3 sulla Specialized FSR Comp Carbon 29 Stumpjumper del 2014<\/div>\n<div><\/div>\n<div>Kit ordinato luned\u00ec 14 ottobre 2019, ricevuto e montato marted\u00ec 22 ottobre 2019.<\/div>\n<div><\/div>\n<div><\/div>\n<div>1a uscita sabato 26\/10 (20 km 575mD+, 7Ah)<br clear=\"none\">2a uscita domenica 27\/10 (29 km, 740 mD+, 9Ah)<\/div>\n<div><\/div>\n<div>Alcune modifiche dopo la prima versione:<br clear=\"none\">Installazione di un collare Serflex (come descritto a pagina 6 delle istruzioni di montaggio) poich\u00e9 il motore si era leggermente spostato all&#8217;indietro.<br clear=\"none\">Serrare le 3 viti BTR sui perni ISCG. (per farlo, smontare la guarnitura).<\/div>\n<div>Nessun problema con le catene, nessun deragliamento. Serrare le viti del morsetto della pedivella come raccomandato.<\/div>\n<div><\/div>\n<div>Per quanto riguarda l&#8217;installazione della guarnitura, ho dovuto mettere un morsetto sul lato destro oltre alle rondelle, in modo che l&#8217;asse della guarnitura sia perfettamente centrato.<br clear=\"none\">Nessun attrito. Il secondo morsetto a sinistra, come indicato nelle istruzioni.<\/div>\n<div><\/div>\n<div>La parte pi\u00f9 lunga \u00e8 la regolazione dell&#8217;allineamento del pignone del motore con l&#8217;ingranaggio, ma le istruzioni sono perfettamente chiare al riguardo.<\/div>\n<div><\/div>\n<div>La parte pi\u00f9 noiosa \u00e8 la definizione del numero di rondelle necessarie per il tenditore, bisogna ripeterlo pi\u00f9 volte, non \u00e8 pratico.<br clear=\"none\"><br clear=\"none\">Si noti che non ho potuto mettere un cuscinetto di supporto a destra, non c&#8217;era spazio.<br clear=\"none\">Ho posizionato un cuscinetto di schiuma autoadesivo fornito nel kit tra la piastra e il tubo inferiore del telaio.<\/div>\n<div><\/div>\n<div>Ho provato entrambe le posizioni dell&#8217;acceleratore. La mia scelta finale non \u00e8 stata fatta. Sui lunghi rettilinei in salita mi chiedo se il cruise control (Pedelec) non sia adatto.<br clear=\"none\">Non appena sar\u00e0 disponibile penso che lo acquister\u00f2 da voi (custodia PF30).<\/div>\n<div><\/div>\n<div>Trovo molto utile la schermata di controllo (opzionale) ma, se non sbaglio, non c&#8217;\u00e8 un backup dei dati.<br clear=\"none\">\u00c8 un peccato, perch\u00e9 non appena mi scollego, e con la batteria nello zaino questo accade regolarmente, perdo le informazioni sul consumo medio.<\/div>\n<div><\/div>\n<div>La mountain bike \u00e8 equipaggiata con una cassetta posteriore piccola 11\/36 a 10 velocit\u00e0 (gli ingranaggi anteriori erano 2, Sram S-1250 22 x 36).<br clear=\"none\">Probabilmente sar\u00f2 tentato da un SUNRACE CSMS3 11\/46 come suggerito sul sito.<br clear=\"none\"><br clear=\"none\">Dopo due corse sono sorpreso dal basso consumo energetico. Uscite con la batteria da 17,4 Ah nello zaino.<br clear=\"none\">1a uscita 20 km, 10 Ah rimasti<br clear=\"none\">2a uscita 29 km, 8 Ah rimasti.<br clear=\"none\">Non sono uno sportivo (61 anni 85 kg)<\/div>\n<div><\/div>\n<div>Grazie per il vostro prodotto, che consiglier\u00f2 sicuramente ai miei amici.<\/div>\n<div><\/div>\n<div>Cordiali saluti.<\/div>\n<div><img decoding=\"async\" class=\" wp-image-26299 alignleft\" src=\"http:\/\/lift-mtb.com\/wp-content\/uploads\/2022\/06\/street-jumper-avec-moteur-pedalier.jpeg\" alt=\"\" width=\"576\" height=\"265\" srcset=\"https:\/\/www.lift-mtb.com\/wp-content\/uploads\/2022\/06\/street-jumper-avec-moteur-pedalier-200x92.jpeg 200w, https:\/\/www.lift-mtb.com\/wp-content\/uploads\/2022\/06\/street-jumper-avec-moteur-pedalier-300x138.jpeg 300w, https:\/\/www.lift-mtb.com\/wp-content\/uploads\/2022\/06\/street-jumper-avec-moteur-pedalier-400x184.jpeg 400w, https:\/\/www.lift-mtb.com\/wp-content\/uploads\/2022\/06\/street-jumper-avec-moteur-pedalier-500x230.jpeg 500w, https:\/\/www.lift-mtb.com\/wp-content\/uploads\/2022\/06\/street-jumper-avec-moteur-pedalier-600x276.jpeg 600w, https:\/\/www.lift-mtb.com\/wp-content\/uploads\/2022\/06\/street-jumper-avec-moteur-pedalier-700x322.jpeg 700w, https:\/\/www.lift-mtb.com\/wp-content\/uploads\/2022\/06\/street-jumper-avec-moteur-pedalier-768x354.jpeg 768w, https:\/\/www.lift-mtb.com\/wp-content\/uploads\/2022\/06\/street-jumper-avec-moteur-pedalier-800x368.jpeg 800w, https:\/\/www.lift-mtb.com\/wp-content\/uploads\/2022\/06\/street-jumper-avec-moteur-pedalier.jpeg 910w\" sizes=\"(max-width: 576px) 100vw, 576px\" \/><\/div>\n<\/div><\/div><span class=\"awb-triangle\"><\/span><\/blockquote><div class=\"author\"><span class=\"testimonial-thumbnail doe\"><\/span><span class=\"company-name\"><strong>??<\/strong><\/span><\/div><\/div><\/div><\/div><div class=\"fusion-separator fusion-full-width-sep\" style=\"align-self: center;margin-left: auto;margin-right: auto;width:100%;\"><div class=\"fusion-separator-border sep-single sep-solid\" style=\"--awb-height:20px;--awb-amount:20px;border-color:#e0dede;border-top-width:1px;\"><\/div><\/div><\/div><\/div><div class=\"fusion-layout-column fusion_builder_column fusion-builder-column-25 fusion_builder_column_1_1 1_1 fusion-flex-column\" style=\"--awb-bg-size:cover;--awb-width-large:100%;--awb-margin-top-large:0px;--awb-spacing-right-large:1.92%;--awb-margin-bottom-large:20px;--awb-spacing-left-large:1.92%;--awb-width-medium:100%;--awb-order-medium:0;--awb-spacing-right-medium:1.92%;--awb-spacing-left-medium:1.92%;--awb-width-small:100%;--awb-order-small:0;--awb-spacing-right-small:1.92%;--awb-spacing-left-small:1.92%;\"><div class=\"fusion-column-wrapper fusion-column-has-shadow fusion-flex-justify-content-flex-start fusion-content-layout-column\"><div class=\"fusion-testimonials classic awb-speech-bubble-show fusion-testimonials-25\" style=\"--awb-textcolor:#747474;--awb-backgroundcolor:#f6f6f6;--awb-testimonial-border-style:solid;--awb-testimonial-border-color:var(--awb-color3);--awb-border-top-left-radius:0px;--awb-border-top-right-radius:0px;--awb-border-bottom-left-radius:0px;--awb-border-bottom-right-radius:0px;--testimonial-border-width-top:0px;--testimonial-border-width-right:0px;--testimonial-border-width-bottom:0px;--testimonial-border-width-left:0px;\" data-random=\"0\" data-speed=\"4000\"><div class=\"reviews\"><div class=\"review active-testimonial male\"><blockquote><div class=\"awb-quote\"><div class=\"awb-quote-content\">\n<p>Pascal, un cliente soddisfatto dell&#8217;installazione del motore v3 su un BMC TRAILFOX<\/p>\n<p><img decoding=\"async\" class=\" wp-image-26304 alignleft\" src=\"http:\/\/lift-mtb.com\/wp-content\/uploads\/2022\/06\/avis-client-bmc-trailfox-avec-un-kit-v3.jpeg\" alt=\"\" width=\"436\" height=\"327\" srcset=\"https:\/\/www.lift-mtb.com\/wp-content\/uploads\/2022\/06\/avis-client-bmc-trailfox-avec-un-kit-v3-200x150.jpeg 200w, https:\/\/www.lift-mtb.com\/wp-content\/uploads\/2022\/06\/avis-client-bmc-trailfox-avec-un-kit-v3-300x225.jpeg 300w, https:\/\/www.lift-mtb.com\/wp-content\/uploads\/2022\/06\/avis-client-bmc-trailfox-avec-un-kit-v3-400x300.jpeg 400w, https:\/\/www.lift-mtb.com\/wp-content\/uploads\/2022\/06\/avis-client-bmc-trailfox-avec-un-kit-v3-500x375.jpeg 500w, https:\/\/www.lift-mtb.com\/wp-content\/uploads\/2022\/06\/avis-client-bmc-trailfox-avec-un-kit-v3-600x450.jpeg 600w, https:\/\/www.lift-mtb.com\/wp-content\/uploads\/2022\/06\/avis-client-bmc-trailfox-avec-un-kit-v3.jpeg 604w\" sizes=\"(max-width: 436px) 100vw, 436px\" \/><\/p>\n<\/div><\/div><span class=\"awb-triangle\"><\/span><\/blockquote><div class=\"author\"><span class=\"testimonial-thumbnail doe\"><\/span><span class=\"company-name\"><\/span><\/div><\/div><\/div><\/div><div class=\"fusion-separator fusion-full-width-sep\" style=\"align-self: center;margin-left: auto;margin-right: auto;width:100%;\"><div class=\"fusion-separator-border sep-single sep-solid\" style=\"--awb-height:20px;--awb-amount:20px;border-color:#e0dede;border-top-width:1px;\"><\/div><\/div><\/div><\/div><div class=\"fusion-layout-column fusion_builder_column fusion-builder-column-26 fusion_builder_column_1_1 1_1 fusion-flex-column\" style=\"--awb-bg-size:cover;--awb-width-large:100%;--awb-margin-top-large:0px;--awb-spacing-right-large:1.92%;--awb-margin-bottom-large:20px;--awb-spacing-left-large:1.92%;--awb-width-medium:100%;--awb-order-medium:0;--awb-spacing-right-medium:1.92%;--awb-spacing-left-medium:1.92%;--awb-width-small:100%;--awb-order-small:0;--awb-spacing-right-small:1.92%;--awb-spacing-left-small:1.92%;\"><div class=\"fusion-column-wrapper fusion-column-has-shadow fusion-flex-justify-content-flex-start fusion-content-layout-column\"><div class=\"fusion-testimonials classic awb-speech-bubble-show fusion-testimonials-26\" style=\"--awb-textcolor:#747474;--awb-backgroundcolor:#f6f6f6;--awb-testimonial-border-style:solid;--awb-testimonial-border-color:var(--awb-color3);--awb-border-top-left-radius:0px;--awb-border-top-right-radius:0px;--awb-border-bottom-left-radius:0px;--awb-border-bottom-right-radius:0px;--testimonial-border-width-top:0px;--testimonial-border-width-right:0px;--testimonial-border-width-bottom:0px;--testimonial-border-width-left:0px;\" data-random=\"0\" data-speed=\"4000\"><div class=\"reviews\"><div class=\"review active-testimonial male\"><blockquote><div class=\"awb-quote\"><div class=\"awb-quote-content\">\n<p>Ciao Mathieu<\/p>\n<div>Ho fatto il mio primo giro oggi ed \u00e8 andato molto bene e la potenza del motore \u00e8 ben adattata, ma ho comunque utilizzato il 30% della capacit\u00e0 della batteria da 11,6ah su 20 km con 350 metri di dislivello e questo senza avere il sensore di pedalata.<\/div>\n<div><\/div>\n<div><img decoding=\"async\" class=\" wp-image-26309 alignleft\" src=\"http:\/\/lift-mtb.com\/wp-content\/uploads\/2022\/06\/vtt-bafang.jpeg\" alt=\"\" width=\"511\" height=\"242\" srcset=\"https:\/\/www.lift-mtb.com\/wp-content\/uploads\/2022\/06\/vtt-bafang-200x95.jpeg 200w, https:\/\/www.lift-mtb.com\/wp-content\/uploads\/2022\/06\/vtt-bafang-300x142.jpeg 300w, https:\/\/www.lift-mtb.com\/wp-content\/uploads\/2022\/06\/vtt-bafang-400x189.jpeg 400w, https:\/\/www.lift-mtb.com\/wp-content\/uploads\/2022\/06\/vtt-bafang-500x237.jpeg 500w, https:\/\/www.lift-mtb.com\/wp-content\/uploads\/2022\/06\/vtt-bafang-600x284.jpeg 600w, https:\/\/www.lift-mtb.com\/wp-content\/uploads\/2022\/06\/vtt-bafang-700x332.jpeg 700w, https:\/\/www.lift-mtb.com\/wp-content\/uploads\/2022\/06\/vtt-bafang-768x364.jpeg 768w, https:\/\/www.lift-mtb.com\/wp-content\/uploads\/2022\/06\/vtt-bafang-800x379.jpeg 800w, https:\/\/www.lift-mtb.com\/wp-content\/uploads\/2022\/06\/vtt-bafang.jpeg 910w\" sizes=\"(max-width: 511px) 100vw, 511px\" \/><\/div>\n<div><\/div>\n<\/div><\/div><span class=\"awb-triangle\"><\/span><\/blockquote><div class=\"author\"><span class=\"testimonial-thumbnail doe\"><\/span><span class=\"company-name\"><strong>Christophe B.<\/strong><\/span><\/div><\/div><\/div><\/div><div class=\"fusion-separator fusion-full-width-sep\" style=\"align-self: center;margin-left: auto;margin-right: auto;width:100%;\"><div class=\"fusion-separator-border sep-single sep-solid\" style=\"--awb-height:20px;--awb-amount:20px;border-color:#e0dede;border-top-width:1px;\"><\/div><\/div><\/div><\/div><div class=\"fusion-layout-column fusion_builder_column fusion-builder-column-27 fusion_builder_column_1_1 1_1 fusion-flex-column\" style=\"--awb-bg-size:cover;--awb-width-large:100%;--awb-margin-top-large:0px;--awb-spacing-right-large:1.92%;--awb-margin-bottom-large:20px;--awb-spacing-left-large:1.92%;--awb-width-medium:100%;--awb-order-medium:0;--awb-spacing-right-medium:1.92%;--awb-spacing-left-medium:1.92%;--awb-width-small:100%;--awb-order-small:0;--awb-spacing-right-small:1.92%;--awb-spacing-left-small:1.92%;\"><div class=\"fusion-column-wrapper fusion-column-has-shadow fusion-flex-justify-content-flex-start fusion-content-layout-column\"><div class=\"fusion-testimonials classic awb-speech-bubble-show fusion-testimonials-27\" style=\"--awb-textcolor:#747474;--awb-backgroundcolor:#f6f6f6;--awb-testimonial-border-style:solid;--awb-testimonial-border-color:var(--awb-color3);--awb-border-top-left-radius:0px;--awb-border-top-right-radius:0px;--awb-border-bottom-left-radius:0px;--awb-border-bottom-right-radius:0px;--testimonial-border-width-top:0px;--testimonial-border-width-right:0px;--testimonial-border-width-bottom:0px;--testimonial-border-width-left:0px;\" data-random=\"0\" data-speed=\"4000\"><div class=\"reviews\"><div class=\"review active-testimonial male\"><blockquote><div class=\"awb-quote\"><div class=\"awb-quote-content\">\n<p><img decoding=\"async\" class=\" wp-image-26314 alignleft\" src=\"http:\/\/lift-mtb.com\/wp-content\/uploads\/2022\/06\/avis-moteur-cyc.jpeg\" alt=\"\" width=\"588\" height=\"298\" srcset=\"https:\/\/www.lift-mtb.com\/wp-content\/uploads\/2022\/06\/avis-moteur-cyc-200x101.jpeg 200w, https:\/\/www.lift-mtb.com\/wp-content\/uploads\/2022\/06\/avis-moteur-cyc-300x152.jpeg 300w, https:\/\/www.lift-mtb.com\/wp-content\/uploads\/2022\/06\/avis-moteur-cyc-400x203.jpeg 400w, https:\/\/www.lift-mtb.com\/wp-content\/uploads\/2022\/06\/avis-moteur-cyc-500x254.jpeg 500w, https:\/\/www.lift-mtb.com\/wp-content\/uploads\/2022\/06\/avis-moteur-cyc-600x304.jpeg 600w, https:\/\/www.lift-mtb.com\/wp-content\/uploads\/2022\/06\/avis-moteur-cyc-700x355.jpeg 700w, https:\/\/www.lift-mtb.com\/wp-content\/uploads\/2022\/06\/avis-moteur-cyc-768x389.jpeg 768w, https:\/\/www.lift-mtb.com\/wp-content\/uploads\/2022\/06\/avis-moteur-cyc-800x406.jpeg 800w, https:\/\/www.lift-mtb.com\/wp-content\/uploads\/2022\/06\/avis-moteur-cyc.jpeg 838w\" sizes=\"(max-width: 588px) 100vw, 588px\" \/><\/p>\n<\/div><\/div><span class=\"awb-triangle\"><\/span><\/blockquote><div class=\"author\"><span class=\"testimonial-thumbnail doe\"><\/span><span class=\"company-name\"><strong>Sebastien<\/strong><\/span><\/div><\/div><\/div><\/div><div class=\"fusion-separator fusion-full-width-sep\" style=\"align-self: center;margin-left: auto;margin-right: auto;width:100%;\"><div class=\"fusion-separator-border sep-single sep-solid\" style=\"--awb-height:20px;--awb-amount:20px;border-color:#e0dede;border-top-width:1px;\"><\/div><\/div><\/div><\/div><div class=\"fusion-layout-column fusion_builder_column fusion-builder-column-28 fusion_builder_column_1_1 1_1 fusion-flex-column\" style=\"--awb-bg-size:cover;--awb-width-large:100%;--awb-margin-top-large:0px;--awb-spacing-right-large:1.92%;--awb-margin-bottom-large:20px;--awb-spacing-left-large:1.92%;--awb-width-medium:100%;--awb-order-medium:0;--awb-spacing-right-medium:1.92%;--awb-spacing-left-medium:1.92%;--awb-width-small:100%;--awb-order-small:0;--awb-spacing-right-small:1.92%;--awb-spacing-left-small:1.92%;\"><div class=\"fusion-column-wrapper fusion-column-has-shadow fusion-flex-justify-content-flex-start fusion-content-layout-column\"><div class=\"fusion-testimonials classic awb-speech-bubble-show fusion-testimonials-28\" style=\"--awb-textcolor:#747474;--awb-backgroundcolor:#f6f6f6;--awb-testimonial-border-style:solid;--awb-testimonial-border-color:var(--awb-color3);--awb-border-top-left-radius:0px;--awb-border-top-right-radius:0px;--awb-border-bottom-left-radius:0px;--awb-border-bottom-right-radius:0px;--testimonial-border-width-top:0px;--testimonial-border-width-right:0px;--testimonial-border-width-bottom:0px;--testimonial-border-width-left:0px;\" data-random=\"0\" data-speed=\"4000\"><div class=\"reviews\"><div class=\"review active-testimonial male\"><blockquote><div class=\"awb-quote\"><div class=\"awb-quote-content\">\n<p>Ciao Matthieu.<\/p>\n<p>Sono molto felice di essere uno dei vostri clienti LIFT-MTB, grazie per la vostra pazienza, grazie per aver condiviso le vostre conoscenze professionali.<\/p>\n<p>Questo mi ha permesso di visitare la tua carriera sportiva professionale, ti dico bravo.<\/p>\n<p>Vi invier\u00f2 foto e commenti molto positivi, sono molto soddisfatto del kit motore LIFT-MTB montato sulla mia KONA HEI HEI TRAIL, oppure posso fare la differenza con il kit motore BAFANG 48V 750w montato sulla mia TOMAC 98 pro.<\/p>\n<p>Cordiali saluti<\/p>\n<p>Jean Pierre<\/p>\n<\/div><\/div><span class=\"awb-triangle\"><\/span><\/blockquote><div class=\"author\"><span class=\"testimonial-thumbnail doe\"><\/span><span class=\"company-name\"><strong>Jean Pierre<\/strong><\/span><\/div><\/div><\/div><\/div><div class=\"fusion-separator fusion-full-width-sep\" style=\"align-self: center;margin-left: auto;margin-right: auto;width:100%;\"><div class=\"fusion-separator-border sep-single sep-solid\" style=\"--awb-height:20px;--awb-amount:20px;border-color:#e0dede;border-top-width:1px;\"><\/div><\/div><\/div><\/div><div class=\"fusion-layout-column fusion_builder_column fusion-builder-column-29 fusion_builder_column_1_1 1_1 fusion-flex-column\" style=\"--awb-bg-size:cover;--awb-width-large:100%;--awb-margin-top-large:0px;--awb-spacing-right-large:1.92%;--awb-margin-bottom-large:20px;--awb-spacing-left-large:1.92%;--awb-width-medium:100%;--awb-order-medium:0;--awb-spacing-right-medium:1.92%;--awb-spacing-left-medium:1.92%;--awb-width-small:100%;--awb-order-small:0;--awb-spacing-right-small:1.92%;--awb-spacing-left-small:1.92%;\"><div class=\"fusion-column-wrapper fusion-column-has-shadow fusion-flex-justify-content-flex-start fusion-content-layout-column\"><div class=\"fusion-testimonials classic awb-speech-bubble-show fusion-testimonials-29\" style=\"--awb-textcolor:#747474;--awb-backgroundcolor:#f6f6f6;--awb-testimonial-border-style:solid;--awb-testimonial-border-color:var(--awb-color3);--awb-border-top-left-radius:0px;--awb-border-top-right-radius:0px;--awb-border-bottom-left-radius:0px;--awb-border-bottom-right-radius:0px;--testimonial-border-width-top:0px;--testimonial-border-width-right:0px;--testimonial-border-width-bottom:0px;--testimonial-border-width-left:0px;\" data-random=\"0\" data-speed=\"4000\"><div class=\"reviews\"><div class=\"review active-testimonial male\"><blockquote><div class=\"awb-quote\"><div class=\"awb-quote-content\">\n<p><img decoding=\"async\" class=\"alignright size-large wp-image-26324\" src=\"http:\/\/lift-mtb.com\/wp-content\/uploads\/2022\/06\/capture-decran-2022-07-07-a-16-54-27-1024x245.png\" alt=\"\" width=\"1024\" height=\"245\" srcset=\"https:\/\/www.lift-mtb.com\/wp-content\/uploads\/2022\/06\/capture-decran-2022-07-07-a-16-54-27-200x48.png 200w, https:\/\/www.lift-mtb.com\/wp-content\/uploads\/2022\/06\/capture-decran-2022-07-07-a-16-54-27-300x72.png 300w, https:\/\/www.lift-mtb.com\/wp-content\/uploads\/2022\/06\/capture-decran-2022-07-07-a-16-54-27-400x96.png 400w, https:\/\/www.lift-mtb.com\/wp-content\/uploads\/2022\/06\/capture-decran-2022-07-07-a-16-54-27-500x120.png 500w, https:\/\/www.lift-mtb.com\/wp-content\/uploads\/2022\/06\/capture-decran-2022-07-07-a-16-54-27-600x143.png 600w, https:\/\/www.lift-mtb.com\/wp-content\/uploads\/2022\/06\/capture-decran-2022-07-07-a-16-54-27-700x167.png 700w, https:\/\/www.lift-mtb.com\/wp-content\/uploads\/2022\/06\/capture-decran-2022-07-07-a-16-54-27-768x184.png 768w, https:\/\/www.lift-mtb.com\/wp-content\/uploads\/2022\/06\/capture-decran-2022-07-07-a-16-54-27-800x191.png 800w, https:\/\/www.lift-mtb.com\/wp-content\/uploads\/2022\/06\/capture-decran-2022-07-07-a-16-54-27-1024x245.png 1024w, https:\/\/www.lift-mtb.com\/wp-content\/uploads\/2022\/06\/capture-decran-2022-07-07-a-16-54-27-1200x287.png 1200w, https:\/\/www.lift-mtb.com\/wp-content\/uploads\/2022\/06\/capture-decran-2022-07-07-a-16-54-27-1536x367.png 1536w, https:\/\/www.lift-mtb.com\/wp-content\/uploads\/2022\/06\/capture-decran-2022-07-07-a-16-54-27.png 1824w\" sizes=\"(max-width: 1024px) 100vw, 1024px\" \/><\/p>\n<p><img decoding=\"async\" class=\"size-full wp-image-26319 alignleft\" src=\"http:\/\/lift-mtb.com\/wp-content\/uploads\/2022\/06\/test-bafang.jpeg\" alt=\"\" width=\"787\" height=\"439\" srcset=\"https:\/\/www.lift-mtb.com\/wp-content\/uploads\/2022\/06\/test-bafang-200x112.jpeg 200w, https:\/\/www.lift-mtb.com\/wp-content\/uploads\/2022\/06\/test-bafang-300x167.jpeg 300w, https:\/\/www.lift-mtb.com\/wp-content\/uploads\/2022\/06\/test-bafang-400x223.jpeg 400w, https:\/\/www.lift-mtb.com\/wp-content\/uploads\/2022\/06\/test-bafang-500x279.jpeg 500w, https:\/\/www.lift-mtb.com\/wp-content\/uploads\/2022\/06\/test-bafang-600x335.jpeg 600w, https:\/\/www.lift-mtb.com\/wp-content\/uploads\/2022\/06\/test-bafang-700x390.jpeg 700w, https:\/\/www.lift-mtb.com\/wp-content\/uploads\/2022\/06\/test-bafang-768x428.jpeg 768w, https:\/\/www.lift-mtb.com\/wp-content\/uploads\/2022\/06\/test-bafang.jpeg 787w\" sizes=\"(max-width: 787px) 100vw, 787px\" \/><\/p>\n<\/div><\/div><span class=\"awb-triangle\"><\/span><\/blockquote><div class=\"author\"><span class=\"testimonial-thumbnail doe\"><\/span><span class=\"company-name\"><strong>??<\/strong><\/span><\/div><\/div><\/div><\/div><div class=\"fusion-separator fusion-full-width-sep\" style=\"align-self: center;margin-left: auto;margin-right: auto;width:100%;\"><div class=\"fusion-separator-border sep-single sep-solid\" style=\"--awb-height:20px;--awb-amount:20px;border-color:#e0dede;border-top-width:1px;\"><\/div><\/div><\/div><\/div><div class=\"fusion-layout-column fusion_builder_column fusion-builder-column-30 fusion_builder_column_1_1 1_1 fusion-flex-column\" style=\"--awb-bg-size:cover;--awb-width-large:100%;--awb-margin-top-large:0px;--awb-spacing-right-large:1.92%;--awb-margin-bottom-large:20px;--awb-spacing-left-large:1.92%;--awb-width-medium:100%;--awb-order-medium:0;--awb-spacing-right-medium:1.92%;--awb-spacing-left-medium:1.92%;--awb-width-small:100%;--awb-order-small:0;--awb-spacing-right-small:1.92%;--awb-spacing-left-small:1.92%;\"><div class=\"fusion-column-wrapper fusion-column-has-shadow fusion-flex-justify-content-flex-start fusion-content-layout-column\"><div class=\"fusion-testimonials classic awb-speech-bubble-show fusion-testimonials-30\" style=\"--awb-textcolor:#747474;--awb-backgroundcolor:#f6f6f6;--awb-testimonial-border-style:solid;--awb-testimonial-border-color:var(--awb-color3);--awb-border-top-left-radius:0px;--awb-border-top-right-radius:0px;--awb-border-bottom-left-radius:0px;--awb-border-bottom-right-radius:0px;--testimonial-border-width-top:0px;--testimonial-border-width-right:0px;--testimonial-border-width-bottom:0px;--testimonial-border-width-left:0px;\" data-random=\"0\" data-speed=\"4000\"><div class=\"reviews\"><div class=\"review active-testimonial male\"><blockquote><div class=\"awb-quote\"><div class=\"awb-quote-content\">\n<div class=\"gs\">\n<div class=\"\">\n<div id=\":1in\" class=\"ii gt\">\n<div id=\":1im\" class=\"a3s aiL \">Salve, motore montato lo scorso fine settimana. Allego alcune foto. Abbastanza facile da montare, ora non vedo l&#8217;ora di provarlo non appena le temperature si alzeranno un po&#8217;&#8230; E&#8217; davvero un bel prodotto!<\/div>\n<\/div>\n<\/div>\n<\/div>\n<\/div><\/div><span class=\"awb-triangle\"><\/span><\/blockquote><div class=\"author\"><span class=\"testimonial-thumbnail doe\"><\/span><span class=\"company-name\"><strong>Benoit<\/strong><\/span><\/div><\/div><\/div><\/div><div class=\"fusion-separator fusion-full-width-sep\" style=\"align-self: center;margin-left: auto;margin-right: auto;width:100%;\"><div class=\"fusion-separator-border sep-single sep-solid\" style=\"--awb-height:20px;--awb-amount:20px;border-color:#e0dede;border-top-width:1px;\"><\/div><\/div><\/div><\/div><div class=\"fusion-layout-column fusion_builder_column fusion-builder-column-31 fusion_builder_column_1_1 1_1 fusion-flex-column\" style=\"--awb-bg-size:cover;--awb-width-large:100%;--awb-margin-top-large:0px;--awb-spacing-right-large:1.92%;--awb-margin-bottom-large:20px;--awb-spacing-left-large:1.92%;--awb-width-medium:100%;--awb-order-medium:0;--awb-spacing-right-medium:1.92%;--awb-spacing-left-medium:1.92%;--awb-width-small:100%;--awb-order-small:0;--awb-spacing-right-small:1.92%;--awb-spacing-left-small:1.92%;\"><div class=\"fusion-column-wrapper fusion-column-has-shadow fusion-flex-justify-content-flex-start fusion-content-layout-column\"><div class=\"fusion-testimonials classic awb-speech-bubble-show fusion-testimonials-31\" style=\"--awb-textcolor:#747474;--awb-backgroundcolor:#f6f6f6;--awb-testimonial-border-style:solid;--awb-testimonial-border-color:var(--awb-color3);--awb-border-top-left-radius:0px;--awb-border-top-right-radius:0px;--awb-border-bottom-left-radius:0px;--awb-border-bottom-right-radius:0px;--testimonial-border-width-top:0px;--testimonial-border-width-right:0px;--testimonial-border-width-bottom:0px;--testimonial-border-width-left:0px;\" data-random=\"0\" data-speed=\"4000\"><div class=\"reviews\"><div class=\"review active-testimonial male\"><blockquote><div class=\"awb-quote\"><div class=\"awb-quote-content\">\n<div class=\"gs\">\n<div class=\"\">\n<div id=\":up\" class=\"ii gt\">\n<div id=\":ng\" class=\"a3s aiL \">Ciao Matthieu, sono qui per darti qualche notizia sul montaggio e l&#8217;utilizzo del kit motore. In allegato troverete alcune foto della mia mountain bike equipaggiata. Ho subito un&#8217;operazione al ginocchio (menisco) quasi 2 mesi fa; l&#8217;assistenza del motore mi permette di forzare meno nelle piste e mi solleva perch\u00e9 sempre in riabilitazione&#8230; super. che felicit\u00e0&#8230;<\/div>\n<\/div>\n<\/div>\n<\/div>\n<\/div><\/div><span class=\"awb-triangle\"><\/span><\/blockquote><div class=\"author\"><span class=\"testimonial-thumbnail doe\"><\/span><span class=\"company-name\"><strong>??<\/strong><\/span><\/div><\/div><\/div><\/div><div class=\"fusion-separator fusion-full-width-sep\" style=\"align-self: center;margin-left: auto;margin-right: auto;width:100%;\"><div class=\"fusion-separator-border sep-single sep-solid\" style=\"--awb-height:20px;--awb-amount:20px;border-color:#e0dede;border-top-width:1px;\"><\/div><\/div><\/div><\/div><div class=\"fusion-layout-column fusion_builder_column fusion-builder-column-32 fusion_builder_column_1_1 1_1 fusion-flex-column\" style=\"--awb-bg-size:cover;--awb-width-large:100%;--awb-margin-top-large:0px;--awb-spacing-right-large:1.92%;--awb-margin-bottom-large:20px;--awb-spacing-left-large:1.92%;--awb-width-medium:100%;--awb-order-medium:0;--awb-spacing-right-medium:1.92%;--awb-spacing-left-medium:1.92%;--awb-width-small:100%;--awb-order-small:0;--awb-spacing-right-small:1.92%;--awb-spacing-left-small:1.92%;\"><div class=\"fusion-column-wrapper fusion-column-has-shadow fusion-flex-justify-content-flex-start fusion-content-layout-column\"><div class=\"fusion-testimonials classic awb-speech-bubble-show fusion-testimonials-32\" style=\"--awb-textcolor:#747474;--awb-backgroundcolor:#f6f6f6;--awb-testimonial-border-style:solid;--awb-testimonial-border-color:var(--awb-color3);--awb-border-top-left-radius:0px;--awb-border-top-right-radius:0px;--awb-border-bottom-left-radius:0px;--awb-border-bottom-right-radius:0px;--testimonial-border-width-top:0px;--testimonial-border-width-right:0px;--testimonial-border-width-bottom:0px;--testimonial-border-width-left:0px;\" data-random=\"0\" data-speed=\"4000\"><div class=\"reviews\"><div class=\"review active-testimonial male\"><blockquote><div class=\"awb-quote\"><div class=\"awb-quote-content\">\n<p>Buona sera,<\/p>\n<p>Mi permetto di contattarvi per darvi una breve valutazione dopo una settimana di utilizzo della LIFT MTB.<\/p>\n<p>Comincer\u00f2 con il negativo, perch\u00e9 ce n&#8217;\u00e8 uno solo!<\/p>\n<p>L&#8217;acceleratore \u00e8 leggermente meno progressivo a fine corsa.<\/p>\n<p>Ma credo che sia un&#8217;iniezione di fiducia.<\/p>\n<p>Per il resto, tutto bene !!!!!!<\/p>\n<p>Dosaggio facile dell&#8217;acceleratore sui primi 3 trimestri.<\/p>\n<p>Potenza disponibile Flessibilit\u00e0 Gamma folle.<\/p>\n<p>Non sono in gran forma, ma con una batteria da 16000 mha e i miei 123 kg sono riuscito a percorrere pi\u00f9 di 60 km e 1500 metri di dislivello positivo.<\/p>\n<p>Ultimo punto. La vostra risposta rapidissima a ogni mia e-mail.<\/p>\n<p>Grazie ancora, e contate su di me per farvi una buona pubblicit\u00e0.<\/p>\n<p>Olivier<\/p>\n<\/div><\/div><span class=\"awb-triangle\"><\/span><\/blockquote><div class=\"author\"><span class=\"testimonial-thumbnail doe\"><\/span><span class=\"company-name\"><strong>Olivier<\/strong><\/span><\/div><\/div><\/div><\/div><div class=\"fusion-separator fusion-full-width-sep\" style=\"align-self: center;margin-left: auto;margin-right: auto;width:100%;\"><div class=\"fusion-separator-border sep-single sep-solid\" style=\"--awb-height:20px;--awb-amount:20px;border-color:#e0dede;border-top-width:1px;\"><\/div><\/div><\/div><\/div><div class=\"fusion-layout-column fusion_builder_column fusion-builder-column-33 fusion_builder_column_1_1 1_1 fusion-flex-column\" style=\"--awb-bg-size:cover;--awb-width-large:100%;--awb-margin-top-large:0px;--awb-spacing-right-large:1.92%;--awb-margin-bottom-large:20px;--awb-spacing-left-large:1.92%;--awb-width-medium:100%;--awb-order-medium:0;--awb-spacing-right-medium:1.92%;--awb-spacing-left-medium:1.92%;--awb-width-small:100%;--awb-order-small:0;--awb-spacing-right-small:1.92%;--awb-spacing-left-small:1.92%;\"><div class=\"fusion-column-wrapper fusion-column-has-shadow fusion-flex-justify-content-flex-start fusion-content-layout-column\"><div class=\"fusion-testimonials classic awb-speech-bubble-show fusion-testimonials-33\" style=\"--awb-textcolor:#747474;--awb-backgroundcolor:#f6f6f6;--awb-testimonial-border-style:solid;--awb-testimonial-border-color:var(--awb-color3);--awb-border-top-left-radius:0px;--awb-border-top-right-radius:0px;--awb-border-bottom-left-radius:0px;--awb-border-bottom-right-radius:0px;--testimonial-border-width-top:0px;--testimonial-border-width-right:0px;--testimonial-border-width-bottom:0px;--testimonial-border-width-left:0px;\" data-random=\"0\" data-speed=\"4000\"><div class=\"reviews\"><div class=\"review active-testimonial male\"><blockquote><div class=\"awb-quote\"><div class=\"awb-quote-content\">\n<div>Ciao Matthew,<\/div>\n<div>\n<p>Mi scuso per la mia risposta tardiva.<\/p>\n<p>-1- Nome: CLEMENT<\/p>\n<p>-2- Peso\/altezza : 30 anni, 1m87, 85kg -.<\/p>\n<p>-3- Bicicletta: Commencal meta V4 corsa 2016<\/p>\n<p>-4 &#8211; Tipo di batteria: 14,5Ah \/ 522W \/ 2,5Kg &#8211;<\/p>\n<p>5- Prestazioni generalmente ottenute con l&#8217;output. (km\/d+): Faccio 25\/30 km per uscita per 800-1200 di D+ a seconda del settore.<\/p>\n<p>-6- Commenti \/ opinioni<\/p>\n<p>Come ex pilota di moto da enduro, sto tornando al ciclismo pi\u00f9 in linea con i vincoli che tutti noi dobbiamo affrontare oggi.<\/p>\n<p>E che bella scoperta questo sistema di risalita per MTB! Dopo un giro di prova con un amico che aveva gi\u00e0 equipaggiato la sua moto, ho contattato Matthieu, che \u00e8 sempre disponibile a incontrarti e ha confermato la mia prima impressione.<\/p>\n<p>Che piacere potersi lanciare nei singoli e scoprire nuovi brani senza doversi preoccupare di risalire, il campo di gioco si allarga notevolmente e le salite diventano una semplice formalit\u00e0!<\/p>\n<p>L&#8217;estate sta arrivando, nessun problema, 10 minuti e sono tornato al mio meta originale per le stazioni.<\/p>\n<p>Il sistema di sollevamento MTB consente di avere due biciclette in una.<\/p>\n<\/div>\n<\/div><\/div><span class=\"awb-triangle\"><\/span><\/blockquote><div class=\"author\"><span class=\"testimonial-thumbnail doe\"><\/span><span class=\"company-name\"><strong>Cl\u00e9ment<\/strong><\/span><\/div><\/div><\/div><\/div><div class=\"fusion-separator fusion-full-width-sep\" style=\"align-self: center;margin-left: auto;margin-right: auto;width:100%;\"><div class=\"fusion-separator-border sep-single sep-solid\" style=\"--awb-height:20px;--awb-amount:20px;border-color:#e0dede;border-top-width:1px;\"><\/div><\/div><\/div><\/div><div class=\"fusion-layout-column fusion_builder_column fusion-builder-column-34 fusion_builder_column_1_1 1_1 fusion-flex-column\" style=\"--awb-bg-size:cover;--awb-width-large:100%;--awb-margin-top-large:0px;--awb-spacing-right-large:1.92%;--awb-margin-bottom-large:20px;--awb-spacing-left-large:1.92%;--awb-width-medium:100%;--awb-order-medium:0;--awb-spacing-right-medium:1.92%;--awb-spacing-left-medium:1.92%;--awb-width-small:100%;--awb-order-small:0;--awb-spacing-right-small:1.92%;--awb-spacing-left-small:1.92%;\"><div class=\"fusion-column-wrapper fusion-column-has-shadow fusion-flex-justify-content-flex-start fusion-content-layout-column\"><div class=\"fusion-testimonials classic awb-speech-bubble-show fusion-testimonials-34\" style=\"--awb-textcolor:#747474;--awb-backgroundcolor:#f6f6f6;--awb-testimonial-border-style:solid;--awb-testimonial-border-color:var(--awb-color3);--awb-border-top-left-radius:0px;--awb-border-top-right-radius:0px;--awb-border-bottom-left-radius:0px;--awb-border-bottom-right-radius:0px;--testimonial-border-width-top:0px;--testimonial-border-width-right:0px;--testimonial-border-width-bottom:0px;--testimonial-border-width-left:0px;\" data-random=\"0\" data-speed=\"4000\"><div class=\"reviews\"><div class=\"review active-testimonial male\"><blockquote><div class=\"awb-quote\"><div class=\"awb-quote-content\">\n<p>Un cliente parigino molto soddisfatto del <strong>kit elettrico<\/strong> lift-mtb<\/p>\n<p>&#8220;In allegato le foto della mia Specialized Stumpjumper FSR 29&#8242; equipaggiata con il vostro kit.<br \/>\nAttualmente, nelle difficili condizioni dell&#8217;Essonne in inverno, percorro in media 40 km per 500 m d+ e consumo appena il 20% della capacit\u00e0 della batteria (8,5 Ah). Lo ricarico ogni quattro uscite circa.<\/p>\n<p>Vi auguro buone vacanze!&#8221;.<\/p>\n<p>quindi 160 km e 2000 metri di D+ con una batteria da 1,5 kg<\/p>\n<\/div><\/div><span class=\"awb-triangle\"><\/span><\/blockquote><div class=\"author\"><span class=\"testimonial-thumbnail doe\"><\/span><span class=\"company-name\"><strong>??<\/strong><\/span><\/div><\/div><\/div><\/div><div class=\"fusion-separator fusion-full-width-sep\" style=\"align-self: center;margin-left: auto;margin-right: auto;width:100%;\"><div class=\"fusion-separator-border sep-single sep-solid\" style=\"--awb-height:20px;--awb-amount:20px;border-color:#e0dede;border-top-width:1px;\"><\/div><\/div><\/div><\/div><div class=\"fusion-layout-column fusion_builder_column fusion-builder-column-35 fusion_builder_column_1_1 1_1 fusion-flex-column\" style=\"--awb-bg-size:cover;--awb-width-large:100%;--awb-margin-top-large:0px;--awb-spacing-right-large:1.92%;--awb-margin-bottom-large:20px;--awb-spacing-left-large:1.92%;--awb-width-medium:100%;--awb-order-medium:0;--awb-spacing-right-medium:1.92%;--awb-spacing-left-medium:1.92%;--awb-width-small:100%;--awb-order-small:0;--awb-spacing-right-small:1.92%;--awb-spacing-left-small:1.92%;\"><div class=\"fusion-column-wrapper fusion-column-has-shadow fusion-flex-justify-content-flex-start fusion-content-layout-column\"><div class=\"fusion-testimonials classic awb-speech-bubble-show fusion-testimonials-35\" style=\"--awb-textcolor:#747474;--awb-backgroundcolor:#f6f6f6;--awb-testimonial-border-style:solid;--awb-testimonial-border-color:var(--awb-color3);--awb-border-top-left-radius:0px;--awb-border-top-right-radius:0px;--awb-border-bottom-left-radius:0px;--awb-border-bottom-right-radius:0px;--testimonial-border-width-top:0px;--testimonial-border-width-right:0px;--testimonial-border-width-bottom:0px;--testimonial-border-width-left:0px;\" data-random=\"0\" data-speed=\"4000\"><div class=\"reviews\"><div class=\"review active-testimonial male\"><blockquote><div class=\"awb-quote\"><div class=\"awb-quote-content\">\n<div class=\"cc-m-hgrid-column last\">\n<div id=\"cc-matrix-4334374524\">\n<div id=\"cc-m-14804750624\" class=\"j-module n j-text \">\n<p>Vengo a dare notizie. (Specialized Enduro 2016) un po&#8217; deluso all&#8217;inizio per la mancanza di potenza (immaginavo di sostituire la mia bici)<\/p>\n<p>Per quanto riguarda l&#8217;utilizzo, all&#8217;inizio volevo andare fino in fondo, ma anche senza forzare, diventa troppo veloce per me. Mi mancava il fiato e mi fermavo per riprendermi. Andavo forte ma ho scaricato la batteria.<\/p>\n<p>Ho quindi cercato di consumare il meno possibile ed \u00e8 stato allora che ho visto l&#8217;interesse del motore.<\/p>\n<p>Sono un po&#8217; al di sopra della mia velocit\u00e0 normale, ma posso guidare qualsiasi cosa e arrivo in cima sentendomi morto.<\/p>\n<p>Anche se pensavo di poter scalare le pareti pi\u00f9 facilmente di cos\u00ec, riesco a scalarle e poi devo cagare un po&#8217;.<\/p>\n<p>Quindi salgo come indicato sulla vostra scheda. 1200 metri di salita (batteria da 11,6ah) per un fumatore che spinge tutto quello che pu\u00f2. e in pi\u00f9 sto risalendo il sentiero<\/p>\n<p>Sono molto soddisfatto del mio acquisto.<\/p>\n<\/div>\n<\/div>\n<\/div>\n<\/div><\/div><span class=\"awb-triangle\"><\/span><\/blockquote><div class=\"author\"><span class=\"testimonial-thumbnail doe\"><\/span><span class=\"company-name\"><strong>??<\/strong><\/span><\/div><\/div><\/div><\/div><div class=\"fusion-separator fusion-full-width-sep\" style=\"align-self: center;margin-left: auto;margin-right: auto;width:100%;\"><div class=\"fusion-separator-border sep-single sep-solid\" style=\"--awb-height:20px;--awb-amount:20px;border-color:#e0dede;border-top-width:1px;\"><\/div><\/div><\/div><\/div><div class=\"fusion-layout-column fusion_builder_column fusion-builder-column-36 fusion_builder_column_1_1 1_1 fusion-flex-column\" style=\"--awb-bg-size:cover;--awb-width-large:100%;--awb-margin-top-large:0px;--awb-spacing-right-large:1.92%;--awb-margin-bottom-large:20px;--awb-spacing-left-large:1.92%;--awb-width-medium:100%;--awb-order-medium:0;--awb-spacing-right-medium:1.92%;--awb-spacing-left-medium:1.92%;--awb-width-small:100%;--awb-order-small:0;--awb-spacing-right-small:1.92%;--awb-spacing-left-small:1.92%;\"><div class=\"fusion-column-wrapper fusion-column-has-shadow fusion-flex-justify-content-flex-start fusion-content-layout-column\"><div class=\"fusion-testimonials classic awb-speech-bubble-show fusion-testimonials-36\" style=\"--awb-textcolor:#747474;--awb-backgroundcolor:#f6f6f6;--awb-testimonial-border-style:solid;--awb-testimonial-border-color:var(--awb-color3);--awb-border-top-left-radius:0px;--awb-border-top-right-radius:0px;--awb-border-bottom-left-radius:0px;--awb-border-bottom-right-radius:0px;--testimonial-border-width-top:0px;--testimonial-border-width-right:0px;--testimonial-border-width-bottom:0px;--testimonial-border-width-left:0px;\" data-random=\"0\" data-speed=\"4000\"><div class=\"reviews\"><div class=\"review active-testimonial male\"><blockquote><div class=\"awb-quote\"><div class=\"awb-quote-content\">\n<div class=\"gs\">\n<div class=\"\">\n<div id=\":mb\" class=\"ii gt\">\n<div id=\":mc\" class=\"a3s aiL \">Salve, ultimamente mi sto rotolando spesso nel grasso. La capacit\u00e0 della batteria (14,5ah) sembra sufficiente per il mio utilizzo. Con il fango, ho deragliato un paio di volte in discesa, vedr\u00f2 con condizioni pi\u00f9 asciutte per confermare se devo aggiungere una guida superiore. C&#8217;era un po&#8217; di fango e foglie intorno ai vassoi, forse per questo&#8230; Nel complesso, sono molto soddisfatto del motore, dell&#8217;autonomia e della potenza sufficiente. Per il momento non mi pento di aver preso una corona da 34T e sar\u00e0 pi\u00f9 evidente quando potr\u00f2 pedalare su strade asciutte ;)<\/div>\n<div class=\"yj6qo\"><\/div>\n<\/div>\n<\/div>\n<\/div>\n<\/div><\/div><span class=\"awb-triangle\"><\/span><\/blockquote><div class=\"author\"><span class=\"testimonial-thumbnail doe\"><\/span><span class=\"company-name\"><strong>Joel<\/strong><\/span><\/div><\/div><\/div><\/div><div class=\"fusion-separator fusion-full-width-sep\" style=\"align-self: center;margin-left: auto;margin-right: auto;width:100%;\"><div class=\"fusion-separator-border sep-single sep-solid\" style=\"--awb-height:20px;--awb-amount:20px;border-color:#e0dede;border-top-width:1px;\"><\/div><\/div><\/div><\/div><div class=\"fusion-layout-column fusion_builder_column fusion-builder-column-37 fusion_builder_column_1_1 1_1 fusion-flex-column\" style=\"--awb-bg-size:cover;--awb-width-large:100%;--awb-margin-top-large:0px;--awb-spacing-right-large:1.92%;--awb-margin-bottom-large:20px;--awb-spacing-left-large:1.92%;--awb-width-medium:100%;--awb-order-medium:0;--awb-spacing-right-medium:1.92%;--awb-spacing-left-medium:1.92%;--awb-width-small:100%;--awb-order-small:0;--awb-spacing-right-small:1.92%;--awb-spacing-left-small:1.92%;\"><div class=\"fusion-column-wrapper fusion-column-has-shadow fusion-flex-justify-content-flex-start fusion-content-layout-column\"><div class=\"fusion-testimonials classic awb-speech-bubble-show fusion-testimonials-37\" style=\"--awb-textcolor:#747474;--awb-backgroundcolor:#f6f6f6;--awb-testimonial-border-style:solid;--awb-testimonial-border-color:var(--awb-color3);--awb-border-top-left-radius:0px;--awb-border-top-right-radius:0px;--awb-border-bottom-left-radius:0px;--awb-border-bottom-right-radius:0px;--testimonial-border-width-top:0px;--testimonial-border-width-right:0px;--testimonial-border-width-bottom:0px;--testimonial-border-width-left:0px;\" data-random=\"0\" data-speed=\"4000\"><div class=\"reviews\"><div class=\"review active-testimonial male\"><blockquote><div class=\"awb-quote\"><div class=\"awb-quote-content\">\n<div class=\"gs\">\n<div class=\"\">\n<div id=\":oe\" class=\"ii gt\">\n<div id=\":od\" class=\"a3s aiL \">Buonasera, Dopo alcune uscite in mountain bike, volevo farvi sapere che sono rimasto soddisfatto del mio acquisto. Ho potuto anche confrontarlo con altri kit che ho installato per diversi membri della mia famiglia e per esigenze molto diverse. Vi do un piccolo feedback ;-) &#8211; un kit OZO 750W con una batteria da 500Wh per ruota posteriore da enduro su una 26&#8243; semirigida per un uso al 90% su strada e al 10% su sentiero. Il mio compagno che desidera pedalare nel vuoto ^^ =&gt; prezzo davvero interessante (1200\u20ac), autonomia accettabile (85km circa), ma peso elevatissimo (+12kilo) &#8211; da poco un kit Cycloboost BBS02 da 750w con batteria da 700wh ^^ per un utilizzo 50\/50 su una sospensione completa. Mio padre \u00e8 entusiasta di questo acquisto, sta tornando ad andare in bicicletta ;-) =&gt; velocit\u00e0 elevata, buone finiture, silenzioso, ben equipaggiato, ma altezza da terra troppo bassa + peso accettabile (+4,5Kilo + batteria). Buon rapporto qualit\u00e0\/prezzo (1500\u20ac) &#8211; e infine il kit (versione 2) con una batteria da 522Wh per il 70% di escursionismo \/ 30% di strada\/trail. Sono molto soddisfatto di questo acquisto, cercavo un kit che mi permettesse di seguire gli altri senza assistenza e che, se usato durante i passaggi difficili o quando mi sento fiacco, mi permetta di superare i miei limiti.<\/div>\n<\/div>\n<\/div>\n<\/div>\n<\/div><\/div><span class=\"awb-triangle\"><\/span><\/blockquote><div class=\"author\"><span class=\"testimonial-thumbnail doe\"><\/span><span class=\"company-name\"><strong>Laurent<\/strong><\/span><\/div><\/div><\/div><\/div><\/div><\/div><\/div><\/div><\/p>\n","protected":false},"excerpt":{"rendered":"","protected":false},"author":3,"featured_media":41787,"comment_status":"open","ping_status":"open","sticky":false,"template":"","format":"standard","meta":{"footnotes":""},"categories":[921],"tags":[],"class_list":["post-38980","post","type-post","status-publish","format-standard","has-post-thumbnail","hentry","category-stampa-e-recensioni-dei-clienti"],"yoast_head":"<!-- This site is optimized with the Yoast SEO plugin v26.9 - https:\/\/yoast.com\/product\/yoast-seo-wordpress\/ -->\n<title>Recensioni dei clienti - LIFT-MTB<\/title>\n<meta name=\"robots\" content=\"index, follow, max-snippet:-1, max-image-preview:large, max-video-preview:-1\" \/>\n<link rel=\"canonical\" href=\"https:\/\/www.lift-mtb.com\/it\/recensioni-dei-clienti\/\" \/>\n<meta property=\"og:locale\" content=\"it_IT\" \/>\n<meta property=\"og:type\" content=\"article\" \/>\n<meta property=\"og:title\" content=\"Recensioni dei clienti - LIFT-MTB\" \/>\n<meta property=\"og:url\" content=\"https:\/\/www.lift-mtb.com\/it\/recensioni-dei-clienti\/\" \/>\n<meta property=\"og:site_name\" content=\"LIFT-MTB\" \/>\n<meta property=\"article:published_time\" content=\"2022-06-14T09:08:40+00:00\" \/>\n<meta property=\"article:modified_time\" content=\"2023-01-22T18:42:58+00:00\" \/>\n<meta property=\"og:image\" content=\"https:\/\/www.lift-mtb.com\/wp-content\/uploads\/2022\/06\/kit-electrique-vtt-enduro-2-scaled.jpg\" \/>\n\t<meta property=\"og:image:width\" content=\"2560\" \/>\n\t<meta property=\"og:image:height\" content=\"1696\" \/>\n\t<meta property=\"og:image:type\" content=\"image\/jpeg\" \/>\n<meta name=\"author\" content=\"Robin -\" \/>\n<meta name=\"twitter:card\" content=\"summary_large_image\" \/>\n<meta name=\"twitter:label1\" content=\"Scritto da\" \/>\n\t<meta name=\"twitter:data1\" content=\"Robin -\" \/>\n\t<meta name=\"twitter:label2\" content=\"Tempo di lettura stimato\" \/>\n\t<meta name=\"twitter:data2\" content=\"81 minuti\" \/>\n<script type=\"application\/ld+json\" class=\"yoast-schema-graph\">{\"@context\":\"https:\/\/schema.org\",\"@graph\":[{\"@type\":\"Article\",\"@id\":\"https:\/\/www.lift-mtb.com\/it\/recensioni-dei-clienti\/#article\",\"isPartOf\":{\"@id\":\"https:\/\/www.lift-mtb.com\/it\/recensioni-dei-clienti\/\"},\"author\":{\"name\":\"Robin -\",\"@id\":\"https:\/\/www.lift-mtb.com\/it\/#\/schema\/person\/fa547f8da54a4bb4059e88ea494d5e8d\"},\"headline\":\"Recensioni dei clienti\",\"datePublished\":\"2022-06-14T09:08:40+00:00\",\"dateModified\":\"2023-01-22T18:42:58+00:00\",\"mainEntityOfPage\":{\"@id\":\"https:\/\/www.lift-mtb.com\/it\/recensioni-dei-clienti\/\"},\"wordCount\":16309,\"commentCount\":0,\"publisher\":{\"@id\":\"https:\/\/www.lift-mtb.com\/it\/#organization\"},\"image\":{\"@id\":\"https:\/\/www.lift-mtb.com\/it\/recensioni-dei-clienti\/#primaryimage\"},\"thumbnailUrl\":\"https:\/\/www.lift-mtb.com\/wp-content\/uploads\/2022\/06\/kit-electrique-vtt-enduro-2-scaled.jpg\",\"articleSection\":[\"Stampa e recensioni dei clienti\"],\"inLanguage\":\"it-IT\",\"potentialAction\":[{\"@type\":\"CommentAction\",\"name\":\"Comment\",\"target\":[\"https:\/\/www.lift-mtb.com\/it\/recensioni-dei-clienti\/#respond\"]}]},{\"@type\":\"WebPage\",\"@id\":\"https:\/\/www.lift-mtb.com\/it\/recensioni-dei-clienti\/\",\"url\":\"https:\/\/www.lift-mtb.com\/it\/recensioni-dei-clienti\/\",\"name\":\"Recensioni dei clienti - LIFT-MTB\",\"isPartOf\":{\"@id\":\"https:\/\/www.lift-mtb.com\/it\/#website\"},\"primaryImageOfPage\":{\"@id\":\"https:\/\/www.lift-mtb.com\/it\/recensioni-dei-clienti\/#primaryimage\"},\"image\":{\"@id\":\"https:\/\/www.lift-mtb.com\/it\/recensioni-dei-clienti\/#primaryimage\"},\"thumbnailUrl\":\"https:\/\/www.lift-mtb.com\/wp-content\/uploads\/2022\/06\/kit-electrique-vtt-enduro-2-scaled.jpg\",\"datePublished\":\"2022-06-14T09:08:40+00:00\",\"dateModified\":\"2023-01-22T18:42:58+00:00\",\"breadcrumb\":{\"@id\":\"https:\/\/www.lift-mtb.com\/it\/recensioni-dei-clienti\/#breadcrumb\"},\"inLanguage\":\"it-IT\",\"potentialAction\":[{\"@type\":\"ReadAction\",\"target\":[\"https:\/\/www.lift-mtb.com\/it\/recensioni-dei-clienti\/\"]}]},{\"@type\":\"ImageObject\",\"inLanguage\":\"it-IT\",\"@id\":\"https:\/\/www.lift-mtb.com\/it\/recensioni-dei-clienti\/#primaryimage\",\"url\":\"https:\/\/www.lift-mtb.com\/wp-content\/uploads\/2022\/06\/kit-electrique-vtt-enduro-2-scaled.jpg\",\"contentUrl\":\"https:\/\/www.lift-mtb.com\/wp-content\/uploads\/2022\/06\/kit-electrique-vtt-enduro-2-scaled.jpg\",\"width\":2560,\"height\":1696,\"caption\":\"DIY motor bike kit\"},{\"@type\":\"BreadcrumbList\",\"@id\":\"https:\/\/www.lift-mtb.com\/it\/recensioni-dei-clienti\/#breadcrumb\",\"itemListElement\":[{\"@type\":\"ListItem\",\"position\":1,\"name\":\"Accueil\",\"item\":\"https:\/\/www.lift-mtb.com\/it\/\"},{\"@type\":\"ListItem\",\"position\":2,\"name\":\"Domande frequenti\",\"item\":\"https:\/\/www.lift-mtb.com\/it\/categoria\/domande-frequenti\/\"},{\"@type\":\"ListItem\",\"position\":3,\"name\":\"Stampa e recensioni dei clienti\",\"item\":\"https:\/\/www.lift-mtb.com\/it\/categoria\/domande-frequenti\/stampa-e-recensioni-dei-clienti\/\"},{\"@type\":\"ListItem\",\"position\":4,\"name\":\"Recensioni dei clienti\"}]},{\"@type\":\"WebSite\",\"@id\":\"https:\/\/www.lift-mtb.com\/it\/#website\",\"url\":\"https:\/\/www.lift-mtb.com\/it\/\",\"name\":\"LIFT-MTB\",\"description\":\"Transformer son v\u00e9lo en \u00e9lectrique rapidement !\",\"publisher\":{\"@id\":\"https:\/\/www.lift-mtb.com\/it\/#organization\"},\"potentialAction\":[{\"@type\":\"SearchAction\",\"target\":{\"@type\":\"EntryPoint\",\"urlTemplate\":\"https:\/\/www.lift-mtb.com\/it\/?s={search_term_string}\"},\"query-input\":{\"@type\":\"PropertyValueSpecification\",\"valueRequired\":true,\"valueName\":\"search_term_string\"}}],\"inLanguage\":\"it-IT\"},{\"@type\":\"Organization\",\"@id\":\"https:\/\/www.lift-mtb.com\/it\/#organization\",\"name\":\"LIFT-MTB\",\"url\":\"https:\/\/www.lift-mtb.com\/it\/\",\"logo\":{\"@type\":\"ImageObject\",\"inLanguage\":\"it-IT\",\"@id\":\"https:\/\/www.lift-mtb.com\/it\/#\/schema\/logo\/image\/\",\"url\":\"https:\/\/www.lift-mtb.com\/wp-content\/uploads\/2022\/01\/electric-kit-for-bike-1.jpg\",\"contentUrl\":\"https:\/\/www.lift-mtb.com\/wp-content\/uploads\/2022\/01\/electric-kit-for-bike-1.jpg\",\"width\":1223,\"height\":560,\"caption\":\"LIFT-MTB\"},\"image\":{\"@id\":\"https:\/\/www.lift-mtb.com\/it\/#\/schema\/logo\/image\/\"}},{\"@type\":\"Person\",\"@id\":\"https:\/\/www.lift-mtb.com\/it\/#\/schema\/person\/fa547f8da54a4bb4059e88ea494d5e8d\",\"name\":\"Robin -\",\"image\":{\"@type\":\"ImageObject\",\"inLanguage\":\"it-IT\",\"@id\":\"https:\/\/www.lift-mtb.com\/it\/#\/schema\/person\/image\/\",\"url\":\"https:\/\/secure.gravatar.com\/avatar\/ad17ef1ae460efcfc5fd4d654f62ac183df0b61c43a75291f31e0e5f374eb791?s=96&d=mm&r=g\",\"contentUrl\":\"https:\/\/secure.gravatar.com\/avatar\/ad17ef1ae460efcfc5fd4d654f62ac183df0b61c43a75291f31e0e5f374eb791?s=96&d=mm&r=g\",\"caption\":\"Robin -\"},\"url\":\"https:\/\/www.lift-mtb.com\"}]}<\/script>\n<!-- \/ Yoast SEO plugin. -->","yoast_head_json":{"title":"Recensioni dei clienti - LIFT-MTB","robots":{"index":"index","follow":"follow","max-snippet":"max-snippet:-1","max-image-preview":"max-image-preview:large","max-video-preview":"max-video-preview:-1"},"canonical":"https:\/\/www.lift-mtb.com\/it\/recensioni-dei-clienti\/","og_locale":"it_IT","og_type":"article","og_title":"Recensioni dei clienti - LIFT-MTB","og_url":"https:\/\/www.lift-mtb.com\/it\/recensioni-dei-clienti\/","og_site_name":"LIFT-MTB","article_published_time":"2022-06-14T09:08:40+00:00","article_modified_time":"2023-01-22T18:42:58+00:00","og_image":[{"width":2560,"height":1696,"url":"https:\/\/www.lift-mtb.com\/wp-content\/uploads\/2022\/06\/kit-electrique-vtt-enduro-2-scaled.jpg","type":"image\/jpeg"}],"author":"Robin -","twitter_card":"summary_large_image","twitter_misc":{"Scritto da":"Robin -","Tempo di lettura stimato":"81 minuti"},"schema":{"@context":"https:\/\/schema.org","@graph":[{"@type":"Article","@id":"https:\/\/www.lift-mtb.com\/it\/recensioni-dei-clienti\/#article","isPartOf":{"@id":"https:\/\/www.lift-mtb.com\/it\/recensioni-dei-clienti\/"},"author":{"name":"Robin -","@id":"https:\/\/www.lift-mtb.com\/it\/#\/schema\/person\/fa547f8da54a4bb4059e88ea494d5e8d"},"headline":"Recensioni dei clienti","datePublished":"2022-06-14T09:08:40+00:00","dateModified":"2023-01-22T18:42:58+00:00","mainEntityOfPage":{"@id":"https:\/\/www.lift-mtb.com\/it\/recensioni-dei-clienti\/"},"wordCount":16309,"commentCount":0,"publisher":{"@id":"https:\/\/www.lift-mtb.com\/it\/#organization"},"image":{"@id":"https:\/\/www.lift-mtb.com\/it\/recensioni-dei-clienti\/#primaryimage"},"thumbnailUrl":"https:\/\/www.lift-mtb.com\/wp-content\/uploads\/2022\/06\/kit-electrique-vtt-enduro-2-scaled.jpg","articleSection":["Stampa e recensioni dei clienti"],"inLanguage":"it-IT","potentialAction":[{"@type":"CommentAction","name":"Comment","target":["https:\/\/www.lift-mtb.com\/it\/recensioni-dei-clienti\/#respond"]}]},{"@type":"WebPage","@id":"https:\/\/www.lift-mtb.com\/it\/recensioni-dei-clienti\/","url":"https:\/\/www.lift-mtb.com\/it\/recensioni-dei-clienti\/","name":"Recensioni dei clienti - LIFT-MTB","isPartOf":{"@id":"https:\/\/www.lift-mtb.com\/it\/#website"},"primaryImageOfPage":{"@id":"https:\/\/www.lift-mtb.com\/it\/recensioni-dei-clienti\/#primaryimage"},"image":{"@id":"https:\/\/www.lift-mtb.com\/it\/recensioni-dei-clienti\/#primaryimage"},"thumbnailUrl":"https:\/\/www.lift-mtb.com\/wp-content\/uploads\/2022\/06\/kit-electrique-vtt-enduro-2-scaled.jpg","datePublished":"2022-06-14T09:08:40+00:00","dateModified":"2023-01-22T18:42:58+00:00","breadcrumb":{"@id":"https:\/\/www.lift-mtb.com\/it\/recensioni-dei-clienti\/#breadcrumb"},"inLanguage":"it-IT","potentialAction":[{"@type":"ReadAction","target":["https:\/\/www.lift-mtb.com\/it\/recensioni-dei-clienti\/"]}]},{"@type":"ImageObject","inLanguage":"it-IT","@id":"https:\/\/www.lift-mtb.com\/it\/recensioni-dei-clienti\/#primaryimage","url":"https:\/\/www.lift-mtb.com\/wp-content\/uploads\/2022\/06\/kit-electrique-vtt-enduro-2-scaled.jpg","contentUrl":"https:\/\/www.lift-mtb.com\/wp-content\/uploads\/2022\/06\/kit-electrique-vtt-enduro-2-scaled.jpg","width":2560,"height":1696,"caption":"DIY motor bike kit"},{"@type":"BreadcrumbList","@id":"https:\/\/www.lift-mtb.com\/it\/recensioni-dei-clienti\/#breadcrumb","itemListElement":[{"@type":"ListItem","position":1,"name":"Accueil","item":"https:\/\/www.lift-mtb.com\/it\/"},{"@type":"ListItem","position":2,"name":"Domande frequenti","item":"https:\/\/www.lift-mtb.com\/it\/categoria\/domande-frequenti\/"},{"@type":"ListItem","position":3,"name":"Stampa e recensioni dei clienti","item":"https:\/\/www.lift-mtb.com\/it\/categoria\/domande-frequenti\/stampa-e-recensioni-dei-clienti\/"},{"@type":"ListItem","position":4,"name":"Recensioni dei clienti"}]},{"@type":"WebSite","@id":"https:\/\/www.lift-mtb.com\/it\/#website","url":"https:\/\/www.lift-mtb.com\/it\/","name":"LIFT-MTB","description":"Transformer son v\u00e9lo en \u00e9lectrique rapidement !","publisher":{"@id":"https:\/\/www.lift-mtb.com\/it\/#organization"},"potentialAction":[{"@type":"SearchAction","target":{"@type":"EntryPoint","urlTemplate":"https:\/\/www.lift-mtb.com\/it\/?s={search_term_string}"},"query-input":{"@type":"PropertyValueSpecification","valueRequired":true,"valueName":"search_term_string"}}],"inLanguage":"it-IT"},{"@type":"Organization","@id":"https:\/\/www.lift-mtb.com\/it\/#organization","name":"LIFT-MTB","url":"https:\/\/www.lift-mtb.com\/it\/","logo":{"@type":"ImageObject","inLanguage":"it-IT","@id":"https:\/\/www.lift-mtb.com\/it\/#\/schema\/logo\/image\/","url":"https:\/\/www.lift-mtb.com\/wp-content\/uploads\/2022\/01\/electric-kit-for-bike-1.jpg","contentUrl":"https:\/\/www.lift-mtb.com\/wp-content\/uploads\/2022\/01\/electric-kit-for-bike-1.jpg","width":1223,"height":560,"caption":"LIFT-MTB"},"image":{"@id":"https:\/\/www.lift-mtb.com\/it\/#\/schema\/logo\/image\/"}},{"@type":"Person","@id":"https:\/\/www.lift-mtb.com\/it\/#\/schema\/person\/fa547f8da54a4bb4059e88ea494d5e8d","name":"Robin -","image":{"@type":"ImageObject","inLanguage":"it-IT","@id":"https:\/\/www.lift-mtb.com\/it\/#\/schema\/person\/image\/","url":"https:\/\/secure.gravatar.com\/avatar\/ad17ef1ae460efcfc5fd4d654f62ac183df0b61c43a75291f31e0e5f374eb791?s=96&d=mm&r=g","contentUrl":"https:\/\/secure.gravatar.com\/avatar\/ad17ef1ae460efcfc5fd4d654f62ac183df0b61c43a75291f31e0e5f374eb791?s=96&d=mm&r=g","caption":"Robin -"},"url":"https:\/\/www.lift-mtb.com"}]}},"_links":{"self":[{"href":"https:\/\/www.lift-mtb.com\/it\/wp-json\/wp\/v2\/posts\/38980","targetHints":{"allow":["GET"]}}],"collection":[{"href":"https:\/\/www.lift-mtb.com\/it\/wp-json\/wp\/v2\/posts"}],"about":[{"href":"https:\/\/www.lift-mtb.com\/it\/wp-json\/wp\/v2\/types\/post"}],"author":[{"embeddable":true,"href":"https:\/\/www.lift-mtb.com\/it\/wp-json\/wp\/v2\/users\/3"}],"replies":[{"embeddable":true,"href":"https:\/\/www.lift-mtb.com\/it\/wp-json\/wp\/v2\/comments?post=38980"}],"version-history":[{"count":4,"href":"https:\/\/www.lift-mtb.com\/it\/wp-json\/wp\/v2\/posts\/38980\/revisions"}],"predecessor-version":[{"id":44739,"href":"https:\/\/www.lift-mtb.com\/it\/wp-json\/wp\/v2\/posts\/38980\/revisions\/44739"}],"wp:featuredmedia":[{"embeddable":true,"href":"https:\/\/www.lift-mtb.com\/it\/wp-json\/wp\/v2\/media\/41787"}],"wp:attachment":[{"href":"https:\/\/www.lift-mtb.com\/it\/wp-json\/wp\/v2\/media?parent=38980"}],"wp:term":[{"taxonomy":"category","embeddable":true,"href":"https:\/\/www.lift-mtb.com\/it\/wp-json\/wp\/v2\/categories?post=38980"},{"taxonomy":"post_tag","embeddable":true,"href":"https:\/\/www.lift-mtb.com\/it\/wp-json\/wp\/v2\/tags?post=38980"}],"curies":[{"name":"wp","href":"https:\/\/api.w.org\/{rel}","templated":true}]}}